{"id":99151,"date":"2018-12-03T11:24:09","date_gmt":"2018-12-03T08:24:09","guid":{"rendered":"https:\/\/analyse.optim.biz\/?p=99151"},"modified":"2018-12-03T11:24:09","modified_gmt":"2018-12-03T08:24:09","slug":"grebla-el-insusi-cu-dosar-la-iccj-despre-amnistie-si-gratiere-niste-masuri-minime-reparatorii-trebuie-sa-existe","status":"publish","type":"post","link":"https:\/\/analyse.optim.biz\/?p=99151","title":{"rendered":"Grebl\u0103, el \u00eensu\u0219i cu dosar la ICCJ, despre amnistie \u015fi gra\u0163iere: Ni\u015fte m\u0103suri minime reparatorii trebuie s\u0103 existe"},"content":{"rendered":"<div class=\"entry data-app-meta data-app-meta-article\" data-embed-base-url-canonical=\"https:\/\/www.digi24.ro\/embed\/stiri\/actualitate\/justitie\/grebla-el-insusi-cu-dosar-la-iccj-despre-amnistie-si-gratiere-niste-masuri-minime-reparatorii-trebuie-sa-existe-1041950\">\n<p data-index=\"1\"><strong>Secretarul general al Guvernului, Toni Grebl\u0103, a declarat luni c\u0103 nu a discutat \u00een Executiv sau cu Liviu Dragnea \u015fi Viorica D\u0103ncil\u0103 despre un proiect privind amnistia \u015fi gra\u0163ierea, \u00eens\u0103 a precizat c\u0103 \u201eni\u015fte m\u0103suri minime reparatorii trebuie s\u0103 existe\u201d. <a href=\"https:\/\/www.digi24.ro\/stiri\/actualitate\/justitie\/dosarele-lui-dragnea-ponta-hrebenciuc-toni-grebla-si-sebastian-ghita-amanate-pentru-luna-ianuarie-1041885\" target=\"_blank\" rel=\"noopener\" data-skip-linkfix=\"1\">Grebl\u0103 este judecat \u00eentr-un dosar la \u00ceCCJ, dar am\u00e2nat din cauza blocajului \u00een func\u021bionarea completurile de 5 judec\u0103tori.<\/a><\/strong><\/p>\n<figure class=\"article-thumb\"><img decoding=\"async\" src=\"https:\/\/analyse.optim.biz\/wp-content\/uploads\/2024\/09\/ztbmzgmxmjbjnzcyztywmzjhymqxyzrhma-thumb_.jpg\" alt=\"ceremonie toni grebla cotroceni 3 17 dec\" data-skip-htmlfix=\"1\" title=\"ztbmzgmxmjbjnzcyztywmzjhymqxyzrhma-thumb_\"><figcaption> Foto: Inquam Photos <\/figcaption><\/figure>\n<p data-index=\"2\">Prezent luni la \u00cenalta Curte de Casa\u0163ie \u015fi Justi\u0163ie, Toni Grebl\u0103 a fost \u00eentrebat dac\u0103 situa\u0163ia completurilor de 5 judec\u0103tori de la Instan\u0163a suprem\u0103 ar fi un argument pentru lansarea unui proiect de lege sau de ordonan\u0163\u0103 de urgen\u0163\u0103 privind amnistia \u015fi gra\u0163ierea.<\/p>\n<p data-index=\"3\">\u201eSigur c\u0103 este o situa\u0163ie atipic\u0103. De c\u00e2\u0163iva ani de zile, cele mai importante completuri de judecat\u0103 ale \u00cenaltei Cur\u0163i au func\u0163ionat \u015fi au fost compuse altfel dec\u00e2t a prev\u0103zut legea \u015fi, din acest punct de vedere, cred c\u0103 ni\u015fte m\u0103suri minime reparatorii trebuie s\u0103 existe. Care sunt acelea nu a\u015f putea s\u0103 v\u0103 spun eu acum\u201d, a afirmat Toni Grebl\u0103.<\/p>\n<p data-index=\"4\">\u00centrebat dac\u0103 la nivelul Guvernului s-a discutat un astfel de proiect sau dac\u0103 a vorbit pe aceast\u0103 tem\u0103 cu pre\u015fedin\u0163ii celor dou\u0103 Camere ale Parlamentului, C\u0103lin Popescu-T\u0103riceanu ori Liviu Dragnea, Grebl\u0103 a r\u0103spuns: \u201eEu nu am \u00een atribu\u0163iile demnit\u0103\u0163ii pe care o ocup problemele de justi\u0163ie, astfel \u00eenc\u00e2t nu am auzit ca la nivelul Guvernului s\u0103 fie purtat\u0103 o astfel de discu\u0163ie. (&#8230;) Vreau s\u0103 v\u0103 spun c\u0103 mai multe opinii mi-a\u0163i cerut dumneavoastr\u0103 dec\u00e2t domnul pre\u015fedinte Dragnea, care nu a purtat nicio discu\u0163ie cu mine, nici cu doamna premier nu am purtat o asemenea discu\u0163ie\u201d.<\/p>\n<p data-index=\"5\">\u00cen leg\u0103tur\u0103 cu decizia \u00ceCCJ de a am\u00e2na toate dosarele de la completurile de 5, Toni Grebl\u0103 sus\u0163ine c\u0103 nu exist\u0103 un blocaj \u00een activitatea Instan\u0163ei supreme.<\/p>\n<p data-index=\"6\">\u201eFa\u0163\u0103 de decizia Cur\u0163ii Constitu\u0163ionale, Instan\u0163a suprem\u0103 nu putea s\u0103 adopte dec\u00e2t acest punct de vedere \u015fi anume s\u0103 acorde termene administrative pentru mijlocul lunii ianuarie, pentru ca la \u00eenceputul lunii ianuarie s\u0103 procedeze la desemnarea \u00een mod aleatoriu a celor dou\u0103 completuri de 5 judec\u0103tori, a\u015fa cum a decis Curtea Constitu\u0163ional\u0103. Este un lucru regretabil c\u0103 s-a ajuns aici, dar de la mijlocul lunii ianuarie se va intra \u00een legalitate \u015fi Instan\u0163a suprem\u0103 va func\u0163iona conform legii. De altfel, a\u015f vrea s\u0103 v\u0103 spun c\u0103 nu exist\u0103 un blocaj la \u00cenalta Curte, pentru c\u0103, \u00een general, \u00cenalta Curte acord\u0103 termene lungi\u201d, a precizat Grebl\u0103.<\/p>\n<p data-index=\"7\">\u015eeful SGG a mai spus c\u0103, pentru dosarele solu\u0163ionate deja \u00eencep\u00e2nd cu anul 2014, exist\u0103 posibilitatea promov\u0103rii unei c\u0103i extraordinare de atac, respectiv contesta\u0163ia \u00een anulare, \u00eens\u0103 solu\u0163ia este de la caz la caz.<\/p>\n<p data-index=\"8\">\u00cenalta Curte de Casa\u0163ie \u015fi Justi\u0163ie a decis luni s\u0103 am\u00e2ne pentru luna ianuarie 25 de dosare aflate pe rolul completurilor de 5 judec\u0103tori, printre care \u015fi cele \u00een care sunt judeca\u0163i, \u00eentre al\u0163ii, Liviu Dragnea, Victor Ponta, Toni Grebl\u0103, Sebastian Ghi\u0163\u0103, Cristian Rizea, Viorel Hrebenciuc \u015fi Tudor Chiuariu.<\/p>\n<p data-index=\"9\">Judec\u0103torii din completul de 5 penal au declarat c\u0103 vor acorda un termen administrativ pentru data de 14 ianuarie, av\u00e2nd \u00een vedere decizia Cur\u0163ii de Apel Bucure\u015fti prin care s-a dispus suspendarea tragerii la sor\u0163i a noilor completuri.<\/p>\n<p data-index=\"10\"><em>Sursa: Agerpres<\/em><\/p>\n<\/div>\n<p> Source URL: https:\/\/www.digi24.ro\/stiri\/actualitate\/justitie\/grebla-el-insusi-cu-dosar-la-iccj-despre-amnistie-si-gratiere-niste-masuri-minime-reparatorii-trebuie-sa-existe-1041950<\/p>\n","protected":false},"excerpt":{"rendered":"<p>Secretarul general al Guvernului, Toni Grebl\u0103, a declarat luni c\u0103 nu a discutat \u00een Executiv sau cu Liviu Dragnea \u015fi Viorica D\u0103ncil\u0103 despre un proiect privind amnistia \u015fi gra\u0163ierea, \u00eens\u0103 a precizat c\u0103 \u201eni\u015fte m\u0103suri minime reparatorii trebuie s\u0103 existe\u201d. Grebl\u0103 este judecat \u00eentr-un dosar la \u00ceCCJ, dar am\u00e2nat din cauza blocajului \u00een func\u021bionarea completurile [&hellip;]<\/p>\n","protected":false},"author":1,"featured_media":99152,"comment_status":"open","ping_status":"","sticky":false,"template":"","format":"standard","meta":{"footnotes":""},"categories":[2],"tags":[11],"class_list":["post-99151","post","type-post","status-publish","format-standard","has-post-thumbnail","hentry","category-politics","tag-digi24"],"_links":{"self":[{"href":"https:\/\/analyse.optim.biz\/index.php?rest_route=\/wp\/v2\/posts\/99151","targetHints":{"allow":["GET"]}}],"collection":[{"href":"https:\/\/analyse.optim.biz\/index.php?rest_route=\/wp\/v2\/posts"}],"about":[{"href":"https:\/\/analyse.optim.biz\/index.php?rest_route=\/wp\/v2\/types\/post"}],"author":[{"embeddable":true,"href":"https:\/\/analyse.optim.biz\/index.php?rest_route=\/wp\/v2\/users\/1"}],"replies":[{"embeddable":true,"href":"https:\/\/analyse.optim.biz\/index.php?rest_route=%2Fwp%2Fv2%2Fcomments&post=99151"}],"version-history":[{"count":0,"href":"https:\/\/analyse.optim.biz\/index.php?rest_route=\/wp\/v2\/posts\/99151\/revisions"}],"wp:featuredmedia":[{"embeddable":true,"href":"https:\/\/analyse.optim.biz\/index.php?rest_route=\/wp\/v2\/media\/99152"}],"wp:attachment":[{"href":"https:\/\/analyse.optim.biz\/index.php?rest_route=%2Fwp%2Fv2%2Fmedia&parent=99151"}],"wp:term":[{"taxonomy":"category","embeddable":true,"href":"https:\/\/analyse.optim.biz\/index.php?rest_route=%2Fwp%2Fv2%2Fcategories&post=99151"},{"taxonomy":"post_tag","embeddable":true,"href":"https:\/\/analyse.optim.biz\/index.php?rest_route=%2Fwp%2Fv2%2Ftags&post=99151"}],"curies":[{"name":"wp","href":"https:\/\/api.w.org\/{rel}","templated":true}]}}