{"id":990711,"date":"2025-12-09T00:00:00","date_gmt":"2025-12-08T21:00:00","guid":{"rendered":"https:\/\/analyse.optim.biz\/?p=990711"},"modified":"2025-12-09T00:00:00","modified_gmt":"2025-12-08T21:00:00","slug":"sanchez-y-su-pleno-mas-negro-del-ano-antes-de-navidad-fuga-de-ministros-y-abalos-en-chirona-periodista-digital","status":"publish","type":"post","link":"https:\/\/analyse.optim.biz\/?p=990711","title":{"rendered":"S\u00e1nchez y su pleno m\u00e1s negro del a\u00f1o antes de Navidad: \u2018fuga\u2019 de ministros y \u00c1balos en chirona &#8211; Periodista Digital"},"content":{"rendered":"<div class=\"m4p-post-content\">\n<div class=\"block-vertical-align-right\">\n<div class=\"m4p-relations-group\">\n<div class=\"m4p-group-vertical-title\">\n<h2>M\u00e1s informaci\u00f3n<\/h2>\n<\/div>\n<div class=\"m4p-summary-news\">\n<figure class=\"m4p-image m4p-crop-medium-1\"><a href=\"https:\/\/www.periodistadigital.com\/politica\/20251209\/directo-sanchez-pierde-control-culpa-puteros-video-689405161296\/\"><img loading=\"lazy\" decoding=\"async\" src=\"https:\/\/analyse.optim.biz\/wp-content\/uploads\/2025\/12\/lr-09-12-2025-320x214-1.jpg\" width=\"320\" height=\"214\" alt=\"\u00a1S\u00e1nchez pierde el control por culpa de sus puteros!\" title=\"lr-09-12-2025-320x214-1\"><\/a><\/figure>\n<div class=\"m4p-summary-news-title\">\n<h3><a href=\"https:\/\/www.periodistadigital.com\/politica\/20251209\/directo-sanchez-pierde-control-culpa-puteros-video-689405161296\/\">\u00a1S\u00e1nchez pierde el control por culpa de sus puteros!<\/a><\/h3>\n<\/div>\n<\/div>\n<\/div>\n<\/div>\n<p><span class=\"m4p-capitular\">E<\/span>l <strong>Congreso de los Diputados<\/strong> celebra esta semana su \u00faltimo pleno del a\u00f1o antes del par\u00f3n por la Navidad.<\/p>\n<p>Una semana clave para <strong>Pedro S\u00e1nchez<\/strong>, acorralado por numerosos esc\u00e1ndalos que le salpican en plena <strong>campa\u00f1a electoral en Extremadura<\/strong> y con el <a href=\"https:\/\/www.periodistadigital.com\/politica\/partidos-politicos\/20251208\/guarreriasde-salazar-parten-psoe-falta-progres-descubran-responsable-inmundicia-noticia-689405161077\/amp\">caso Salazar<\/a> golpeando al Partido Socialista.<\/p>\n<p>Ser\u00e1 el primer pleno que cuente con la ausencia del todav\u00eda diputado <a href=\"https:\/\/google.com\/search?q=ABALOS+PERIODISTA+DIGITAL&amp;sca_esv=5a21cf7e0cf15b69&amp;sxsrf=AE3TifMZRCeeNbNOOKdCfkzc2DjEhasS7A%3A1765273082972&amp;ei=-u03af6RO6zq7M8Pk5Xd8AY&amp;ved=0ahUKEwj-9qrYmrCRAxUsNfsDHZNKF24Q4dUDCBE&amp;uact=5&amp;oq=ABALOS+PERIODISTA+DIGITAL&amp;gs_lp=Egxnd3Mtd2l6LXNlcnAiGUFCQUxPUyBQRVJJT0RJU1RBIERJR0lUQUwyBBAjGCcyBhAAGAgYHjIFEAAY7wUyCBAAGIAEGKIEMgUQABjvBTIFEAAY7wUyCBAAGIAEGKIESIsOUN0FWIMLcAJ4AJABAJgBX6ABlASqAQE3uAEDyAEA-AEBmAIHoAKFA8ICCBAAGLADGO8FwgILEAAYgAQYsAMYogTCAgYQABgHGB7CAggQABgHGAgYHpgDAIgGAZAGA5IHATegB8cdsgcBNbgH_ALCBwUwLjQuM8gHFIAIAA&amp;sclient=gws-wiz-serp\"><strong>Jos\u00e9 Luis \u00c1balos<\/strong><\/a>, quien lleva dos semanas durmiendo en la prisi\u00f3n de <strong>Soto del Real.<\/strong><\/p>\n<p>Con todo lo que tienen encima, <strong>siete ministros<\/strong> han decidido pegar la espantada y ausentarse del pleno. Una decisi\u00f3n criticada por el Partido Popular al interpretarlo como un intento del Ejecutivo de evitar dar explicaciones sobre los <strong>casos de corrupci\u00f3n<\/strong> y el presunto acoso sexual de <strong>Paco Salazar.<\/strong><\/p>\n<p>Los \u2018fugados\u2019 son la vicepresidenta primera y\u00a0Ministra de Hacienda, <strong>Mar\u00eda Jes\u00fas Montero<\/strong>; la portavoz del Gobierno, <strong>Pilar Alegr\u00eda<\/strong>; \u00a0la vicepresidenta tercera,\u00a0<strong>Sara\u00a0Aagesen<\/strong>;\u00a0el ministro de Econom\u00eda,\u00a0<strong>Carlos Cuerpo<\/strong>; el ministro del Interior,\u00a0<strong>Fernando Grande-Marlaska<\/strong>; la ministra de Defensa,\u00a0<strong>Margarita Robles<\/strong>;\u00a0y el titular de Transportes, <strong>\u00d3scar Puente<\/strong>.<\/p>\n<p>Seg\u00fan <strong>Ester Mu\u00f1oz<\/strong>, portavoz del Partido Popular en el Congreso, los socialistas \u201chuyen del control\u201d parlamentario evitando dar explicaciones sobre las cuestiones que afectan a sus carteras. Adem\u00e1s, el partido liderado por <strong>Alberto N\u00fa\u00f1ez Feij\u00f3o<\/strong> va a presentar una reforma del Reglamento del\u00a0Congreso\u00a0para obligar a los\u00a0ministros\u00a0a justificar sus\u00a0ausencias\u00a0en las\u00a0sesiones de control, de manera que solo puedan ausentarse cuando tengan citas \u00abineludibles\u00bb.<\/p>\n<p>La cita de esta semana ser\u00e1 de suma importancia ya que se debatir\u00e1 la senda de <strong>estabilidad presupuestaria,<\/strong> un paso clave previo para la aprobaci\u00f3n de los <strong>Presupuestos Generales del Estado.<\/strong> El jueves 11 de diciembre ser\u00e1 un d\u00eda clave, con el Gobierno que volver\u00e1 a someter a\u00a0votaci\u00f3n su senda de estabilidad, que volver\u00e1 a reflejar la debilidad parlamentaria que tiene tras la ruptura con Junts. Tambi\u00e9n est\u00e1 prevista la votaci\u00f3n de la subida salarial de los funcionarios p\u00fablicos.<\/p>\n<p>Se avecina una negra Navidad para Pedro S\u00e1nchez y su Gobierno.<\/p>\n<\/div>\n<p> Source URL: https:\/\/www.periodistadigital.com\/politica\/gobierno\/20251209\/sanchez-pleno-negro-ano-navidad-fuga-ministros-abalos-chirona-noticia-689405161328\/<\/p>\n","protected":false},"excerpt":{"rendered":"<p>M\u00e1s informaci\u00f3n \u00a1S\u00e1nchez pierde el control por culpa de sus puteros! El Congreso de los Diputados celebra esta semana su \u00faltimo pleno del a\u00f1o antes del par\u00f3n por la Navidad. Una semana clave para Pedro S\u00e1nchez, acorralado por numerosos esc\u00e1ndalos que le salpican en plena campa\u00f1a electoral en Extremadura y con el caso Salazar golpeando [&hellip;]<\/p>\n","protected":false},"author":1,"featured_media":990712,"comment_status":"open","ping_status":"","sticky":false,"template":"","format":"standard","meta":{"footnotes":""},"categories":[88],"tags":[112],"class_list":["post-990711","post","type-post","status-publish","format-standard","has-post-thumbnail","hentry","category-spain","tag-periodistadigital-com"],"_links":{"self":[{"href":"https:\/\/analyse.optim.biz\/index.php?rest_route=\/wp\/v2\/posts\/990711","targetHints":{"allow":["GET"]}}],"collection":[{"href":"https:\/\/analyse.optim.biz\/index.php?rest_route=\/wp\/v2\/posts"}],"about":[{"href":"https:\/\/analyse.optim.biz\/index.php?rest_route=\/wp\/v2\/types\/post"}],"author":[{"embeddable":true,"href":"https:\/\/analyse.optim.biz\/index.php?rest_route=\/wp\/v2\/users\/1"}],"replies":[{"embeddable":true,"href":"https:\/\/analyse.optim.biz\/index.php?rest_route=%2Fwp%2Fv2%2Fcomments&post=990711"}],"version-history":[{"count":0,"href":"https:\/\/analyse.optim.biz\/index.php?rest_route=\/wp\/v2\/posts\/990711\/revisions"}],"wp:featuredmedia":[{"embeddable":true,"href":"https:\/\/analyse.optim.biz\/index.php?rest_route=\/wp\/v2\/media\/990712"}],"wp:attachment":[{"href":"https:\/\/analyse.optim.biz\/index.php?rest_route=%2Fwp%2Fv2%2Fmedia&parent=990711"}],"wp:term":[{"taxonomy":"category","embeddable":true,"href":"https:\/\/analyse.optim.biz\/index.php?rest_route=%2Fwp%2Fv2%2Fcategories&post=990711"},{"taxonomy":"post_tag","embeddable":true,"href":"https:\/\/analyse.optim.biz\/index.php?rest_route=%2Fwp%2Fv2%2Ftags&post=990711"}],"curies":[{"name":"wp","href":"https:\/\/api.w.org\/{rel}","templated":true}]}}