{"id":986036,"date":"2025-10-20T20:00:00","date_gmt":"2025-10-20T17:00:00","guid":{"rendered":"https:\/\/analyse.optim.biz\/?p=986036"},"modified":"2025-10-20T20:00:00","modified_gmt":"2025-10-20T17:00:00","slug":"vorbe-de-fumoar-20-10-2025-ministrul-economiei-a-uitat-ca-a-facut-dreptul-audio","status":"publish","type":"post","link":"https:\/\/analyse.optim.biz\/?p=986036","title":{"rendered":"Vorbe de fumoar \u2013 20.10.2025 \u2013 Ministrul Economiei a uitat ca a facut Dreptul (Audio)"},"content":{"rendered":"<article id=\"article-content\">\n<h1>Vorbe de fumoar \u2013 20.10.2025 \u2013 Ministrul Economiei a uitat ca a facut Dreptul (Audio)<\/h1>\n<section id=\"article-info\">\n<p class=\"author\">Scris de: L.J. | <a href=\"https:\/\/www.luju.ro\/vorbe-de-fumoar-20-10-2025-ministrul-economiei-a-uitat-ca-a-facut-dreptul-audio?pdf\" title=\"PDF\"><img decoding=\"async\" src=\"https:\/\/analyse.optim.biz\/wp-content\/uploads\/2025\/12\/pdf-1308.png\" alt=\"pdf\" title=\"pdf-1308\"><\/a> | <a href=\"https:\/\/www.luju.ro\/vorbe-de-fumoar-20-10-2025-ministrul-economiei-a-uitat-ca-a-facut-dreptul-audio?print=1\" class=\"external\" title=\"Imprimare\"><img decoding=\"async\" src=\"https:\/\/analyse.optim.biz\/wp-content\/uploads\/2025\/12\/print-1306.png\" alt=\"print\" title=\"print-1306\"><\/a><\/p>\n<div class=\"info flex-container\">\n<div class=\"date\">20 October 2025 20:00<\/div>\n<div>Vizualizari: 8703<\/div>\n<\/div>\n<\/section>\n<section id=\"article-body\">\n<section id=\"page\" class=\"cf\">\n<div>\n<p align=\"JUSTIFY\"><span><span>* <b>Romania ocupa de luni bune primul loc la inflatie in Uniunea Europeana, iar in viitorul apropiat probabil nimic nu se va schimba.<\/b><span>Cum stau celelalte state UE, aflati din cifrele prezentate de Eurostat, publicate<\/span><b><span><a href=\"https:\/\/www.luba.ro\/romania-continua-sa-ocupe-primul-loc-la-inflatie-in-europa-iata-la-cat-a-ajuns\" target=\"_blank\">aici<\/a><\/span><\/b><span>.<\/span><\/span><\/span><\/p>\n<p align=\"JUSTIFY\">\u00a0<\/p>\n<p align=\"JUSTIFY\"><span><span>* <b>Un nou lot de autostrada ar putea fi dat in circulatie in curand. <span><a href=\"https:\/\/infrapress.ro\/2025\/10\/20\/lucrari-pe-lotul-3-al-autostrazii-ploiesti-buzau-data-la-care-s-ar-putea-circula-pe-cei-139-kilometri\/\" target=\"_blank\">Click aici pentru a citi<\/a><\/span><\/b> despre ce segment de drum este vorba!<\/span><\/span><\/p>\n<p align=\"JUSTIFY\">\u00a0<\/p>\n<p align=\"JUSTIFY\"><span><span>* Guvernul trebuie sa o ia de la capat cu taierea pensiilor de serviciu ale magistratilor. E ordin de la Nicusor! <b>Dupa ce Curtea Constitutionala a admis sesizarea ICCJ si a constatat neconstitutionalitatea proiectului de lege privind modificarile la pensiile judecatorilor si procurorilor (decizie luata pe motive extrinseci, fara ca CCR sa analizeze fondul proiectului \u2013 <span><a target=\"_blank\" href=\"https:\/\/www.luju.ro\/bolovan-in-capul-guvernului-plin-de-derapaje-de-la-lege-si-constitutie-proiectul-de-lege-privind-pensiile-de-serviciu-ale-magistratilor-a-picat-ccr-a-admis-sesizarea-inaltei-curti-in-urma-cu-cateva-saptamani-premierul-ilie-bolojan-sustinea-ca-o-decizie-ne\">click aici pentru a citi<\/a><\/span>) presedintele Nicusor Dan a iesit pe <span><a target=\"_blank\" href=\"https:\/\/www.facebook.com\/NicusorDan.ro\/posts\/pfbid037cKcW9b4Vty6SimXbefdKaxbbcysf97e9oXA8cEdmtbERd6RB5anH1zBbHF4dhEpl\">Facebook<\/a><\/span>, anuntand ca \u201creforma pensiilor magistratilor ramane o prioritate\u201d si ca va fi redactat un nou proiect de lege<\/b>: <\/span><\/span><\/p>\n<p align=\"JUSTIFY\"><span><span>\u201c<i>Reforma pensiilor magistra\u021bilor ramane o prioritate. Nu este o pozitionare impotriva magistratilor, ci corectarea unei prevederi anormale \u2013 pensia egala cu salariul \u2013 pe care clasa politica a reglementat-o defectuos acum cativa ani.<\/i><\/span><\/span><\/p>\n<p align=\"JUSTIFY\"><span><span><i>Toate partidele din coalitie si-au asumat reforma pensiilor magistratilor. Imediat dupa publicarea Deciziei Curtii Constitutionale va fi redactat un nou text legislativ, care va tine cont de decizia de azi, prin care pensiile magistratilor sa fie corectate in mod echitabil pentru societate\u201d.<\/i><\/span><\/span><\/p>\n<p align=\"JUSTIFY\">\u00a0<\/p>\n<p align=\"JUSTIFY\"><span><span><img loading=\"lazy\" decoding=\"async\" src=\"https:\/\/analyse.optim.biz\/wp-content\/uploads\/2025\/12\/radu_miruta_2-1.png\" width=\"400\" height=\"225\" title=\"radu_miruta_2-1\">* Dupa cum ati vazut in articolul <i>\u201eJudecatoare acuzata de distrugerea unei incheieri\u201d<\/i>, <b>deputatul USR Radu Miruta <\/b><span><span lang=\"ro-RO\"><b>(foto)<\/b><\/span><\/span> a fost prezent la Tribunalul Olt la termenul din 15 decembrie 2022, in procesul in care a obtinut daune morale de la jurnalistul Narcis Daju <b><span><a href=\"https:\/\/www.luju.ro\/judecatoare-acuzata-de-distrugerea-unei-incheieri-jurnalistul-narcis-daju-a-facut-plangere-la-ij-impotriva-anei-maria-lixandru-de-la-tribunalul-olt-pe-motiv-ca-aceasta-ar-fi-eliminat-din-dosarul-electronic-o-incheiere-din-procesul-intentat-ziaristului-de\" target=\"_blank\">(click aici pentru a citi)<\/a><\/span><\/b>.<\/span><\/span><\/p>\n<hr>\n<p><span><span><br \/><\/span><\/span><\/p>\n<p><span><span>Interesant este ca,<span lang=\"ro-RO\"> la acelasi termen, cel care avea sa devina ministrul Economiei in 2025 a uitat ca a <\/span>absolvit Facultatea de Drept. Dupa cum puteti auzi in inregistrarea de mai <span lang=\"ro-RO\">jos<\/span>, politicianul a declarat urmatoarele in fata judecatoarei Ana-Maria Lixandru:<\/span><\/span><\/p>\n<p><span><span><span lang=\"ro-RO\">&#8211; <\/span>\u201e<i><b>Eu nu am studii de drept. N-am fost niciodata intr-o sala de judecata pana acum\u201d<\/b><\/i><span lang=\"ro-RO\">(momentul 17:09);<\/span><\/span><\/span><\/p>\n<p><span><span>&#8211; \u201e<i><b>Imi consum energia, venind pana aici si incercand sa ma exprim, fara sa am cunostinte juridice, in fata dumneavoastra\u201d<\/b><\/i> (momentul 19:55).<\/span><\/span><\/p>\n<p><span><span>Totusi, conform propriului CV, incarcat pe site-ul Camerei Deputatilor <span><a target=\"_blank\" href=\"https:\/\/www.luju.ro\/static\/files\/2025\/octombrie\/19\/CV_Radu_Miruta.pdf\"><b>(<\/b><span lang=\"ro-RO\"><b>click aici<\/b><\/span><b>)<\/b><\/a><\/span>, imediat dupa ce a absolvit liceul, Miruta a urmat cursurile Facultatii de Drept intre 2004 si 2008, \u201e<i>ca un hobyy\u201d<\/i> (corect: <i>\u201ehobby\u201d<\/i>).<\/span><\/span><\/p>\n<p lang=\"ro-RO\"><span><span>Comentariile va apartin.<\/span><\/span><\/p>\n<p lang=\"ro-RO\"><span><span><br \/><\/span><\/span><\/p>\n<p lang=\"ro-RO\"><span><span><iframe loading=\"lazy\" src=\"https:\/\/www.youtube.com\/embed\/ID6lNwKkAkM?si=r6qEevs_OvGKz6Us\" width=\"560\" height=\"315\"><\/iframe> <br \/><\/span><\/span><\/p>\n<p lang=\"ro-RO\"><span><span><br \/><\/span><\/span><\/p>\n<p lang=\"ro-RO\"><span><span><b><span>Nota:<\/span><\/b> Informatiile din aceasta rubrica trebuie luate sub beneficiu de inventar, ele facand parte din categoria zvonurilor sau a pamfletului. Luati-le ca atare!<\/span><\/span><\/p>\n<\/div>\n<\/section>\n<\/section>\n<section id=\"comments-boxes\">\n<div class=\"heading\">\n<h2>Comentarii<\/h2>\n<\/div>\n<div class=\"comment\" id=\"comentariu-382927\">\n<div class=\"commentBody\">\n<div class=\"commentDate\">\n<p class=\"comment-details cf\"><span class=\"comment-id\"><br \/>\n\t\t\t\t\t\t\t\t#<br \/>\n\t\t\t\t\t\t\t\t<strong>Sever<\/strong><img decoding=\"async\" src=\"https:\/\/analyse.optim.biz\/wp-content\/uploads\/2025\/12\/calendar-1102.png\" alt=\"date\" title=\"calendar-1102\"><br \/>\n\t\t\t\t\t\t\t\t20 October 2025 20:59<br \/>\n\t\t\t\t\t\t\t<\/span><span class=\"comment-quality cf\"><span class=\"green\">+7<\/span><\/span><\/p>\n<\/div>\n<div class=\"commentContent\">Stradania de a diminua pensiile speciale ale magistratilor e laudabila dar efectul asupra deficitului e neglijabil . Much ado about nothing -mult zgomot pentru nimic <\/div>\n<ul class=\"cf cactions\">\n<li><a class=\"comment-382927\" href rel=\"raspunde\" title=\"Raspunde\">Raspunde<\/a><\/li>\n<li>|<\/li>\n<li><a href class=\"comment-382927\" rel=\"raspunde-citeaza\" title=\"Raspunde cu citat\">Raspunde cu citat<\/a><\/li>\n<li>|<\/li>\n<li><a href class=\"comment-382927\" title=\"Citat\" rel=\"citeaza\">Citat<\/a><\/li>\n<\/ul>\n<\/div>\n<\/div>\n<div class=\"comment\" id=\"comentariu-382943\">\n<div class=\"commentBody\">\n<div class=\"commentDate\">\n<p class=\"comment-details cf\"><span class=\"comment-id\"><br \/>\n\t\t\t\t\t\t\t\t#<br \/>\n\t\t\t\t\t\t\t\t<strong>X<\/strong><img decoding=\"async\" src=\"https:\/\/analyse.optim.biz\/wp-content\/uploads\/2025\/12\/calendar-1102.png\" alt=\"date\" title=\"calendar-1102\"><br \/>\n\t\t\t\t\t\t\t\t21 October 2025 08:36<br \/>\n\t\t\t\t\t\t\t<\/span><span class=\"comment-quality cf\"><span class=\"green\">+4<\/span><\/span><\/p>\n<\/div>\n<div class=\"commentContent\">Cum s\u0103 \u021bin\u0103 minte dac\u0103 licen\u021ba a fost cump\u0103rat\u0103 !<br \/>\nOare c\u00e2te mai are ? Dac\u0103 a avut omul bani \u0219i_a cump\u0103rat ce a vrut \u0219i este licen\u021biat \u00een ce vrea el . Vede\u021bi, \u0219i a\u0219a a ajuns ministru.<br \/>\nCe \u021bar\u0103 minunat\u0103 , bani s\u0103 ai \u0219i faci vrei  !<\/div>\n<ul class=\"cf cactions\">\n<li><a class=\"comment-382943\" href rel=\"raspunde\" title=\"Raspunde\">Raspunde<\/a><\/li>\n<li>|<\/li>\n<li><a href class=\"comment-382943\" rel=\"raspunde-citeaza\" title=\"Raspunde cu citat\">Raspunde cu citat<\/a><\/li>\n<li>|<\/li>\n<li><a href class=\"comment-382943\" title=\"Citat\" rel=\"citeaza\">Citat<\/a><\/li>\n<\/ul>\n<\/div>\n<\/div>\n<div class=\"comment\" id=\"comentariu-382949\">\n<div class=\"commentBody\">\n<div class=\"commentDate\">\n<p class=\"comment-details cf\"><span class=\"comment-id\"><br \/>\n\t\t\t\t\t\t\t\t#<br \/>\n\t\t\t\t\t\t\t\t<strong>hibridarea<\/strong><img decoding=\"async\" src=\"https:\/\/analyse.optim.biz\/wp-content\/uploads\/2025\/12\/calendar-1102.png\" alt=\"date\" title=\"calendar-1102\"><br \/>\n\t\t\t\t\t\t\t\t21 October 2025 10:18<br \/>\n\t\t\t\t\t\t\t<\/span><span class=\"comment-quality cf\"><span class=\"green\">+12<\/span><\/span><\/p>\n<\/div>\n<div class=\"commentContent\">Asaltu hibrid al politicienilor impotriva justi\u021biei continu\u0103.  S\u0103 continue \u0219i protestul atunci.<\/div>\n<ul class=\"cf cactions\">\n<li><a class=\"comment-382949\" href rel=\"raspunde\" title=\"Raspunde\">Raspunde<\/a><\/li>\n<li>|<\/li>\n<li><a href class=\"comment-382949\" rel=\"raspunde-citeaza\" title=\"Raspunde cu citat\">Raspunde cu citat<\/a><\/li>\n<li>|<\/li>\n<li><a href class=\"comment-382949\" title=\"Citat\" rel=\"citeaza\">Citat<\/a><\/li>\n<\/ul>\n<\/div>\n<\/div>\n<div class=\"comment\" id=\"comentariu-382950\">\n<div class=\"commentBody\">\n<div class=\"commentDate\">\n<p class=\"comment-details cf\"><span class=\"comment-id\"><br \/>\n\t\t\t\t\t\t\t\t#<br \/>\n\t\t\t\t\t\t\t\t<strong>Ureke<\/strong><img decoding=\"async\" src=\"https:\/\/analyse.optim.biz\/wp-content\/uploads\/2025\/12\/calendar-1102.png\" alt=\"date\" title=\"calendar-1102\"><br \/>\n\t\t\t\t\t\t\t\t21 October 2025 11:50<br \/>\n\t\t\t\t\t\t\t<\/span><span class=\"comment-quality cf\"><span class=\"green\">+7<\/span><\/span><\/p>\n<\/div>\n<div class=\"commentContent\">Sunte\u021bi nedrep\u021bi. Omul a f\u0103cut Politehnica din Bucure\u0219ti,  cred ca Ekectronica \u0219i  EXACR IN ACELASI INTERVAL DE TIMP a D\u0103nu\u021b DREPTUL la o universitate din T\u00e2rgu Jiul natal.<br \/>\n\u00centruc\u00e2t. Tat\u0103l s\u0103u era judec\u0103tor \u00een T\u00e2rgu Jiu este greu de crezut ca \u00eentre doua \u0219edin\u021be de judecata nu era \u0219i CADRU DUDACTIC la Oxfordul local.<br \/>\nPrin urmare este absurd sa afirma\u021bi ca fiul<br \/>\n\u0219i ar fi cump\u0103rat diploma de jurist.<br \/>\nEu personal ,dac\u0103 eram cadru didactic la o universitate din Hu\u0219i sau Calafat f\u0103ceam un scandal monstru daca alti lprofesori nu -l puneau prezent cu nota 10 cum laude  la toate examenele  \u0219i  pe fiul meu  . Ce naiba , suntem colegi sau nu<br \/>\nmai suntem ! Partidul se nume\u0219te USR \u0219i este un model de moralitate.<\/div>\n<ul class=\"cf cactions\">\n<li><a class=\"comment-382950\" href rel=\"raspunde\" title=\"Raspunde\">Raspunde<\/a><\/li>\n<li>|<\/li>\n<li><a href class=\"comment-382950\" rel=\"raspunde-citeaza\" title=\"Raspunde cu citat\">Raspunde cu citat<\/a><\/li>\n<li>|<\/li>\n<li><a href class=\"comment-382950\" title=\"Citat\" rel=\"citeaza\">Citat<\/a><\/li>\n<\/ul>\n<\/div>\n<\/div>\n<div class=\"comment\" id=\"comentariu-384614\">\n<div class=\"commentBody\">\n<div class=\"commentDate\">\n<p class=\"comment-details cf\"><span class=\"comment-id\"><br \/>\n\t\t\t\t\t\t\t\t#<br \/>\n\t\t\t\t\t\t\t\t<strong>Tinel<\/strong><img decoding=\"async\" src=\"https:\/\/analyse.optim.biz\/wp-content\/uploads\/2025\/12\/calendar-1102.png\" alt=\"date\" title=\"calendar-1102\"><br \/>\n\t\t\t\t\t\t\t\t29 November 2025 09:04<br \/>\n\t\t\t\t\t\t\t<\/span><span class=\"comment-quality cf\"><span class=\"gray\">0<\/span><\/span><\/p>\n<\/div>\n<div class=\"commentContent\">Este deja de notorietate c\u0103 \u00een politic\u0103 vin doar scursurile acestei \u021b\u0103ri\u0219oare, oameni care niciodat\u0103 nu au performant in niciun domeniu dar s-au lipit de mediul politic exact ce le trebuie pentru a se ridica in societate precum uleiul deasupra apei, dar c\u00e2nd sunt lua\u021bi la puricat despre studii \u0219i via\u021ba lor \u00een societate atunci poporul poate s\u0103 vad\u0103 adevarata lor valoare uman\u0103, de fapt non-valoarea lor, nu sunt ei at\u00e2t de vinova\u021bi precum cei care \u00eei propulseaz\u0103 acolo sus!<\/div>\n<ul class=\"cf cactions\">\n<li><a class=\"comment-384614\" href rel=\"raspunde\" title=\"Raspunde\">Raspunde<\/a><\/li>\n<li>|<\/li>\n<li><a href class=\"comment-384614\" rel=\"raspunde-citeaza\" title=\"Raspunde cu citat\">Raspunde cu citat<\/a><\/li>\n<li>|<\/li>\n<li><a href class=\"comment-384614\" title=\"Citat\" rel=\"citeaza\">Citat<\/a><\/li>\n<\/ul>\n<\/div>\n<\/div>\n<\/section>\n<section id=\"comments\">\n<div class=\"heading\">\n<h2>Adauga comentariu<\/h2>\n<\/div>\n<div>\n<div id=\"emoticons-container\">\n<div id=\"comments-form-smilespanel\"><img decoding=\"async\" src=\"https:\/\/analyse.optim.biz\/wp-content\/uploads\/2025\/12\/laugh-1363.gif\" alt=\":D\" class=\"smile\" title=\"laugh-1363\"><img decoding=\"async\" src=\"https:\/\/analyse.optim.biz\/wp-content\/uploads\/2025\/12\/lol-1404.gif\" alt=\":lol:\" class=\"smile\" title=\"lol-1404\"><img decoding=\"async\" src=\"https:\/\/analyse.optim.biz\/wp-content\/uploads\/2025\/12\/smile-1316.gif\" alt=\":-)\" class=\"smile\" title=\"smile-1316\"><img decoding=\"async\" src=\"https:\/\/analyse.optim.biz\/wp-content\/uploads\/2025\/12\/wink-1313.gif\" alt=\";-)\" class=\"smile\" title=\"wink-1313\"><img decoding=\"async\" src=\"https:\/\/analyse.optim.biz\/wp-content\/uploads\/2025\/12\/cool-1318.gif\" alt=\"8)\" class=\"smile\" title=\"cool-1318\"><img decoding=\"async\" src=\"https:\/\/analyse.optim.biz\/wp-content\/uploads\/2025\/12\/normal-1288.gif\" alt=\":-|\" class=\"smile\" title=\"normal-1288\"><img decoding=\"async\" src=\"https:\/\/analyse.optim.biz\/wp-content\/uploads\/2025\/12\/whistling-1336.gif\" alt=\":-*\" class=\"smile\" title=\"whistling-1336\"><img decoding=\"async\" src=\"https:\/\/analyse.optim.biz\/wp-content\/uploads\/2025\/12\/redface-1301.gif\" alt=\":oops:\" class=\"smile\" title=\"redface-1301\"><img decoding=\"async\" src=\"https:\/\/analyse.optim.biz\/wp-content\/uploads\/2025\/12\/sad-1296.gif\" alt=\":sad:\" class=\"smile\" title=\"sad-1296\"><img decoding=\"async\" src=\"https:\/\/analyse.optim.biz\/wp-content\/uploads\/2025\/12\/cry-1311.gif\" alt=\":cry:\" class=\"smile\" title=\"cry-1311\"><img decoding=\"async\" src=\"https:\/\/analyse.optim.biz\/wp-content\/uploads\/2025\/12\/surprised-1308.gif\" alt=\":o\" class=\"smile\" title=\"surprised-1308\"><img decoding=\"async\" src=\"https:\/\/analyse.optim.biz\/wp-content\/uploads\/2025\/12\/confused-1290.gif\" alt=\":-?\" class=\"smile\" title=\"confused-1290\"><img decoding=\"async\" src=\"https:\/\/analyse.optim.biz\/wp-content\/uploads\/2025\/12\/sick-1340.gif\" alt=\":-x\" class=\"smile\" title=\"sick-1340\"><img decoding=\"async\" src=\"https:\/\/analyse.optim.biz\/wp-content\/uploads\/2025\/12\/shocked-1336.gif\" alt=\":eek:\" class=\"smile\" title=\"shocked-1336\"><img decoding=\"async\" src=\"https:\/\/analyse.optim.biz\/wp-content\/uploads\/2025\/12\/sleeping-1303.gif\" alt=\":zzz\" class=\"smile\" title=\"sleeping-1303\"><img decoding=\"async\" src=\"https:\/\/analyse.optim.biz\/wp-content\/uploads\/2025\/12\/tongue-1329.gif\" alt=\":P\" class=\"smile\" title=\"tongue-1329\"><img decoding=\"async\" src=\"https:\/\/analyse.optim.biz\/wp-content\/uploads\/2025\/12\/rolleyes-1298.gif\" alt=\":roll:\" class=\"smile\" title=\"rolleyes-1298\"><img decoding=\"async\" src=\"https:\/\/analyse.optim.biz\/wp-content\/uploads\/2025\/12\/unsure-1289.gif\" alt=\":sigh:\" class=\"smile\" title=\"unsure-1289\"><\/div>\n<\/div>\n<\/div>\n<div class=\"text-center\">\n<p>DISCLAIMER<\/p>\n<p>Atentie! Postati pe propria raspundere!<br \/> Inainte de a posta, cititi aici regulamentul: <a href=\"https:\/\/www.luju.ro\/termeni-legali-si-conditii\" title=\"Termeni legali si conditii\">Termeni legali si Conditii<\/a><\/p>\n<\/div>\n<\/section>\n<\/article>\n<p> Source URL: https:\/\/www.luju.ro\/vorbe-de-fumoar-20-10-2025-ministrul-economiei-a-uitat-ca-a-facut-dreptul-audio<\/p>\n","protected":false},"excerpt":{"rendered":"<p>Vorbe de fumoar \u2013 20.10.2025 \u2013 Ministrul Economiei a uitat ca a facut Dreptul (Audio) Scris de: L.J. | | 20 October 2025 20:00 Vizualizari: 8703 * Romania ocupa de luni bune primul loc la inflatie in Uniunea Europeana, iar in viitorul apropiat probabil nimic nu se va schimba.Cum stau celelalte state UE, aflati din [&hellip;]<\/p>\n","protected":false},"author":1,"featured_media":986037,"comment_status":"open","ping_status":"","sticky":false,"template":"","format":"standard","meta":{"footnotes":""},"categories":[89],"tags":[114],"class_list":["post-986036","post","type-post","status-publish","format-standard","has-post-thumbnail","hentry","category-romania","tag-luju-ro"],"_links":{"self":[{"href":"https:\/\/analyse.optim.biz\/index.php?rest_route=\/wp\/v2\/posts\/986036","targetHints":{"allow":["GET"]}}],"collection":[{"href":"https:\/\/analyse.optim.biz\/index.php?rest_route=\/wp\/v2\/posts"}],"about":[{"href":"https:\/\/analyse.optim.biz\/index.php?rest_route=\/wp\/v2\/types\/post"}],"author":[{"embeddable":true,"href":"https:\/\/analyse.optim.biz\/index.php?rest_route=\/wp\/v2\/users\/1"}],"replies":[{"embeddable":true,"href":"https:\/\/analyse.optim.biz\/index.php?rest_route=%2Fwp%2Fv2%2Fcomments&post=986036"}],"version-history":[{"count":0,"href":"https:\/\/analyse.optim.biz\/index.php?rest_route=\/wp\/v2\/posts\/986036\/revisions"}],"wp:featuredmedia":[{"embeddable":true,"href":"https:\/\/analyse.optim.biz\/index.php?rest_route=\/wp\/v2\/media\/986037"}],"wp:attachment":[{"href":"https:\/\/analyse.optim.biz\/index.php?rest_route=%2Fwp%2Fv2%2Fmedia&parent=986036"}],"wp:term":[{"taxonomy":"category","embeddable":true,"href":"https:\/\/analyse.optim.biz\/index.php?rest_route=%2Fwp%2Fv2%2Fcategories&post=986036"},{"taxonomy":"post_tag","embeddable":true,"href":"https:\/\/analyse.optim.biz\/index.php?rest_route=%2Fwp%2Fv2%2Ftags&post=986036"}],"curies":[{"name":"wp","href":"https:\/\/api.w.org\/{rel}","templated":true}]}}