{"id":983403,"date":"2025-10-24T17:12:00","date_gmt":"2025-10-24T14:12:00","guid":{"rendered":"https:\/\/analyse.optim.biz\/?p=983403"},"modified":"2025-10-24T17:12:00","modified_gmt":"2025-10-24T14:12:00","slug":"vorbe-de-fumoar-24-10-2025-miza-ascunsa-din-spatele-scandalului-privind-pensiile-magistratilor","status":"publish","type":"post","link":"https:\/\/analyse.optim.biz\/?p=983403","title":{"rendered":"Vorbe de fumoar \u2013 24.10.2025 \u2013 Miza ascunsa din spatele scandalului privind pensiile magistratilor"},"content":{"rendered":"<article id=\"article-content\">\n<h1>Vorbe de fumoar \u2013 24.10.2025 \u2013 Miza ascunsa din spatele scandalului privind pensiile magistratilor<\/h1>\n<section id=\"article-info\">\n<p class=\"author\">Scris de: L.J. | <a href=\"https:\/\/www.luju.ro\/vorbe-de-fumoar-24-10-2025-miza-ascunsa-din-spatele-scandalului-privind-pensiile-magistratilor?pdf\" title=\"PDF\"><img decoding=\"async\" src=\"https:\/\/analyse.optim.biz\/wp-content\/uploads\/2025\/12\/pdf-1304.png\" alt=\"pdf\" title=\"pdf-1304\"><\/a> | <a href=\"https:\/\/www.luju.ro\/vorbe-de-fumoar-24-10-2025-miza-ascunsa-din-spatele-scandalului-privind-pensiile-magistratilor?print=1\" class=\"external\" title=\"Imprimare\"><img decoding=\"async\" src=\"https:\/\/analyse.optim.biz\/wp-content\/uploads\/2025\/12\/print-1302.png\" alt=\"print\" title=\"print-1302\"><\/a><\/p>\n<div class=\"info flex-container\">\n<div class=\"date\">24 October 2025 17:12<\/div>\n<div>Vizualizari: 8021<\/div>\n<\/div>\n<\/section>\n<section id=\"article-body\">\n<section id=\"page\" class=\"cf\">\n<div>\n<p align=\"JUSTIFY\"><span><span>* <b>Inalta Curte a admis recent un recurs in interesul legii formulat de Procurorul General Alex Florenta. <span><a href=\"https:\/\/www.luba.ro\/taxa-de-timbru-recurs-in-interesul-legii-admis-de-inalta-curte-pe-executarea-silita-sesizarea-a-fost-facuta-de-parchetul-inaltei-curti-minuta\" target=\"_blank\">Click aici pentru a citi<\/a><\/span><\/b> la ce se refera decizia ICCJ.<\/span><\/span><\/p>\n<p align=\"JUSTIFY\">\u00a0<\/p>\n<p align=\"JUSTIFY\"><span><span>* <b>Compania Nationala de Investitii Rutiere (CNIR) a publicat noi informatii despre viitoarea Autostrada Brasov-Bacau.<\/b> Care sunt noutatile, aflati din articolul publicat <b><span><a href=\"https:\/\/infrapress.ro\/2025\/10\/24\/autostrada-brasov-bacau-noua-varianta-modifica-traseul-cu-aproximativ-12-kilometri-si-prevede-proiectarea-unui-tunel-cu-o-lungime-de-600-de-metri\/\" target=\"_blank\">aici<\/a><\/span><\/b>.<\/span><\/span><\/p>\n<p align=\"JUSTIFY\">\u00a0<\/p>\n<p align=\"JUSTIFY\"><span><span><img loading=\"lazy\" decoding=\"async\" height=\"225\" width=\"400\" src=\"https:\/\/analyse.optim.biz\/wp-content\/uploads\/2025\/12\/victor_ponta-3.jpg\" title=\"victor_ponta-3\">* O explicatie foarte interesanta referitoare la obsesia Guvernului Bolojan de a taia, chiar si cu incalcarea legii, pensiile magistratilor si de a schimba conditiile de pensionare a fost oferita de <b>fostul premier Victor Ponta <span>(foto)<\/span><\/b>.<\/span><\/span><\/p>\n<hr>\n<p>\u00a0<\/p>\n<p align=\"JUSTIFY\"><span><span><b><span>Intr-o postare video pe pagina sa de <a target=\"_blank\" href=\"https:\/\/www.facebook.com\/reel\/1323162129277332\/?__cft__%5B0%5D=AZWFdyD-wT-kpMZcFk3O7tXxV0utANvzYA-qYoRve_F0ki8EVn6t3zPoqrIaXq1V5dEsTcSJhUZxGzMn3a0iCo1GDqeyuM447BxUbEuc_612FYA6jC5bSUwScBhidbDYtqCBGNZkliQvYHtQGGuwVG-usK0z-2wXY0TV2Upnjl3mzvT2kRfi6CLR0To1mxbhbERkHZ8fg1qkyxUh5zE_WSli&amp;__tn__=%2CO%2CP-R\">Facebook<\/a>,<\/span> Ponta ca asa-zisa reforma a pensiilor magistratilor nu este altceva decat un razboi declansat impotriva judecatorilor de la Inalta Curte de Casatie si Justitie. Iar asta pentru ca noii judecatori care au ajuns la instanta suprema nu asculta de Sistemul care a condus Romania ani de zile prin teroarea catuselor si prin condamnari politice dispuse inclusiv de ICCJ. Cu alte cuvinte, totul nu este decat o operatiune prin care se incearca subordonarea judecatorilor, in primul rand de la Inalta Curte.<\/b> In plus, Ponta observa foarte bine ca aceste pensii existau si atunci cand personaje precum judecatorul ICCJ Ionut Matei, procurorul DNA Mircea \u201cPortocala\u201d Negulescu sau judecatorul Cristi Vasilica Danilet erau in activitate, insa nimeni nu a avut vreo problema la acea data.<\/span><\/span><\/p>\n<p align=\"JUSTIFY\"><span><span><br \/><\/span><\/span><\/p>\n<p align=\"JUSTIFY\"><span><span><b>Dar iata ce spune fostul premier si lider PSD Victor Ponta:<\/b><\/span><\/span><\/p>\n<p align=\"JUSTIFY\"><i><span><span><br \/><\/span><\/span><\/i><\/p>\n<p align=\"JUSTIFY\"><i><span><span>\u201cNu i-a deranjat pe propaganda, pe USR-isti, pe rezisti pensia magistratilor cand era vorba despre Portocala (n.r. &#8211; fostul procuror Mircea Negulescu), despre Danilet, despre Ionut Matei, despre toti astia ai lor care au facut dosarele politice, care de fapt au terorizat Romania. Atunci n-aveau o problema cu pensiile magistratilor. Acum, pentru ca la Inalta Curte de Casatie si Justitie au venit niste judecatori care nu mai asculta de ei, deodata si-au dat seama ca e o mare problema cu pensiile magistratilor. Sa va fie foarte clar: daca erau tot Ionut Matei, tot &#8216;Portocala&#8217;, tot Danilet nu aveati nicio discutie, azi, despre pensiile magistratilor. Acum o aveti pentru ca nu mai asculta cei de la Inalta Curte, in special, nu mai asculta de ei, de Sistem\u201d. <\/span><\/span><\/i><\/p>\n<p align=\"JUSTIFY\">\u00a0<\/p>\n<p align=\"JUSTIFY\"><span><span><span lang=\"ro-RO\"><b><span>Nota:<\/span><\/b><\/span><span lang=\"ro-RO\"> Informatiile din aceasta rubrica trebuie luate sub beneficiu de inventar, ele facand parte din categoria zvonurilor sau a pamfletului. Luati-le ca atare!<\/span><\/span><\/span><\/p>\n<\/div>\n<\/section>\n<\/section>\n<section id=\"comments-boxes\">\n<div class=\"heading\">\n<h2>Comentarii<\/h2>\n<\/div>\n<div class=\"comment\" id=\"comentariu-383113\">\n<div class=\"commentBody\">\n<div class=\"commentDate\">\n<p class=\"comment-details cf\"><span class=\"comment-id\"><br \/>\n\t\t\t\t\t\t\t\t#<br \/>\n\t\t\t\t\t\t\t\t<strong>Perfid<\/strong><img decoding=\"async\" src=\"https:\/\/analyse.optim.biz\/wp-content\/uploads\/2025\/12\/calendar-1100.png\" alt=\"date\" title=\"calendar-1100\"><br \/>\n\t\t\t\t\t\t\t\t24 October 2025 17:33<br \/>\n\t\t\t\t\t\t\t<\/span><span class=\"comment-quality cf\"><span class=\"green\">+6<\/span><\/span><\/p>\n<\/div>\n<div class=\"commentContent\">omul care in calitate de ministru interimar al justitiei a propus pentru functia de procuror sef al directiei nationale anticoruptie pe doamna kovesi ca sa imparateasca dupa deceniul negru al marinarului. nu a mers si acum baga batul prin gard cu orice ocazie<\/div>\n<ul class=\"cf cactions\">\n<li><a class=\"comment-383113\" href rel=\"raspunde\" title=\"Raspunde\">Raspunde<\/a><\/li>\n<li>|<\/li>\n<li><a href class=\"comment-383113\" rel=\"raspunde-citeaza\" title=\"Raspunde cu citat\">Raspunde cu citat<\/a><\/li>\n<li>|<\/li>\n<li><a href class=\"comment-383113\" title=\"Citat\" rel=\"citeaza\">Citat<\/a><\/li>\n<\/ul>\n<\/div>\n<\/div>\n<div class=\"comment\" id=\"comentariu-383122\">\n<div class=\"commentBody\">\n<div class=\"commentDate\">\n<p class=\"comment-details cf\"><span class=\"comment-id\"><br \/>\n\t\t\t\t\t\t\t\t#<br \/>\n\t\t\t\t\t\t\t\t<strong>Tomescu<\/strong><img decoding=\"async\" src=\"https:\/\/analyse.optim.biz\/wp-content\/uploads\/2025\/12\/calendar-1100.png\" alt=\"date\" title=\"calendar-1100\"><br \/>\n\t\t\t\t\t\t\t\t24 October 2025 21:49<br \/>\n\t\t\t\t\t\t\t<\/span><span class=\"comment-quality cf\"><span class=\"green\">+3<\/span><\/span><\/p>\n<\/div>\n<div class=\"commentContent\">Asa este! Mor de ciuda ! Sa le tina pensiile ca invata! Pe altii nu ii vad! De la Anre etc!<\/div>\n<ul class=\"cf cactions\">\n<li><a class=\"comment-383122\" href rel=\"raspunde\" title=\"Raspunde\">Raspunde<\/a><\/li>\n<li>|<\/li>\n<li><a href class=\"comment-383122\" rel=\"raspunde-citeaza\" title=\"Raspunde cu citat\">Raspunde cu citat<\/a><\/li>\n<li>|<\/li>\n<li><a href class=\"comment-383122\" title=\"Citat\" rel=\"citeaza\">Citat<\/a><\/li>\n<\/ul>\n<\/div>\n<\/div>\n<div class=\"comment\" id=\"comentariu-383133\">\n<div class=\"commentBody\">\n<div class=\"commentDate\">\n<p class=\"comment-details cf\"><span class=\"comment-id\"><br \/>\n\t\t\t\t\t\t\t\t#<br \/>\n\t\t\t\t\t\t\t\t<strong>Lan\u021burile STEGARULUI DAC<\/strong><img decoding=\"async\" src=\"https:\/\/analyse.optim.biz\/wp-content\/uploads\/2025\/12\/calendar-1100.png\" alt=\"date\" title=\"calendar-1100\"><br \/>\n\t\t\t\t\t\t\t\t25 October 2025 00:27<br \/>\n\t\t\t\t\t\t\t<\/span><span class=\"comment-quality cf\"><span class=\"green\">+3<\/span><\/span><\/p>\n<\/div>\n<div class=\"commentContent\">Domnule  Ponta, abuzul asupra STEGARULUI DAC cine \u00eel s\u0103v\u00e2r\u0219e\u0219te?  Oare nu magistra\u021bii?<br \/>\nLua\u021bi aminte, zeilor \u00eenchipui\u021bi,   ROM\u00c2NII nu mai au nicio a\u0219teptare de la voi , c\u0103 v-a\u021bi dat CINSTEA pe ru\u0219ine&#8230; Singura noastr\u0103 n\u0103dejde  este  sus-sus de tot.., acolo unde voi nu mai \u0219ti\u021bi s\u0103 privi\u021bi , c\u0103ci v-a\u021bi umplut de voi \u00een\u0219i-v\u0103 &#8230;<\/div>\n<ul class=\"cf cactions\">\n<li><a class=\"comment-383133\" href rel=\"raspunde\" title=\"Raspunde\">Raspunde<\/a><\/li>\n<li>|<\/li>\n<li><a href class=\"comment-383133\" rel=\"raspunde-citeaza\" title=\"Raspunde cu citat\">Raspunde cu citat<\/a><\/li>\n<li>|<\/li>\n<li><a href class=\"comment-383133\" title=\"Citat\" rel=\"citeaza\">Citat<\/a><\/li>\n<\/ul>\n<\/div>\n<\/div>\n<div class=\"comment\" id=\"comentariu-383147\">\n<div class=\"commentBody\">\n<div class=\"commentDate\">\n<p class=\"comment-details cf\"><span class=\"comment-id\"><br \/>\n\t\t\t\t\t\t\t\t#<br \/>\n\t\t\t\t\t\t\t\t<strong>Cetateanul<\/strong><img decoding=\"async\" src=\"https:\/\/analyse.optim.biz\/wp-content\/uploads\/2025\/12\/calendar-1100.png\" alt=\"date\" title=\"calendar-1100\"><br \/>\n\t\t\t\t\t\t\t\t25 October 2025 16:53<br \/>\n\t\t\t\t\t\t\t<\/span><span class=\"comment-quality cf\"><span class=\"green\">+1<\/span><\/span><\/p>\n<\/div>\n<div class=\"commentContent\">S\u0103 vorbe\u0219ti de abuzuri c\u00e2nd tu \u00eensu\u021bi ai f\u0103ptuit unele inimaginabile&#8230;WOW&#8230;asta da tuoeu.  <img decoding=\"async\" src=\"https:\/\/analyse.optim.biz\/wp-content\/uploads\/2025\/12\/lol-1399.gif\" alt=\":lol:\" title=\"lol-1399\"><\/div>\n<ul class=\"cf cactions\">\n<li><a class=\"comment-383147\" href rel=\"raspunde\" title=\"Raspunde\">Raspunde<\/a><\/li>\n<li>|<\/li>\n<li><a href class=\"comment-383147\" rel=\"raspunde-citeaza\" title=\"Raspunde cu citat\">Raspunde cu citat<\/a><\/li>\n<li>|<\/li>\n<li><a href class=\"comment-383147\" title=\"Citat\" rel=\"citeaza\">Citat<\/a><\/li>\n<\/ul>\n<\/div>\n<\/div>\n<div class=\"comment\" id=\"comentariu-383158\">\n<div class=\"commentBody\">\n<div class=\"commentDate\">\n<p class=\"comment-details cf\"><span class=\"comment-id\"><br \/>\n\t\t\t\t\t\t\t\t#<br \/>\n\t\t\t\t\t\t\t\t<strong>X<\/strong><img decoding=\"async\" src=\"https:\/\/analyse.optim.biz\/wp-content\/uploads\/2025\/12\/calendar-1100.png\" alt=\"date\" title=\"calendar-1100\"><br \/>\n\t\t\t\t\t\t\t\t26 October 2025 00:33<br \/>\n\t\t\t\t\t\t\t<\/span><span class=\"comment-quality cf\"><span class=\"green\">+1<\/span><\/span><\/p>\n<\/div>\n<div class=\"commentContent\">V\u0103 \u00een\u021beleg sup\u0103rarea dar, nu este cazul s\u0103_l incrimina\u021bi pe domnul Ponta . A fost, al\u0103turi de domnul Adrian N\u0103stase , cel mai bun prim ministru.<br \/>\nC\u0103 a numit_o pe Kovesi , asta este \u00eentr_un alt registru.<br \/>\nPentru  economie, pentru rela\u021biile externe, pentru oameni a f\u0103cut numai lucruri bune.<br \/>\nP\u0103cat c\u0103 nu a fost ales pre\u0219edinte !<br \/>\nSau , poate v\u0103 place mai mult   situa\u021bia actual\u0103 . Sunte\u021bi de acord \u0219i cu Bolojan \u0219i cu Drul\u0103, \u021aoiu, Buzoianu \u0219i care mai sunt prin acest guvern<br \/>\nde ne\u00een\u021bele\u0219i, de neciti\u021bi , de ne\u00eenv\u0103\u021ba\u021bi.<\/div>\n<ul class=\"cf cactions\">\n<li><a class=\"comment-383158\" href rel=\"raspunde\" title=\"Raspunde\">Raspunde<\/a><\/li>\n<li>|<\/li>\n<li><a href class=\"comment-383158\" rel=\"raspunde-citeaza\" title=\"Raspunde cu citat\">Raspunde cu citat<\/a><\/li>\n<li>|<\/li>\n<li><a href class=\"comment-383158\" title=\"Citat\" rel=\"citeaza\">Citat<\/a><\/li>\n<\/ul>\n<\/div>\n<\/div>\n<div class=\"comment\" id=\"comentariu-383163\">\n<div class=\"commentBody\">\n<div class=\"commentDate\">\n<p class=\"comment-details cf\"><span class=\"comment-id\"><br \/>\n\t\t\t\t\t\t\t\t#<br \/>\n\t\t\t\t\t\t\t\t<strong>Nae<\/strong><img decoding=\"async\" src=\"https:\/\/analyse.optim.biz\/wp-content\/uploads\/2025\/12\/calendar-1100.png\" alt=\"date\" title=\"calendar-1100\"><br \/>\n\t\t\t\t\t\t\t\t26 October 2025 14:16<br \/>\n\t\t\t\t\t\t\t<\/span><span class=\"comment-quality cf\"><span class=\"red\">-6<\/span><\/span><\/p>\n<\/div>\n<div class=\"commentContent\">C\u00e2t TUPEU, c\u00e2t\u0103 neru\u0219inare, c\u00e2t\u0103 nesim\u021bire pe acest gre\u021bos individ, parte din sistemul care a adus \u021bara la sap\u0103 de lemn, revine vopsit \u00een mare suveranist!  <img decoding=\"async\" src=\"https:\/\/analyse.optim.biz\/wp-content\/uploads\/2025\/12\/sick-1335.gif\" alt=\":-x\" title=\"sick-1335\"> . Pur \u0219i simplu nu poate s\u0103 fac\u0103 cu decen\u021b\u0103, pasul \u00eenapoi.<\/p>\n<p>Dar nu este singurul din \u201efo\u0219tii\u201d, care \u00ee\u0219i arat\u0103 profilul \u201eafumat\u201d din nou \u0219i din nou&#8230; totu\u0219i unii se mai uit\u0103 \u00eenc\u0103 \u00een gura lor, vr\u0103ji\u021bi probabil de oratoria lor  <img decoding=\"async\" src=\"https:\/\/analyse.optim.biz\/wp-content\/uploads\/2025\/12\/surprised-1303.gif\" alt=\":o\" title=\"surprised-1303\"><\/div>\n<ul class=\"cf cactions\">\n<li><a class=\"comment-383163\" href rel=\"raspunde\" title=\"Raspunde\">Raspunde<\/a><\/li>\n<li>|<\/li>\n<li><a href class=\"comment-383163\" rel=\"raspunde-citeaza\" title=\"Raspunde cu citat\">Raspunde cu citat<\/a><\/li>\n<li>|<\/li>\n<li><a href class=\"comment-383163\" title=\"Citat\" rel=\"citeaza\">Citat<\/a><\/li>\n<\/ul>\n<\/div>\n<\/div>\n<div class=\"comment\" id=\"comentariu-383164\">\n<div class=\"commentBody\">\n<div class=\"commentDate\">\n<p class=\"comment-details cf\"><span class=\"comment-id\"><br \/>\n\t\t\t\t\t\t\t\t#<br \/>\n\t\t\t\t\t\t\t\t<strong>nae<\/strong><img decoding=\"async\" src=\"https:\/\/analyse.optim.biz\/wp-content\/uploads\/2025\/12\/calendar-1100.png\" alt=\"date\" title=\"calendar-1100\"><br \/>\n\t\t\t\t\t\t\t\t26 October 2025 14:18<br \/>\n\t\t\t\t\t\t\t<\/span><span class=\"comment-quality cf\"><span class=\"gray\">0<\/span><\/span><\/p>\n<\/div>\n<div class=\"commentContent\"><img decoding=\"async\" src=\"https:\/\/analyse.optim.biz\/wp-content\/uploads\/2025\/12\/sick-1335.gif\" alt=\":-x\" title=\"sick-1335\"><img decoding=\"async\" src=\"https:\/\/analyse.optim.biz\/wp-content\/uploads\/2025\/12\/sick-1335.gif\" alt=\":-x\" title=\"sick-1335\"><img decoding=\"async\" src=\"https:\/\/analyse.optim.biz\/wp-content\/uploads\/2025\/12\/sick-1335.gif\" alt=\":-x\" title=\"sick-1335\"><\/div>\n<ul class=\"cf cactions\">\n<li><a class=\"comment-383164\" href rel=\"raspunde\" title=\"Raspunde\">Raspunde<\/a><\/li>\n<li>|<\/li>\n<li><a href class=\"comment-383164\" rel=\"raspunde-citeaza\" title=\"Raspunde cu citat\">Raspunde cu citat<\/a><\/li>\n<li>|<\/li>\n<li><a href class=\"comment-383164\" title=\"Citat\" rel=\"citeaza\">Citat<\/a><\/li>\n<\/ul>\n<\/div>\n<\/div>\n<div class=\"comment\" id=\"comentariu-383169\">\n<div class=\"commentBody\">\n<div class=\"commentDate\">\n<p class=\"comment-details cf\"><span class=\"comment-id\"><br \/>\n\t\t\t\t\t\t\t\t#<br \/>\n\t\t\t\t\t\t\t\t<strong>Noe<\/strong><img decoding=\"async\" src=\"https:\/\/analyse.optim.biz\/wp-content\/uploads\/2025\/12\/calendar-1100.png\" alt=\"date\" title=\"calendar-1100\"><br \/>\n\t\t\t\t\t\t\t\t26 October 2025 19:00<br \/>\n\t\t\t\t\t\t\t<\/span><span class=\"comment-quality cf\"><span class=\"green\">+8<\/span><\/span><\/p>\n<\/div>\n<div class=\"commentContent\">tupeu nesim\u021bit  <img decoding=\"async\" src=\"https:\/\/analyse.optim.biz\/wp-content\/uploads\/2025\/12\/sick-1335.gif\" alt=\":-x\" title=\"sick-1335\"> Acum s-a vopsit suveranist!<\/div>\n<ul class=\"cf cactions\">\n<li><a class=\"comment-383169\" href rel=\"raspunde\" title=\"Raspunde\">Raspunde<\/a><\/li>\n<li>|<\/li>\n<li><a href class=\"comment-383169\" rel=\"raspunde-citeaza\" title=\"Raspunde cu citat\">Raspunde cu citat<\/a><\/li>\n<li>|<\/li>\n<li><a href class=\"comment-383169\" title=\"Citat\" rel=\"citeaza\">Citat<\/a><\/li>\n<\/ul>\n<\/div>\n<\/div>\n<div class=\"comment\" id=\"comentariu-383178\">\n<div class=\"commentBody\">\n<div class=\"commentDate\">\n<p class=\"comment-details cf\"><span class=\"comment-id\"><br \/>\n\t\t\t\t\t\t\t\t#<br \/>\n\t\t\t\t\t\t\t\t<strong>Cristina Dinu<\/strong><img decoding=\"async\" src=\"https:\/\/analyse.optim.biz\/wp-content\/uploads\/2025\/12\/calendar-1100.png\" alt=\"date\" title=\"calendar-1100\"><br \/>\n\t\t\t\t\t\t\t\t27 October 2025 07:32<br \/>\n\t\t\t\t\t\t\t<\/span><span class=\"comment-quality cf\"><span class=\"red\">-26<\/span><\/span><\/p>\n<\/div>\n<div class=\"commentContent\">Acum c\u00e2\u021biva ani erau poate jum\u0103tate din num\u0103rul de pensionari magistrati. Presiunea pe buget este alta.Si va creste exponen\u021bial.  Problema este ca, statustic vorbind, speran\u021ba de via\u021b\u0103  a unui magistrat este mult mai mare  dec\u00e2t a contribuabililor. \u0218i cum odat\u0103 la 5 ani se iese \u00een draci la pensie din sistem.. pentru ca exista o procedura de urgenta care perni\u021be \u0219i altor profesioni\u0219ti din domeniul justi\u021biei sa accead\u0103 la func\u021bia de magistrat, ca s\u0103 se acopere golurile frecvente de resurse umane, , povara bugetara va fi insuportabil mai mare \u00een viitor, asa ca.. v\u00e2rst\u0103 pensionare standard..  c\u0103 aici este nedreptatea \u0219i discriminarea. Legea le consfiinta dreptul la o pensie  de 80 % din veniturile din ultima  luna, dar nu spune \u0219i de c\u00e2nd  De la 48 dr ani, de la 60 de la 65? Ei, pentru ca era \u00een interesul lor, au abuzat de lege, politicienii corup\u021bi, c\u0103 sa scape de condamn\u0103ri  s su f\u0103cut ca nu pricep. Ei, magistra\u021bii, vor spune ca dac\u0103 legea nu interzice \u00een mod expres, \u00eenseamn\u0103 c\u0103 nu este <\/div>\n<ul class=\"cf cactions\">\n<li><a class=\"comment-383178\" href rel=\"raspunde\" title=\"Raspunde\">Raspunde<\/a><\/li>\n<li>|<\/li>\n<li><a href class=\"comment-383178\" rel=\"raspunde-citeaza\" title=\"Raspunde cu citat\">Raspunde cu citat<\/a><\/li>\n<li>|<\/li>\n<li><a href class=\"comment-383178\" title=\"Citat\" rel=\"citeaza\">Citat<\/a><\/li>\n<\/ul>\n<\/div>\n<\/div>\n<div class=\"comment\" id=\"comentariu-383183\">\n<div class=\"commentBody\">\n<div class=\"commentDate\">\n<p class=\"comment-details cf\"><span class=\"comment-id\"><br \/>\n\t\t\t\t\t\t\t\t#<br \/>\n\t\t\t\t\t\t\t\t<strong>Sul<\/strong><img decoding=\"async\" src=\"https:\/\/analyse.optim.biz\/wp-content\/uploads\/2025\/12\/calendar-1100.png\" alt=\"date\" title=\"calendar-1100\"><br \/>\n\t\t\t\t\t\t\t\t27 October 2025 12:09<br \/>\n\t\t\t\t\t\t\t<\/span><span class=\"comment-quality cf\"><span class=\"green\">+39<\/span><\/span><\/p>\n<\/div>\n<div class=\"commentContent\">Un rahat, mor o gr\u0103mad\u0103 de magistra\u021bi tineri \u0219i m\u0103 refer la<br \/>\nCei care chiar au stat cel pu\u021bin 25 \u00een magistratur\u0103, nu cei care au stat prin alte profesii (avocat, jurist\u2026) s au f\u00e2\u021b\u00e2it un pic, s au pensionat \u0219i s au \u00eentors iar \u00een vechea profesiune,<br \/>\nHabar nu ai ce vorbe\u0219ti despre speran\u021ba de via\u021b\u0103<\/div>\n<ul class=\"cf cactions\">\n<li><a class=\"comment-383183\" href rel=\"raspunde\" title=\"Raspunde\">Raspunde<\/a><\/li>\n<li>|<\/li>\n<li><a href class=\"comment-383183\" rel=\"raspunde-citeaza\" title=\"Raspunde cu citat\">Raspunde cu citat<\/a><\/li>\n<li>|<\/li>\n<li><a href class=\"comment-383183\" title=\"Citat\" rel=\"citeaza\">Citat<\/a><\/li>\n<\/ul>\n<\/div>\n<\/div>\n<div class=\"comment\" id=\"comentariu-383190\">\n<div class=\"commentBody\">\n<div class=\"commentDate\">\n<p class=\"comment-details cf\"><span class=\"comment-id\"><br \/>\n\t\t\t\t\t\t\t\t#<br \/>\n\t\t\t\t\t\t\t\t<strong>Grig<\/strong><img decoding=\"async\" src=\"https:\/\/analyse.optim.biz\/wp-content\/uploads\/2025\/12\/calendar-1100.png\" alt=\"date\" title=\"calendar-1100\"><br \/>\n\t\t\t\t\t\t\t\t27 October 2025 16:49<br \/>\n\t\t\t\t\t\t\t<\/span><span class=\"comment-quality cf\"><span class=\"green\">+37<\/span><\/span><\/p>\n<\/div>\n<div class=\"commentContent\">Forma ini\u021bial\u0103 a legii magistra\u021bilor din 1998, prevedea pensionarea, dac\u0103 activau 25 de ani efectiv sau 20 de ani \u0219i v\u00e2rst\u0103 de 60 ani.<br \/>\nAcelea\u0219i partide \u0219i politicieni de azi , au inventat asimila\u021bii magistra\u021bilor, cu acelea\u0219i drepturi, apoi au echivalat c\u0103 vechime in magistratur\u0103, ani petrecu\u021bi \u00een tot soiul de profesii: avocat, lichidator, jurist, grefier, secretar de prim\u0103rie. In 2007 \u00eenc\u0103 se mai intra in magistratur\u0103 cu interviu la Min. Justi\u021biei.<br \/>\n\u0218i uite a\u0219a s a ajuns de s au pensionat c\u0103 magistra\u021bi o mul\u021bime de oameni care au fost efectiv magistra\u021bi \u00eentre 2-10 ani.<br \/>\nDin pensiona\u021bii actuali , doar jum\u0103tate au f\u0103cut 25vde ani efectiv c\u0103 magistra\u021bi.<\/div>\n<ul class=\"cf cactions\">\n<li><a class=\"comment-383190\" href rel=\"raspunde\" title=\"Raspunde\">Raspunde<\/a><\/li>\n<li>|<\/li>\n<li><a href class=\"comment-383190\" rel=\"raspunde-citeaza\" title=\"Raspunde cu citat\">Raspunde cu citat<\/a><\/li>\n<li>|<\/li>\n<li><a href class=\"comment-383190\" title=\"Citat\" rel=\"citeaza\">Citat<\/a><\/li>\n<\/ul>\n<\/div>\n<\/div>\n<\/section>\n<section id=\"comments\">\n<div class=\"heading\">\n<h2>Adauga comentariu<\/h2>\n<\/div>\n<div>\n<div id=\"emoticons-container\">\n<div id=\"comments-form-smilespanel\"><img decoding=\"async\" src=\"https:\/\/analyse.optim.biz\/wp-content\/uploads\/2025\/12\/laugh-1359.gif\" alt=\":D\" class=\"smile\" title=\"laugh-1359\"><img decoding=\"async\" src=\"https:\/\/analyse.optim.biz\/wp-content\/uploads\/2025\/12\/lol-1400.gif\" alt=\":lol:\" class=\"smile\" title=\"lol-1400\"><img decoding=\"async\" src=\"https:\/\/analyse.optim.biz\/wp-content\/uploads\/2025\/12\/smile-1312.gif\" alt=\":-)\" class=\"smile\" title=\"smile-1312\"><img decoding=\"async\" src=\"https:\/\/analyse.optim.biz\/wp-content\/uploads\/2025\/12\/wink-1309.gif\" alt=\";-)\" class=\"smile\" title=\"wink-1309\"><img decoding=\"async\" src=\"https:\/\/analyse.optim.biz\/wp-content\/uploads\/2025\/12\/cool-1314.gif\" alt=\"8)\" class=\"smile\" title=\"cool-1314\"><img decoding=\"async\" src=\"https:\/\/analyse.optim.biz\/wp-content\/uploads\/2025\/12\/normal-1284.gif\" alt=\":-|\" class=\"smile\" title=\"normal-1284\"><img decoding=\"async\" src=\"https:\/\/analyse.optim.biz\/wp-content\/uploads\/2025\/12\/whistling-1332.gif\" alt=\":-*\" class=\"smile\" title=\"whistling-1332\"><img decoding=\"async\" src=\"https:\/\/analyse.optim.biz\/wp-content\/uploads\/2025\/12\/redface-1297.gif\" alt=\":oops:\" class=\"smile\" title=\"redface-1297\"><img decoding=\"async\" src=\"https:\/\/analyse.optim.biz\/wp-content\/uploads\/2025\/12\/sad-1292.gif\" alt=\":sad:\" class=\"smile\" title=\"sad-1292\"><img decoding=\"async\" src=\"https:\/\/analyse.optim.biz\/wp-content\/uploads\/2025\/12\/cry-1307.gif\" alt=\":cry:\" class=\"smile\" title=\"cry-1307\"><img decoding=\"async\" src=\"https:\/\/analyse.optim.biz\/wp-content\/uploads\/2025\/12\/surprised-1304.gif\" alt=\":o\" class=\"smile\" title=\"surprised-1304\"><img decoding=\"async\" src=\"https:\/\/analyse.optim.biz\/wp-content\/uploads\/2025\/12\/confused-1286.gif\" alt=\":-?\" class=\"smile\" title=\"confused-1286\"><img decoding=\"async\" src=\"https:\/\/analyse.optim.biz\/wp-content\/uploads\/2025\/12\/sick-1336.gif\" alt=\":-x\" class=\"smile\" title=\"sick-1336\"><img decoding=\"async\" src=\"https:\/\/analyse.optim.biz\/wp-content\/uploads\/2025\/12\/shocked-1332.gif\" alt=\":eek:\" class=\"smile\" title=\"shocked-1332\"><img decoding=\"async\" src=\"https:\/\/analyse.optim.biz\/wp-content\/uploads\/2025\/12\/sleeping-1299.gif\" alt=\":zzz\" class=\"smile\" title=\"sleeping-1299\"><img decoding=\"async\" src=\"https:\/\/analyse.optim.biz\/wp-content\/uploads\/2025\/12\/tongue-1325.gif\" alt=\":P\" class=\"smile\" title=\"tongue-1325\"><img decoding=\"async\" src=\"https:\/\/analyse.optim.biz\/wp-content\/uploads\/2025\/12\/rolleyes-1294.gif\" alt=\":roll:\" class=\"smile\" title=\"rolleyes-1294\"><img decoding=\"async\" src=\"https:\/\/analyse.optim.biz\/wp-content\/uploads\/2025\/12\/unsure-1285.gif\" alt=\":sigh:\" class=\"smile\" title=\"unsure-1285\"><\/div>\n<\/div>\n<\/div>\n<div class=\"text-center\">\n<p>DISCLAIMER<\/p>\n<p>Atentie! Postati pe propria raspundere!<br \/> Inainte de a posta, cititi aici regulamentul: <a href=\"https:\/\/www.luju.ro\/termeni-legali-si-conditii\" title=\"Termeni legali si conditii\">Termeni legali si Conditii<\/a><\/p>\n<\/div>\n<\/section>\n<\/article>\n<p> Source URL: https:\/\/www.luju.ro\/vorbe-de-fumoar-24-10-2025-miza-ascunsa-din-spatele-scandalului-privind-pensiile-magistratilor<\/p>\n","protected":false},"excerpt":{"rendered":"<p>Vorbe de fumoar \u2013 24.10.2025 \u2013 Miza ascunsa din spatele scandalului privind pensiile magistratilor Scris de: L.J. | | 24 October 2025 17:12 Vizualizari: 8021 * Inalta Curte a admis recent un recurs in interesul legii formulat de Procurorul General Alex Florenta. Click aici pentru a citi la ce se refera decizia ICCJ. \u00a0 * [&hellip;]<\/p>\n","protected":false},"author":1,"featured_media":983405,"comment_status":"open","ping_status":"","sticky":false,"template":"","format":"standard","meta":{"footnotes":""},"categories":[89],"tags":[114],"class_list":["post-983403","post","type-post","status-publish","format-standard","has-post-thumbnail","hentry","category-romania","tag-luju-ro"],"_links":{"self":[{"href":"https:\/\/analyse.optim.biz\/index.php?rest_route=\/wp\/v2\/posts\/983403","targetHints":{"allow":["GET"]}}],"collection":[{"href":"https:\/\/analyse.optim.biz\/index.php?rest_route=\/wp\/v2\/posts"}],"about":[{"href":"https:\/\/analyse.optim.biz\/index.php?rest_route=\/wp\/v2\/types\/post"}],"author":[{"embeddable":true,"href":"https:\/\/analyse.optim.biz\/index.php?rest_route=\/wp\/v2\/users\/1"}],"replies":[{"embeddable":true,"href":"https:\/\/analyse.optim.biz\/index.php?rest_route=%2Fwp%2Fv2%2Fcomments&post=983403"}],"version-history":[{"count":0,"href":"https:\/\/analyse.optim.biz\/index.php?rest_route=\/wp\/v2\/posts\/983403\/revisions"}],"wp:featuredmedia":[{"embeddable":true,"href":"https:\/\/analyse.optim.biz\/index.php?rest_route=\/wp\/v2\/media\/983405"}],"wp:attachment":[{"href":"https:\/\/analyse.optim.biz\/index.php?rest_route=%2Fwp%2Fv2%2Fmedia&parent=983403"}],"wp:term":[{"taxonomy":"category","embeddable":true,"href":"https:\/\/analyse.optim.biz\/index.php?rest_route=%2Fwp%2Fv2%2Fcategories&post=983403"},{"taxonomy":"post_tag","embeddable":true,"href":"https:\/\/analyse.optim.biz\/index.php?rest_route=%2Fwp%2Fv2%2Ftags&post=983403"}],"curies":[{"name":"wp","href":"https:\/\/api.w.org\/{rel}","templated":true}]}}