{"id":983291,"date":"2025-10-28T18:18:00","date_gmt":"2025-10-28T15:18:00","guid":{"rendered":"https:\/\/analyse.optim.biz\/?p=983291"},"modified":"2025-10-28T18:18:00","modified_gmt":"2025-10-28T15:18:00","slug":"vorbe-de-fumoar-28-10-2025-principalul-suspect-de-la-ccr-in-scandalul-analizei-pensiilor-magistratilor","status":"publish","type":"post","link":"https:\/\/analyse.optim.biz\/?p=983291","title":{"rendered":"Vorbe de fumoar \u2013 28.10.2025 \u2013 Principalul suspect de la CCR in scandalul analizei pensiilor magistratilor"},"content":{"rendered":"<article id=\"article-content\">\n<h1>Vorbe de fumoar \u2013 28.10.2025 \u2013 Principalul suspect de la CCR in scandalul analizei pensiilor magistratilor <\/h1>\n<section id=\"article-info\">\n<p class=\"author\">Scris de: L.J. | <a href=\"https:\/\/www.luju.ro\/vorbe-de-fumoar-28-10-2025-principalul-suspect-de-la-ccr-in-scandalul-analizei-pensiilor-magistratilor?pdf\" title=\"PDF\"><img decoding=\"async\" src=\"https:\/\/analyse.optim.biz\/wp-content\/uploads\/2025\/12\/pdf-1301.png\" alt=\"pdf\" title=\"pdf-1301\"><\/a> | <a href=\"https:\/\/www.luju.ro\/vorbe-de-fumoar-28-10-2025-principalul-suspect-de-la-ccr-in-scandalul-analizei-pensiilor-magistratilor?print=1\" class=\"external\" title=\"Imprimare\"><img decoding=\"async\" src=\"https:\/\/analyse.optim.biz\/wp-content\/uploads\/2025\/12\/print-1299.png\" alt=\"print\" title=\"print-1299\"><\/a><\/p>\n<div class=\"info flex-container\">\n<div class=\"date\">28 October 2025 18:18<\/div>\n<div>Vizualizari: 9361<\/div>\n<\/div>\n<\/section>\n<section id=\"article-body\">\n<section id=\"page\" class=\"cf\">\n<div>\n<p align=\"JUSTIFY\"><span><span>* <b>Urmeaza modificari importante la Autoritatea de Supraveghere Financiara (ASF).<\/b> Este vorba despre reduceri de posturi si taieri de indemnizatii. <b><span><a href=\"https:\/\/www.luba.ro\/autoritatea-de-supraveghere-financiara-taie-din-salarii-si-face-disponibilizari-institutia-critica-insa-legea-lui-bolojan-impactul-prevederilor-afecteaza-rolul-asf-de-pilon-al-stabilitatii-financiare-document\" target=\"_blank\">Click aici pentru a citi<\/a><\/span><\/b> mai multe detalii.<\/span><\/span><\/p>\n<p align=\"JUSTIFY\">\u00a0<\/p>\n<p align=\"JUSTIFY\"><span><span>* <b>Secretarul de stat in Ministerul Transporturilor, Irinel Ionel Scriosteanu, a oferit noi informatii despre viitoarea Autostrada Sibiu-Pitesti.<\/b> Ce se intampla pe santier, aflati de <b><span><a href=\"https:\/\/infrapress.ro\/2025\/10\/28\/progrese-pe-santierul-autostrazii-sibiu-pitesti-a-avut-loc-turnarea-betonului-si-decofrarea-ultimului-segment-de-tunel-la-nivel-de-structura-de-rezistenta\/\" target=\"_blank\">aici<\/a><\/span><\/b>.<\/span><\/span><\/p>\n<p align=\"JUSTIFY\">\u00a0<\/p>\n<p align=\"JUSTIFY\"><span><span>* Exista deja un prim suspect in cel mai nou scandal privind pensiile de serviciu ale magistratilor. Ne referim la trimiterea informala spre analiza la CCR a proiectului inainte ca acesta sa fie adoptat, asa cum a dezvaluit vicepremierului Kelemen Hunor <b><a target=\"_blank\" href=\"https:\/\/www.luju.ro\/pensiile-magistratilor-scanteia-care-arunca-in-aer-guvernul-stupefiant-judecatorii-ccr-au-primit-de-la-guvern-proiectul-de-lege-privind-pensiile-magistratilor-inainte-ca-acesta-sa-fie-adoptat-pentru-a-l-analiza-informal-vicepremierul-kelemen-hunor-a-fost\">(click aici pentru a citi)<\/a><\/b>. <\/span><\/span><\/p>\n<p align=\"JUSTIFY\"><span><span><b>Cel mai rostit nume de judecator CCR in mediile magistratilor este cel al Laurei-Iuliana Scantei, instalata la CCR din partea PNL.<\/b><b>Spre ea arata cu degetul judecatorii si procurorii, in sensul ca ar fi consiliat Guvernul in elaborarea proiectului de lege.<\/b> Banuielile sunt alimentate si de aparitiile publice ale lui Scantei cot la cot cu Bolojan, semn ca au o relatie buna, iar unii vorbesc inclusiv despre faptul ca judecatoarea CCR ar avea biroul notarial chiar in spatele Guvernului, deci intalnirile profesionale pe tema pensiilor magistratilor ar fi fost cu atat mai usor de aranjat. Ca a fost Scantei cea care a consiliat Guvernul sau nu, ca au mai fost si alti judecatori CCR, deocamdata nu se cunoaste. Totusi, daca tot vorbim de Iulia Scantei, sa ne amintim ca numele acesteia a fost inca de la bun inceput legat de cazul privind pensiile de serviciu ale magistratilor, despre judecatoarea CCR spunandu-se prin anumite cercuri ca ar fi ajutat inca din prima faza la redactarea proiectului de lege. Ea si cu inca un magistrat de renume, recent iesit la pensie. <\/span><\/span><\/p>\n<p align=\"JUSTIFY\"><span><span><br \/><\/span><\/span><\/p>\n<p align=\"JUSTIFY\"><span><span><img loading=\"lazy\" decoding=\"async\" height=\"225\" width=\"400\" src=\"https:\/\/analyse.optim.biz\/wp-content\/uploads\/2025\/12\/tudorel_toader-3.jpg\" title=\"tudorel_toader-3\">* Se tot baga in seama de ceva vreme <b>fostul ministru al Justitiei Tudorel Toader <span>(foto)<\/span><\/b> pe tema pensiilor magistratilor. Inainte ca proiectul sa fie discutat de CCR, Tudorel spunea ca va trece, dupa ce a picat la CCR a spus ca era de asteptat sa nu treaca. <\/span><\/span><\/p>\n<hr>\n<p>\u00a0<\/p>\n<p><span><span>Mai nou, Tudorel a ajuns iar la concluzia ca sunt sanse mari ca proiectul de lege privind pensiile magistratilor sa fie adoptat, iar o noua sesizare la CCR sa fie respinsa. Nu insistam asupra motivelor invocate de Tudorel Toader, dar ni se par extrem de ciudate iesirile acestuia, mai toate favorabile Guvernului. Dar cica ar exista si o explicatie pentru aceste pozitionari. <b>Unii vorbesc despre faptul ca ex-ministrul Justitiei s-a cam saturat sa mearga prin instante si sa pledeze ca avocat, astfel ca isi cauta o noua sinecura. Ca, deh, dupa ce ai fost noua ani judecatori CCR, iar apoi ministru de Justitie e greu cu munca de teren. Drept urmare, tot produce zgomot de fond, sperand sa fie remarcat de premierul Ilie Bolojan sau de cineva de prin Guvern si rasplatit pe masura.<\/b><\/span><\/span><\/p>\n<p align=\"JUSTIFY\"><span><span><br \/><\/span><\/span><\/p>\n<p align=\"JUSTIFY\"><span><span><b><span>Nota:<\/span><\/b> Informatiile din aceasta rubrica trebuie luate sub beneficiu de inventar, ele facand parte din categoria zvonurilor sau a pamfletului. Luati-le ca atare!<\/span><\/span><\/p>\n<\/div>\n<\/section>\n<\/section>\n<section id=\"comments-boxes\">\n<div class=\"heading\">\n<h2>Comentarii<\/h2>\n<\/div>\n<div class=\"comment\" id=\"comentariu-383246\">\n<div class=\"commentBody\">\n<div class=\"commentDate\">\n<p class=\"comment-details cf\"><span class=\"comment-id\"><br \/>\n\t\t\t\t\t\t\t\t#<br \/>\n\t\t\t\t\t\t\t\t<strong>Cel mai Cel.<\/strong><img decoding=\"async\" src=\"https:\/\/analyse.optim.biz\/wp-content\/uploads\/2025\/12\/calendar-1097.png\" alt=\"date\" title=\"calendar-1097\"><br \/>\n\t\t\t\t\t\t\t\t28 October 2025 20:25<br \/>\n\t\t\t\t\t\t\t<\/span><span class=\"comment-quality cf\"><span class=\"red\">-2<\/span><\/span><\/p>\n<\/div>\n<div class=\"commentContent\">Cunoscatorul <\/div>\n<ul class=\"cf cactions\">\n<li><a class=\"comment-383246\" href rel=\"raspunde\" title=\"Raspunde\">Raspunde<\/a><\/li>\n<li>|<\/li>\n<li><a href class=\"comment-383246\" rel=\"raspunde-citeaza\" title=\"Raspunde cu citat\">Raspunde cu citat<\/a><\/li>\n<li>|<\/li>\n<li><a href class=\"comment-383246\" title=\"Citat\" rel=\"citeaza\">Citat<\/a><\/li>\n<\/ul>\n<\/div>\n<\/div>\n<div class=\"comment\" id=\"comentariu-383263\">\n<div class=\"commentBody\">\n<div class=\"commentDate\">\n<p class=\"comment-details cf\"><span class=\"comment-id\"><br \/>\n\t\t\t\t\t\t\t\t#<br \/>\n\t\t\t\t\t\t\t\t<strong>om de bine<\/strong><img decoding=\"async\" src=\"https:\/\/analyse.optim.biz\/wp-content\/uploads\/2025\/12\/calendar-1097.png\" alt=\"date\" title=\"calendar-1097\"><br \/>\n\t\t\t\t\t\t\t\t29 October 2025 08:33<br \/>\n\t\t\t\t\t\t\t<\/span><span class=\"comment-quality cf\"><span class=\"green\">+13<\/span><\/span><\/p>\n<\/div>\n<div class=\"commentContent\">Doamna Presedinta, Lia Savonea, mai exista PICCJ? Domnul Florenta se mai regaseste in pozitia de procuror general?<br \/>\nChiar nu pot fi chemati in instanta aceste &#8220;personalitati&#8221; ca Scantei si Toader care se antepronunta si acorda consultanta juridica guvernului?<\/p>\n<p>Doamna, cu tot respectul, dar aceste personaje trebuie trase la raspundere.<br \/>\nEste inacceptabil intr-un stat de drept ca acest tip de personaje obscure care fac rau sistemului juridic din Romania sa mai existe libere printre noi.<br \/>\nPoate isi aduce aminte domnul pseudo-profesor Toader de perioada in care brat la brat cu Hunor au macelarit codul penal si de procedura penala. Fac referire la era Dragnea, poate cea mai neagra perioada a justitiei.<\/p>\n<p>Haideti domnilor procurori, e momentul in care trebuie sa actionati sau noua lege a pensiilor magistratilor nu va afecteaza si preferati sa fiti langa politic?<\/p><\/div>\n<ul class=\"cf cactions\">\n<li><a class=\"comment-383263\" href rel=\"raspunde\" title=\"Raspunde\">Raspunde<\/a><\/li>\n<li>|<\/li>\n<li><a href class=\"comment-383263\" rel=\"raspunde-citeaza\" title=\"Raspunde cu citat\">Raspunde cu citat<\/a><\/li>\n<li>|<\/li>\n<li><a href class=\"comment-383263\" title=\"Citat\" rel=\"citeaza\">Citat<\/a><\/li>\n<\/ul>\n<\/div>\n<\/div>\n<div class=\"comment\" id=\"comentariu-383264\">\n<div class=\"commentBody\">\n<div class=\"commentDate\">\n<p class=\"comment-details cf\"><span class=\"comment-id\"><br \/>\n\t\t\t\t\t\t\t\t#<br \/>\n\t\t\t\t\t\t\t\t<strong>om de bine<\/strong><img decoding=\"async\" src=\"https:\/\/analyse.optim.biz\/wp-content\/uploads\/2025\/12\/calendar-1097.png\" alt=\"date\" title=\"calendar-1097\"><br \/>\n\t\t\t\t\t\t\t\t29 October 2025 09:57<br \/>\n\t\t\t\t\t\t\t<\/span><span class=\"comment-quality cf\"><span class=\"gray\">0<\/span><\/span><\/p>\n<\/div>\n<div class=\"commentContent\">Vorba unui mare om in viata, Valeriu Nicolae: hai sictir!<\/div>\n<ul class=\"cf cactions\">\n<li><a class=\"comment-383264\" href rel=\"raspunde\" title=\"Raspunde\">Raspunde<\/a><\/li>\n<li>|<\/li>\n<li><a href class=\"comment-383264\" rel=\"raspunde-citeaza\" title=\"Raspunde cu citat\">Raspunde cu citat<\/a><\/li>\n<li>|<\/li>\n<li><a href class=\"comment-383264\" title=\"Citat\" rel=\"citeaza\">Citat<\/a><\/li>\n<\/ul>\n<\/div>\n<\/div>\n<div class=\"comment\" id=\"comentariu-383269\">\n<div class=\"commentBody\">\n<div class=\"commentDate\">\n<p class=\"comment-details cf\"><span class=\"comment-id\"><br \/>\n\t\t\t\t\t\t\t\t#<br \/>\n\t\t\t\t\t\t\t\t<strong>Cristina Dinu<\/strong><img decoding=\"async\" src=\"https:\/\/analyse.optim.biz\/wp-content\/uploads\/2025\/12\/calendar-1097.png\" alt=\"date\" title=\"calendar-1097\"><br \/>\n\t\t\t\t\t\t\t\t29 October 2025 13:51<br \/>\n\t\t\t\t\t\t\t<\/span><span class=\"comment-quality cf\"><span class=\"green\">+10<\/span><\/span><\/p>\n<\/div>\n<div class=\"commentContent\">Tudorel Toader are deja o sinecura.Pupincurist cum este, a primit de la Mihai  Busuioc, un loc probabil bine pl\u0103tit, \u00eentr un asa zis Consiliu Consultativ al Plenului Cur\u021bii de Conturi , pentru  ca dup\u0103 vreo 7 ani de sabotat Curtea de Conturi, M Busuioc  \u0219i  a dat seama ca nu arecompetente \u00een domeniul controlului financiar \u0219i prin urmare are nevoie de vreo 15 speciali\u0219ti, sa i confirme ca este cel mai de\u0219tept pre\u0219edinte al Cur\u021bii du Conturi a Rom\u00e2niei, prin urmare l au ajutat \u0219i l au sf\u0103tuit  sa se duc\u0103 judecator constitutional la Curtea Constitu\u021bional\u0103? Sa o fac\u0103 \u0219i pe aceea \u021b\u0103nd\u0103ri ( \u0219i deja a f\u0103cut o) deoarece totimai mul\u021bi cet\u0103\u021beni vor ca aceasta institu\u021bie \u00een care ar trebui sa se reg\u0103seasc\u0103 \u00een func\u021bii  doar judecayori, a ajuns sa fie po******ta \u0219i de unii indivizi dubio\u0219i, precum M Busuioc, care, f\u0103r\u0103 nici o exagerare, este doar un simplu absolvent de facultate de drept care nu   juridice consacrate, adic\u0103 avocat, notar, procuror, judecator,  dar.. a excelat \u00een func\u021bii de conducere d<\/div>\n<ul class=\"cf cactions\">\n<li><a class=\"comment-383269\" href rel=\"raspunde\" title=\"Raspunde\">Raspunde<\/a><\/li>\n<li>|<\/li>\n<li><a href class=\"comment-383269\" rel=\"raspunde-citeaza\" title=\"Raspunde cu citat\">Raspunde cu citat<\/a><\/li>\n<li>|<\/li>\n<li><a href class=\"comment-383269\" title=\"Citat\" rel=\"citeaza\">Citat<\/a><\/li>\n<\/ul>\n<\/div>\n<\/div>\n<div class=\"comment\" id=\"comentariu-383342\">\n<div class=\"commentBody\">\n<div class=\"commentDate\">\n<p class=\"comment-details cf\"><span class=\"comment-id\"><br \/>\n\t\t\t\t\t\t\t\t#<br \/>\n\t\t\t\t\t\t\t\t<strong>Sarcasticul<\/strong><img decoding=\"async\" src=\"https:\/\/analyse.optim.biz\/wp-content\/uploads\/2025\/12\/calendar-1097.png\" alt=\"date\" title=\"calendar-1097\"><br \/>\n\t\t\t\t\t\t\t\t31 October 2025 19:58<br \/>\n\t\t\t\t\t\t\t<\/span><span class=\"comment-quality cf\"><span class=\"gray\">0<\/span><\/span><\/p>\n<\/div>\n<div class=\"commentContent\">Acest Tudorel Toader, mare autoritate in materie constitutionala, a ajuns notar prin aplicarea retroactiva a legii. Incetarea calitatii sale de judecator constitutional, adica faptul juridic generator al dreptului de a  deveni notar fara examen, a avut loc cu doi ani inainte de intrrea in vvigoare a legii care  care permitea judecatorului constitutional sa devina notar fara examen. In consecinta faptul generator de care am vorbit, nu intra sub incidenta legii respective.<\/div>\n<ul class=\"cf cactions\">\n<li><a class=\"comment-383342\" href rel=\"raspunde\" title=\"Raspunde\">Raspunde<\/a><\/li>\n<li>|<\/li>\n<li><a href class=\"comment-383342\" rel=\"raspunde-citeaza\" title=\"Raspunde cu citat\">Raspunde cu citat<\/a><\/li>\n<li>|<\/li>\n<li><a href class=\"comment-383342\" title=\"Citat\" rel=\"citeaza\">Citat<\/a><\/li>\n<\/ul>\n<\/div>\n<\/div>\n<\/section>\n<section id=\"comments\">\n<div class=\"heading\">\n<h2>Adauga comentariu<\/h2>\n<\/div>\n<div>\n<div id=\"emoticons-container\">\n<div id=\"comments-form-smilespanel\"><img decoding=\"async\" src=\"https:\/\/analyse.optim.biz\/wp-content\/uploads\/2025\/12\/laugh-1356.gif\" alt=\":D\" class=\"smile\" title=\"laugh-1356\"><img decoding=\"async\" src=\"https:\/\/analyse.optim.biz\/wp-content\/uploads\/2025\/12\/lol-1396.gif\" alt=\":lol:\" class=\"smile\" title=\"lol-1396\"><img decoding=\"async\" src=\"https:\/\/analyse.optim.biz\/wp-content\/uploads\/2025\/12\/smile-1309.gif\" alt=\":-)\" class=\"smile\" title=\"smile-1309\"><img decoding=\"async\" src=\"https:\/\/analyse.optim.biz\/wp-content\/uploads\/2025\/12\/wink-1306.gif\" alt=\";-)\" class=\"smile\" title=\"wink-1306\"><img decoding=\"async\" src=\"https:\/\/analyse.optim.biz\/wp-content\/uploads\/2025\/12\/cool-1311.gif\" alt=\"8)\" class=\"smile\" title=\"cool-1311\"><img decoding=\"async\" src=\"https:\/\/analyse.optim.biz\/wp-content\/uploads\/2025\/12\/normal-1281.gif\" alt=\":-|\" class=\"smile\" title=\"normal-1281\"><img decoding=\"async\" src=\"https:\/\/analyse.optim.biz\/wp-content\/uploads\/2025\/12\/whistling-1329.gif\" alt=\":-*\" class=\"smile\" title=\"whistling-1329\"><img decoding=\"async\" src=\"https:\/\/analyse.optim.biz\/wp-content\/uploads\/2025\/12\/redface-1294.gif\" alt=\":oops:\" class=\"smile\" title=\"redface-1294\"><img decoding=\"async\" src=\"https:\/\/analyse.optim.biz\/wp-content\/uploads\/2025\/12\/sad-1289.gif\" alt=\":sad:\" class=\"smile\" title=\"sad-1289\"><img decoding=\"async\" src=\"https:\/\/analyse.optim.biz\/wp-content\/uploads\/2025\/12\/cry-1304.gif\" alt=\":cry:\" class=\"smile\" title=\"cry-1304\"><img decoding=\"async\" src=\"https:\/\/analyse.optim.biz\/wp-content\/uploads\/2025\/12\/surprised-1300.gif\" alt=\":o\" class=\"smile\" title=\"surprised-1300\"><img decoding=\"async\" src=\"https:\/\/analyse.optim.biz\/wp-content\/uploads\/2025\/12\/confused-1283.gif\" alt=\":-?\" class=\"smile\" title=\"confused-1283\"><img decoding=\"async\" src=\"https:\/\/analyse.optim.biz\/wp-content\/uploads\/2025\/12\/sick-1332.gif\" alt=\":-x\" class=\"smile\" title=\"sick-1332\"><img decoding=\"async\" src=\"https:\/\/analyse.optim.biz\/wp-content\/uploads\/2025\/12\/shocked-1328.gif\" alt=\":eek:\" class=\"smile\" title=\"shocked-1328\"><img decoding=\"async\" src=\"https:\/\/analyse.optim.biz\/wp-content\/uploads\/2025\/12\/sleeping-1296.gif\" alt=\":zzz\" class=\"smile\" title=\"sleeping-1296\"><img decoding=\"async\" src=\"https:\/\/analyse.optim.biz\/wp-content\/uploads\/2025\/12\/tongue-1322.gif\" alt=\":P\" class=\"smile\" title=\"tongue-1322\"><img decoding=\"async\" src=\"https:\/\/analyse.optim.biz\/wp-content\/uploads\/2025\/12\/rolleyes-1291.gif\" alt=\":roll:\" class=\"smile\" title=\"rolleyes-1291\"><img decoding=\"async\" src=\"https:\/\/analyse.optim.biz\/wp-content\/uploads\/2025\/12\/unsure-1282.gif\" alt=\":sigh:\" class=\"smile\" title=\"unsure-1282\"><\/div>\n<\/div>\n<\/div>\n<div class=\"text-center\">\n<p>DISCLAIMER<\/p>\n<p>Atentie! Postati pe propria raspundere!<br \/> Inainte de a posta, cititi aici regulamentul: <a href=\"https:\/\/www.luju.ro\/termeni-legali-si-conditii\" title=\"Termeni legali si conditii\">Termeni legali si Conditii<\/a><\/p>\n<\/div>\n<\/section>\n<\/article>\n<p> Source URL: https:\/\/www.luju.ro\/vorbe-de-fumoar-28-10-2025-principalul-suspect-de-la-ccr-in-scandalul-analizei-pensiilor-magistratilor<\/p>\n","protected":false},"excerpt":{"rendered":"<p>Vorbe de fumoar \u2013 28.10.2025 \u2013 Principalul suspect de la CCR in scandalul analizei pensiilor magistratilor Scris de: L.J. | | 28 October 2025 18:18 Vizualizari: 9361 * Urmeaza modificari importante la Autoritatea de Supraveghere Financiara (ASF). Este vorba despre reduceri de posturi si taieri de indemnizatii. Click aici pentru a citi mai multe detalii. [&hellip;]<\/p>\n","protected":false},"author":1,"featured_media":983292,"comment_status":"open","ping_status":"","sticky":false,"template":"","format":"standard","meta":{"footnotes":""},"categories":[89],"tags":[114],"class_list":["post-983291","post","type-post","status-publish","format-standard","has-post-thumbnail","hentry","category-romania","tag-luju-ro"],"_links":{"self":[{"href":"https:\/\/analyse.optim.biz\/index.php?rest_route=\/wp\/v2\/posts\/983291","targetHints":{"allow":["GET"]}}],"collection":[{"href":"https:\/\/analyse.optim.biz\/index.php?rest_route=\/wp\/v2\/posts"}],"about":[{"href":"https:\/\/analyse.optim.biz\/index.php?rest_route=\/wp\/v2\/types\/post"}],"author":[{"embeddable":true,"href":"https:\/\/analyse.optim.biz\/index.php?rest_route=\/wp\/v2\/users\/1"}],"replies":[{"embeddable":true,"href":"https:\/\/analyse.optim.biz\/index.php?rest_route=%2Fwp%2Fv2%2Fcomments&post=983291"}],"version-history":[{"count":0,"href":"https:\/\/analyse.optim.biz\/index.php?rest_route=\/wp\/v2\/posts\/983291\/revisions"}],"wp:featuredmedia":[{"embeddable":true,"href":"https:\/\/analyse.optim.biz\/index.php?rest_route=\/wp\/v2\/media\/983292"}],"wp:attachment":[{"href":"https:\/\/analyse.optim.biz\/index.php?rest_route=%2Fwp%2Fv2%2Fmedia&parent=983291"}],"wp:term":[{"taxonomy":"category","embeddable":true,"href":"https:\/\/analyse.optim.biz\/index.php?rest_route=%2Fwp%2Fv2%2Fcategories&post=983291"},{"taxonomy":"post_tag","embeddable":true,"href":"https:\/\/analyse.optim.biz\/index.php?rest_route=%2Fwp%2Fv2%2Ftags&post=983291"}],"curies":[{"name":"wp","href":"https:\/\/api.w.org\/{rel}","templated":true}]}}