{"id":952362,"date":"2025-12-08T00:00:00","date_gmt":"2025-12-07T21:00:00","guid":{"rendered":"https:\/\/analyse.optim.biz\/?p=952362"},"modified":"2025-12-08T00:00:00","modified_gmt":"2025-12-07T21:00:00","slug":"por-que-la-virgen-la-madre-de-jesus-paso-a-la-historia-con-mas-de-mil-nombres-periodista-digital","status":"publish","type":"post","link":"https:\/\/analyse.optim.biz\/?p=952362","title":{"rendered":"\u00bfPor qu\u00e9 la Virgen, la madre de Jesus, pas\u00f3 a la Historia con m\u00e1s de mil nombres? &#8211; Periodista Digital"},"content":{"rendered":"<div class=\"m4p-post-content\">\n<div class=\"block-vertical-align-right\">\n<div class=\"m4p-relations-group\">\n<div class=\"m4p-group-vertical-title\">\n<h2>M\u00e1s informaci\u00f3n<\/h2>\n<\/div>\n<div class=\"m4p-summary-news\">\n<figure class=\"m4p-image m4p-crop-medium-1\"><a href=\"https:\/\/www.periodistadigital.com\/cultura\/20250505\/enigmatico-mensaje-miguel-angel-escondio-capilla-sixtina-noticia-689405086429\/\"><img loading=\"lazy\" decoding=\"async\" src=\"https:\/\/analyse.optim.biz\/wp-content\/uploads\/2025\/12\/dejo-miguel-angel-mensajes-ocultos-en-la-capilla-sixtina-320x214-1.jpg\" width=\"320\" height=\"214\" alt=\"Miguel A\u0301ngel dej\u00f3 mensajes ocultos en la Capilla Sixtina\" title=\"dejo-miguel-angel-mensajes-ocultos-en-la-capilla-sixtina-320x214-1\"><\/a><\/figure>\n<div class=\"m4p-summary-news-title\">\n<h3><a href=\"https:\/\/www.periodistadigital.com\/cultura\/20250505\/enigmatico-mensaje-miguel-angel-escondio-capilla-sixtina-noticia-689405086429\/\">El enigm\u00e1tico mensaje que Miguel \u00c1ngel escondi\u00f3 en la Capilla Sixtina<\/a><\/h3>\n<\/div>\n<\/div>\n<div class=\"m4p-summary-news\">\n<figure class=\"m4p-image m4p-crop-medium-1\"><a href=\"https:\/\/www.periodistadigital.com\/cultura\/religion\/vaticano\/20250403\/10-grandes-inconfesables-secretos-vaticano-noticia-689405074941\/\"><img loading=\"lazy\" decoding=\"async\" src=\"https:\/\/analyse.optim.biz\/wp-content\/uploads\/2025\/12\/c2bfestacc81-el-vaticano-al-borde-de-la-quiebra-un-libro-lo-afirma-pero-desde-la-santa-sede-lo-desmienten-320x214-1.jpg\" width=\"320\" height=\"214\" alt=\"Los 10 grandes y m\u00e1s inconfesables secretos del Vaticano\" title=\"c2bfestacc81-el-vaticano-al-borde-de-la-quiebra-un-libro-lo-afirma-pero-desde-la-santa-sede-lo-desmienten-320x214-1\"><\/a><\/figure>\n<div class=\"m4p-summary-news-title\">\n<h3><a href=\"https:\/\/www.periodistadigital.com\/cultura\/religion\/vaticano\/20250403\/10-grandes-inconfesables-secretos-vaticano-noticia-689405074941\/\">Los 10 grandes y m\u00e1s inconfesables secretos del Vaticano<\/a><\/h3>\n<\/div>\n<\/div>\n<\/div>\n<\/div>\n<p><span class=\"m4p-capitular\">L<\/span>a misma figura, el mismo relato evang\u00e9lico, pero miles de nombres, acentos y formas. La madre de Jes\u00fas se ha transformado en un mapa vivo de la historia cristiana. Solo hay que visitar santuarios en <strong>M\u00e9xico<\/strong>, <strong>Portugal<\/strong>, <strong>Francia<\/strong>, <strong>Brasil<\/strong> o <strong>Filipinas<\/strong> para ver c\u00f3mo una sola mujer ha sido \u201crebautizada\u201d repetidamente por comunidades muy diversas.<\/p>\n<p>Detr\u00e1s de cada <em>Virgen de Guadalupe<\/em>, <em>Virgen de Lourdes<\/em> o <em>Nuestra Se\u00f1ora de F\u00e1tima<\/em> no se encuentra otra Mar\u00eda diferente; es la misma figura b\u00edblica reinterpretada a trav\u00e9s de contextos locales, lenguas, conflictos y esperanzas concretas. Y ah\u00ed radica la esencia del por qu\u00e9 la tradici\u00f3n cat\u00f3lica menciona hoy m\u00e1s de mil advocaciones marianas distintas.<\/p>\n<h2>Una sola Mar\u00eda, miles de advocaciones<\/h2>\n<p>En el \u00e1mbito cat\u00f3lico, una <em>advocaci\u00f3n<\/em> no representa \u201cotra virgen\u201d, sino una forma particular de nombrar y representar a <strong>Mar\u00eda<\/strong>, asociada a un lugar espec\u00edfico, una historia o una necesidad concreta.<\/p>\n<p>Existen ciertos rasgos comunes que ayudan a entender esta multiplicaci\u00f3n:<\/p>\n<ul>\n<li>Siempre hacen referencia a la misma madre de Jes\u00fas del Nuevo Testamento.<\/li>\n<li>Suelen estar ligadas a un lugar espec\u00edfico (una colina, una gruta, un pozo, un \u00e1rbol o una ciudad).<\/li>\n<li>Generalmente surgen alrededor de un relato: una aparici\u00f3n, un hallazgo \u201cmilagroso\u201d de una imagen, una curaci\u00f3n o incluso eventos hist\u00f3ricos como batallas o cat\u00e1strofes.<\/li>\n<li>Con el tiempo, atraen peregrinos, exvotos y procesiones, convirti\u00e9ndose en s\u00edmbolos identitarios para sus regiones.<\/li>\n<\/ul>\n<p>La teolog\u00eda oficial ha intentado resaltar desde el siglo XX que no se trata de diosas diferentes; en realidad es una \u00fanica figura venerada bajo m\u00faltiples t\u00edtulos. Sin embargo, en la pr\u00e1ctica y en muchos pueblos, la <em>Virgen del lugar<\/em> act\u00faa casi como una \u201cpatrona absoluta\u201d, con caracter\u00edsticas y personalidad propias.<\/p>\n<h2>De los Evangelios a las apariciones modernas<\/h2>\n<p>Los textos cristianos m\u00e1s antiguos apenas ofrecen informaci\u00f3n biogr\u00e1fica sobre <strong>Mar\u00eda<\/strong>: algunos pasajes de los evangelios y los Hechos de los Ap\u00f3stoles son pr\u00e1cticamente todo lo que hay. A partir de esa base narrativa se fue construyendo durante siglos una biograf\u00eda ampliada gracias a:<\/p>\n<ul>\n<li>evangelios ap\u00f3crifos del periodo inicial,<\/li>\n<li>homil\u00edas de Padres de la Iglesia,<\/li>\n<li>tradiciones orales,<\/li>\n<li>y relatos posteriores sobre apariciones y milagros relacionados con im\u00e1genes.<\/li>\n<\/ul>\n<p>Desde la Edad Media, muchos santuarios marianos giran en torno a una <em>historia sagrada de la imagen<\/em>: c\u00f3mo fue encontrada, qui\u00e9n la vio y qu\u00e9 prodigios se atribuyen a su intercesi\u00f3n. No es casualidad que cuando el protestantismo cuestiona el culto a las im\u00e1genes, el catolicismo responde reforzando precisamente las narrativas sobre cuadros, tallas y estatuas marianas que \u201chablan\u201d, \u201clloran\u201d o \u201csalvan\u201d ciudades.<\/p>\n<p>En tiempos contempor\u00e1neos, las grandes apariciones aprobadas por la Iglesia \u2014como <strong>Lourdes<\/strong> (siglo XIX) o <strong>F\u00e1tima<\/strong> (siglo XX)\u2014 han consolidado un modelo: <strong>Mar\u00eda<\/strong> aparece ante personas sencillas, transmite mensajes que invitan al cambio o penitencia y deja tras de s\u00ed un rastro f\u00edsico (un manantial o un lugar) que se convierte en centro de peregrinaci\u00f3n.<\/p>\n<h2>De Guadalupe a F\u00e1tima: el peso de la geograf\u00eda y la pol\u00edtica<\/h2>\n<p>Algunas advocaciones han llegado a funcionar casi como \u201cs\u00edmbolos nacionales\u201d, entrelazando fe con identidad y pol\u00edtica.<\/p>\n<ul>\n<li><strong>Nuestra Se\u00f1ora de Guadalupe (M\u00e9xico)<\/strong><br \/> Nacida del relato sobre las apariciones a <strong>Juan Diego<\/strong> en el cerro del <strong>Tepeyac<\/strong> en el siglo XVI, r\u00e1pidamente se asocia con la poblaci\u00f3n ind\u00edgena y mestiza de <strong>Nueva Espa\u00f1a<\/strong>. Su imagen morena y elementos que evocan s\u00edmbolos prehisp\u00e1nicos facilitan la transici\u00f3n desde antiguas devociones locales hacia un cristianismo con rostro americano. Con el tiempo se convierte en emblema del movimiento independentista mexicano e icono nacional.<\/li>\n<li><strong>Nuestra Se\u00f1ora de Lourdes (Francia)<\/strong><br \/> En 1858, la joven <strong>Bernadette Soubirous<\/strong> asegura haber visto a \u201cuna se\u00f1ora\u201d en una gruta cercana a <strong>Lourdes<\/strong>. El descubrimiento de un manantial junto con relatos sobre curaciones llevan al reconocimiento oficial del santuario; hoy recibe millones de peregrinos anualmente. Lourdes encarna una Mar\u00eda pr\u00f3xima al sufrimiento f\u00edsico y asociada con enfermedades y sanaciones.<\/li>\n<li><strong>Nuestra Se\u00f1ora de F\u00e1tima (Portugal)<\/strong><br \/> En 1917, tres ni\u00f1os pastores en la aldea de <strong>F\u00e1tima<\/strong> afirman recibir mensajes divinos sobre guerra, pecado y destino humano. La carga pol\u00edtica detr\u00e1s de sus \u201csecretos\u201d \u2014en pleno conflicto mundial\u2014 convierte a F\u00e1tima en un escenario donde espiritualidad y geopol\u00edtica convergen.<\/li>\n<\/ul>\n<p>En estos tres ejemplos, la geograf\u00eda trasciende lo meramente f\u00edsico: cerro, gruta y campo pastoral se transforman en espacios cargados simb\u00f3licamente. Cada lugar otorga a <strong>Mar\u00eda<\/strong> su identidad \u00fanica: mestiza, sanadora o prof\u00e9tica.<\/p>\n<h2>\u00bfPor qu\u00e9 tantos nombres? Lenguas, oficios y necesidades<\/h2>\n<p>A lo largo del tiempo, los cristianos han ido \u201cespecializando\u201d a <strong>Mar\u00eda<\/strong> seg\u00fan sus temores cotidianos y aspiraciones. As\u00ed surge una variedad impresionante de t\u00edtulos como:<\/p>\n<ul>\n<li><em>Virgen del Carmen<\/em>, relacionada con los marineros.<\/li>\n<li><em>Virgen de la Merced<\/em>, hist\u00f3ricamente vinculada a la redenci\u00f3n.<\/li>\n<li><em>Virgen de la Salud<\/em>, enfocada en temas sanitarios.<\/li>\n<li><em>Virgen del Rosario<\/em>, conectada con pr\u00e1cticas oracionales espec\u00edficas.<\/li>\n<\/ul>\n<p>Los t\u00edtulos pueden responder a:<\/p>\n<ul>\n<li>lenguas locales (Guadalupe, Aparecida, Czestochowa),<\/li>\n<li>advocaciones lit\u00fargicas (<em>Inmaculada Concepci\u00f3n<\/em>, <em>Asunci\u00f3n<\/em>),<\/li>\n<li>oficios o colectivos espec\u00edficos (marineros o campesinos),<\/li>\n<li>experiencias hist\u00f3ricas dolorosas (guerras o epidemias).<\/li>\n<\/ul>\n<p>El resultado es un vasto repertorio que no solo confunde; m\u00e1s bien act\u00faa como un compendio reflejando las inquietudes propias de cada \u00e9poca.<\/p>\n<h2>Curiosidades y datos sorprendentes del universo mariano<\/h2>\n<p>Al observar detenidamente el fen\u00f3meno mariano encontramos datos que desaf\u00edan estereotipos:<\/p>\n<ul>\n<li>En ciertos pa\u00edses, las festividades dedicadas a alguna advocaci\u00f3n concreta mueven m\u00e1s peregrinos que las celebraciones tradicionales como Semana Santa.<\/li>\n<li>Hay im\u00e1genes cuya apariencia ha cambiado por repintes sucesivos adapt\u00e1ndose as\u00ed a est\u00e9ticas contempor\u00e1neas sin perder devoci\u00f3n alguna.<\/li>\n<li>En muchos santuarios los exvotos cuentan historias paralelas: piernas ortop\u00e9dicas viejas o fotograf\u00edas relacionadas con accidentes son solo algunos ejemplos; incluso camisetas deportivas atribuidas como agradecimiento por victorias obtenidas gracias a su intercesi\u00f3n.<\/li>\n<li>Existen advocaciones cuya historia combina lo sagrado con lo cotidiano: im\u00e1genes halladas entre vertederos o siluetas formadas por humedad en paredes interpretadas como representaciones marianas por los vecinos.<\/li>\n<\/ul>\n<p>Estas historias no siempre pasan por rigurosos filtros teol\u00f3gicos; sin embargo ayudan a comprender la poderosa simbolog\u00eda detr\u00e1s de una figura que se entrelaza con las vivencias diarias.<\/p>\n<h2>Las diez v\u00edrgenes m\u00e1s famosas y reverenciadas<\/h2>\n<p>La lista exacta puede variar seg\u00fan pa\u00edses e interpretaciones; sin embargo algunas advocaciones aparecen recurrentemente entre las devociones m\u00e1s extendidas globalmente:<\/p>\n<table>\n<thead>\n<tr>\n<th>N\u00ba<\/th>\n<th>Advocaci\u00f3n mariana (imagen\/t\u00edtulo)<\/th>\n<th>Pa\u00eds o regi\u00f3n principal<\/th>\n<th>Rasgo distintivo<\/th>\n<\/tr>\n<\/thead>\n<tbody>\n<tr>\n<td>1<\/td>\n<td><strong>Nuestra Se\u00f1ora de Guadalupe<\/strong><\/td>\n<td><strong>M\u00e9xico<\/strong> y Am\u00e9rica Latina<\/td>\n<td>S\u00edmbolo nacional; rostro mestizo; gran afluencia<\/td>\n<\/tr>\n<tr>\n<td>2<\/td>\n<td><strong>Nuestra Se\u00f1ora de Lourdes<\/strong><\/td>\n<td><strong>Francia<\/strong>, Europa<\/td>\n<td>Asociada al sufrimiento f\u00edsico<\/td>\n<\/tr>\n<tr>\n<td>3<\/td>\n<td><strong>Nuestra Se\u00f1ora de F\u00e1tima<\/strong><\/td>\n<td><strong>Portugal<\/strong>, presencia global<\/td>\n<td>Mensajes prof\u00e9ticos; contexto pol\u00edtico<\/td>\n<\/tr>\n<tr>\n<td>4<\/td>\n<td><strong>Nuestra Se\u00f1ora de Aparecida<\/strong><\/td>\n<td><strong>Brasil<\/strong><\/td>\n<td>Imagen recuperada por pescadores; patrona nacional<\/td>\n<\/tr>\n<tr>\n<td>5<\/td>\n<td><strong>Nuestra Se\u00f1ora de Czestochowa<\/strong><\/td>\n<td><strong>Polonia<\/strong><\/td>\n<td>\u00cdcono oscuro vinculado resistencia<\/td>\n<\/tr>\n<tr>\n<td>6<\/td>\n<td><strong>Nuestra Se\u00f1ora del Rosario<\/strong><\/td>\n<td>Difusi\u00f3n internacional<\/td>\n<td>Relacionada con oraci\u00f3n espec\u00edfica<\/td>\n<\/tr>\n<tr>\n<td>7<\/td>\n<td><strong>Nuestra Se\u00f1ora del Carmen<\/strong><\/td>\n<td><strong>Espa\u00f1a<\/strong>, Am\u00e9rica Latina<\/td>\n<td>Protectora mar\u00edtima<\/td>\n<\/tr>\n<tr>\n<td>8<\/td>\n<td><strong>Inmaculada Concepci\u00f3n<\/strong><\/td>\n<td><strong>Espa\u00f1a<\/strong>, mundo cat\u00f3lico<\/td>\n<td>Dogma establecido siglo XIX<\/td>\n<\/tr>\n<tr>\n<td>9<\/td>\n<td><strong>Nuestra Se\u00f1ora Medalla Milagrosa<\/strong><\/td>\n<td><strong>Francia<\/strong>, proyecci\u00f3n mundial<\/td>\n<td>Promesas vinculadas protecci\u00f3n<\/td>\n<\/tr>\n<tr>\n<td>10<\/td>\n<td><strong>Nuestra Se\u00f1ora Merced<\/strong><\/td>\n<td>Mundo hispano<\/td>\n<td>Asociada liberaci\u00f3n cautivos<\/td>\n<\/tr>\n<\/tbody>\n<\/table>\n<p>Desde la perspectiva cat\u00f3lica todas son consideradas facetas distintas pero interrelacionadas dentro del mismo concepto: cada nombre aporta su propia memoria colectiva vinculada al proceso hist\u00f3rico: colonizaci\u00f3n e mestizaje; guerras mundiales; dictaduras; migraciones; luchas obreras; temores contempor\u00e1neos relacionados con enfermedades o pobreza.<\/p>\n<h2>Una madre que se deja renombrar<\/h2>\n<p>El \u00e9xito detr\u00e1s estas advocaciones marianas radica en algo sencillo pero profundo: es una figura materna dispuesta a ser traducida e interpretada por diversas culturas sin perder su esencia evang\u00e9lica. En esta danza entre nombres e identidades culturales muchos creyentes encuentran un v\u00ednculo cercano con su madre espiritual; mientras tanto historiadores vislumbran fascinantes espejos donde las sociedades reescriben constantemente sus temores y esperanzas.<\/p>\n<p>Al final del d\u00eda esos m\u00e1s mil nombres revelan menos acerca del cielo mismo pero mucho m\u00e1s sobre las vivencias terrenales que les han dado vida.<\/p>\n<\/div>\n<p> Source URL: https:\/\/www.periodistadigital.com\/cultura\/religion\/20251208\/virgen-madre-jesus-paso-historia-mil-nombres-noticia-689405161086\/<\/p>\n","protected":false},"excerpt":{"rendered":"<p>M\u00e1s informaci\u00f3n El enigm\u00e1tico mensaje que Miguel \u00c1ngel escondi\u00f3 en la Capilla Sixtina Los 10 grandes y m\u00e1s inconfesables secretos del Vaticano La misma figura, el mismo relato evang\u00e9lico, pero miles de nombres, acentos y formas. La madre de Jes\u00fas se ha transformado en un mapa vivo de la historia cristiana. Solo hay que visitar [&hellip;]<\/p>\n","protected":false},"author":1,"featured_media":952363,"comment_status":"open","ping_status":"","sticky":false,"template":"","format":"standard","meta":{"footnotes":""},"categories":[88],"tags":[112],"class_list":["post-952362","post","type-post","status-publish","format-standard","has-post-thumbnail","hentry","category-spain","tag-periodistadigital-com"],"_links":{"self":[{"href":"https:\/\/analyse.optim.biz\/index.php?rest_route=\/wp\/v2\/posts\/952362","targetHints":{"allow":["GET"]}}],"collection":[{"href":"https:\/\/analyse.optim.biz\/index.php?rest_route=\/wp\/v2\/posts"}],"about":[{"href":"https:\/\/analyse.optim.biz\/index.php?rest_route=\/wp\/v2\/types\/post"}],"author":[{"embeddable":true,"href":"https:\/\/analyse.optim.biz\/index.php?rest_route=\/wp\/v2\/users\/1"}],"replies":[{"embeddable":true,"href":"https:\/\/analyse.optim.biz\/index.php?rest_route=%2Fwp%2Fv2%2Fcomments&post=952362"}],"version-history":[{"count":0,"href":"https:\/\/analyse.optim.biz\/index.php?rest_route=\/wp\/v2\/posts\/952362\/revisions"}],"wp:featuredmedia":[{"embeddable":true,"href":"https:\/\/analyse.optim.biz\/index.php?rest_route=\/wp\/v2\/media\/952363"}],"wp:attachment":[{"href":"https:\/\/analyse.optim.biz\/index.php?rest_route=%2Fwp%2Fv2%2Fmedia&parent=952362"}],"wp:term":[{"taxonomy":"category","embeddable":true,"href":"https:\/\/analyse.optim.biz\/index.php?rest_route=%2Fwp%2Fv2%2Fcategories&post=952362"},{"taxonomy":"post_tag","embeddable":true,"href":"https:\/\/analyse.optim.biz\/index.php?rest_route=%2Fwp%2Fv2%2Ftags&post=952362"}],"curies":[{"name":"wp","href":"https:\/\/api.w.org\/{rel}","templated":true}]}}