{"id":94420,"date":"2019-01-25T15:58:04","date_gmt":"2019-01-25T12:58:04","guid":{"rendered":"https:\/\/analyse.optim.biz\/?p=94420"},"modified":"2019-01-25T15:58:04","modified_gmt":"2019-01-25T12:58:04","slug":"liviu-dragnea-viitorul-arata-bine","status":"publish","type":"post","link":"https:\/\/analyse.optim.biz\/?p=94420","title":{"rendered":"Liviu Dragnea: Viitorul arat\u0103 bine!"},"content":{"rendered":"<div class=\"entry data-app-meta data-app-meta-article\" data-embed-base-url-canonical=\"https:\/\/www.digi24.ro\/embed\/stiri\/actualitate\/politica\/liviu-dragnea-viitorul-arata-bine-1070906\">\n<p data-index=\"1\"><strong>Pre\u0219edintele PSD Liviu Dragnea \u00ee\u0219i face re\u00eentoarcerea \u00een via\u021ba politic\u0103, vineri, cu o postare laconic\u0103 pe pagina de Facebook ce \u00eenso\u021be\u0219te o fotografie \u00een care apare discut\u00e2nd la o mas\u0103, cu h\u00e2rtii \u00een fa\u021b\u0103, cu Eugen Teodorovici, ministrul de finan\u021be, Niculae B\u0103d\u0103l\u0103u, ministrul economiei, Darius V\u00e2lcov, consilier al premierului, Daniel Chi\u021boiu, fost ministru de finan\u021be \u0219i vicepre\u0219edinte ALDE, \u0219i C\u0103lin Popescu-T\u0103riceanu, \u0219eful ALDE. \u201eCu cifrele pe mas\u0103. Viitorul arat\u0103 bine!\u201d este comentariul liderului social-democrat, suger\u00e2nd c\u0103 lucreaz\u0103 la definitivarea bugetului pentru 2019.<\/strong><\/p>\n<p data-index=\"2\"><img loading=\"lazy\" decoding=\"async\" class=\"alignnone size-full wp-image-1070908\" src=\"https:\/\/analyse.optim.biz\/wp-content\/uploads\/2024\/09\/anbnjnc9odawjmhhc2g9mwvindczmdfjn2vlytczyte4odyxogyyywrmm2m3ytu-thumb_.jpg\" width=\"725\" height=\"960\" data-skip-htmlfix=\"1\" title=\"anbnjnc9odawjmhhc2g9mwvindczmdfjn2vlytczyte4odyxogyyywrmm2m3ytu-thumb_\"><\/p>\n<p data-index=\"3\">Lipse\u015fte \u00eens\u0103 de la discu\u0163ia pe marginea bugetului chiar premierul Viorica D\u0103ncil\u0103.<\/p>\n<p data-index=\"4\">Adoptarea bugetului de stat \u015fi bugetului asigur\u0103rilor sociale a fost am\u00e2nat\u0103 la sf\u00e2r\u015fitul anului trecut.\u00a0<\/p>\n<p data-index=\"5\">\u00cen urm\u0103 cu aproape dou\u0103 s\u0103pt\u0103m\u00e2ni, <a href=\"https:\/\/www.digi24.ro\/stiri\/actualitate\/politica\/teodorovici-cand-vine-parlamentul-din-vacanta-gaseste-proiectul-de-buget-pe-masa-1063418\" target=\"_blank\" rel=\"noopener\" data-skip-linkfix=\"1\">ministrul Finan\u0163elor, Eugen Teodorovici, declara,<\/a> \u00eentr-o interven\u0163ie telefonic\u0103 la Antena 3, c\u0103 atunci c\u00e2nd Parlamentul va veni din vacan\u0163\u0103, va g\u0103si proiectul de buget pe acest an pe mas\u0103. Liberalii ceruser\u0103 convocarea unei sesiuni de urgen\u0163\u0103 pentru adoptarea bugetului, \u00eens\u0103, potrivit declara\u0163iei lui Teodorovici, bugetul va fi dezb\u0103tut \u00een Parlament la \u00eenceputul lunii februarie.<\/p>\n<p class=\"gdpr-placeholder gdpr-social-media gdpr-iframe-fix\" data-index=\"7\"> Setarile tale privind cookie-urile nu permit afisarea continutul din aceasta sectiune. Poti actualiza setarile modulelor coookie direct din browser sau de <a class=\"ot-sdk-show-settings\" data-skip-linkfix=\"1\">aici<\/a> \u2013 e nevoie sa accepti cookie-urile social media<\/p>\n<p data-index=\"8\">Opozi\u0163ia a cerut \u00eentreruperea vacan\u0163ei parlamentare pentru discutarea celor dou\u0103 proiecte de buget.<\/p>\n<p data-index=\"9\">Liviu Dragnea nu \u0219i-a mai f\u0103cut vreo apari\u021bie \u00een public de la sf\u00e2r\u0219itul anului trecut, c\u00e2nd a intrat \u00een vacan\u021b\u0103 \u0219i<a href=\"https:\/\/www.digi24.ro\/stiri\/actualitate\/politica\/liviu-dragnea-si-a-delegat-atributiile-pentru-ianuarie-lui-florin-iordache-1056523\" target=\"_blank\" rel=\"noopener\" data-skip-linkfix=\"1\"> l-a delegat la pre\u0219edin\u021bia Camerei pe vicepre\u0219edintele Florin Iordache.<\/a>\u00a0Asta \u00een ciuda faptului c\u0103 imediat dup\u0103 Revelion avea o cita\u021bie la DNA, dar l-a trimis pe avocat \u00een locul s\u0103u. Mai mult, liderul PSD a lipsit de la ceremoniile din Rom\u00e2nia, din 10 ianuarie, care au marcat preluarea pre\u0219edin\u021biei Uniunii Europene.\u00a0<\/p>\n<p data-index=\"10\">De asemenea, Liviu Dragnea nu a avut nicio interven\u021bie public\u0103 nici \u00een scandalul iscat la sf\u00e2r\u0219itul anului trecut \u00eentre Pre\u0219edin\u021bia \u0219i Guvern legat de prelungirea mandatului \u0219efului Statului Major, Nicolae Ciuc\u0103. Un alt eveniment \u00een care liderul PSD nu a intervenit cu declara\u021bii nici m\u0103car pe Facebook a fost anularea licita\u021biei pentru cele patru corvete ale armatei.<\/p>\n<p data-index=\"11\">\u00cen schimb, \u00een aceast\u0103 perioad\u0103 de absen\u021b\u0103 a sa a ap\u0103rut informa\u021bia potrivit c\u0103reia liderul PSD <a href=\"https:\/\/www.digi24.ro\/stiri\/actualitate\/justitie\/rfi-curtea-europeana-de-justitie-va-respinge-plangerea-lui-liviu-dragnea-in-cazul-tel-drum-1060937\" target=\"_blank\" rel=\"noopener\" data-skip-linkfix=\"1\">a recurs la justi\u021bia european\u0103 <\/a>pentru a \u00eencerca s\u0103 ob\u021bin\u0103 anularea raportului OLAF care st\u0103 la baza inculp\u0103rii sale \u00een dosarul Tel Drum.<\/p>\n<p data-index=\"12\">Citi\u021bi \u0219i:\u00a0<\/p>\n<p class=\"card-title\" data-index=\"13\"><strong><a title=\"title\" href=\"https:\/\/www.digi24.ro\/stiri\/actualitate\/politica\/mesajul-lui-liviu-dragnea-ce-promite-pentru-noul-an-1057422\" data-skip-linkfix=\"1\">Mesajul lui Liviu Dragnea. Ce promite pentru noul an<\/a><\/strong><\/p>\n<p class=\"card-title\" data-index=\"14\"><strong><a title=\"title\" href=\"https:\/\/www.digi24.ro\/stiri\/actualitate\/politica\/dragnea-a-plecat-din-tara-in-vacanta-cu-un-avion-privat-inchiriat-de-la-sarbi-1061845\" data-skip-linkfix=\"1\">Dragnea a plecat din \u021bar\u0103, \u00een vacan\u021b\u0103, cu un avion privat \u00eenchiriat de la s\u00e2rbi &#8211; G4Media<\/a><\/strong><\/p>\n<p class=\"card-title\" data-index=\"15\"><strong><a title=\"title\" href=\"https:\/\/www.digi24.ro\/opinii\/adevarata-miza-a-declansarii-crizei-la-varful-armatei-1060552\" data-skip-linkfix=\"1\">Miza f\u0103r\u0103 precedent a declan\u015f\u0103rii crizei la v\u00e2rful Armatei<\/a><\/strong><\/p>\n<p class=\"card-title\" data-index=\"16\"><strong><a title=\"title\" href=\"https:\/\/www.digi24.ro\/stiri\/actualitate\/justitie\/tudorel-toader-anunta-masuri-reparatorii-pentru-condamnatii-care-nu-pot-ataca-deciziile-completurilor-de-5-judecatori-1060442\" data-skip-linkfix=\"1\">Tudorel Toader anun\u0163\u0103 \u201em\u0103suri reparatorii\u201d pentru condamna\u021bii care nu pot ataca deciziile completurilor de 5 judec\u0103tori<\/a><\/strong><\/p>\n<\/div>\n<p> Source URL: https:\/\/www.digi24.ro\/stiri\/actualitate\/politica\/liviu-dragnea-viitorul-arata-bine-1070906<\/p>\n","protected":false},"excerpt":{"rendered":"<p>Pre\u0219edintele PSD Liviu Dragnea \u00ee\u0219i face re\u00eentoarcerea \u00een via\u021ba politic\u0103, vineri, cu o postare laconic\u0103 pe pagina de Facebook ce \u00eenso\u021be\u0219te o fotografie \u00een care apare discut\u00e2nd la o mas\u0103, cu h\u00e2rtii \u00een fa\u021b\u0103, cu Eugen Teodorovici, ministrul de finan\u021be, Niculae B\u0103d\u0103l\u0103u, ministrul economiei, Darius V\u00e2lcov, consilier al premierului, Daniel Chi\u021boiu, fost ministru de finan\u021be [&hellip;]<\/p>\n","protected":false},"author":1,"featured_media":94421,"comment_status":"open","ping_status":"","sticky":false,"template":"","format":"standard","meta":{"footnotes":""},"categories":[2],"tags":[11],"class_list":["post-94420","post","type-post","status-publish","format-standard","has-post-thumbnail","hentry","category-politics","tag-digi24"],"_links":{"self":[{"href":"https:\/\/analyse.optim.biz\/index.php?rest_route=\/wp\/v2\/posts\/94420","targetHints":{"allow":["GET"]}}],"collection":[{"href":"https:\/\/analyse.optim.biz\/index.php?rest_route=\/wp\/v2\/posts"}],"about":[{"href":"https:\/\/analyse.optim.biz\/index.php?rest_route=\/wp\/v2\/types\/post"}],"author":[{"embeddable":true,"href":"https:\/\/analyse.optim.biz\/index.php?rest_route=\/wp\/v2\/users\/1"}],"replies":[{"embeddable":true,"href":"https:\/\/analyse.optim.biz\/index.php?rest_route=%2Fwp%2Fv2%2Fcomments&post=94420"}],"version-history":[{"count":0,"href":"https:\/\/analyse.optim.biz\/index.php?rest_route=\/wp\/v2\/posts\/94420\/revisions"}],"wp:featuredmedia":[{"embeddable":true,"href":"https:\/\/analyse.optim.biz\/index.php?rest_route=\/wp\/v2\/media\/94421"}],"wp:attachment":[{"href":"https:\/\/analyse.optim.biz\/index.php?rest_route=%2Fwp%2Fv2%2Fmedia&parent=94420"}],"wp:term":[{"taxonomy":"category","embeddable":true,"href":"https:\/\/analyse.optim.biz\/index.php?rest_route=%2Fwp%2Fv2%2Fcategories&post=94420"},{"taxonomy":"post_tag","embeddable":true,"href":"https:\/\/analyse.optim.biz\/index.php?rest_route=%2Fwp%2Fv2%2Ftags&post=94420"}],"curies":[{"name":"wp","href":"https:\/\/api.w.org\/{rel}","templated":true}]}}