{"id":941915,"date":"2025-12-07T00:00:00","date_gmt":"2025-12-06T21:00:00","guid":{"rendered":"https:\/\/analyse.optim.biz\/?p=941915"},"modified":"2025-12-07T00:00:00","modified_gmt":"2025-12-06T21:00:00","slug":"feijoo-sanchez-sabia-lo-de-salazar-pero-lo-tapo-y-un-guarro-no-puede-ser-asesor-del-presidente-periodista-digital","status":"publish","type":"post","link":"https:\/\/analyse.optim.biz\/?p=941915","title":{"rendered":"Feij\u00f3o: &#8220;S\u00e1nchez sab\u00eda lo de Salazar pero lo tap\u00f3 y un guarro no puede ser asesor del presidente&#8221; &#8211; Periodista Digital"},"content":{"rendered":"<div class=\"m4p-post-content\">\n<div class=\"block-vertical-align-right\">\n<div class=\"m4p-relations-group\">\n<div class=\"m4p-group-vertical-title\">\n<h2>M\u00e1s informaci\u00f3n<\/h2>\n<\/div>\n<div class=\"m4p-summary-news\">\n<figure class=\"m4p-image m4p-crop-medium-1\"><a href=\"https:\/\/www.periodistadigital.com\/politica\/autonomias\/20251207\/repitiendo-extremena-guardiola-errores-perpetro-2023-vox-costaron-feijoo-presidencia-noticia-689405160923\/\"><img loading=\"lazy\" decoding=\"async\" src=\"https:\/\/analyse.optim.biz\/wp-content\/uploads\/2025\/12\/maria-guardiola-pp-320x214-2.jpg\" width=\"320\" height=\"214\" alt=\"Mar\u00eda Guardiola (PP)\" title=\"maria-guardiola-pp-320x214-2\"><\/a><\/figure>\n<div class=\"m4p-summary-news-title\">\n<h3><a href=\"https:\/\/www.periodistadigital.com\/politica\/autonomias\/20251207\/repitiendo-extremena-guardiola-errores-perpetro-2023-vox-costaron-feijoo-presidencia-noticia-689405160923\/\">\u00bfEst\u00e1 repitiendo la extreme\u00f1a Guardiola los errores que perpetr\u00f3 en 2023 con VOX y costaron a Feij\u00f3o la presidencia?<\/a><\/h3>\n<\/div>\n<\/div>\n<div class=\"m4p-summary-news\">\n<figure class=\"m4p-image m4p-crop-medium-1\"><a href=\"https:\/\/www.periodistadigital.com\/gente\/sucesos\/20251207\/marroquies-argelinos-frente-ventaja-lista-delincuentes-extranjeros-detenidos-cataluna-noticia-689405160898\/\"><img loading=\"lazy\" decoding=\"async\" src=\"https:\/\/analyse.optim.biz\/wp-content\/uploads\/2025\/12\/un-cuchillo-ensangrentado-320x214-1.jpg\" width=\"320\" height=\"214\" alt=\"Un cuchillo ensangrentado\" title=\"un-cuchillo-ensangrentado-320x214-1\"><\/a><\/figure>\n<div class=\"m4p-summary-news-title\">\n<h3><a href=\"https:\/\/www.periodistadigital.com\/gente\/sucesos\/20251207\/marroquies-argelinos-frente-ventaja-lista-delincuentes-extranjeros-detenidos-cataluna-noticia-689405160898\/\">Marroqu\u00edes y argelinos, al frente y con ventaja de la lista de delincuentes extranjeros detenidos en Catalu\u00f1a<\/a><\/h3>\n<\/div>\n<\/div>\n<\/div>\n<\/div>\n<p><span class=\"m4p-capitular\">L<\/span>a frase invita a la reflexi\u00f3n: <strong>\u201c<em>un guarro no puede ser asesor del presidente<\/em>\u201d.<\/strong><\/p>\n<p>La ha pronunciado <strong>Alberto N\u00fa\u00f1ez Feij\u00f3o<\/strong> en medio de la tormenta generada por el <strong>caso Salazar<\/strong>, dirigiendo sus dardos hacia <strong>Pedro S\u00e1nchez<\/strong> y la cultura interna del PSOE.<\/p>\n<p>Podr\u00eda haber a\u00f1adido el l\u00edder del <strong>PP<\/strong>, que tampoco puede ser presidente un mentiroso, pero eso ya lo ha insinuado muchas veces.<\/p>\n<p>Volviendo al <span><strong>Caso de la Bragueta<\/strong><\/span>, que es como deber\u00eda en puridad denominarse, <strong>Feij\u00f3o<\/strong> afirma que el marido de <strong>Bego\u00f1a<\/strong><strong>\u201c<em>sab\u00eda y lo tap\u00f3<\/em>\u201d.<\/strong><\/p>\n<p>Que ha intentado, como es obvio, echar tierra y ganar tiempo sobre las denuncias de acoso sexual que pesan sobre <strong>Francisco Salazar<\/strong>, hist\u00f3rico dirigente socialista, asesor eminente en <em><strong>La Moncloa<\/strong><\/em> y candidato hasta hace nada a secretario de <em><strong>Organizaci\u00f3n del PSOE<\/strong><\/em>.<\/p>\n<p>Adem\u00e1s, critica al <em><strong>Ejecutivo Frankenstein<\/strong><\/em> por practicar un feminismo \u201c<em><strong>de escaparate<\/strong><\/em>\u201d mientras protege a sus obsesos sexuales, sobones y g\u00e1ndules.<\/p>\n<p>Este choque trasciende lo personal y lo ret\u00f3rico.<\/p>\n<p>En el fondo, se debate si el <strong>PSOE<\/strong>, partido que ha cimentado gran parte de su identidad reciente en pol\u00edticas de igualdad, ha manejado adecuadamente las denuncias internas de acoso o si, por el contrario, ha priorizado la protecci\u00f3n de un alto cargo sobre la seguridad y el apoyo a las v\u00edctimas.<\/p>\n<p>En este contexto, el <strong>PP<\/strong> ha decidido presionar al m\u00e1ximo, consciente de que no se trata solo de un esc\u00e1ndalo m\u00e1s, sino de la credibilidad de todo un relato.<\/p>\n<div id=\"attachment_689405160963\" class=\"wp-caption aligncenter\"><img loading=\"lazy\" decoding=\"async\" aria-describedby=\"caption-attachment-689405160963\" class=\"wp-image-689405160963 size-large\" src=\"https:\/\/analyse.optim.biz\/wp-content\/uploads\/2025\/12\/paco-salazar-psoe-550x275-1.jpeg\" alt=\"Paco Salazar (PSOE)\" width=\"550\" height=\"275\" title=\"paco-salazar-psoe-550x275-1\"><\/p>\n<p id=\"caption-attachment-689405160963\" class=\"wp-caption-text\">Paco Salazar (PSOE)<\/p>\n<\/div>\n<h2>Salazar, el asesor problem\u00e1tico en medio de la lucha por el relato feminista<\/h2>\n<p>El caso surge a ra\u00edz de las denuncias presentadas por dos trabajadoras del PSOE a trav\u00e9s del <strong>canal interno antiacoso del partido<\/strong> contra<strong>\u00a0Salazar<\/strong>, quien hasta hace poco era uno de los hombres m\u00e1s cercanos a <strong>S\u00e1nchez<\/strong>: asesor en La Moncloa y responsable de An\u00e1lisis y Acci\u00f3n Electoral en la direcci\u00f3n federal.<\/p>\n<p>Las acusaciones detallan comportamientos de supuesto acoso sexual hacia mujeres bajo su tutela en el entorno presidencial.<\/p>\n<p>Los puntos clave del esc\u00e1ndalo, tal como han ido saliendo a la luz, son:<\/p>\n<ul>\n<li><strong>Tiempo de silencio<\/strong>: las denuncias permanecieron <strong>cinco meses sin respuesta<\/strong> ni investigaci\u00f3n efectiva, llegando incluso a desaparecer del sistema interno del partido.<\/li>\n<li><strong>Reacci\u00f3n tard\u00eda<\/strong>: fue solo tras la presi\u00f3n medi\u00e1tica que el PSOE decidi\u00f3 reactivar el procedimiento despu\u00e9s de que se hicieran p\u00fablicas las denuncias.<\/li>\n<li><strong>Malestar interno<\/strong>: responsables del \u00e1rea de Igualdad dentro del partido y figuras como <strong>Adriana Lastra<\/strong> exigen llevar el asunto a la <strong>Fiscal\u00eda<\/strong> si se confirman los hechos, considerando que podr\u00eda tratarse de un delito de violencia de g\u00e9nero.<\/li>\n<li><strong>Dimensi\u00f3n institucional<\/strong>: Salazar no era un militante cualquiera; ocupaba un despacho en La Moncloa y desempe\u00f1aba un papel central en las primarias que devolvieron a S\u00e1nchez al poder en 2017.<\/li>\n<\/ul>\n<p>Este \u00faltimo detalle alimenta la acusaci\u00f3n lanzada por <strong>Feij\u00f3o<\/strong>: si <strong>Salazar<\/strong> era, seg\u00fan sus palabras, un hombre de \u201c<strong>absoluta confianza<\/strong>\u201d para el presidente y uno de los \u201c<strong>mu\u00f1idores<\/strong>\u201d detr\u00e1s de sus primarias, entonces <strong>S\u00e1nchez<\/strong> \u201c<strong>ten\u00eda que saber<\/strong>\u201d lo que suced\u00eda y lo encubri\u00f3.<\/p>\n<p>As\u00ed surge una cr\u00edtica pol\u00edtica contundente: no es solo un grave caso de presunto acoso; es una reprimenda directa a la c\u00fapula del Gobierno por proteger al poderoso mientras deja desamparadas a las denunciantes.<\/p>\n<h2>El mea culpa limitado de S\u00e1nchez y las divisiones dentro del PSOE<\/h2>\n<p>La respuesta de <strong>Pedro S\u00e1nchez<\/strong> ha llegado con retraso y se sit\u00faa entre una leve autocr\u00edtica y una defensa cerrada. Tras participar en un acto con motivo del D\u00eda de la Constituci\u00f3n, el presidente reconoci\u00f3 haber cometido un <strong>\u201cerror en cuanto a la velocidad\u201d<\/strong> con que se manejaron las denuncias, asumiendo responsabilidad \u201c<strong>en primera persona<\/strong>\u201d como secretario general.<\/p>\n<p>Su defensa se basa en tres ideas clave:<\/p>\n<ul>\n<li>Reconoce que hubo una falta al no responder ni contactar con las denunciantes durante meses, admitiendo que el asunto se \u201c<strong>dilat\u00f3 innecesariamente<\/strong>\u201d.<\/li>\n<li>Niega rotundamente haber tenido conocimiento previo sobre los hechos y asegura haberse enterado <strong>\u201cpor la prensa\u201d<\/strong>.<\/li>\n<li>Rechaza cualquier acusaci\u00f3n sobre una protecci\u00f3n deliberada hacia Salazar y descarta llevar el caso a la Fiscal\u00eda, argumentando que son las v\u00edctimas quienes deben dar ese paso dada la naturaleza an\u00f3nima de las denuncias.<\/li>\n<\/ul>\n<p>Sin embargo, esta postura no ha logrado cerrar el debate interno. Al contrario: varios miembros socialistas piden que si el <strong>\u00d3rgano contra el Acoso<\/strong> confirma las acusaciones, se debe remitir el caso al Ministerio Fiscal. Este episodio ha generado un <strong>\u201cenfado monumental\u201d<\/strong> en \u00e1reas relacionadas con Igualdad y ha dejado tocados a responsables como <strong>Rebeca Torr\u00f3<\/strong>, se\u00f1alada por su \u201cnegligencia\u201d en manejar este expediente.<\/p>\n<p>La consecuencia pol\u00edtica es clara: el PSOE se ve obligado a defender su <strong>protocolo antiacoso<\/strong>, as\u00ed como su discurso sobre \u201ctolerancia cero\u201d, mientras admite errores graves en su aplicaci\u00f3n justo cuando recibe cr\u00edticas por predicar feminismo mientras encubre situaciones inaceptables.<\/p>\n<h2>La ofensiva de Feij\u00f3o: desde \u201cel feminismo de sal\u00f3n\u201d hasta calificar al PSOE como un \u201cpartido peligroso para las mujeres\u201d<\/h2>\n<p>En este clima tenso, Feij\u00f3o ha endurecido su discurso hasta niveles poco habituales para \u00e9l, acusando al Gobierno de practicar un <strong>\u201cfeminismo de pacotilla\u201d<\/strong> e hipocres\u00eda sistem\u00e1tica en materia de igualdad. Sus mensajes se sustentan en tres ejes principales:<\/p>\n<ol>\n<li><strong>Cuestionamiento a la credibilidad feminista del Gobierno<\/strong>\n<ul>\n<li>Asegura que el caso Salazar revela c\u00f3mo el PSOE prioriza la protecci\u00f3n interna sobre la seguridad de las v\u00edctimas al mantener paralizadas durante meses denuncias internas sobre acoso.<\/li>\n<li>Recuerda tambi\u00e9n la pol\u00e9mica relacionada con la ley del \u201csolo s\u00ed es s\u00ed\u201d, que provoc\u00f3 rebajas en condenas y excarcelaciones para agresores sexuales, planteando as\u00ed un patr\u00f3n preocupante.<\/li>\n<li>Califica al PSOE como un <strong>\u201cpartido peligroso para las mujeres\u201d<\/strong>, vinculando este caso con fallos en pol\u00edticas destinadas a protegerlas.<\/li>\n<\/ul>\n<\/li>\n<li><strong>Cuestionamiento sobre la cultura interna del PSOE<\/strong>\n<ul>\n<li>Feij\u00f3o enfatiza que no solo es cuesti\u00f3n de un asesor espec\u00edfico; hay una cultura interna donde se protege al dirigente cercano mientras se ignora a quienes presentan denuncias.<\/li>\n<li>Denuncia pr\u00e1cticas \u201cgeneralizadas\u201d para ocultar comportamientos inaceptables dentro del entorno sanchista.<\/li>\n<li>Exige \u201cresponsabilidades inmediatas\u201d dentro del PSOE y entre quienes rodean al presidente, m\u00e1s all\u00e1 simplemente ajustes t\u00e9cnicos.<\/li>\n<\/ul>\n<\/li>\n<li><strong>Advertencia sobre una p\u00e9rdida creciente de confianza ciudadana<\/strong>\n<ul>\n<li>El l\u00edder popular relaciona este episodio con una creciente desconfianza hacia las instituciones y hac\u00eda figura presidencial; cr\u00edtica c\u00f3mo ha perdido \u00abdignidad\u00bb al buscar apoyos mientras no protege adecuadamente a quienes sufren abusos dentro su propio equipo.<\/li>\n<li>Sit\u00faa este esc\u00e1ndalo dentro una narrativa m\u00e1s amplia sobre \u00abdecadencia institucional\u00bb, donde el caso Salazar podr\u00eda marcar un punto cr\u00edtico respecto al relato progresista promovido por el Gobierno.<\/li>\n<\/ul>\n<\/li>\n<\/ol>\n<p>En este marco, esa frase contundente acerca de que \u201cun guarro no puede ser asesor del presidente\u201d funciona casi como una f\u00f3rmula ret\u00f3rica: desacredita no solo a Salazar sino tambi\u00e9n plantea qui\u00e9n permiti\u00f3 que permaneciera tan cerca del poder durante tanto tiempo.<\/p>\n<h2>El impacto pol\u00edtico: feminismo, poder y los costos asociados a mirar hacia otro lado<\/h2>\n<p>M\u00e1s all\u00e1 del intercambio verbal entre partidos, este caso abre varios debates fundamentales dentro pol\u00edtica espa\u00f1ola:<\/p>\n<ul>\n<li><strong>Coherencia entre discurso y pr\u00e1ctica<\/strong><br \/> El Gobierno ha hecho hincapi\u00e9 en promover la igualdad entre g\u00e9neros como uno sus principales estandartes mediante legislaci\u00f3n robusta; sin embargo, su tardanza ante estas denuncias internas erosiona ese activo esencial.<\/li>\n<li><strong>Gesti\u00f3n adecuada ante denuncias internas<\/strong><br \/> La inacci\u00f3n inicial ante estas acusaciones pone bajo lupa los mecanismos internos contra acosos; surgen preguntas relevantes:\n<ul>\n<li>\u00bfSon estos canales realmente independientes?<\/li>\n<li>\u00bfQu\u00e9 garant\u00edas existen para quienes denuncian cuando los acusados son parte cercana al poder?<\/li>\n<\/ul>\n<\/li>\n<li><strong>Transparencia y rendici\u00f3n cuentas<\/strong><br \/> La negativa por parte S\u00e1nchez para remitir este asunto ante Fiscal\u00eda ampar\u00e1ndose en anonimato choca con voces dentro PSOE pidiendo mayor acci\u00f3n si desean ser coherentes con su mensaje p\u00fablico; esto alimenta dudas respecto prioridades reales.<\/li>\n<li><strong>Clima social y percepci\u00f3n p\u00fablica<\/strong><br \/> En una sociedad donde los debates sobre violencia g\u00e9nero e igualdad est\u00e1n polarizados, percibir falta acci\u00f3n adecuada ante denunciantes genera desconfianza creciente hacia quienes est\u00e1n gobernando. Feij\u00f3o aprovecha esta situaci\u00f3n para presentarse defensor real v\u00edctimas frente Ejecutivo acusado mirar hacia otro lado cuando quien est\u00e1 involucrado es \u00abde los suyos\u00bb.<\/li>\n<\/ul>\n<h2>Lo que viene: presi\u00f3n interna, c\u00e1lculo electoral y un caso dif\u00edcilmente apagable<\/h2>\n<p>El <strong>caso Salazar<\/strong>, lejos limitarse esc\u00e1ndalo temporal breve ha evolucionado convertirse term\u00f3metro capacidad gesti\u00f3n crisis relacionadas ideolog\u00eda propia partido; tambi\u00e9n es herramienta pol\u00edtica PP decidido utilizar sin reservas.<\/p>\n<p>Los pr\u00f3ximos meses ser\u00e1n cruciales:<\/p>\n<ul>\n<li>La resoluci\u00f3n final por parte del <strong>\u00d3rgano contra Acoso<\/strong>, as\u00ed como si sus conclusiones ser\u00e1n o no llevadas ante Fiscal\u00eda.<\/li>\n<li>El grado verdadero autocr\u00edtica dispuesto asumir Ferraz m\u00e1s all\u00e1 simple reconocimiento \u00aberror velocidad\u00bb.<\/li>\n<li>Capacidad Gobierno recomponer relaciones puentes con feminismo socialista molesto visible junto sectores sociales observando situaci\u00f3n creciente escepticismo.<\/li>\n<\/ul>\n<p>Mientras tanto, esa frase pronunciada por Feij\u00f3o persistir\u00e1 rondando debates como recordatorio inc\u00f3modo para La Moncloa: en pol\u00edtica asesores pueden dimitir o expedientes cerrarse; sin embargo palabras evidenciando incoherencias entre lo proclamado practicado suelen tardar mucho m\u00e1s olvidarse. Y aqu\u00ed a\u00fan queda pendiente saldar factura pol\u00edtica asociada.<\/p>\n<\/div>\n<p> Source URL: https:\/\/www.periodistadigital.com\/politica\/20251207\/feijoo-sanchez-sabia-salazar-tapo-guarro-asesor-presidente-noticia-689405160910\/<\/p>\n","protected":false},"excerpt":{"rendered":"<p>M\u00e1s informaci\u00f3n \u00bfEst\u00e1 repitiendo la extreme\u00f1a Guardiola los errores que perpetr\u00f3 en 2023 con VOX y costaron a Feij\u00f3o la presidencia? Marroqu\u00edes y argelinos, al frente y con ventaja de la lista de delincuentes extranjeros detenidos en Catalu\u00f1a La frase invita a la reflexi\u00f3n: \u201cun guarro no puede ser asesor del presidente\u201d. La ha pronunciado [&hellip;]<\/p>\n","protected":false},"author":1,"featured_media":941916,"comment_status":"open","ping_status":"","sticky":false,"template":"","format":"standard","meta":{"footnotes":""},"categories":[88],"tags":[112],"class_list":["post-941915","post","type-post","status-publish","format-standard","has-post-thumbnail","hentry","category-spain","tag-periodistadigital-com"],"_links":{"self":[{"href":"https:\/\/analyse.optim.biz\/index.php?rest_route=\/wp\/v2\/posts\/941915","targetHints":{"allow":["GET"]}}],"collection":[{"href":"https:\/\/analyse.optim.biz\/index.php?rest_route=\/wp\/v2\/posts"}],"about":[{"href":"https:\/\/analyse.optim.biz\/index.php?rest_route=\/wp\/v2\/types\/post"}],"author":[{"embeddable":true,"href":"https:\/\/analyse.optim.biz\/index.php?rest_route=\/wp\/v2\/users\/1"}],"replies":[{"embeddable":true,"href":"https:\/\/analyse.optim.biz\/index.php?rest_route=%2Fwp%2Fv2%2Fcomments&post=941915"}],"version-history":[{"count":0,"href":"https:\/\/analyse.optim.biz\/index.php?rest_route=\/wp\/v2\/posts\/941915\/revisions"}],"wp:featuredmedia":[{"embeddable":true,"href":"https:\/\/analyse.optim.biz\/index.php?rest_route=\/wp\/v2\/media\/941916"}],"wp:attachment":[{"href":"https:\/\/analyse.optim.biz\/index.php?rest_route=%2Fwp%2Fv2%2Fmedia&parent=941915"}],"wp:term":[{"taxonomy":"category","embeddable":true,"href":"https:\/\/analyse.optim.biz\/index.php?rest_route=%2Fwp%2Fv2%2Fcategories&post=941915"},{"taxonomy":"post_tag","embeddable":true,"href":"https:\/\/analyse.optim.biz\/index.php?rest_route=%2Fwp%2Fv2%2Ftags&post=941915"}],"curies":[{"name":"wp","href":"https:\/\/api.w.org\/{rel}","templated":true}]}}