{"id":94069,"date":"2019-01-31T13:18:26","date_gmt":"2019-01-31T10:18:26","guid":{"rendered":"https:\/\/analyse.optim.biz\/?p=94069"},"modified":"2019-01-31T13:18:26","modified_gmt":"2019-01-31T10:18:26","slug":"incaierare-in-primaria-capitalei-viceprimarul-badulescu-lovit-cu-pumnul-de-primarul-sectorului-6","status":"publish","type":"post","link":"https:\/\/analyse.optim.biz\/?p=94069","title":{"rendered":"\u00cenc\u0103ierare \u00een Prim\u0103ria Capitalei. Viceprimarul B\u0103dulescu, lovit cu pumnul de primarul sectorului 6"},"content":{"rendered":"<div class=\"entry data-app-meta data-app-meta-article\" data-embed-base-url-canonical=\"https:\/\/www.digi24.ro\/embed\/stiri\/actualitate\/incaierare-in-primaria-capitalei-viceprimarul-badulescu-s-a-luat-la-bataie-cu-primarul-sectorului-6-1074387\">\n<p data-index=\"1\"><strong>Viceprimarul Capitalei, <a href=\"https:\/\/www.digi24.ro\/stiri\/actualitate\/aurelian-badulescu-chemat-la-parchet-dupa-ce-a-recunoscut-ca-a-mintit-in-dosarul-10-august-1074288\" data-skip-linkfix=\"1\">Aurelian B\u0103dulescu<\/a>, \u015fi primarul sectorului 6 al Capitalei, Gabriel Mutu, au avut o alterca\u0163ie la prim\u0103ria Capitalei, potrivit relat\u0103rilor martorilor, B\u0103dulescu jignindu-l pe Mutu, dup\u0103 care edilul sectorului 6 i-a dat acestuia un pumn.<\/strong><\/p>\n<figure class=\"article-thumb\"><img decoding=\"async\" src=\"https:\/\/analyse.optim.biz\/wp-content\/uploads\/2024\/09\/mcz6yz0xjmhhc2g9y2vhnzuwytzjotfimtuyoddjowzjntkxzgy4nweym2q-thumb_.jpg\" alt=\"firea-sedinta\" data-skip-htmlfix=\"1\" title=\"mcz6yz0xjmhhc2g9y2vhnzuwytzjotfimtuyoddjowzjntkxzgy4nweym2q-thumb_\"><figcaption> Aurelian B\u0103dulescu, viceprimar, \u0219i Gabriela Firea, primar. <\/figcaption><\/figure>\n<p data-index=\"2\"><strong>Cite\u0219te \u0219i:\u00a0<\/strong><a href=\"https:\/\/www.digi24.ro\/stiri\/actualitate\/politica\/viceprimarul-psd-care-si-facea-colegii-javre-si-animale-se-plange-ca-este-defaimat-949584\" data-skip-linkfix=\"1\"><strong>Viceprimarul PSD care-\u0219i f\u0103cea colegii \u201ejavre\u201d \u0219i \u201eanimale\u201d se pl\u00e2nge c\u0103 este def\u0103imat<\/strong><\/a><\/p>\n<p data-index=\"3\">Pe motiv c\u0103 a condus \u015fedin\u0163a PSD de miercuri sear\u0103 \u00een care viceprimarului\u00a0 Aurelian B\u0103dulescu i-a fost retras sprijinul, acesta s-a luat la ceart\u0103 cu edilul sectorului 6, Gabriel Mutu. Scena a avut loc \u00eentr-o \u00eenc\u0103pere din PMB.<\/p>\n<p data-index=\"4\">Incidentul a fost confirmat pentru\u00a0 News.ro de consilierul general Cristian Olteanu \u015fi a avut loc \u00een \u015fedin\u0163a de grup a PSD care avut loc \u00eenainte ca s\u0103 \u00eenceap\u0103 \u015fedin\u0163a Consiliului General al Capitalei, \u00een timp ce Mutu \u00eei prezenta lui B\u0103dulescu documentele referitoare la retragerea sprijinului.<\/p>\n<p data-index=\"5\">La un moment dat, B\u0103dulescu a \u00eenceput s\u0103 \u00eel jigneasc\u0103 pe edilul sectorului 6. Potrivit ale\u015filor generali PSD, edilul Mutu s-ar fi enervat \u015fi i-a tras un pum viceprimarului.<\/p>\n<p data-index=\"6\">PSD Bucure\u015fti a decis, miercuri sear\u0103, retragerea sprijinului politic lui Aurelian B\u0103dulescu pentru func\u0163ia de viceprimar al Capitalei pe motiv\u0103 c\u0103 vorbe\u015fte ur\u00e2t cu colegii din PSD. Noul lider al filialei, Gabriel Mutu, renun\u0163\u0103, astfel, la oamenii primarului Gabriela Firea, la Prim\u0103ria Capitalei.\u00a0<\/p>\n<p data-index=\"7\">Miercuri seara, Aurelian B\u0103dulescu a declarat public c\u0103<a href=\"https:\/\/www.digi24.ro\/stiri\/actualitate\/politica\/a-badulescu-spune-ca-a-mintit-in-declaratia-data-la-parchet-privind-protestele-din-10-august-1074055\" data-skip-linkfix=\"1\"><strong>\u00a0a min\u021bit \u00een leg\u0103tur\u0103 cu dosarul 10 august<\/strong><\/a>, dar c\u0103 ar fi decis s\u0103 spun\u0103 adev\u0103rul dup\u0103 ce a fost exclus din PSD.<\/p>\n<\/div>\n<p> Source URL: https:\/\/www.digi24.ro\/stiri\/actualitate\/incaierare-in-primaria-capitalei-viceprimarul-badulescu-s-a-luat-la-bataie-cu-primarul-sectorului-6-1074387<\/p>\n","protected":false},"excerpt":{"rendered":"<p>Viceprimarul Capitalei, Aurelian B\u0103dulescu, \u015fi primarul sectorului 6 al Capitalei, Gabriel Mutu, au avut o alterca\u0163ie la prim\u0103ria Capitalei, potrivit relat\u0103rilor martorilor, B\u0103dulescu jignindu-l pe Mutu, dup\u0103 care edilul sectorului 6 i-a dat acestuia un pumn. Aurelian B\u0103dulescu, viceprimar, \u0219i Gabriela Firea, primar. Cite\u0219te \u0219i:\u00a0Viceprimarul PSD care-\u0219i f\u0103cea colegii \u201ejavre\u201d \u0219i \u201eanimale\u201d se pl\u00e2nge c\u0103 [&hellip;]<\/p>\n","protected":false},"author":1,"featured_media":94070,"comment_status":"open","ping_status":"","sticky":false,"template":"","format":"standard","meta":{"footnotes":""},"categories":[2],"tags":[11],"class_list":["post-94069","post","type-post","status-publish","format-standard","has-post-thumbnail","hentry","category-politics","tag-digi24"],"_links":{"self":[{"href":"https:\/\/analyse.optim.biz\/index.php?rest_route=\/wp\/v2\/posts\/94069","targetHints":{"allow":["GET"]}}],"collection":[{"href":"https:\/\/analyse.optim.biz\/index.php?rest_route=\/wp\/v2\/posts"}],"about":[{"href":"https:\/\/analyse.optim.biz\/index.php?rest_route=\/wp\/v2\/types\/post"}],"author":[{"embeddable":true,"href":"https:\/\/analyse.optim.biz\/index.php?rest_route=\/wp\/v2\/users\/1"}],"replies":[{"embeddable":true,"href":"https:\/\/analyse.optim.biz\/index.php?rest_route=%2Fwp%2Fv2%2Fcomments&post=94069"}],"version-history":[{"count":0,"href":"https:\/\/analyse.optim.biz\/index.php?rest_route=\/wp\/v2\/posts\/94069\/revisions"}],"wp:featuredmedia":[{"embeddable":true,"href":"https:\/\/analyse.optim.biz\/index.php?rest_route=\/wp\/v2\/media\/94070"}],"wp:attachment":[{"href":"https:\/\/analyse.optim.biz\/index.php?rest_route=%2Fwp%2Fv2%2Fmedia&parent=94069"}],"wp:term":[{"taxonomy":"category","embeddable":true,"href":"https:\/\/analyse.optim.biz\/index.php?rest_route=%2Fwp%2Fv2%2Fcategories&post=94069"},{"taxonomy":"post_tag","embeddable":true,"href":"https:\/\/analyse.optim.biz\/index.php?rest_route=%2Fwp%2Fv2%2Ftags&post=94069"}],"curies":[{"name":"wp","href":"https:\/\/api.w.org\/{rel}","templated":true}]}}