{"id":93816,"date":"2019-02-03T17:38:08","date_gmt":"2019-02-03T14:38:08","guid":{"rendered":"https:\/\/analyse.optim.biz\/?p=93816"},"modified":"2019-02-03T17:38:08","modified_gmt":"2019-02-03T14:38:08","slug":"codrin-stefanescu-nu-o-dam-afara-pe-firea-daca-vrea-sa-plece-isi-pune-mandatul-pe-masa","status":"publish","type":"post","link":"https:\/\/analyse.optim.biz\/?p=93816","title":{"rendered":"Codrin \u015etef\u0103nescu: Nu o d\u0103m afar\u0103 pe Firea. Dac\u0103 vrea s\u0103 plece, \u00ee\u015fi pune mandatul pe mas\u0103"},"content":{"rendered":"<div class=\"entry data-app-meta data-app-meta-article\" data-embed-base-url-canonical=\"https:\/\/www.digi24.ro\/embed\/stiri\/actualitate\/politica\/codrin-stefanescu-nu-o-excludem-pe-firea-daca-vrea-sa-plece-isi-pune-mandatul-pe-masa-1075871\">\n<p data-index=\"1\"><strong><span lang=\"ro-RO\">Primarul Capitalei, Gabriela Firea, nu va fi exclus\u0103 din PSD, iar dac\u0103 vrea s\u0103 plece din partid, trebuie s\u0103 \u00ee\u015fi dea demisia \u015fi va pierde mandatul, a declarat, duminic\u0103, dup\u0103 \u015f<a href=\"https:\/\/www.digi24.ro\/stiri\/actualitate\/politica\/psd-se-reuneste-in-prima-sedinta-a-comitetul-executiv-din-acest-an-1075704\" target=\"_blank\" rel=\"noopener\" data-skip-linkfix=\"1\">edin\u0163a Comitetului Executiv Na\u0163ional (CExN)<\/a>, secretarul general al partidului, Codrin \u015etef\u0103nescu.<\/span><\/strong><\/p>\n<p data-index=\"2\"><span lang=\"ro-RO\"><img loading=\"lazy\" decoding=\"async\" class=\"alignnone size-full wp-image-891894\" src=\"https:\/\/analyse.optim.biz\/wp-content\/uploads\/2024\/09\/ndmxndhjmdy1mzk1mwm1yme2nmq3nwi1mzk2mgi0-thumb_.jpg\" width=\"623\" height=\"338\" data-skip-htmlfix=\"1\" title=\"ndmxndhjmdy1mzk1mwm1yme2nmq3nwi1mzk2mgi0-thumb_\"><\/p>\n<p> &#8220;Doamna Firea vrea s\u0103 fie exclus\u0103 din partid \u015fi v\u0103d c\u0103 \u0163ine cu tot dinadinsul prin astfel de scrisori, astfel de atacuri la adresa Guvernului, a prim-ministrului, a bugetului, s\u0103 g\u0103seasc\u0103 motive prin care s\u0103 \u00eei enerveze pe colegii din Comitetul Executiv s\u0103 o dea afar\u0103. Nu o d\u0103m afar\u0103! Dac\u0103 vrea s\u0103 plece, \u00ee\u015fi pune mandatul pe mas\u0103, \u00ee\u015fi d\u0103 demisia \u015fi pierde mandatul de primar. Altfel, ea are ni\u015fte datorii. Bucure\u015ftenii au votat-o nu pentru Gabriela Firea \u00een mod special, \u015fi pentru promisiunile pe care le-au f\u0103cut \u015fi ceilal\u0163i candida\u0163i la prim\u0103riile de sector. (&#8230;) \u00cen orice caz, nu o vom exclude din partid pe Gabriela Firea&#8221;, a afirmat Codrin \u015etef\u0103nescu \u00eentr-o interven\u0163ie la Antena 3, citat de Agerpres.<\/p>\n<p> \u00cen acela\u015fi context, secretarul general al PSD a precizat c\u0103 s-a propus schimbarea lui Robert Negoi\u0163\u0103 din func\u0163ia de pre\u015fedinte al Asocia\u0163iei Primarilor de Municipii, ca urmare a declara\u0163iilor pe care le-a f\u0103cut cu privire la bugetul pe 2019.<\/p>\n<p> &#8220;Dup\u0103 declara\u0163ia lui Robert Negoi\u0163\u0103, vicepre\u015fedintele partidului Marian Opri\u015fan a spus c\u0103, dac\u0103 se mai \u00eent\u00e2mpl\u0103 o dat\u0103 ca un coleg s\u0103 fac\u0103 asemenea declara\u0163ie, care ne aduce destul de multe prejudicii de imagine &#8211; \u015fi chiar au \u00eenceput s\u0103 \u00eentrebe b\u0103ie\u0163ii din \u0163ar\u0103 dac\u0103 mai toler\u0103m a\u015fa ceva -, a spus c\u0103 va cere excluderea din partid a lui Robert Negoi\u0163\u0103. Vizavi de func\u0163ia pe care o de\u0163ine, de pre\u015fedinte al Asocia\u0163iei primarilor de municipii, va cere revocarea din func\u0163ie \u015fi alegerea unui alt coleg de-al nostru \u00een aceast\u0103 func\u0163ie. \u015ei aceast\u0103 propunere s-a l\u0103sat cu aplauze \u00een sal\u0103&#8217;, a precizat Codrin \u015etef\u0103nescu.<\/p>\n<p> Secretarul general al PSD a caracterizat \u015fedin\u0163a Comitetului Executiv ca fiind &#8220;o discu\u0163ie colegial\u0103, momentan&#8221;.<\/p>\n<p> &#8220;Ne-am s\u0103turat s\u0103 vedem tot felul de scrisori deschise \u00een pres\u0103, tot soiul de repro\u015furi, de lament\u0103ri care vin din partea unor oameni care uit\u0103 c\u0103 PSD \u015fi sigla cu trei trandafiri i-a ajutat imens pentru ceea ce au reu\u015fit s\u0103 fac\u0103 \u00een cariere&#8221;, a spus Codrin \u015etef\u0103nescu.<\/p>\n<p> El a ad\u0103ugat c\u0103 cele dou\u0103 teme discutate la \u015fedin\u0163\u0103 au fost legate de preg\u0103tirea alegerilor europarlamentare \u015fi de bugetul pe anul 2019.<\/p>\n<p> &#8220;Pe buget a existat o discu\u0163ie \u015fi din partea pre\u015fedin\u0163ilor de consilii jude\u0163ene \u015fi s-ar putea s\u0103 mai aib\u0103 loc \u015fi ast\u0103zi, \u015fi m\u00e2ine, dou\u0103 r\u00e2nduri de \u00eent\u00e2lniri, ca totul s\u0103 fie bine \u00een Guvern iar bugetul care vine \u00een Parlament s\u0103 fie perfect, s\u0103 putem discuta de amendamente&#8221;, a mai declarat \u015etef\u0103nescu.\u00a0 <\/span><\/p>\n<\/div>\n<p> Source URL: https:\/\/www.digi24.ro\/stiri\/actualitate\/politica\/codrin-stefanescu-nu-o-excludem-pe-firea-daca-vrea-sa-plece-isi-pune-mandatul-pe-masa-1075871<\/p>\n","protected":false},"excerpt":{"rendered":"<p>Primarul Capitalei, Gabriela Firea, nu va fi exclus\u0103 din PSD, iar dac\u0103 vrea s\u0103 plece din partid, trebuie s\u0103 \u00ee\u015fi dea demisia \u015fi va pierde mandatul, a declarat, duminic\u0103, dup\u0103 \u015fedin\u0163a Comitetului Executiv Na\u0163ional (CExN), secretarul general al partidului, Codrin \u015etef\u0103nescu. &#8220;Doamna Firea vrea s\u0103 fie exclus\u0103 din partid \u015fi v\u0103d c\u0103 \u0163ine cu tot [&hellip;]<\/p>\n","protected":false},"author":1,"featured_media":93817,"comment_status":"open","ping_status":"","sticky":false,"template":"","format":"standard","meta":{"footnotes":""},"categories":[2],"tags":[11],"class_list":["post-93816","post","type-post","status-publish","format-standard","has-post-thumbnail","hentry","category-politics","tag-digi24"],"_links":{"self":[{"href":"https:\/\/analyse.optim.biz\/index.php?rest_route=\/wp\/v2\/posts\/93816","targetHints":{"allow":["GET"]}}],"collection":[{"href":"https:\/\/analyse.optim.biz\/index.php?rest_route=\/wp\/v2\/posts"}],"about":[{"href":"https:\/\/analyse.optim.biz\/index.php?rest_route=\/wp\/v2\/types\/post"}],"author":[{"embeddable":true,"href":"https:\/\/analyse.optim.biz\/index.php?rest_route=\/wp\/v2\/users\/1"}],"replies":[{"embeddable":true,"href":"https:\/\/analyse.optim.biz\/index.php?rest_route=%2Fwp%2Fv2%2Fcomments&post=93816"}],"version-history":[{"count":0,"href":"https:\/\/analyse.optim.biz\/index.php?rest_route=\/wp\/v2\/posts\/93816\/revisions"}],"wp:featuredmedia":[{"embeddable":true,"href":"https:\/\/analyse.optim.biz\/index.php?rest_route=\/wp\/v2\/media\/93817"}],"wp:attachment":[{"href":"https:\/\/analyse.optim.biz\/index.php?rest_route=%2Fwp%2Fv2%2Fmedia&parent=93816"}],"wp:term":[{"taxonomy":"category","embeddable":true,"href":"https:\/\/analyse.optim.biz\/index.php?rest_route=%2Fwp%2Fv2%2Fcategories&post=93816"},{"taxonomy":"post_tag","embeddable":true,"href":"https:\/\/analyse.optim.biz\/index.php?rest_route=%2Fwp%2Fv2%2Ftags&post=93816"}],"curies":[{"name":"wp","href":"https:\/\/api.w.org\/{rel}","templated":true}]}}