{"id":924791,"date":"2025-12-06T00:00:00","date_gmt":"2025-12-05T21:00:00","guid":{"rendered":"https:\/\/analyse.optim.biz\/?p=924791"},"modified":"2025-12-06T00:00:00","modified_gmt":"2025-12-05T21:00:00","slug":"de-broma-a-categoria-politica-que-es-una-charo-y-por-que-quiere-prohibir-sanchez-que-lo-usemos-como-etiqueta-periodista-digital","status":"publish","type":"post","link":"https:\/\/analyse.optim.biz\/?p=924791","title":{"rendered":"De broma a categor\u00eda pol\u00edtica: \u00bfQu\u00e9 es una &#8216;charo&#8217; y por qu\u00e9 quiere prohibir S\u00e1nchez que lo usemos como etiqueta? &#8211; Periodista Digital"},"content":{"rendered":"<div class=\"m4p-post-content\">\n<div class=\"block-vertical-align-right\">\n<div class=\"m4p-relations-group\">\n<div class=\"m4p-group-vertical-title\">\n<h2>M\u00e1s informaci\u00f3n<\/h2>\n<\/div>\n<div class=\"m4p-summary-news\">\n<figure class=\"m4p-image m4p-crop-medium-1\"><a href=\"https:\/\/www.periodistadigital.com\/periodismo\/tv\/20251015\/sanchez-mima-charo-estrella-brunete-pedrete-sarah-santaolalla-levanta-20-000-euros-tve-noticia-689405142558\/\"><img loading=\"lazy\" decoding=\"async\" src=\"https:\/\/analyse.optim.biz\/wp-content\/uploads\/2025\/12\/santaolallatve-320x214-1.jpeg\" width=\"320\" height=\"214\" alt=\"Sarah Santaolalla.\" title=\"santaolallatve-320x214-1\"><\/a><\/figure>\n<div class=\"m4p-summary-news-title\">\n<h3><a href=\"https:\/\/www.periodistadigital.com\/periodismo\/tv\/20251015\/sanchez-mima-charo-estrella-brunete-pedrete-sarah-santaolalla-levanta-20-000-euros-tve-noticia-689405142558\/\">S\u00e1nchez mima a la &#8216;charo-estrella&#8217; de la Brunete Pedrete: Sarah Santaolalla se levanta m\u00e1s de 20.000 euros de TVE<\/a><\/h3>\n<\/div>\n<\/div>\n<div class=\"m4p-summary-news\">\n<figure class=\"m4p-image m4p-crop-medium-1\"><a href=\"https:\/\/www.periodistadigital.com\/periodismo\/tv\/20251017\/momentazo-alfonso-serrano-pp-electrocuta-segundos-sarah-santaolalla-cuenta-pingues-ingresos-tve-video-689405143213\/\"><img loading=\"lazy\" decoding=\"async\" src=\"https:\/\/analyse.optim.biz\/wp-content\/uploads\/2025\/12\/sarasantaaolallaalfonsoserrano-320x214-1.jpg\" width=\"320\" height=\"214\" alt=\"Sarah Santaolalla y Alfonso Serrano.\" title=\"sarasantaaolallaalfonsoserrano-320x214-1\"><\/a><\/figure>\n<div class=\"m4p-summary-news-title\">\n<h3><a href=\"https:\/\/www.periodistadigital.com\/periodismo\/tv\/20251017\/momentazo-alfonso-serrano-pp-electrocuta-segundos-sarah-santaolalla-cuenta-pingues-ingresos-tve-video-689405143213\/\">\u00a1Qu\u00e9 momentazo! Alfonso Serrano (PP) electrocuta en segundos a Sarah Santaolalla a cuenta de sus ping\u00fces ingresos en TVE<\/a><\/h3>\n<\/div>\n<\/div>\n<\/div>\n<\/div>\n<p class=\"p1\"><span class=\"m4p-capitular\">U<\/span>na frase, un mazazo.<\/p>\n<p class=\"p1\">Quien controla las palabras, controla la mente.<\/p>\n<p class=\"p1\">En \u2018<span class=\"s1\"><b><i>1984\u2032<\/i><\/b><\/span>, el genial <strong>George<\/strong><b>Orwell<\/b> lo resume en una sola frase brutal:<\/p>\n<p class=\"p1\"><i>\u00abEl objeto de la neolengua no era s\u00f3lo proporcionar un medio de expresi\u00f3n a la cosmovisi\u00f3n y h\u00e1bitos mentales propios de los devotos del Ingsoc, sino hacer imposibles todas las dem\u00e1s formas de pensamiento.\u00bb<\/i><\/p>\n<p class=\"p1\">Y m\u00e1s adelante, la clave absoluta:<\/p>\n<p class=\"p1\"><i>\u00abNo te das cuenta de que el verdadero objetivo de la neolengua es restringir el alcance del pensamiento\u2026 Al final haremos literalmente imposible el crimenpensar porque no habr\u00e1 palabras para expresarlo.\u00bb<\/i><\/p>\n<p class=\"p1\">Los reg\u00edmenes m\u00e1s totalitarios de la Historia \u2013el <b>comunismo sovi\u00e9tico<\/b>, el <b>nazismo<\/b>\u2013 siempre empezaron por lo mismo: imponer una <b>jerga oficial<\/b>, un lenguaje \u201c<i>correcto<\/i>\u201d que todo el mundo ten\u00eda que repetir como un loro.<\/p>\n<p class=\"p1\">Obligar a la gente a hablar de una manera determinada es meterse en lo m\u00e1s \u00edntimo que tiene una persona: su forma de pensar, de re\u00edrse, de enfadarse.<\/p>\n<blockquote class=\"twitter-tweet\" data-width=\"500\" data-dnt=\"true\">\n<p lang=\"es\" dir=\"ltr\">Han utilizado una buena cantidad de dinero p\u00fablico para hacer un estudio que dice que usar el t\u00e9rmino &quot;Charo&quot; fomenta la &quot;cultura del odio&quot; y forma parte del &quot;discurso mis\u00f3gino&quot; que fluye en Internet. <\/p>\n<p>Entonces, \u00bfahora qu\u00e9 hacemos con esta canci\u00f3n? \ud83e\udd72\ud83d\ude05<a href=\"https:\/\/t.co\/ZXkp0Kmoqh\">pic.twitter.com\/ZXkp0Kmoqh<\/a> <a href=\"https:\/\/t.co\/87vMS0mOjg\">https:\/\/t.co\/87vMS0mOjg<\/a><\/p>\n<p>&mdash; Los Meconios (@LosMeconios) <a href=\"https:\/\/twitter.com\/LosMeconios\/status\/1996622692271939875?ref_src=twsrc%5Etfw\">December 4, 2025<\/a><\/p><\/blockquote>\n<p><script async src=\"https:\/\/platform.twitter.com\/widgets.js\" charset=\"utf-8\"><\/script><\/p>\n<p class=\"p1\">En un pa\u00eds occidental medio normal, a nadie se le ocurrir\u00eda ni en sus peores pesadillas.<\/p>\n<p class=\"p1\">Pero aqu\u00ed en <b>Espa\u00f1a<\/b>, bajo el <b><i>R\u00e9gimen Sanchista<\/i><\/b>, s\u00ed hay <b>iluminados e iluminadas<\/b> que lo intentan desde hace tiempo.<\/p>\n<p class=\"p1\">Y la \u00faltima perla viene del <b>Instituto de las Mujeres<\/b>, ese organismo que cuelga del hiperfanatizado y absolutamente prescindible <b>Ministerio de Igualdad<\/b>.<\/p>\n<p class=\"p1\">Las entusiastas que viven \u2013y muy bien\u2013 de ese chiringuito han soltado un <b>informe oficial<\/b> para intentar borrar de internet la palabra <b>\u201c<\/b>charo<b>\u201d<\/b>, porque, seg\u00fan ellas, es <b>\u201cmisoginia online\u201d<\/b> y <b>\u201ccultura del odio\u201d<\/b>.<\/p>\n<p class=\"p1\">Vamos a ver, con calma y sin perder el sentido del humor (que es lo \u00fanico que nos queda), por donde van los tiros.<\/p>\n<p class=\"p1\">Desde hace m\u00e1s de una d\u00e9cada, en sitios como Forocoches o Twitter, <b>\u201ccharo\u201d<\/b> es simplemente un <b>estereotipo caricaturesco<\/b>: la se\u00f1ora de m\u00e1s de 35 o 40, sin hijos o divorciada, que vive sola con sus gatos, vota PSOE o Sumar, lee <i>El Pa\u00eds<\/i>, escucha la SER, se pone henna en el pelo, pa\u00f1uelos \u00e9tnicos, anillos gordos y ropa de tienda vintage.<\/p>\n<blockquote class=\"twitter-tweet\" data-width=\"500\" data-dnt=\"true\">\n<p lang=\"zxx\" dir=\"ltr\"><a href=\"https:\/\/t.co\/KTyZpI3WoQ\">pic.twitter.com\/KTyZpI3WoQ<\/a><\/p>\n<p>&mdash; Wall Street Wolverine (@wallstwolverine) <a href=\"https:\/\/twitter.com\/wallstwolverine\/status\/1996686234262163475?ref_src=twsrc%5Etfw\">December 4, 2025<\/a><\/p><\/blockquote>\n<p><script async src=\"https:\/\/platform.twitter.com\/widgets.js\" charset=\"utf-8\"><\/script><\/p>\n<p class=\"p1\">La t\u00edpica que se indigna por todo, que te suelta un mitin si dices algo m\u00ednimamente incorrecto y que lleva la bandera LGTBIQ+ en la foto de perfil.<\/p>\n<p class=\"p1\">No es un insulto heavy tipo \u201c<em>puta<\/em>\u201d o \u201c<em>zorra<\/em>\u201d.<\/p>\n<p class=\"p1\">Es una <b>caricatura<\/b>, como lo es <b>\u201cCayetano\u201d<\/b> para el pijo de derechas con n\u00e1uticos, o <b>\u201cmachirulo\u201d<\/b> para el t\u00edo que dice barbaridades en el bar. Todo el mundo tiene su meme.<\/p>\n<p class=\"p1\">Pero claro, el Ministerio de Igualdad ha decidido que <b>eso ya no es broma<\/b>: ahora es <b>\u201cviolencia simb\u00f3lica\u201d<\/b>, <b>\u201cmecanismo patriarcal\u201d<\/b> y <b>\u201cinstrumento para expulsar a las mujeres del espacio p\u00fablico\u201d<\/b>. O sea: si dices \u201cah\u00ed va la Charo del pa\u00f1uelo\u201d est\u00e1s cometiendo un acto de <b>terrorismo machista digital<\/b>.<\/p>\n<p class=\"p1\">Palabra de funcionaria.<\/p>\n<blockquote class=\"twitter-tweet\" data-width=\"500\" data-dnt=\"true\">\n<p lang=\"es\" dir=\"ltr\">Esto es simplemente PO\u00c9TICO  <a href=\"https:\/\/t.co\/PN061adMyh\">pic.twitter.com\/PN061adMyh<\/a><\/p>\n<p>&mdash; \ud83c\uddea\ud83c\uddf8 \u2606 \ud835\udc0f\ud835\udc2b\ud835\udc28\ud835\udc20\ud835\udc2b\ud835\udc1e\ud835\udc2c\ud835\udc2d\ud835\udc28\ud835\udc27(A) \u2606 \ud83c\uddea\ud83c\uddf8 (@progrestonnn) <a href=\"https:\/\/twitter.com\/progrestonnn\/status\/1996633197271306417?ref_src=twsrc%5Etfw\">December 4, 2025<\/a><\/p><\/blockquote>\n<p><script async src=\"https:\/\/platform.twitter.com\/widgets.js\" charset=\"utf-8\"><\/script><\/p>\n<p class=\"p1\">Y aqu\u00ed viene lo mejor, lo que produce <b>risa de payaso triste<\/b>: la misma progresista que se rasga las vestiduras porque la llaman <b>Charo<\/b> no tiene ning\u00fan problema en soltar <b>\u201cse\u00f1oro\u201d<\/b>, <b>\u201cmachirulo\u201d<\/b>, <b>\u201cfacha de mierda\u201d<\/b> o <b>\u201ccavern\u00edcola\u201d<\/b> a cualquier hombre que no comulgue con sus ruedas de molino.<\/p>\n<p class=\"p1\">\u00bfEntonces qu\u00e9? \u00bfEl lenguaje solo es violencia simb\u00f3lica cuando le toca a ellas? \u00bfCuando le toca a ellos es \u201ccr\u00edtica social leg\u00edtima\u201d?<\/p>\n<p class=\"p1\">Porque si \u201cCharo\u201d es odio, <b>\u201cse\u00f1oro\u201d<\/b> tambi\u00e9n lo es. Pero el informe, curiosamente, no dice ni mu sobre eso. Porque parte de la premisa sagrada: <b>los hombres tienen el poder<\/b> y punto. Fin del debate.<\/p>\n<p class=\"p1\">Y luego est\u00e1 el <b>timing<\/b>, que no es casual. El PSOE est\u00e1 perdiendo a chorros a las mujeres de m\u00e1s de 45 a\u00f1os, exactamente el perfil \u201cCharo\u201d: funcionarias, profesoras, trabajadoras sociales\u2026 que ya no tragan m\u00e1s. Ven los esc\u00e1ndalos de corrupci\u00f3n, los casos de acoso y puter\u00edo dentro del partido, los titubeos de S\u00e1nchez, y piensan: <i>\u201cEstos no son feministas, son los mismos de siempre con pa\u00f1uelo palestino\u201d<\/i>.<\/p>\n<p class=\"p1\">Entonces sacan el informe-escudo: <b>\u201c\u00a1Cuidado, Charos queridas! \u00a1La derecha os odia, os caricaturiza, os quiere fuera de la pol\u00edtica! \u00a1Quedaos con nosotros, que aqu\u00ed aunque haya alg\u00fan que otro putero\u2026 al menos os defendemos del meme!\u201d<\/b>.<\/p>\n<p class=\"p1\">Es tan burdo, tan descaradamente electoralista, que da hasta verg\u00fcenza ajena.<\/p>\n<p class=\"p1\">Porque al final, de eso va la movida: <b>controlar el lenguaje para controlar el pensamiento<\/b>. Si logran que nadie pueda decir \u201cCharo\u201d sin ser acusado de machista, ya nadie podr\u00e1 hablar con libertad de ese perfil pol\u00edtico concreto sin miedo. Y as\u00ed se blindan.<\/p>\n<p class=\"p1\">Las mismas que se movilizan como locas porque alguien usa la palabra \u201cCharo\u201d son las que <b>miran para otro lado<\/b> cuando salen casos de agresores sexuales o puteros dentro del PSOE, porque \u201cda\u00f1a la imagen del presidente\u201d. Prioridades.<\/p>\n<p class=\"p1\">Al final del d\u00eda, esto no va de defender a las mujeres. Va de <b>qui\u00e9n decide qu\u00e9 se puede decir y qu\u00e9 no<\/b>, qui\u00e9n pone las fronteras del humor, qui\u00e9n etiqueta qu\u00e9 es odio y qu\u00e9 es \u201cresistencia\u201d.<\/p>\n<p class=\"p1\">Y mientras gastan dinero p\u00fablico en informes de 80 p\u00e1ginas sobre un meme de Forocoches, los casos reales \u2013el esc\u00e1ndalo Soto Ibars, los abusos tapados, las v\u00edctimas de verdad\u2013 siguen esperando.<\/p>\n<p class=\"p1\">Pero claro\u2026 eso no da votos.<\/p>\n<p class=\"p1\">Y una caricatura, s\u00ed.<\/p>\n<\/div>\n<p> Source URL: https:\/\/www.periodistadigital.com\/ciencia\/educacion\/20251206\/broma-categoria-politica-charo-convertido-polemica-redes-noticia-689405160695\/<\/p>\n","protected":false},"excerpt":{"rendered":"<p>M\u00e1s informaci\u00f3n S\u00e1nchez mima a la &#8216;charo-estrella&#8217; de la Brunete Pedrete: Sarah Santaolalla se levanta m\u00e1s de 20.000 euros de TVE \u00a1Qu\u00e9 momentazo! Alfonso Serrano (PP) electrocuta en segundos a Sarah Santaolalla a cuenta de sus ping\u00fces ingresos en TVE Una frase, un mazazo. Quien controla las palabras, controla la mente. En \u20181984\u2032, el genial [&hellip;]<\/p>\n","protected":false},"author":1,"featured_media":924792,"comment_status":"open","ping_status":"","sticky":false,"template":"","format":"standard","meta":{"footnotes":""},"categories":[88],"tags":[112],"class_list":["post-924791","post","type-post","status-publish","format-standard","has-post-thumbnail","hentry","category-spain","tag-periodistadigital-com"],"_links":{"self":[{"href":"https:\/\/analyse.optim.biz\/index.php?rest_route=\/wp\/v2\/posts\/924791","targetHints":{"allow":["GET"]}}],"collection":[{"href":"https:\/\/analyse.optim.biz\/index.php?rest_route=\/wp\/v2\/posts"}],"about":[{"href":"https:\/\/analyse.optim.biz\/index.php?rest_route=\/wp\/v2\/types\/post"}],"author":[{"embeddable":true,"href":"https:\/\/analyse.optim.biz\/index.php?rest_route=\/wp\/v2\/users\/1"}],"replies":[{"embeddable":true,"href":"https:\/\/analyse.optim.biz\/index.php?rest_route=%2Fwp%2Fv2%2Fcomments&post=924791"}],"version-history":[{"count":0,"href":"https:\/\/analyse.optim.biz\/index.php?rest_route=\/wp\/v2\/posts\/924791\/revisions"}],"wp:featuredmedia":[{"embeddable":true,"href":"https:\/\/analyse.optim.biz\/index.php?rest_route=\/wp\/v2\/media\/924792"}],"wp:attachment":[{"href":"https:\/\/analyse.optim.biz\/index.php?rest_route=%2Fwp%2Fv2%2Fmedia&parent=924791"}],"wp:term":[{"taxonomy":"category","embeddable":true,"href":"https:\/\/analyse.optim.biz\/index.php?rest_route=%2Fwp%2Fv2%2Fcategories&post=924791"},{"taxonomy":"post_tag","embeddable":true,"href":"https:\/\/analyse.optim.biz\/index.php?rest_route=%2Fwp%2Fv2%2Ftags&post=924791"}],"curies":[{"name":"wp","href":"https:\/\/api.w.org\/{rel}","templated":true}]}}