{"id":92359,"date":"2019-02-18T19:29:31","date_gmt":"2019-02-18T16:29:31","guid":{"rendered":"https:\/\/analyse.optim.biz\/?p=92359"},"modified":"2019-02-18T19:29:31","modified_gmt":"2019-02-18T16:29:31","slug":"m-tudose-tariceanu-poate-sa-ceara-orice-plecarea-alde-ar-insemna-caderea-guvernului","status":"publish","type":"post","link":"https:\/\/analyse.optim.biz\/?p=92359","title":{"rendered":"M. Tudose: T\u0103riceanu poate s\u0103 cear\u0103 orice. Plecarea ALDE ar \u00eensemna c\u0103derea Guvernului"},"content":{"rendered":"<div class=\"entry data-app-meta data-app-meta-article\" data-embed-base-url-canonical=\"https:\/\/www.digi24.ro\/embed\/stiri\/actualitate\/politica\/m-tudose-tariceanu-poate-sa-ceara-orice-plecarea-alde-ar-insemna-caderea-guvernului-1084300\">\n<p data-index=\"1\"><strong>Nici predecesorul Vioric\u0103i D\u0103ncil\u0103, Mihai Tudose, nu vede \u00een termeni prea buni m\u0103surile economice ale Guvernului. Mihai Tudose subliniaz\u0103 c\u0103 ALDE \u015fi C\u0103lin Popescu T\u0103riceanu se bucur\u0103 de o putere de negociere dispropor\u0163ionat\u0103 \u00een interiorul coali\u0163iei \u015fi c\u0103 partenerii de guvernare ai PSD pot cere, de fapt, orice doresc de la Guvern.<\/strong><\/p>\n<p data-index=\"2\">Reporter: Taxa de 2%. Ce se va \u00eent\u00e2mpla cu ea?<\/p>\n<p data-index=\"3\">Mihai Tudose: Eu cred c\u0103 nu se \u00eent\u00e2mpl\u0103 nimic. Avem pe de-o parte o ambi\u0163ie aproape de demen\u0163\u0103 a unor persoane care persist\u0103 \u00eentr-o gre\u015feal\u0103, ca s\u0103 spun\u0103 c\u0103 e bun\u0103 \u015fi acum nu mai vor s\u0103 recunoasc\u0103 c\u0103 nu e bun\u0103. Pe de alt\u0103 parte, \u00een\u0163eleg c\u0103 \u015fi o parte a coali\u0163iei de guvernare \u015fi oamenii spun c\u0103 este inaplicabil\u0103 a\u015fa cum este.<\/p>\n<p data-index=\"4\">Reporter: Poate schimba aceast\u0103 decizie C\u0103lin Popescu T\u0103riceanu?<\/p>\n<p data-index=\"5\">Mihai Tudose: O poate schimba. Pentru c\u0103 este evident c\u0103 plecarea lui \u015fi a colegilor s\u0103i din coali\u0163ie \u00eenseamn\u0103 c\u0103derea Guvernului. Deci el poate s\u0103 cear\u0103 orice, ceea ce \u015fi face.<\/p>\n<p data-index=\"6\">Reporter: Va merge p\u00e2n\u0103 acolo?<\/p>\n<p data-index=\"7\">Mihai Tudose: Eu cred c\u0103 da.<\/p>\n<\/div>\n<p> Source URL: https:\/\/www.digi24.ro\/stiri\/actualitate\/politica\/m-tudose-tariceanu-poate-sa-ceara-orice-plecarea-alde-ar-insemna-caderea-guvernului-1084300<\/p>\n","protected":false},"excerpt":{"rendered":"<p>Nici predecesorul Vioric\u0103i D\u0103ncil\u0103, Mihai Tudose, nu vede \u00een termeni prea buni m\u0103surile economice ale Guvernului. Mihai Tudose subliniaz\u0103 c\u0103 ALDE \u015fi C\u0103lin Popescu T\u0103riceanu se bucur\u0103 de o putere de negociere dispropor\u0163ionat\u0103 \u00een interiorul coali\u0163iei \u015fi c\u0103 partenerii de guvernare ai PSD pot cere, de fapt, orice doresc de la Guvern. Reporter: Taxa de [&hellip;]<\/p>\n","protected":false},"author":1,"featured_media":92360,"comment_status":"open","ping_status":"","sticky":false,"template":"","format":"standard","meta":{"footnotes":""},"categories":[2],"tags":[11],"class_list":["post-92359","post","type-post","status-publish","format-standard","has-post-thumbnail","hentry","category-politics","tag-digi24"],"_links":{"self":[{"href":"https:\/\/analyse.optim.biz\/index.php?rest_route=\/wp\/v2\/posts\/92359","targetHints":{"allow":["GET"]}}],"collection":[{"href":"https:\/\/analyse.optim.biz\/index.php?rest_route=\/wp\/v2\/posts"}],"about":[{"href":"https:\/\/analyse.optim.biz\/index.php?rest_route=\/wp\/v2\/types\/post"}],"author":[{"embeddable":true,"href":"https:\/\/analyse.optim.biz\/index.php?rest_route=\/wp\/v2\/users\/1"}],"replies":[{"embeddable":true,"href":"https:\/\/analyse.optim.biz\/index.php?rest_route=%2Fwp%2Fv2%2Fcomments&post=92359"}],"version-history":[{"count":0,"href":"https:\/\/analyse.optim.biz\/index.php?rest_route=\/wp\/v2\/posts\/92359\/revisions"}],"wp:featuredmedia":[{"embeddable":true,"href":"https:\/\/analyse.optim.biz\/index.php?rest_route=\/wp\/v2\/media\/92360"}],"wp:attachment":[{"href":"https:\/\/analyse.optim.biz\/index.php?rest_route=%2Fwp%2Fv2%2Fmedia&parent=92359"}],"wp:term":[{"taxonomy":"category","embeddable":true,"href":"https:\/\/analyse.optim.biz\/index.php?rest_route=%2Fwp%2Fv2%2Fcategories&post=92359"},{"taxonomy":"post_tag","embeddable":true,"href":"https:\/\/analyse.optim.biz\/index.php?rest_route=%2Fwp%2Fv2%2Ftags&post=92359"}],"curies":[{"name":"wp","href":"https:\/\/api.w.org\/{rel}","templated":true}]}}