{"id":917651,"date":"2025-12-05T15:21:00","date_gmt":"2025-12-05T12:21:00","guid":{"rendered":"https:\/\/analyse.optim.biz\/?p=917651"},"modified":"2025-12-05T15:21:00","modified_gmt":"2025-12-05T12:21:00","slug":"inalta-curte-demasca-guvernul-motivele-pentru-care-102-judecatori-iccj-au-decis-in-unanimitate-atacarea-la-ccr-a-legii-privind-modificarile-la-pensiile-de-serviciu-ale-magistratilor","status":"publish","type":"post","link":"https:\/\/analyse.optim.biz\/?p=917651","title":{"rendered":"INALTA CURTE DEMASCA GUVERNUL \u2013 Motivele pentru care 102 judecatori ICCJ au decis in unanimitate atacarea la CCR a legii privind modificarile la pensiile de serviciu ale magistratilor: \u201cSe ajunge ca un magistrat, care ar indeplinit conditiile in 14 ani acum, va indeplini conditiile de pensionare in 31 de ani&#8230; Fictiune juridica lipsita de rationalitate&#8230; Discrimineaza magistratii fata de alte categorii de beneficiari de pensii de serviciu\u201d (Document)"},"content":{"rendered":"<article id=\"article-content\">\n<h1>INALTA CURTE DEMASCA GUVERNUL \u2013 Motivele pentru care 102 judecatori ICCJ au decis in unanimitate atacarea la CCR a legii privind modificarile la pensiile de serviciu ale magistratilor: \u201cSe ajunge ca un magistrat, care ar indeplinit conditiile in 14 ani acum, va indeplini conditiile de pensionare in 31 de ani&#8230; Fictiune juridica lipsita de rationalitate&#8230; Discrimineaza magistratii fata de alte categorii de beneficiari de pensii de serviciu\u201d (Document)<\/h1>\n<section id=\"article-info\">\n<p class=\"author\">Scris de: George TARATA | <a href=\"https:\/\/www.luju.ro\/inalta-curte-demasca-guvernul-motivele-pentru-care-102-judecatori-iccj-au-decis-in-unanimitate-atacarea-la-ccr-a-legii-privind-modificarile-la-pensiile-de-serviciu-ale-magistratilor-se-ajunge-ca-un-magistrat-care-ar-indeplinit-conditiile-in-14-ani-acum-va?pdf\" title=\"PDF\"><img decoding=\"async\" src=\"https:\/\/analyse.optim.biz\/wp-content\/uploads\/2025\/12\/pdf-1045.png\" alt=\"pdf\" title=\"pdf-1045\"><\/a> | <a href=\"https:\/\/www.luju.ro\/inalta-curte-demasca-guvernul-motivele-pentru-care-102-judecatori-iccj-au-decis-in-unanimitate-atacarea-la-ccr-a-legii-privind-modificarile-la-pensiile-de-serviciu-ale-magistratilor-se-ajunge-ca-un-magistrat-care-ar-indeplinit-conditiile-in-14-ani-acum-va?print=1\" class=\"external\" title=\"Imprimare\"><img decoding=\"async\" src=\"https:\/\/analyse.optim.biz\/wp-content\/uploads\/2025\/12\/print-1043.png\" alt=\"print\" title=\"print-1043\"><\/a><\/p>\n<div class=\"info flex-container\">\n<div class=\"date\"> 5 December 2025 15:21<\/div>\n<div>Vizualizari: 95830<\/div>\n<\/div>\n<\/section>\n<section id=\"article-body\">\n<section id=\"page\" class=\"cf\">\n<div>\n<p align=\"JUSTIFY\"><span><span><img loading=\"lazy\" decoding=\"async\" height=\"225\" width=\"400\" src=\"https:\/\/analyse.optim.biz\/wp-content\/uploads\/2025\/12\/ilie_bolojan-3.jpg\" title=\"ilie_bolojan-3\">Lumea Justitiei prezinta motivele pentru care Inalta Curte de Casatie si Justitie a decis atacarea la Curtea Constitutionala a Romaniei a legii privind modificarile la pensiile de serviciu ale magistratilor. Este vorba despre <b>sesizarea pentru controlul constitutionalitatii, inainte de promulgare, in ceea ce priveste \u201dLegea pentru modificarea si completarea unor acte normative din domeniul pensiilor de serviciu (PL-x nr. 522\/2025)\u201d<\/b>, <b>sesizare votata in unanimitate vineri, 5 decembrie 2025, de cei 102 de judecatori ICCJ care au participat la sedinta Sectiilor Unite ale instantei supreme<\/b>. <\/span><\/span><\/p>\n<hr>\n<p><span><span><br \/><\/span><\/span><\/p>\n<p align=\"JUSTIFY\"><span><span>Astfel, in sesizarea trimisa la ICCJ, Inalta Curte arata ca legea pentru care <b>Guvernul condus de Ilie Bolojan <span>(foto)<\/span><\/b> si-a angajat raspunderea in Parlament, in 2 decembrie 2025, discrimineaza magistratii fata de alti beneficiari de pensii de serviciu, incalca in mod brutal independenta justitiei si elimina practic pensia de serviciu pentru judecatori si procurori. <\/span><\/span><\/p>\n<p align=\"JUSTIFY\"><span><span>De asemenea, aceeasi lege incalca standardele internationale statuate prin hotararile CJUE si CEDO si incalca deciziile obligatorii ale CCR. <\/span><\/span><\/p>\n<p align=\"JUSTIFY\"><span><span>Nu in ultimul rand, legea privind modificarile la pensiile de serviciu ale magistratilor  utilizeaza termeni ambigui si neclari si prezinta lacune normative, aspecte ce o fac sa fie incompatibila cu standardul de claritate si previzibilitate intr-un stat de drept. <\/span><\/span><\/p>\n<p align=\"JUSTIFY\"><span><span><br \/><\/span><\/span><\/p>\n<p align=\"JUSTIFY\"><span><span><b>Iata comunicatul in care ICCJ explica motivele pentru care a atacat la CCR legea privind pensiile de serviciu ale magistratilor:<\/b><\/span><\/span><\/p>\n<p align=\"JUSTIFY\">\u00a0<\/p>\n<p align=\"JUSTIFY\"><img loading=\"lazy\" decoding=\"async\" height=\"994\" width=\"700\" src=\"https:\/\/analyse.optim.biz\/wp-content\/uploads\/2025\/12\/comunicat_iccj.jpg\" title=\"comunicat_iccj\"><\/p>\n<p align=\"JUSTIFY\"><span><span><br \/><\/span><\/span><\/p>\n<p align=\"JUSTIFY\"><i><span><span>\u201cInalta Curte de Casatie si Justitie in unanimitate a decis sesizarea Curtii Constitutionale a Romaniei pentru controlul constitutionalitatii, inainte de promulgare, in ceea ce priveste: <\/span><\/span><\/i><\/p>\n<p align=\"JUSTIFY\"><i><span><span>Legea pentru modificarea si completarea unor acte normative din domeniul pensiilor de serviciu (PL-x nr. 522\/2025) in raport de prevederile constitutionale ale art. 1 alin. (3) si (5), art. 16 alin. (1), art. 114, art. 124 alin. (3), art. 133 alin. (1), si ale art. 147 alin. (4), precum si ale art. 148 alin. (2) si (4) prin faptul ca: <\/span><\/span><\/i><\/p>\n<p align=\"JUSTIFY\"><span><i><span><b>&#8211; Discrimineaza magistratii fata de alte categorii de beneficiari de pensii de serviciu; <\/b><\/span><\/i><\/span><\/p>\n<p align=\"JUSTIFY\"><span><i><span><b>&#8211; Incalca brutal independenta justitiei; <\/b><\/span><\/i><\/span><\/p>\n<p align=\"JUSTIFY\"><span><i><span><b>&#8211; Elimina de facto pensia de serviciu pentru magistrati; <\/b><\/span><\/i><\/span><\/p>\n<p align=\"JUSTIFY\"><span><i><span><b>&#8211; Incalca standardele internationale statuate prin jurisprudenta CJUE si CEDO; <\/b><\/span><\/i><\/span><\/p>\n<p align=\"JUSTIFY\"><span><i><span><b>&#8211; Incalca caracterul obligatoriu al deciziilor Curtii Constitutionale; <\/b><\/span><\/i><\/span><\/p>\n<p align=\"JUSTIFY\"><span><i><span><b>&#8211; Utilizeaza termeni ambigui si neclari si prezinta lacune normative care fac legea incompatibila cu standardul de claritate si previzibilitate intr-un stat de drept.<\/b><\/span><\/i><\/span><\/p>\n<p align=\"JUSTIFY\"><i><span><span>Analiza a reliefat urmatoarele aspecte care fac solutia normativa supusa analizei incompatibila cu rigorile Constitutiei: <\/span><\/span><\/i><\/p>\n<p align=\"JUSTIFY\">\u00a0<\/p>\n<p align=\"JUSTIFY\"><i><span><span><b>Motivele de neconstitutionalitate extrinseci: <\/b><\/span><\/span><\/i><\/p>\n<p align=\"JUSTIFY\"><i><span><span>I. Caracterul de urgenta a proiectului nu a fost demonstrat sau a fost construit pe o realitate contrafactuala pentru urmatoarele motive: <\/span><\/span><\/i><\/p>\n<p align=\"JUSTIFY\"><i><span><span>a. Invocarea conditionalitatilor Jalonului 215 din PNRR a fost scoasa din context si este neconforma cu realitatea potrivit documentelor comunicate de Comisia Europeana, obiectul nefiind stabilirea modalitatilor de pensionare care fusese apreciat ca indeplinit, ci propunerea initiala privind supraimpozitarea. <\/span><\/span><\/i><\/p>\n<p align=\"JUSTIFY\"><i><span><span>b. Invocarea conditiilor economice care necesita interventia nu a fost justificata de Executiv, lipsind orice fel de date care sa arate impactul economic pentru anii imediat urmatori si care justifica urgenta invocata.<\/span><\/span><\/i><\/p>\n<p align=\"JUSTIFY\"><i><span><span><br \/><\/span><\/span><\/i><\/p>\n<p align=\"JUSTIFY\"><i><span><span><b>Motivele de neconstitutionalitate intrinseci:<\/b><\/span><\/span><\/i><\/p>\n<p align=\"JUSTIFY\"><i><span><span>I. Legea incalca obligatiile constitutionale de claritate a reglementarii pentru asigurarea previzibilitatii si predictibilitatii consacrate de art. 1 alin (3) si (5) din Constitutie. <\/span><\/span><\/i><\/p>\n<p align=\"JUSTIFY\"><i><span><span>a. Legea utilizeaza termeni juridici inexistenti in fondul normativ si nedefiniti in continutul actului legislativ curent, creand neclaritate si imprevizibilitate. <\/span><\/span><\/i><\/p>\n<p align=\"JUSTIFY\"><i><span><span>b. Legea afecteaza principiul securitatii juridice creand in mod cumulativ modificari abrupte ale statutului magistratului, fara o tranzitie reala. <\/span><\/span><\/i><\/p>\n<p align=\"JUSTIFY\"><i><span><span>Astfel contrar discursului public, prin cumularea normelor referitoare la esalonarea varstei de pensionare, esalonarea vechimii in munca si esalonarea eliminarii perioadelor asimilate de vechime in specialitate, 45% dintre magistratii in functie au o crestere brusca la 65 de ani, iar 21% au o crestere brusca la 60-64 de ani. <\/span><\/span><\/i><\/p>\n<p align=\"JUSTIFY\"><i><span><span>II. Legea creeaza discriminare evidenta intre categoriile de pensii de serviciu, fiind net defavorabila magistratilor, desi sunt singurii dintre aceste categorii cu statut garantat constitutional. <\/span><\/span><\/i><\/p>\n<p align=\"JUSTIFY\"><i><span><span>a. La toate celelalte categorii, standardul minim de calcul al cuantumului este de 65% din indemnizatiile brute, la magistrati fiind propus unul mult inferior. <\/span><\/span><\/i><\/p>\n<p align=\"JUSTIFY\"><i><span><span>b. Comparativ cu celelalte categorii de beneficiari ai pensiilor de serviciu numai in cazul magistratilor plafonarea este drastica, respectiv limitata la 70% din venitul net. <\/span><\/span><\/i><\/p>\n<p align=\"JUSTIFY\"><i><span><span>c. Discriminarea este evidenta si nejustificata raportat la motivele invocate in expunerea de motive a Executivului in conditiile in care efortul bugetar pentru plata pensiilor magistratilor este minim raportat la totalul cheltuielilor cu pensiile de serviciu. <\/span><\/span><\/i><\/p>\n<p align=\"JUSTIFY\"><i><span><span>III. Anuleaza de facto pensiile de serviciu, creand pentru magistratii care nu indeplinesc conditiile de pensionare la data intrarii in vigoare a legii, reducerea pana la anulare a caracterului pensiei de serviciu, iar pentru generatiile viitoare va deveni chiar inferioara celei din sistemul public de pensii. <\/span><\/span><\/i><\/p>\n<p align=\"JUSTIFY\"><i><span><span>IV. Legea incalca independenta justitiei raportat la standardele statutului stabilite prin Deciziile CJUE, CEDO si ale CCR. Toate aceste instante au pronuntat decizii exprese si explicite care fac ca solutia legislativa sa fie incompatibila cu garantarea independentei justitiei. <\/span><\/span><\/i><\/p>\n<p align=\"JUSTIFY\"><i><span><span>V. Legea incalca decizii anterioare ale CCR care au sanctionat expres solutii normative identice cu cele cuprinse in proiectul actual si prin aceasta incalca principiul suprematiei Constitutiei si caracterului obligatoriu al deciziilor CCR.<\/span><\/span><\/i><\/p>\n<p align=\"JUSTIFY\">\u00a0<\/p>\n<p align=\"JUSTIFY\"><span><i><span>Sinteza<\/span><\/i><\/span><\/p>\n<p align=\"JUSTIFY\"><span><i><span>In considerentele hotararii au fost retinute in sinteza urmatoarele aspecte: <\/span><\/i><\/span><\/p>\n<p align=\"JUSTIFY\"><span><i><span><br \/><\/span><\/i><\/span><\/p>\n<p align=\"JUSTIFY\"><i><span><span><b>I. Neconstitutionalitatea extrinseca: incalcarea art. 114 din Constitutie, in sensul lipsei urgentei <\/b><\/span><\/span><\/i><\/p>\n<p align=\"JUSTIFY\"><span><i><span><b>Contrar normelor de tehnica legislativa, a standardelor de buna reglementare si cu incalcarea jurisprudentei Curtii Constitutionale, expunerea de motive care insoteste proiectul de act normativ nu ofera o justificare reala pentru modalitatea de adoptare a legii propusa de Guvern. <\/b><\/span><\/i><\/span><\/p>\n<p align=\"JUSTIFY\"><i><span><span>I.1 Invocarea conditionalitatilor impuse de Planul National de Redresare si Rezilienta <\/span><\/span><\/i><\/p>\n<p align=\"JUSTIFY\"><i><span><span>Expunerea de motive a legii face referire la continutul Deciziei nr. 3490 din 28 mai 2025, potrivit caruia, pentru Jalonul 215 este suspendata plata sumei de 213 milioane euro. in aceasta decizie, Comisia Europeana a conditionat Jalonul 215, in principal, de solutia de impozitare, nu de conditiile de pensionare ale magistratilor. <\/span><\/span><\/i><\/p>\n<p align=\"JUSTIFY\"><i><span><span>Aceasta concluzie are in vedere faptul ca dupa intrarea in vigoare a Legii nr. 282\/2023 pentru modificarea si completarea unor acte normative din domeniul pensiilor de serviciu si a Legii nr. 227\/2015 privind Codul fiscal, prin care au fost revizuite conditiile de acordare a pensiilor de serviciu, cat si procedura de impozitare a acestora, Romania a fost evaluata pozitiv, Comisia Europeana apreciind indeplinit Jalonul 215 din cadrul Planului National de Redresare si Rezilienta. <\/span><\/span><\/i><\/p>\n<p align=\"JUSTIFY\"><span><i><span><b>Contrar celor sustinute de initiatorul proiectului de lege, Comisia Europeana nu a criticat dispozitiile ce vizeaza conditiile de pensionare, astfel cum acestea au fost reconfigurate prin actul normativ anterior precizat, confirmand, practic, reglementarea adoptata.<\/b><\/span><\/i><\/span><\/p>\n<p align=\"JUSTIFY\"><i><span><span>Ca urmare a deciziei CCR privind impozitarea, prin care s-a stabilit o rata de inlocuire de 80%, legiuitorul a venit cu modificarea Codului fiscal, fiind modificat prin Legea nr. 141\/2025, in vigoare de la 1 august 2025. Prin aceasta modificare a instituit obligatia de plata pentru pensiile mai mari de 3000 lei a unui impozit de 10% si a CASS de 10%, ajungandu-se astfel la obiectivul Jalonului in acord cu decizia CCR. Aceasta situatie normativa este ulterioara deciziei din mai 2025 si este de natura a complini Jalonul 215 integral, in limitele constitutionale. <\/span><\/span><\/i><\/p>\n<p align=\"JUSTIFY\"><i><span><span><b>I.2 Invocarea argumentelor referitoare la conditiile economice<\/b><\/span><\/span><\/i><\/p>\n<p align=\"JUSTIFY\"><span><i><span><b>Argumentele invocate de Guvern legatura cu situatia economica dificila in care se afla la acest moment Statul roman nu sunt, nici ele, de natura sa justifice urgenta legii, avand in vedere faptul ca, potrivit jurisprudentei Curtii Constitutionale, o motivare bazata pe argumente de natura economica \u201ear putea acredita ideea unei urgente a masurilor in cauza si a necesitatii de adoptare cu celeritate a modificarilor legislative daca ar fi insotita si de o fundamentare, in conformitate cu dispozitiile Legii nr. 24\/2000 privind normele de tehnica legislativa\u201d (paragraful 38 al Deciziei Curtii Constitutionale nr. 29\/2020). <\/b><\/span><\/i><\/span><\/p>\n<p align=\"JUSTIFY\"><span><i><span><b>Expunerea de motive nu contine nicio informatie cu privire la impactul financiar asupra bugetului consolidat pe termen scurt sau lung ori cu privire la veniturile si cheltuielile rezultate din aplicarea solutiilor legislative preconizate. Guvernul nu a aratat cate persoane si in ce cuantum ar urma sa beneficieze de pensii de serviciu in anul urmator sau urmatorii 2 ani si care ar fi impactul bugetar al reducerii, raportat la atingerea adusa statutului, si pentru a cuantifica urgenta raportata efectiv la impactul obtinut si rezultatul pentru redresarea economiei nationale. <\/b><\/span><\/i><\/span><\/p>\n<p align=\"JUSTIFY\"><i><span><span><br \/><\/span><\/span><\/i><\/p>\n<p align=\"JUSTIFY\"><i><span><span><b>II. Motive de neconstitutionalitate intrinseca: <\/b><\/span><\/span><\/i><\/p>\n<p align=\"JUSTIFY\"><i><span><span>II.1 Neconstitutionalitatea legii, ca o consecinta a nerespectarii normelor de tehnica legislativa [incalcarea art. 1 alin. (3) si alin. (5) din Constitutie]<\/span><\/span><\/i><\/p>\n<p align=\"JUSTIFY\"><i><span><span><b>II.1.a) Legea incalca cerintele de claritate si precizie. <\/b><\/span><\/span><\/i><\/p>\n<p align=\"JUSTIFY\"><i><span><span>Ex: utilizarea termenului \u201evechime totala in munca\u201d care nu este definit nicaieri si nici in cuprinsul legii. Termenii legali utilizati si definiti in legislatie pensiilor fiind \u201evechime in munca\u201d, \u201evechime in functie\u201d, \u201evechime in specialitate\u201d si \u201evechime in magistratura\u201d. <\/span><\/span><\/i><\/p>\n<p align=\"JUSTIFY\"><span><i><span><b>Efecte: Neclaritatea generata de utilizarea acestui termen autonom este de natura sa ridice serioase probleme in practica judiciara ulterioara si chiar sa conduca la restrangerea dreptului la pensie, inclusiv in sensul inlaturarii din calculul aferent indeplinirii acestei conditii de deschidere a dreptului la pensie a perioadelor in care persoanele vizate de lege au contribuit in sistemele de pensii neintegrate (de ex. avocatii care au devenit magistrati). <\/b><\/span><\/i><\/span><\/p>\n<p align=\"JUSTIFY\"><i><span><span>Ex: sintagma \u201edata pensionarii\u201d este neclara, creatoare de confuzii, intelesul acesteia fiind imposibil de lamurit pe calea simplei interpretari judiciare. <\/span><\/span><\/i><\/p>\n<p align=\"JUSTIFY\"><span><i><span><b>Efecte: Reglementand ipotezele derogatorii de la una din conditiile de pensionare (cerinta vechimii totale in functie), prin raportare la \u201edata pensionarii\u201d \u2013 ca element de calcul care nu poate fi determinat decat ulterior configurarii certe a tuturor conditiilor impuse pentru nasterea dreptului la pensionare \u2013 legiuitorul a construit, practic, o solutie legislativa improprie din punct de vedere logico-juridic, bazata pe un rationament de tip circular (petitio principii). in acest fel, legea incalca cerinta reglementata de art. 8 alin. (4) din Legea nr. 24\/2000, potrivit careia: \u201e(4) Textul legislativ trebuie sa fie formulat clar, fluent si inteligibil, fara dificultati sintactice si pasaje obscure sau echivoce.\u201d. Hotararea de sesizare dand numeroase exemple in corpul legii care incalca obligatia constitutionala de claritate a legii, statuata unanim in practica Curtii. <\/b><\/span><\/i><\/span><\/p>\n<p align=\"JUSTIFY\"><i><span><span><b>II.1.b) Legea incalca cerintele de predictibilitate, afectand principiul securitatii juridice, corelat cu componenta institutionala a independentei justitiei.<\/b><\/span><\/span><\/i><\/p>\n<p align=\"JUSTIFY\"><i><span><span>Curtea Constitutionala a statut ca modificarea regimului de pensionare poate fi acceptata in anumite conditii, actul normativ prin care se instituie o astfel de masura trebuie sa se situeze in limite legale si sa respecte conditiile de constitutionalitate. <\/span><\/span><\/i><\/p>\n<p align=\"JUSTIFY\"><i><span><span>Prin urmare, fara a nega dreptul legiuitorului de a modifica regimuri juridice preexistente, reiteram neindeplinirea de catre acesta a obligatiei de a stabili prin norme tranzitorii reale si efective o aplicare etapizata a noilor conditii si criterii de acordare a pensiei de serviciu, in conditiile in care acesta a creat un sistem de esalonare a aplicarii conditiilor de pensionare necorelat, neclar si nerezonabil, aspect cu atat mai grav cu cat, chiar in privinta modului de esalonare a aplicarii conditiilor de dobandire a dreptului la pensia de serviciu, Curtea Constitutionala il sanctionase nu cu mult timp inainte, indicandu-i, totodata, prin Decizia nr. 467\/2023, reperele clare de urmat pentru realizarea unei esalonari corecte din punct de vedere constitutional. <\/span><\/span><\/i><\/p>\n<p align=\"JUSTIFY\"><i><span><span>Aceste repere, legiuitorul a ales, insa, sa le ignore din nou, cu incalcarea dispozitiilor art. 147 alin. (4) din Constitutie, sub urmatoarele aspecte: <\/span><\/span><\/i><\/p>\n<p align=\"JUSTIFY\"><i><span><span>i) Esalonarea privind varsta de pensionare (incalca decizia CCR nr. 467\/2023 paragraful 125, afectand principiul securitatii juridice consacrat de art. 1 alin (5) din Constitutie.<\/span><\/span><\/i><\/p>\n<p align=\"JUSTIFY\"><span><i><span><b>In fapt prin cumularea prevederilor din Legea nr. 282\/2023 cu normele din prezenta lege se ajunge ca un magistrat, care ar indeplinit conditiile in 14 ani acum, va indeplini conditiile de pensionare in 31 de ani. <\/b><\/span><\/i><\/span><\/p>\n<p align=\"JUSTIFY\"><i><span><span>Argumentele si statisticile efective extinse au fost cuprinse in textul sesizarii ICCJ pentru a fi avute in vedere de Curtea Constitutionala. <\/span><\/span><\/i><\/p>\n<p align=\"JUSTIFY\"><i><span><span>ii) Neconstitutionalitatea esalonarii varstei de pensionare sub aspectul momentului de inceput.<\/span><\/span><\/i><\/p>\n<p align=\"JUSTIFY\"><span><i><span><b>In contradictie evidenta cu considerentele Curtii Constitutionale din Decizia nr. 467 din 02 august 2023, prezenta lege instituie, prin art. V alin. (5) lit. a), varsta de 49 de ani ca varsta minima de pensionare pana la data de 31 decembrie 2026. <\/b><\/span><\/i><\/span><\/p>\n<p align=\"JUSTIFY\"><i><span><span><span><b>Aceasta solutie legislativa este in mod cert o fictiune juridica lipsita de rationalitate<\/b><\/span>, intrucat, pe de o parte: <\/span><\/span><\/i><\/p>\n<p align=\"JUSTIFY\"><i><span><span>&#8211; cresterea cu 4 luni a varstei minime de pensionare pentru anul 2026 (art. IV din Legea nr. 282\/2023) este abrogata prin art. II din prezenta lege; <\/span><\/span><\/i><\/p>\n<p align=\"JUSTIFY\"><i><span><span>&#8211; expunerea de motive a prezentei legi indica o \u201ecrestere treptata a varstei de pensionare cu cate un an pentru fiecare generatie de magistrati\u201d (pct. 2.3), iar, pe de alta parte, in concret, cresterea varstei minime de pensionare intre anul 2025 si anul 2026 este de 1 an si 4 luni (de la 47 de ani si 8 luni la 49 de ani). <\/span><\/span><\/i><\/p>\n<p align=\"JUSTIFY\"><i><span><span>iii) Esalonarea privind vechimea in munca <\/span><\/span><\/i><\/p>\n<p align=\"JUSTIFY\"><span><i><span><b>Din perspectiva cerintelor de predictibilitate si stabilitate juridica, care alcatuiesc principiul securitatii legislative, reglementarea unei conditii suplimentare de vechime totala in munca de 35 de ani (specifica regimului pensiei de drept comun) dilueaza notiunea de pensie de serviciu a magistratilor, strans legata de conceptul de \u201ecariera in magistratura\u201d, prin preluarea unor elemente specifice stabilirii pensiei in sistemul de drept comun si aplicarea acesteia la regimul juridic al pensiei de serviciu. <\/b><\/span><\/i><\/span><\/p>\n<p align=\"JUSTIFY\"><i><span><span>iv) Esalonarea privind eliminarea perioadelor asimilate <\/span><\/span><\/i><\/p>\n<p align=\"JUSTIFY\"><i><span><span>Legea analizata reglementeaza si o noua procedura de eliminare treptata pana in anul 2035 a vechimilor asimilate. <\/span><\/span><\/i><\/p>\n<p align=\"JUSTIFY\"><span><i><span><b>Astfel, desi o solutie similara a fost sanctionata de Curtea Constitutionala prin Decizia nr. 467\/2023, noul proiect prevede ca la fiecare 2 ani, vechimea asimilata sa se reduca efectiv cu cate 1 an. <\/b><\/span><\/i><\/span><\/p>\n<p align=\"JUSTIFY\"><b><i><span><span>II.2. Legea incalca dispozitiile art. 16 alin. (1) din Constitutie privind principiul egalitatii in drepturi, raportate la art. 47 alin. (2) si art. 124 alin. (3) din Constitutie <\/span><\/span><\/i><\/b><\/p>\n<p align=\"JUSTIFY\"><span><i><span><b>Legea analizata creeaza un regim juridic dezavantajos si discriminatoriu pentru magistrati in privinta dreptului lor la pensie, garantat de art. 47 din Constitutie, in continutul oferit acestui drept la nivel legislativ primar, in raport cu categorii profesionale aflate in situatii similare sau analoage (alti beneficiari ai unor pensii de serviciu). Tratamentul juridic dezavantajos in raport cu alte categorii de beneficiari ai pensiilor de serviciu este cu atat mai grav cu cat, in acord cu cele statuate de Curtea Constitutionala, doar pensia de serviciu a magistratilor beneficiaza de protectie constitutionala, in lumina art. 124 alin. (3) din Constitutie, ca garantie a independentei justitiei. <\/b><\/span><\/i><\/span><\/p>\n<p align=\"JUSTIFY\"><span><i><span><b>Tratamentul diferentiat creat pentru subiectii de drept aflati sub incidenta legii criticate, in raport cu alte categorii de beneficiari ai pensiilor de serviciu rezulta, cel putin, din urmatoarele aspecte: <\/b><\/span><\/i><\/span><\/p>\n<p align=\"JUSTIFY\"><span><i><span><b>&#8211; nicio alta categorie profesionala nu este triplu conditionata (vechime in functie, vechime totala in munca si varsta minima de pensionare) pentru accesarea dreptului la pensie (nici dintre cele carora le este recunoscut beneficiul acordarii unei pensii de serviciu, nici dintre cele care cad sub incidenta Legii nr. 360\/2023); <\/b><\/span><\/i><\/span><\/p>\n<p align=\"JUSTIFY\"><span><i><span><b>&#8211; cuantumul pensiei de serviciu a magistratilor este stabilit prin aplicarea unui procent inferior celui reglementat pentru alte categorii de beneficiari ai pensiilor de serviciu Astfel, in cazul militarilor [potrivit art. 29 alin. (1) lit. a) din Legea nr. 223\/2015] al membrilor corpului diplomatic si consular [potrivit art. 1 alin. (1) din Legea nr. 216\/2015], al functionarilor publici parlamentari [potrivit 731 alin. (3) din Legea nr. 7\/2006] sau al auditorilor Curtii de Conturi [potrivit art. 51 alin. (1) din Legea nr. 94\/1992], cuantumul pensiei este determinat prin aplicarea procentului de 65% la baza de calcul (stabilita prin raportare la veniturile salariale brute), iar al judecatorilor Curtii Constitutionale de 80% din baza de calcul reprezentata de indemnizatia de incadrare bruta lunara si sporurile avute [potrivit art. 71 alin. (1) din Legea nr. 47\/1992]. <\/b><\/span><\/i><\/span><\/p>\n<p align=\"JUSTIFY\"><span><i><span><b>&#8211; pragul maxim stabilit de lege pentru cuantumul pensiei de serviciu a magistratilor este cel de 70% din venitul net avut in ultima luna de activitate inainte de data pensionarii. in schimb, alte categorii de beneficiari ai pensiilor de serviciu fie nu sunt limitate la un maxim, fie beneficiaza de un prag mult mai ridicat (de exemplu, militarii beneficiaza, in temeiul art. 30 din Legea nr. 223\/2015, de un maxim de 85% din baza de calcul, stabilita prin raportare la veniturile salariale brute). <\/b><\/span><\/i><\/span><\/p>\n<p align=\"JUSTIFY\"><span><i><span><b>&#8211; penalizarea pentru fiecare an care lipseste din vechimea maxima in functie aplicata magistratilor care, la implinirea varstei de 65 de ani, pot beneficia de pensia de serviciu daca indeplinesc conditia unei vechimi totale in munca de minim 35 de ani, dintre care intre 20 si 25 de ani realizata numai in functiile prevazute de lege, este stabilita la nivel dublu in raport cu alte categorii de beneficiari carora li se recunoaste un beneficiu legal similar. Astfel, in cazul magistratilor, potrivit art. I pct. 2 din lege (cu referire la art. 211 alin. (3) din Legea nr. 303\/2022), cuantumul pensiei este micsorat cu 2% din baza de calcul pentru fiecare an care lipseste din vechimea de 25 de ani in functiile prevazute de lege. in acelasi timp, in situatia similara a militarilor, art. 29 alin. (2) din Legea nr. 223\/2015 prevede ca: \u201e(2) De pensie de serviciu beneficiaza si militarii, politistii si functionarii publici cu statut special, in conditiile legii, cu o vechime cumulata de pana la 25 de ani, cuantumul pensiei fiind diminuat cu 1% din baza de calcul prevazuta la art. 28 pentru fiecare an care lipseste din aceasta vechime.\u201d <\/b><\/span><\/i><\/span><\/p>\n<p align=\"JUSTIFY\"><span><i><span><b>&#8211; pentru nicio alta etapizare a cresterii varstei de pensionare realizata prin actele normative adoptate pana in prezent, fie ca este vorba de sistemul public de pensionare, fie de sisteme speciale de pensionare, nu au fost avute vreodata in vedere perioade precum cele propuse prin norma analizata (cresterea varstei de pensionare cu 17 ani intr-un interval temporal de 16 ani). Dimpotriva, au fost prevazute perioade mult mai mari pentru tranzitie, care au permis, spre exemplu, cresterea varstei standard de pensionare pentru barbati cu 3 ani intr-un interval temporal de 15 ani, respectiv cresterea varstei standard de pensionare pentru femei cu 5 ani intr-un interval temporal de 20 ani, in cazul sistemului public de pensii ori cresterea varstei standard de pensionare cu 4 ani intr-un interval temporal de 15 ani, in cazul anexei nr. 1 la Legea nr. 223\/2015 privind pensiile militare de stat. <\/b><\/span><\/i><\/span><\/p>\n<p align=\"JUSTIFY\"><span><i><span><b>In concluzie, raportat la cele mai sus aratate, se poate observa faptul ca modalitatea de reglementare a pensiei de serviciu in cazul magistratilor genereaza evidente situatii de inechitate si discriminare comparativ cu celelalte categorii sociale, beneficiare de pensie de serviciu. <\/b><\/span><\/i><\/span><\/p>\n<p align=\"JUSTIFY\"><i><span><span><b>Lipsa unei justificari rezonabile si obiective <\/b><\/span><\/span><\/i><\/p>\n<p align=\"JUSTIFY\"><i><span><span>In Expunerea de motive a legii principala justificare a diminuarii drastice a pensiilor de serviciu a magistratilor are un caracter general, vizand necesitatea imperioasa a reducerii cheltuielilor cu pensiile, bugetul de stat fiind in situatia de a nu le mai putea sustine la nivelul actual. <\/span><\/span><\/i><\/p>\n<p align=\"JUSTIFY\"><span><i><span><b>In argumentarea generica a legii, lipsita de o fundamentare bazata pe cifre, care sa ofere o evidentiere clara si completa a impactului financiar al noii reglementari in planul economiilor bugetare, Guvernul omite sa precizeze datele financiare care ar fi putut oferi imaginea relevanta pentru analiza eventualului caracter obiectiv al restrictionarii dreptului la pensia de serviciu a magistratilor. <\/b><\/span><\/i><\/span><\/p>\n<p align=\"JUSTIFY\"><span><i><span><b>In sistemul pensiilor de serviciu, din totalul de peste 200.000 de beneficiari ai pensiilor de serviciu, 90% apartin sistemului de aparare si ordine publica (aproximativ 190.000 de persoane, militari, politisti, ofiteri SRI, SIE, SPP, functionari publici cu statut special, jandarmi, etc.), iar peste 10.000 apartin celorlalte categorii profesionale (magistrati, grefieri, functionari publici parlamentari, membri ai Corpului Diplomatic si Consular al Romaniei, personal aeronautic civil navigant si personalul Curtii de Conturi). <\/b><\/span><\/i><\/span><\/p>\n<p align=\"JUSTIFY\"><span><i><span><b>Pentru plata drepturilor tuturor categoriilor de beneficiari ai pensiilor de serviciu (inclusiv ale magistratilor, dar altele decat cele ale sistemului de aparare si ordine publica), bugetul necesar a fost de 2,2 miliarde de lei. <\/b><\/span><\/i><\/span><\/p>\n<p align=\"JUSTIFY\"><span><i><span><b>Bugetul total alocat pentru plata pensiilor militare in 2024 a depasit 14 miliarde de lei. Cea mai mare parte a acestei sume este alocata de MAI, cu un buget de peste 7,36 miliarde de lei, urmat de MApN cu peste 5,5 miliarde de lei si SRI, cu peste 1,08 miliarde de lei. <\/b><\/span><\/i><\/span><\/p>\n<p align=\"JUSTIFY\"><span><i><span><b>Expunerea de motive este mai degraba destinata comunicarii publice a unui narativ neadevarat decat a fundamentarii oficiale si riguroase a necesitatii modificarii cadrului legal doar in ce priveste pe magistrati. <\/b><\/span><\/i><\/span><\/p>\n<p align=\"JUSTIFY\"><span><i><span><b>Pe de alta parte Jalonul 215 nu privea doar pe magistrati, care par sa fie tinta nesustinuta de date pentru atacul la autoritatea judecatoreasca. <\/b><\/span><\/i><\/span><\/p>\n<p align=\"JUSTIFY\"><i><span><span><b>II. 3 Legea incalca dispozitiile art. 124 alin.(3) din Constitutie privind independenta justitiei coroborate cu cele ale art. 147 alin. (4) privind obligativitatea deciziilor Curtii Constitutionale si ale art. 148 alin. (2) si alin. (4) privind prioritatea dreptului Uniunii Europene, fiind afectata componenta functionala\/institutionala a principiului independentei justitiei in substanta sa <\/b><\/span><\/span><\/i><\/p>\n<p align=\"JUSTIFY\"><i><span><span>Independenta justitiei reprezinta in lumina jurisprudentei europene dar si a celei nationale, un element structural esential al statului de drept. <\/span><\/span><\/i><\/p>\n<p align=\"JUSTIFY\"><span><i><span><b>Garantiile pe care statul este dator sa le ofere respectarii principiului independentei justitiei &#8211; intre care se numara si pensia de serviciu a magistratilor &#8211; nu reprezinta favoruri sau privilegii acordate magistratilor, ci ele slujesc binelui general concretizat in valori precum libertatea, demnitatea, democratia, care desi nu au asociata in mod direct o valoare economica, depasesc prin importanta aspecte variabile si temporare, insa cuantificabile din punct de vedere material. <\/b><\/span><\/i><\/span><\/p>\n<p align=\"JUSTIFY\"><i><span><span>In realitate, raportat la efectele avute pe termen lung asupra sistemului de justitie a masurii luate de Guvern si avand in vedere caracterul deopotriva general al principiilor puse in balanta, analiza ceruta instantei constitutionale presupune o ordonare din punctul de vedere al importantei oferite de societate, prin institutiile sale, propriilor valori. <\/span><\/span><\/i><\/p>\n<p align=\"JUSTIFY\"><i><span><span>Hotararea Sectiilor unite prezinta deciziiele CJUE, CEDO dar si jurisprudenta CCR care evidentiaza fara echivoc caracterul neconstitutional al solutiilor normative propuse. <\/span><\/span><\/i><\/p>\n<p align=\"JUSTIFY\"><i><span><span><b>II.4 Eliminarea de facto a pensiilor de serviciu pentru generatiile viitoare de magistrati. <\/b><\/span><\/span><\/i><\/p>\n<p align=\"JUSTIFY\"><span><i><span><b>Anuleaza de facto pensiile de serviciu, creand pentru magistratii care nu indeplinesc conditiile de pensionare la data intrarii in vigoare a legii, reducerea pana la anulare a caracterului pensiei de serviciu, iar pentru generatiile viitoare va deveni chiar inferioara celei din sistemul public de pensii. Argumentele circumscrise acestei critici sunt expuse pe larg in cuprinsul sesizarii ICCJ. <\/b><\/span><\/i><\/span><\/p>\n<p align=\"JUSTIFY\"><i><span><span><b>II.5 Neconstitutionalitatea prevederilor art. V alin. (6) din proiectul de lege ce incalca dispozitiile art. 1 alin. (3) si (5), ale art. 16 si art. 124 alin. (3) cu referire la art. 147 alin. (4) si art. 148 alin. (2) din Constitutia Romaniei, republicata, in privinta modalitatii de actualizare a pensiei de serviciu in functie de indicele de inflatie <\/b><\/span><\/span><\/i><\/p>\n<p align=\"JUSTIFY\"><i><span><span><b><span>Hotararea Sectiilor unite ale Inaltei Curti de Casatie si Justitie expune in concret incompatibilitatea solutiilor normative identificate de Executiv raportate la decizii anterioare exprese, raportate la respectivele prevederi, ceea ce incalca in procesul de legiferare caracterul obligatoriu al deciziilor CCR<\/span><\/b>\u201d. <\/span><\/span><\/i><\/p>\n<p align=\"JUSTIFY\"><span><span><br \/><\/span><\/span><\/p>\n<p align=\"JUSTIFY\"><a target=\"_blank\" href=\"https:\/\/www.luju.ro\/static\/files\/2025\/decembrie\/05\/comunicat_sesizare_CCR_5_decembrie_2025.pdf\"><span><span><b>* Cititi aici comunicatul ICCJ privind atacarea la CCR a legii privind pensiile de serviciu ale magistratilor<\/b><\/span><\/span><\/a><\/p>\n<\/div>\n<\/section>\n<\/section>\n<section id=\"comments-boxes\">\n<div class=\"heading\">\n<h2>Comentarii<\/h2>\n<\/div>\n<div class=\"comment\" id=\"comentariu-385259\">\n<div class=\"commentBody\">\n<div class=\"commentDate\">\n<p class=\"comment-details cf\"><span class=\"comment-id\"><br \/>\n\t\t\t\t\t\t\t\t#<br \/>\n\t\t\t\t\t\t\t\t<strong>gogu pintenogu<\/strong><img decoding=\"async\" src=\"https:\/\/analyse.optim.biz\/wp-content\/uploads\/2025\/12\/calendar-878.png\" alt=\"date\" title=\"calendar-878\"><br \/>\n\t\t\t\t\t\t\t\t 5 December 2025 16:00<br \/>\n\t\t\t\t\t\t\t<\/span><span class=\"comment-quality cf\"><span class=\"green\">+50<\/span><\/span><\/p>\n<\/div>\n<div class=\"commentContent\">Premierul Shrek si concubina Fiona s-au dus la Viena s\u0103  rezolve interesele multina\u021bionalelor din energie. La revenire c\u0103pc\u0103unul se face scut pentru incompetenta sinistr\u0103 Buzoianu. <\/div>\n<ul class=\"cf cactions\">\n<li><a class=\"comment-385259\" href rel=\"raspunde\" title=\"Raspunde\">Raspunde<\/a><\/li>\n<li>|<\/li>\n<li><a href class=\"comment-385259\" rel=\"raspunde-citeaza\" title=\"Raspunde cu citat\">Raspunde cu citat<\/a><\/li>\n<li>|<\/li>\n<li><a href class=\"comment-385259\" title=\"Citat\" rel=\"citeaza\">Citat<\/a><\/li>\n<\/ul>\n<\/div>\n<\/div>\n<div class=\"comment\" id=\"comentariu-385269\">\n<div class=\"commentBody\">\n<div class=\"commentDate\">\n<p class=\"comment-details cf\"><span class=\"comment-id\"><br \/>\n\t\t\t\t\t\t\t\t#<br \/>\n\t\t\t\t\t\t\t\t<strong>Vasile<\/strong><img decoding=\"async\" src=\"https:\/\/analyse.optim.biz\/wp-content\/uploads\/2025\/12\/calendar-878.png\" alt=\"date\" title=\"calendar-878\"><br \/>\n\t\t\t\t\t\t\t\t 5 December 2025 18:48<br \/>\n\t\t\t\t\t\t\t<\/span><span class=\"comment-quality cf\"><span class=\"red\">-40<\/span><\/span><\/p>\n<\/div>\n<div class=\"commentContent\">Alo, zeilor, c\u00e2nd avea\u021bi 85%din  brut fata de 65%  cat aveau celelalte  categorii  de beneficiari de pensii de serviciu de ce nu a\u021bi contestat?Dar cad ave\u021bi salariile de N ori mai mari dec\u00e2t ceilal\u021bi beneficiari de pensii de serviciu  de ce nu contesta\u021bi ?Nu va e ru\u0219ine.Nu  va mai satura\u021bi!<\/div>\n<ul class=\"cf cactions\">\n<li><a class=\"comment-385269\" href rel=\"raspunde\" title=\"Raspunde\">Raspunde<\/a><\/li>\n<li>|<\/li>\n<li><a href class=\"comment-385269\" rel=\"raspunde-citeaza\" title=\"Raspunde cu citat\">Raspunde cu citat<\/a><\/li>\n<li>|<\/li>\n<li><a href class=\"comment-385269\" title=\"Citat\" rel=\"citeaza\">Citat<\/a><\/li>\n<\/ul>\n<\/div>\n<\/div>\n<div class=\"comment\" id=\"comentariu-385271\">\n<div class=\"commentBody\">\n<div class=\"commentDate\">\n<p class=\"comment-details cf\"><span class=\"comment-id\"><br \/>\n\t\t\t\t\t\t\t\t#<br \/>\n\t\t\t\t\t\t\t\t<strong>pai, 27 ani a fost pe invers<\/strong><img decoding=\"async\" src=\"https:\/\/analyse.optim.biz\/wp-content\/uploads\/2025\/12\/calendar-878.png\" alt=\"date\" title=\"calendar-878\"><br \/>\n\t\t\t\t\t\t\t\t 5 December 2025 18:57<br \/>\n\t\t\t\t\t\t\t<\/span><span class=\"comment-quality cf\"><span class=\"green\">+88<\/span><\/span><\/p>\n<\/div>\n<div class=\"commentContent\">nu se compenseaza ?<\/div>\n<ul class=\"cf cactions\">\n<li><a class=\"comment-385271\" href rel=\"raspunde\" title=\"Raspunde\">Raspunde<\/a><\/li>\n<li>|<\/li>\n<li><a href class=\"comment-385271\" rel=\"raspunde-citeaza\" title=\"Raspunde cu citat\">Raspunde cu citat<\/a><\/li>\n<li>|<\/li>\n<li><a href class=\"comment-385271\" title=\"Citat\" rel=\"citeaza\">Citat<\/a><\/li>\n<\/ul>\n<\/div>\n<\/div>\n<div class=\"comment\" id=\"comentariu-385280\">\n<div class=\"commentBody\">\n<div class=\"commentDate\">\n<p class=\"comment-details cf\"><span class=\"comment-id\"><br \/>\n\t\t\t\t\t\t\t\t#<br \/>\n\t\t\t\t\t\t\t\t<strong>om de bine<\/strong><img decoding=\"async\" src=\"https:\/\/analyse.optim.biz\/wp-content\/uploads\/2025\/12\/calendar-878.png\" alt=\"date\" title=\"calendar-878\"><br \/>\n\t\t\t\t\t\t\t\t 5 December 2025 19:50<br \/>\n\t\t\t\t\t\t\t<\/span><span class=\"comment-quality cf\"><span class=\"green\">+75<\/span><\/span><\/p>\n<\/div>\n<div class=\"commentContent\">Acest troglodit patentat trebuie sa dispara din fruntea guvernului.Daca alegerile de duminica pt Bucuresti nu vor clarifica situatia generala a tarii, atunci chiar suntem pierduti sub cupola celor doi habarnisti si impostori consacrati.Sper ca in ultimul ceas CCR sa respinga legea acestui trist si in acelasi timp sa-si dea seama ca nu poate sa mearga din greseala in greseala, cu referire la ceea ce s-a intamplat anul trecut cu alegerile.Varianta finala este ca daca CCR accepta aceasta mizerie de lege, magistratii trebuie sa initieze protestul general pe perioada nedeterminata, sa sesizeze toate forurile europene si implicit PICCJ sa demareze actiuni pentru clarificarea tuturor actiunilor intreprinse de acest guvern si implicit de presedinte.Stimati magistrati,sa nu va fie frica, luptati pana la capat ca veti invinge, si o data castigata aceasta batalie cu politicul veti primi recunostinta cuvenita.Daca voi ca putere a statului clacati, atunci democratia e pierduta pt Romania. Succes!\u2764<\/div>\n<ul class=\"cf cactions\">\n<li><a class=\"comment-385280\" href rel=\"raspunde\" title=\"Raspunde\">Raspunde<\/a><\/li>\n<li>|<\/li>\n<li><a href class=\"comment-385280\" rel=\"raspunde-citeaza\" title=\"Raspunde cu citat\">Raspunde cu citat<\/a><\/li>\n<li>|<\/li>\n<li><a href class=\"comment-385280\" title=\"Citat\" rel=\"citeaza\">Citat<\/a><\/li>\n<\/ul>\n<\/div>\n<\/div>\n<div class=\"comment\" id=\"comentariu-385292\">\n<div class=\"commentBody\">\n<div class=\"commentDate\">\n<p class=\"comment-details cf\"><span class=\"comment-id\"><br \/>\n\t\t\t\t\t\t\t\t#<br \/>\n\t\t\t\t\t\t\t\t<strong>da 27 ani cati ati fost privilegiati fata de fraieri _<\/strong><img decoding=\"async\" src=\"https:\/\/analyse.optim.biz\/wp-content\/uploads\/2025\/12\/calendar-878.png\" alt=\"date\" title=\"calendar-878\"><br \/>\n\t\t\t\t\t\t\t\t 5 December 2025 21:11<br \/>\n\t\t\t\t\t\t\t<\/span><span class=\"comment-quality cf\"><span class=\"green\">+53<\/span><\/span><\/p>\n<\/div>\n<div class=\"commentContent\">aaa! aia nu se pune <\/div>\n<ul class=\"cf cactions\">\n<li><a class=\"comment-385292\" href rel=\"raspunde\" title=\"Raspunde\">Raspunde<\/a><\/li>\n<li>|<\/li>\n<li><a href class=\"comment-385292\" rel=\"raspunde-citeaza\" title=\"Raspunde cu citat\">Raspunde cu citat<\/a><\/li>\n<li>|<\/li>\n<li><a href class=\"comment-385292\" title=\"Citat\" rel=\"citeaza\">Citat<\/a><\/li>\n<\/ul>\n<\/div>\n<\/div>\n<div class=\"comment\" id=\"comentariu-385306\">\n<div class=\"commentBody\">\n<div class=\"commentDate\">\n<p class=\"comment-details cf\"><span class=\"comment-id\"><br \/>\n\t\t\t\t\t\t\t\t#<br \/>\n\t\t\t\t\t\t\t\t<strong>Retardanis<\/strong><img decoding=\"async\" src=\"https:\/\/analyse.optim.biz\/wp-content\/uploads\/2025\/12\/calendar-878.png\" alt=\"date\" title=\"calendar-878\"><br \/>\n\t\t\t\t\t\t\t\t 6 December 2025 05:28<br \/>\n\t\t\t\t\t\t\t<\/span><span class=\"comment-quality cf\"><span class=\"red\">-16<\/span><\/span><\/p>\n<\/div>\n<div class=\"commentContent\">Are dreptate ICCJ si spune clar care este problema: pensiile de serviciu (ce nume&#8230;, deh trebuia numita cumva smecheria asta). Nu trebuie sa existe astfel de pensii, se incalca faptul ca cetatenii sunt egali in fata legii. Guvernul vrea sa repare o nedreptate cu alta, cand poate sa anuleze sau atace el la CCR legea asta.<\/div>\n<ul class=\"cf cactions\">\n<li><a class=\"comment-385306\" href rel=\"raspunde\" title=\"Raspunde\">Raspunde<\/a><\/li>\n<li>|<\/li>\n<li><a href class=\"comment-385306\" rel=\"raspunde-citeaza\" title=\"Raspunde cu citat\">Raspunde cu citat<\/a><\/li>\n<li>|<\/li>\n<li><a href class=\"comment-385306\" title=\"Citat\" rel=\"citeaza\">Citat<\/a><\/li>\n<\/ul>\n<\/div>\n<\/div>\n<div class=\"comment\" id=\"comentariu-385308\">\n<div class=\"commentBody\">\n<div class=\"commentDate\">\n<p class=\"comment-details cf\"><span class=\"comment-id\"><br \/>\n\t\t\t\t\t\t\t\t#<br \/>\n\t\t\t\t\t\t\t\t<strong>santinela<\/strong><img decoding=\"async\" src=\"https:\/\/analyse.optim.biz\/wp-content\/uploads\/2025\/12\/calendar-878.png\" alt=\"date\" title=\"calendar-878\"><br \/>\n\t\t\t\t\t\t\t\t 6 December 2025 07:08<br \/>\n\t\t\t\t\t\t\t<\/span><span class=\"comment-quality cf\"><span class=\"green\">+47<\/span><\/span><\/p>\n<\/div>\n<div class=\"commentContent\">Ciumpalacii vor o &#8220;esalonare pe 102&#8221; ani pana la iesirea la pensie,asta ca sa fie predictibila ,iar chestia cu 70 % este corecta fiindca aveti un venit net urias . De data aceasta nu cred ca cei de la CCR vor declara legea neconstitutionala . <\/div>\n<ul class=\"cf cactions\">\n<li><a class=\"comment-385308\" href rel=\"raspunde\" title=\"Raspunde\">Raspunde<\/a><\/li>\n<li>|<\/li>\n<li><a href class=\"comment-385308\" rel=\"raspunde-citeaza\" title=\"Raspunde cu citat\">Raspunde cu citat<\/a><\/li>\n<li>|<\/li>\n<li><a href class=\"comment-385308\" title=\"Citat\" rel=\"citeaza\">Citat<\/a><\/li>\n<\/ul>\n<\/div>\n<\/div>\n<div class=\"comment\" id=\"comentariu-385311\">\n<div class=\"commentBody\">\n<div class=\"commentDate\">\n<p class=\"comment-details cf\"><span class=\"comment-id\"><br \/>\n\t\t\t\t\t\t\t\t#<br \/>\n\t\t\t\t\t\t\t\t<strong>Adrian<\/strong><img decoding=\"async\" src=\"https:\/\/analyse.optim.biz\/wp-content\/uploads\/2025\/12\/calendar-878.png\" alt=\"date\" title=\"calendar-878\"><br \/>\n\t\t\t\t\t\t\t\t 6 December 2025 09:09<br \/>\n\t\t\t\t\t\t\t<\/span><span class=\"comment-quality cf\"><span class=\"green\">+139<\/span><\/span><\/p>\n<\/div>\n<div class=\"commentContent\">Atunci c\u00e2nd a fost m\u0103rit\u0103 v\u00e2rsta de pensionare de la 60 la 65 de ani nu a mai fost ne legal, c\u00e2nd pensiile nu au mai fost indexate conform legii etc nu al auzit c\u0103 ICCJ sa se autosesizeze \u0219i s\u0103 fac\u0103 contesta\u021bie, deci nu degeaba cet\u0103\u021benii sunt deranja\u021bi de aceast\u0103 breasl\u0103.<\/div>\n<ul class=\"cf cactions\">\n<li><a class=\"comment-385311\" href rel=\"raspunde\" title=\"Raspunde\">Raspunde<\/a><\/li>\n<li>|<\/li>\n<li><a href class=\"comment-385311\" rel=\"raspunde-citeaza\" title=\"Raspunde cu citat\">Raspunde cu citat<\/a><\/li>\n<li>|<\/li>\n<li><a href class=\"comment-385311\" title=\"Citat\" rel=\"citeaza\">Citat<\/a><\/li>\n<\/ul>\n<\/div>\n<\/div>\n<div class=\"comment\" id=\"comentariu-385313\">\n<div class=\"commentBody\">\n<div class=\"commentDate\">\n<p class=\"comment-details cf\"><span class=\"comment-id\"><br \/>\n\t\t\t\t\t\t\t\t#<br \/>\n\t\t\t\t\t\t\t\t<strong>Ioana M.<\/strong><img decoding=\"async\" src=\"https:\/\/analyse.optim.biz\/wp-content\/uploads\/2025\/12\/calendar-878.png\" alt=\"date\" title=\"calendar-878\"><br \/>\n\t\t\t\t\t\t\t\t 6 December 2025 09:25<br \/>\n\t\t\t\t\t\t\t<\/span><span class=\"comment-quality cf\"><span class=\"red\">-36<\/span><\/span><\/p>\n<\/div>\n<div class=\"commentContent\">In loc sa &#8220;ajusteze&#8221; indemnizatiile, de zeci ! de mii de euro, celor ce manageriaza companiile de stat, in functie de beneficiul realizat, Guvernul ia tot de la cei care muncesc din greu.<br \/>\nInsa, doamna Gheorghiu a anuntat ca,probabil, va vinde CFR marfa, urmeaza Tarom&#8230;si alte companii de interes strategic.<br \/>\nSa schimbe managerii, sa reduca indemnizatiile,nu s-a gandit?<\/div>\n<ul class=\"cf cactions\">\n<li><a class=\"comment-385313\" href rel=\"raspunde\" title=\"Raspunde\">Raspunde<\/a><\/li>\n<li>|<\/li>\n<li><a href class=\"comment-385313\" rel=\"raspunde-citeaza\" title=\"Raspunde cu citat\">Raspunde cu citat<\/a><\/li>\n<li>|<\/li>\n<li><a href class=\"comment-385313\" title=\"Citat\" rel=\"citeaza\">Citat<\/a><\/li>\n<\/ul>\n<\/div>\n<\/div>\n<div class=\"comment\" id=\"comentariu-385314\">\n<div class=\"commentBody\">\n<div class=\"commentDate\">\n<p class=\"comment-details cf\"><span class=\"comment-id\"><br \/>\n\t\t\t\t\t\t\t\t#<br \/>\n\t\t\t\t\t\t\t\t<strong>Bc<\/strong><img decoding=\"async\" src=\"https:\/\/analyse.optim.biz\/wp-content\/uploads\/2025\/12\/calendar-878.png\" alt=\"date\" title=\"calendar-878\"><br \/>\n\t\t\t\t\t\t\t\t 6 December 2025 09:45<br \/>\n\t\t\t\t\t\t\t<\/span><span class=\"comment-quality cf\"><span class=\"red\">-119<\/span><\/span><\/p>\n<\/div>\n<div class=\"commentContent\">Argumentarea este corect\u0103. Atacul asupra Justi\u021biei este evident.<br \/>\nDe ce sunt \u00een situa\u021bia asta? Pentru c\u0103 cei care atac\u0103 acum au &#8220;agresat&#8221; \u00een trecut celelalte pensii de serviciu, iar Justi\u021bia &#8220;le-a dat \u021binut partea&#8221;.<\/div>\n<ul class=\"cf cactions\">\n<li><a class=\"comment-385314\" href rel=\"raspunde\" title=\"Raspunde\">Raspunde<\/a><\/li>\n<li>|<\/li>\n<li><a href class=\"comment-385314\" rel=\"raspunde-citeaza\" title=\"Raspunde cu citat\">Raspunde cu citat<\/a><\/li>\n<li>|<\/li>\n<li><a href class=\"comment-385314\" title=\"Citat\" rel=\"citeaza\">Citat<\/a><\/li>\n<\/ul>\n<\/div>\n<\/div>\n<div class=\"comment\" id=\"comentariu-385322\">\n<div class=\"commentBody\">\n<div class=\"commentDate\">\n<p class=\"comment-details cf\"><span class=\"comment-id\"><br \/>\n\t\t\t\t\t\t\t\t#<br \/>\n\t\t\t\t\t\t\t\t<strong>Dana<\/strong><img decoding=\"async\" src=\"https:\/\/analyse.optim.biz\/wp-content\/uploads\/2025\/12\/calendar-878.png\" alt=\"date\" title=\"calendar-878\"><br \/>\n\t\t\t\t\t\t\t\t 6 December 2025 12:28<br \/>\n\t\t\t\t\t\t\t<\/span><span class=\"comment-quality cf\"><span class=\"red\">-144<\/span><\/span><\/p>\n<\/div>\n<div class=\"commentContent\">Domnilor nu mai blama\u021bi aiurea justitia ca este totu\u0219i o putere in stat \u0219i f\u0103r\u0103 ea nu pute\u021bi. De ce c\u00e2nd va ia permisul fugi\u021bi la justitie?de ce c\u00e2nd ave\u021bi o problema fugi\u021bi la justitie?voi habar nu ave\u021bi c\u00e2ta munca este intr-o instan\u021ba. Cu c\u00e2te dosare intra un judecator,\u0219i apoi dosarele penale sunt cam 20% din activitate unei Instan\u021be ,sunt dosare civile,comerciale, faliment,administrativ \u0219i fiscal etc.salariile nu sunt mari in compara\u021bie cu parlamentarii care au ffff multe beneficii pe l\u00e2ng\u0103 indemniza\u021bie, au sumele forfetare de care nu dau socoteala,au transport gratuit, au case de protocol,\u0219i munca nimic,vin ,dac\u0103 vin 2 ore pe saptamana, de ei de ce nu vorbi\u021bi.V-au sp\u0103lat pe creier Antena 3 r\u0103spopitul G\u00e2dea? De servicii de ce nu vorbi\u021bi sa vede\u021bi ce pensii au \u0219i ce salarii \u0219i alte beneficii au.Va doresc , ce a\u021bi votat <\/div>\n<ul class=\"cf cactions\">\n<li><a class=\"comment-385322\" href rel=\"raspunde\" title=\"Raspunde\">Raspunde<\/a><\/li>\n<li>|<\/li>\n<li><a href class=\"comment-385322\" rel=\"raspunde-citeaza\" title=\"Raspunde cu citat\">Raspunde cu citat<\/a><\/li>\n<li>|<\/li>\n<li><a href class=\"comment-385322\" title=\"Citat\" rel=\"citeaza\">Citat<\/a><\/li>\n<\/ul>\n<\/div>\n<\/div>\n<div class=\"comment\" id=\"comentariu-385324\">\n<div class=\"commentBody\">\n<div class=\"commentDate\">\n<p class=\"comment-details cf\"><span class=\"comment-id\"><br \/>\n\t\t\t\t\t\t\t\t#<br \/>\n\t\t\t\t\t\t\t\t<strong>Mary<\/strong><img decoding=\"async\" src=\"https:\/\/analyse.optim.biz\/wp-content\/uploads\/2025\/12\/calendar-878.png\" alt=\"date\" title=\"calendar-878\"><br \/>\n\t\t\t\t\t\t\t\t 6 December 2025 13:05<br \/>\n\t\t\t\t\t\t\t<\/span><span class=\"comment-quality cf\"><span class=\"gray\">0<\/span><\/span><\/p>\n<\/div>\n<div class=\"commentContent\">Buna ziua! De pensiile celor care nu au muncit niciodat\u0103, dar erau apti, nu comenta\u021bi? De faptul c\u0103 magistra\u021bii pun egal \u00eentre ei \u0219i militari, c\u00e2nd militarii au mai multe incompatibilit\u0103\u021bi \u0219i au sokde \u0219i pl\u0103tesc acelea\u0219i re\u021bineri c\u0103tre stat, dar care se duc la stat,  la pensii militare, spre deosebire de  magistra\u021bi, care le au par\u021bial faptic necontributive \u0219i c\u00e2nd sunt lua\u021bi \u00een vizor, se leag\u0103 de militari, nu va informa\u021bi corect? \u0218i poate \u00eemi explica\u021bi \u0219i mie cum  e cu egalitatea \u0219i nediscriminarea, c\u00e2nd nici un civil nu are restric\u021bii legale impuse prin lege \u0219i  legal, specific, iese la pensie, nu este trecut \u00een rezerv\u0103, ca militarii.  Unde vede\u021bi egalitatea? Asista\u021bii sociali apti de munca, primesc in jur de 4000 de lei ajutoare de tot felul, iar voi to\u021bi sariti in capul militarilor, vre\u021bi s\u0103 fi\u021bi egali numai la drepturi, nu \u0219i la obliga\u021bii.  <\/div>\n<ul class=\"cf cactions\">\n<li><a class=\"comment-385324\" href rel=\"raspunde\" title=\"Raspunde\">Raspunde<\/a><\/li>\n<li>|<\/li>\n<li><a href class=\"comment-385324\" rel=\"raspunde-citeaza\" title=\"Raspunde cu citat\">Raspunde cu citat<\/a><\/li>\n<li>|<\/li>\n<li><a href class=\"comment-385324\" title=\"Citat\" rel=\"citeaza\">Citat<\/a><\/li>\n<\/ul>\n<\/div>\n<\/div>\n<div class=\"comment\" id=\"comentariu-385325\">\n<div class=\"commentBody\">\n<div class=\"commentDate\">\n<p class=\"comment-details cf\"><span class=\"comment-id\"><br \/>\n\t\t\t\t\t\t\t\t#<br \/>\n\t\t\t\t\t\t\t\t<strong>Pdv<\/strong><img decoding=\"async\" src=\"https:\/\/analyse.optim.biz\/wp-content\/uploads\/2025\/12\/calendar-878.png\" alt=\"date\" title=\"calendar-878\"><br \/>\n\t\t\t\t\t\t\t\t 6 December 2025 13:05<br \/>\n\t\t\t\t\t\t\t<\/span><span class=\"comment-quality cf\"><span class=\"green\">+32<\/span><\/span><\/p>\n<\/div>\n<div class=\"commentContent\">Pensiile militare sunt integral contributive (a se vedea art. 31 din Legea nr.223\/2015 \u0219i art. 141 lit. c) din Legea nr.227\/2015 privind Codul fiscal).<br \/>\nEle  nu au nicio component\u0103 necontributiv\u0103 (supliment din partea statului).<br \/>\nCelelalte pensii de serviciu sunt compuse din pensia contributiv\u0103 stabilit\u0103 potrivit sistemului public de pensii, plus o component\u0103 necontributiv\u0103 (supliment din partea statului), pl\u0103tit\u0103 de la bugetul de stat.<br \/>\nDin acest motiv, nu se poate invoca un \u201dtratament juridic dezavantajos\u201d sau \u201ddiscriminatoriu\u201d \u00een raport cu beneficiarii de pensii militare.<\/p>\n<\/div>\n<ul class=\"cf cactions\">\n<li><a class=\"comment-385325\" href rel=\"raspunde\" title=\"Raspunde\">Raspunde<\/a><\/li>\n<li>|<\/li>\n<li><a href class=\"comment-385325\" rel=\"raspunde-citeaza\" title=\"Raspunde cu citat\">Raspunde cu citat<\/a><\/li>\n<li>|<\/li>\n<li><a href class=\"comment-385325\" title=\"Citat\" rel=\"citeaza\">Citat<\/a><\/li>\n<\/ul>\n<\/div>\n<\/div>\n<div class=\"comment\" id=\"comentariu-385326\">\n<div class=\"commentBody\">\n<div class=\"commentDate\">\n<p class=\"comment-details cf\"><span class=\"comment-id\"><br \/>\n\t\t\t\t\t\t\t\t#<br \/>\n\t\t\t\t\t\t\t\t<strong>Cattani<\/strong><img decoding=\"async\" src=\"https:\/\/analyse.optim.biz\/wp-content\/uploads\/2025\/12\/calendar-878.png\" alt=\"date\" title=\"calendar-878\"><br \/>\n\t\t\t\t\t\t\t\t 6 December 2025 13:16<br \/>\n\t\t\t\t\t\t\t<\/span><span class=\"comment-quality cf\"><span class=\"green\">+23<\/span><\/span><\/p>\n<\/div>\n<div class=\"commentContent\">Ia uitate domle! Nu le e de ajuns ca lafaiesc la pensie din banii nostrii munci\u021bi, in loc sa zic\u0103 saru-mana ca  pensiile lor nu sunt pe contributivitate, cum ar fi normal, mai fac si abuzuri!!!<\/div>\n<ul class=\"cf cactions\">\n<li><a class=\"comment-385326\" href rel=\"raspunde\" title=\"Raspunde\">Raspunde<\/a><\/li>\n<li>|<\/li>\n<li><a href class=\"comment-385326\" rel=\"raspunde-citeaza\" title=\"Raspunde cu citat\">Raspunde cu citat<\/a><\/li>\n<li>|<\/li>\n<li><a href class=\"comment-385326\" title=\"Citat\" rel=\"citeaza\">Citat<\/a><\/li>\n<\/ul>\n<\/div>\n<\/div>\n<div class=\"comment\" id=\"comentariu-385328\">\n<div class=\"commentBody\">\n<div class=\"commentDate\">\n<p class=\"comment-details cf\"><span class=\"comment-id\"><br \/>\n\t\t\t\t\t\t\t\t#<br \/>\n\t\t\t\t\t\t\t\t<strong>Bzr<\/strong><img decoding=\"async\" src=\"https:\/\/analyse.optim.biz\/wp-content\/uploads\/2025\/12\/calendar-878.png\" alt=\"date\" title=\"calendar-878\"><br \/>\n\t\t\t\t\t\t\t\t 6 December 2025 13:39<br \/>\n\t\t\t\t\t\t\t<\/span><span class=\"comment-quality cf\"><span class=\"green\">+1<\/span><\/span><\/p>\n<\/div>\n<div class=\"commentContent\">Cat de constitutional a fost cand ati decis ca pensiile militare sunt necontributive cu toate ca s-au impozitat soldele ca la civili?sau cand ati anulat compensatoriile la iesirea la pensie a militarilor,ca nu sunt bani,dar le-ati luat voi?pentru voi erau bani?sau cand nu se indexeaza alocatiile \u0219i pensiile si voi sunteti cu banii lazi?cate 73 de mii d3 euro pentru  fiecare,bani din urma ,nu sunt din alocatii \u0219i pensii?de ce sunt salarii de zeci de mii de euro net\u0103iate dar alocatii,salarii,pensii de rahat ,de mizerie,ale celor care va Pl\u0103tesc,asta e legal?la civili,la militari,la pensionari,la copii se poate fara bani,dar la voi nu?ca va afecteaza independenta?!?<\/div>\n<ul class=\"cf cactions\">\n<li><a class=\"comment-385328\" href rel=\"raspunde\" title=\"Raspunde\">Raspunde<\/a><\/li>\n<li>|<\/li>\n<li><a href class=\"comment-385328\" rel=\"raspunde-citeaza\" title=\"Raspunde cu citat\">Raspunde cu citat<\/a><\/li>\n<li>|<\/li>\n<li><a href class=\"comment-385328\" title=\"Citat\" rel=\"citeaza\">Citat<\/a><\/li>\n<\/ul>\n<\/div>\n<\/div>\n<div class=\"comment\" id=\"comentariu-385338\">\n<div class=\"commentBody\">\n<div class=\"commentDate\">\n<p class=\"comment-details cf\"><span class=\"comment-id\"><br \/>\n\t\t\t\t\t\t\t\t#<br \/>\n\t\t\t\t\t\t\t\t<strong>Anton<\/strong><img decoding=\"async\" src=\"https:\/\/analyse.optim.biz\/wp-content\/uploads\/2025\/12\/calendar-878.png\" alt=\"date\" title=\"calendar-878\"><br \/>\n\t\t\t\t\t\t\t\t 6 December 2025 15:00<br \/>\n\t\t\t\t\t\t\t<\/span><span class=\"comment-quality cf\"><span class=\"green\">+1<\/span><\/span><\/p>\n<\/div>\n<div class=\"commentContent\">Sunt cel pu\u021bin 2 situa\u021bii care trebuie lamurite de magistra\u021bii care resping legea:<br \/>\n1.Care este legatura intre venitul unui angajat \u00een sistemul bugetar \u0219i \u00eendatoririle de servici din contractul de munca semnat de ambele p\u0103r\u021bi? Magistratul are niste drepturi conform contractului de munc\u0103 \u0219i o remunera\u021bie cu care a fost de acord la semnare, dar are \u0219i ni\u0219te obliga\u021bii, pe care , daca nu le respecta , angajatorul Stat , poate sa,- l sanc\u021bioneze conform prevederilor din contract!<br \/>\n2.De ce con\u0219tiin\u021ba profesionala , caracterul \u0219i moralitatea magistra\u021bilor este strict legata de veniturile b\u0103ne\u0219ti, adic\u0103 las\u0103 impresia c\u0103 oric\u00e2nd ar putea fi corup\u021bi , c\u0103 \u0219i  unii din politicieni, cu cadouri , \u0219pag\u0103 , plimb\u0103ri cu avioane private in resorturi private etc? Nu este penibila aceasta situa\u021bie \u00een care ei vor sa tr\u0103iasc\u0103 , cu o v\u00e2rst\u0103 de pensionare la nivel minim de contribu\u021bie , dup\u0103 care pot sa- \u0219i consume toate a\u0219a-zisele frustr\u0103ri c\u0103 nu pot sa aib\u0103 un SRL sau sa fac\u0103 streateasse? <\/div>\n<ul class=\"cf cactions\">\n<li><a class=\"comment-385338\" href rel=\"raspunde\" title=\"Raspunde\">Raspunde<\/a><\/li>\n<li>|<\/li>\n<li><a href class=\"comment-385338\" rel=\"raspunde-citeaza\" title=\"Raspunde cu citat\">Raspunde cu citat<\/a><\/li>\n<li>|<\/li>\n<li><a href class=\"comment-385338\" title=\"Citat\" rel=\"citeaza\">Citat<\/a><\/li>\n<\/ul>\n<\/div>\n<\/div>\n<div class=\"comment\" id=\"comentariu-385340\">\n<div class=\"commentBody\">\n<div class=\"commentDate\">\n<p class=\"comment-details cf\"><span class=\"comment-id\"><br \/>\n\t\t\t\t\t\t\t\t#<br \/>\n\t\t\t\t\t\t\t\t<strong>Alexandru <\/strong><img decoding=\"async\" src=\"https:\/\/analyse.optim.biz\/wp-content\/uploads\/2025\/12\/calendar-878.png\" alt=\"date\" title=\"calendar-878\"><br \/>\n\t\t\t\t\t\t\t\t 6 December 2025 15:08<br \/>\n\t\t\t\t\t\t\t<\/span><span class=\"comment-quality cf\"><span class=\"green\">+17<\/span><\/span><\/p>\n<\/div>\n<div class=\"commentContent\">Pentru c\u0103 acest CLAN MAFIOT AL JUSTI\u021aIEI ROM\u00c2NE TREBUIE ELIMINAT , sunt deacord cu t\u0103ierea tuturor sporurilor \u0219i indemniza\u021biile magistra\u021bilor , judec\u0103torilor etc cu 60% !<br \/>\nDa , le este suficient venitul minim de 3500 de euro pe lun\u0103 ca sum\u0103 maxim\u0103 deoarece nu aduc nimic ca venituri statului ci doar \u00een interes propriu deci  !!!<br \/>\nMAFIA DIN JUSTI\u021aIE TREBUIE DECAPITAT\u0102  , NU SUNT ZEI \u0218I NICI STAP\u00c2NI PE ACEST P\u0102M\u00c2NT  !<br \/>\nNU V\u0102 CONVINE &#8230;.CA \u00ceN SUA ,V\u0102 C\u0102UTA\u021aI VOI DE MUNC\u0102 \u00ceN PRIVAT STATUL NU V\u0102 PL\u0102TE\u0218TE TOATE BE\u0218INILE DE LUX  !<\/div>\n<ul class=\"cf cactions\">\n<li><a class=\"comment-385340\" href rel=\"raspunde\" title=\"Raspunde\">Raspunde<\/a><\/li>\n<li>|<\/li>\n<li><a href class=\"comment-385340\" rel=\"raspunde-citeaza\" title=\"Raspunde cu citat\">Raspunde cu citat<\/a><\/li>\n<li>|<\/li>\n<li><a href class=\"comment-385340\" title=\"Citat\" rel=\"citeaza\">Citat<\/a><\/li>\n<\/ul>\n<\/div>\n<\/div>\n<div class=\"comment\" id=\"comentariu-385344\">\n<div class=\"commentBody\">\n<div class=\"commentDate\">\n<p class=\"comment-details cf\"><span class=\"comment-id\"><br \/>\n\t\t\t\t\t\t\t\t#<br \/>\n\t\t\t\t\t\t\t\t<strong>Gabriel <\/strong><img decoding=\"async\" src=\"https:\/\/analyse.optim.biz\/wp-content\/uploads\/2025\/12\/calendar-878.png\" alt=\"date\" title=\"calendar-878\"><br \/>\n\t\t\t\t\t\t\t\t 6 December 2025 15:46<br \/>\n\t\t\t\t\t\t\t<\/span><span class=\"comment-quality cf\"><span class=\"green\">+14<\/span><\/span><\/p>\n<\/div>\n<div class=\"commentContent\">De ce to\u021bi magistra\u021bii rom\u00e2ni au venituri de 2-3 ori mai mari dec\u00e2t colegii lor din toate \u021b\u0103rile lumii ?, c\u0103 s\u0103 nu mai vorbim \u0219i de v\u00e2rst\u0103 de pensionare !<br \/>\nMare ru\u0219ine pe statul rom\u00e2n !<\/div>\n<ul class=\"cf cactions\">\n<li><a class=\"comment-385344\" href rel=\"raspunde\" title=\"Raspunde\">Raspunde<\/a><\/li>\n<li>|<\/li>\n<li><a href class=\"comment-385344\" rel=\"raspunde-citeaza\" title=\"Raspunde cu citat\">Raspunde cu citat<\/a><\/li>\n<li>|<\/li>\n<li><a href class=\"comment-385344\" title=\"Citat\" rel=\"citeaza\">Citat<\/a><\/li>\n<\/ul>\n<\/div>\n<\/div>\n<div class=\"comment\" id=\"comentariu-385345\">\n<div class=\"commentBody\">\n<div class=\"commentDate\">\n<p class=\"comment-details cf\"><span class=\"comment-id\"><br \/>\n\t\t\t\t\t\t\t\t#<br \/>\n\t\t\t\t\t\t\t\t<strong>Szilbereisz Z<\/strong><img decoding=\"async\" src=\"https:\/\/analyse.optim.biz\/wp-content\/uploads\/2025\/12\/calendar-878.png\" alt=\"date\" title=\"calendar-878\"><br \/>\n\t\t\t\t\t\t\t\t 6 December 2025 16:00<br \/>\n\t\t\t\t\t\t\t<\/span><span class=\"comment-quality cf\"><span class=\"green\">+7<\/span><\/span><\/p>\n<\/div>\n<div class=\"commentContent\">Trebuie eliminate toate pensiile speciale \u0219i v\u00e2rsta de pensionare la 65 de ani.<\/div>\n<ul class=\"cf cactions\">\n<li><a class=\"comment-385345\" href rel=\"raspunde\" title=\"Raspunde\">Raspunde<\/a><\/li>\n<li>|<\/li>\n<li><a href class=\"comment-385345\" rel=\"raspunde-citeaza\" title=\"Raspunde cu citat\">Raspunde cu citat<\/a><\/li>\n<li>|<\/li>\n<li><a href class=\"comment-385345\" title=\"Citat\" rel=\"citeaza\">Citat<\/a><\/li>\n<\/ul>\n<\/div>\n<\/div>\n<div class=\"comment\" id=\"comentariu-385347\">\n<div class=\"commentBody\">\n<div class=\"commentDate\">\n<p class=\"comment-details cf\"><span class=\"comment-id\"><br \/>\n\t\t\t\t\t\t\t\t#<br \/>\n\t\t\t\t\t\t\t\t<strong>Florin<\/strong><img decoding=\"async\" src=\"https:\/\/analyse.optim.biz\/wp-content\/uploads\/2025\/12\/calendar-878.png\" alt=\"date\" title=\"calendar-878\"><br \/>\n\t\t\t\t\t\t\t\t 6 December 2025 16:02<br \/>\n\t\t\t\t\t\t\t<\/span><span class=\"comment-quality cf\"><span class=\"red\">-118<\/span><\/span><\/p>\n<\/div>\n<div class=\"commentContent\">CCR decla ca neconstitutionala legea.<br \/>\nBolojan trebuie sa pice c\u00e2t mai repede! At\u00e2t el c\u00e2t si asa zisii progresisti  cu facultati dubioase.<br \/>\nPrevad un guveen PSD-AUR.<\/div>\n<ul class=\"cf cactions\">\n<li><a class=\"comment-385347\" href rel=\"raspunde\" title=\"Raspunde\">Raspunde<\/a><\/li>\n<li>|<\/li>\n<li><a href class=\"comment-385347\" rel=\"raspunde-citeaza\" title=\"Raspunde cu citat\">Raspunde cu citat<\/a><\/li>\n<li>|<\/li>\n<li><a href class=\"comment-385347\" title=\"Citat\" rel=\"citeaza\">Citat<\/a><\/li>\n<\/ul>\n<\/div>\n<\/div>\n<div class=\"comment\" id=\"comentariu-385366\">\n<div class=\"commentBody\">\n<div class=\"commentDate\">\n<p class=\"comment-details cf\"><span class=\"comment-id\"><br \/>\n\t\t\t\t\t\t\t\t#<br \/>\n\t\t\t\t\t\t\t\t<strong>Vic<\/strong><img decoding=\"async\" src=\"https:\/\/analyse.optim.biz\/wp-content\/uploads\/2025\/12\/calendar-878.png\" alt=\"date\" title=\"calendar-878\"><br \/>\n\t\t\t\t\t\t\t\t 6 December 2025 18:10<br \/>\n\t\t\t\t\t\t\t<\/span><span class=\"comment-quality cf\"><span class=\"green\">+11<\/span><\/span><\/p>\n<\/div>\n<div class=\"commentContent\">Mars, nu va e rusine !! Au ajuns judecatorii stat in stat ? Elibereaza corupti pe banda rulanta si vor bani mai multi? La puscarie cu ei &#8230; nu sunt mai presus ca statul su ca noi, muritorii de rand<\/div>\n<ul class=\"cf cactions\">\n<li><a class=\"comment-385366\" href rel=\"raspunde\" title=\"Raspunde\">Raspunde<\/a><\/li>\n<li>|<\/li>\n<li><a href class=\"comment-385366\" rel=\"raspunde-citeaza\" title=\"Raspunde cu citat\">Raspunde cu citat<\/a><\/li>\n<li>|<\/li>\n<li><a href class=\"comment-385366\" title=\"Citat\" rel=\"citeaza\">Citat<\/a><\/li>\n<\/ul>\n<\/div>\n<\/div>\n<div class=\"comment\" id=\"comentariu-385370\">\n<div class=\"commentBody\">\n<div class=\"commentDate\">\n<p class=\"comment-details cf\"><span class=\"comment-id\"><br \/>\n\t\t\t\t\t\t\t\t#<br \/>\n\t\t\t\t\t\t\t\t<strong>Privi\u021bi \u00een jurul vostru!<\/strong><img decoding=\"async\" src=\"https:\/\/analyse.optim.biz\/wp-content\/uploads\/2025\/12\/calendar-878.png\" alt=\"date\" title=\"calendar-878\"><br \/>\n\t\t\t\t\t\t\t\t 6 December 2025 19:51<br \/>\n\t\t\t\t\t\t\t<\/span><span class=\"comment-quality cf\"><span class=\"green\">+20<\/span><\/span><\/p>\n<\/div>\n<div class=\"commentContent\">Naiba sa le ia de pensii !Tot despre ele vorbi\u021bi, dar de faptul c\u0103 majoritatea ROM\u00c2NILOR nu au nici de p\u00e2ine de la o luna la la alta, nu v\u0103 pas\u0103.? Atunci c\u00e2nd voi, cei care lupta\u021bi numai pentru pieile voastre, ve\u021bi avea dorin\u021ba \u0219i curajul de a cere s\u0103 se  face dreptate tuturor cet\u0103\u021benilor ROM\u00c2NIEI,  abia atunci rom\u00e2nii vor avea o oarecare \u00eeng\u0103duin\u021b\u0103 pentru privilegia\u021bi. Privi\u021bi \u00een jurul vostru, \u00eencerca\u021bi s\u0103 sim\u021bi\u021bi durerea celor mul\u021bi,  \u0219i abia apoi s\u0103 pl\u00e2nge\u021bi pentru voi!<br \/>\nDaca voi a\u021bi fi fost cu adev\u0103rat o putere curat\u0103, Rom\u00e2nia \u0219i rom\u00e2nii nu tr\u0103iau drama de azi!<\/div>\n<ul class=\"cf cactions\">\n<li><a class=\"comment-385370\" href rel=\"raspunde\" title=\"Raspunde\">Raspunde<\/a><\/li>\n<li>|<\/li>\n<li><a href class=\"comment-385370\" rel=\"raspunde-citeaza\" title=\"Raspunde cu citat\">Raspunde cu citat<\/a><\/li>\n<li>|<\/li>\n<li><a href class=\"comment-385370\" title=\"Citat\" rel=\"citeaza\">Citat<\/a><\/li>\n<\/ul>\n<\/div>\n<\/div>\n<div class=\"comment\" id=\"comentariu-385378\">\n<div class=\"commentBody\">\n<div class=\"commentDate\">\n<p class=\"comment-details cf\"><span class=\"comment-id\"><br \/>\n\t\t\t\t\t\t\t\t#<br \/>\n\t\t\t\t\t\t\t\t<strong>Maricel STROIA <\/strong><img decoding=\"async\" src=\"https:\/\/analyse.optim.biz\/wp-content\/uploads\/2025\/12\/calendar-878.png\" alt=\"date\" title=\"calendar-878\"><br \/>\n\t\t\t\t\t\t\t\t 6 December 2025 22:18<br \/>\n\t\t\t\t\t\t\t<\/span><span class=\"comment-quality cf\"><span class=\"green\">+14<\/span><\/span><\/p>\n<\/div>\n<div class=\"commentContent\"> Jenant, acum in fruntea justi\u021biei sunt persoane care nu ar merita sa fie. Vreau s\u0103-i \u00eentreb pe toti cei f\u0103r\u0103 coloana vertebrala dac\u0103 \u0219tiu ce \u00eenseamn\u0103 s\u0103 piard\u0103 foarte mul\u021bi bani o \u021bar\u0103 s\u0103rac\u0103, din cauza unor preten\u021bii aberante, f\u0103r\u0103 o sus\u021binere logica. Este adev\u0103rat, nu vre\u021bi o pensie dup\u0103 CONTRIBUTIVITATE \u0219i va calici\u021bi,  lua\u021bi bani de la b\u0103tr\u00e2ni, copii, femei gravide \u0219i al\u021bi am\u0103r\u00e2\u021bi. Ru\u0219inos!<\/div>\n<ul class=\"cf cactions\">\n<li><a class=\"comment-385378\" href rel=\"raspunde\" title=\"Raspunde\">Raspunde<\/a><\/li>\n<li>|<\/li>\n<li><a href class=\"comment-385378\" rel=\"raspunde-citeaza\" title=\"Raspunde cu citat\">Raspunde cu citat<\/a><\/li>\n<li>|<\/li>\n<li><a href class=\"comment-385378\" title=\"Citat\" rel=\"citeaza\">Citat<\/a><\/li>\n<\/ul>\n<\/div>\n<\/div>\n<div class=\"comment\" id=\"comentariu-385380\">\n<div class=\"commentBody\">\n<div class=\"commentDate\">\n<p class=\"comment-details cf\"><span class=\"comment-id\"><br \/>\n\t\t\t\t\t\t\t\t#<br \/>\n\t\t\t\t\t\t\t\t<strong>Boca Lucian<\/strong><img decoding=\"async\" src=\"https:\/\/analyse.optim.biz\/wp-content\/uploads\/2025\/12\/calendar-878.png\" alt=\"date\" title=\"calendar-878\"><br \/>\n\t\t\t\t\t\t\t\t 6 December 2025 23:00<br \/>\n\t\t\t\t\t\t\t<\/span><span class=\"comment-quality cf\"><span class=\"green\">+1<\/span><\/span><\/p>\n<\/div>\n<div class=\"commentContent\">Egalitate inseamna ca suntem egali . Daca varsta mea de pensionare este 65 de ani atunci toti trebuie sa avem aceeasi varsta de pensionare.\n<\/div>\n<ul class=\"cf cactions\">\n<li><a class=\"comment-385380\" href rel=\"raspunde\" title=\"Raspunde\">Raspunde<\/a><\/li>\n<li>|<\/li>\n<li><a href class=\"comment-385380\" rel=\"raspunde-citeaza\" title=\"Raspunde cu citat\">Raspunde cu citat<\/a><\/li>\n<li>|<\/li>\n<li><a href class=\"comment-385380\" title=\"Citat\" rel=\"citeaza\">Citat<\/a><\/li>\n<\/ul>\n<\/div>\n<\/div>\n<div class=\"comment\" id=\"comentariu-385381\">\n<div class=\"commentBody\">\n<div class=\"commentDate\">\n<p class=\"comment-details cf\"><span class=\"comment-id\"><br \/>\n\t\t\t\t\t\t\t\t#<br \/>\n\t\t\t\t\t\t\t\t<strong>Buca- mucaca<\/strong><img decoding=\"async\" src=\"https:\/\/analyse.optim.biz\/wp-content\/uploads\/2025\/12\/calendar-878.png\" alt=\"date\" title=\"calendar-878\"><br \/>\n\t\t\t\t\t\t\t\t 7 December 2025 01:31<br \/>\n\t\t\t\t\t\t\t<\/span><span class=\"comment-quality cf\"><span class=\"gray\">0<\/span><\/span><\/p>\n<\/div>\n<div class=\"commentContent\">Ce bine mi pare c-a\u021bi luat \u021beap\u0103<br \/>\nCe bine mi pare c-a\u021bi pierdut <\/div>\n<ul class=\"cf cactions\">\n<li><a class=\"comment-385381\" href rel=\"raspunde\" title=\"Raspunde\">Raspunde<\/a><\/li>\n<li>|<\/li>\n<li><a href class=\"comment-385381\" rel=\"raspunde-citeaza\" title=\"Raspunde cu citat\">Raspunde cu citat<\/a><\/li>\n<li>|<\/li>\n<li><a href class=\"comment-385381\" title=\"Citat\" rel=\"citeaza\">Citat<\/a><\/li>\n<\/ul>\n<\/div>\n<\/div>\n<div class=\"comment\" id=\"comentariu-385382\">\n<div class=\"commentBody\">\n<div class=\"commentDate\">\n<p class=\"comment-details cf\"><span class=\"comment-id\"><br \/>\n\t\t\t\t\t\t\t\t#<br \/>\n\t\t\t\t\t\t\t\t<strong>Remus<\/strong><img decoding=\"async\" src=\"https:\/\/analyse.optim.biz\/wp-content\/uploads\/2025\/12\/calendar-878.png\" alt=\"date\" title=\"calendar-878\"><br \/>\n\t\t\t\t\t\t\t\t 7 December 2025 02:45<br \/>\n\t\t\t\t\t\t\t<\/span><span class=\"comment-quality cf\"><span class=\"gray\">0<\/span><\/span><\/p>\n<\/div>\n<div class=\"commentContent\">Rusine! Asa-zisele argumente prezentate sunt de fapt confirmari ale unui abuz in plina desfasurare si nu arata decat oftica persoanelor care ar putea fi afectate. <\/div>\n<ul class=\"cf cactions\">\n<li><a class=\"comment-385382\" href rel=\"raspunde\" title=\"Raspunde\">Raspunde<\/a><\/li>\n<li>|<\/li>\n<li><a href class=\"comment-385382\" rel=\"raspunde-citeaza\" title=\"Raspunde cu citat\">Raspunde cu citat<\/a><\/li>\n<li>|<\/li>\n<li><a href class=\"comment-385382\" title=\"Citat\" rel=\"citeaza\">Citat<\/a><\/li>\n<\/ul>\n<\/div>\n<\/div>\n<div class=\"comment\" id=\"comentariu-385383\">\n<div class=\"commentBody\">\n<div class=\"commentDate\">\n<p class=\"comment-details cf\"><span class=\"comment-id\"><br \/>\n\t\t\t\t\t\t\t\t#<br \/>\n\t\t\t\t\t\t\t\t<strong>Stancu  Gheorghe<\/strong><img decoding=\"async\" src=\"https:\/\/analyse.optim.biz\/wp-content\/uploads\/2025\/12\/calendar-878.png\" alt=\"date\" title=\"calendar-878\"><br \/>\n\t\t\t\t\t\t\t\t 7 December 2025 05:22<br \/>\n\t\t\t\t\t\t\t<\/span><span class=\"comment-quality cf\"><span class=\"gray\">0<\/span><\/span><\/p>\n<\/div>\n<div class=\"commentContent\">Judecatori nesatui sa Incaseze sume enorme de bani , iar in procesle dau amari,  respinge probe , nu respecta legile in viguare .Lipsa de respect pentru po******tiei tari,  career muncesc corect si cinstit<\/div>\n<ul class=\"cf cactions\">\n<li><a class=\"comment-385383\" href rel=\"raspunde\" title=\"Raspunde\">Raspunde<\/a><\/li>\n<li>|<\/li>\n<li><a href class=\"comment-385383\" rel=\"raspunde-citeaza\" title=\"Raspunde cu citat\">Raspunde cu citat<\/a><\/li>\n<li>|<\/li>\n<li><a href class=\"comment-385383\" title=\"Citat\" rel=\"citeaza\">Citat<\/a><\/li>\n<\/ul>\n<\/div>\n<\/div>\n<div class=\"comment\" id=\"comentariu-385384\">\n<div class=\"commentBody\">\n<div class=\"commentDate\">\n<p class=\"comment-details cf\"><span class=\"comment-id\"><br \/>\n\t\t\t\t\t\t\t\t#<br \/>\n\t\t\t\t\t\t\t\t<strong>Gigi <\/strong><img decoding=\"async\" src=\"https:\/\/analyse.optim.biz\/wp-content\/uploads\/2025\/12\/calendar-878.png\" alt=\"date\" title=\"calendar-878\"><br \/>\n\t\t\t\t\t\t\t\t 7 December 2025 06:01<br \/>\n\t\t\t\t\t\t\t<\/span><span class=\"comment-quality cf\"><span class=\"gray\">0<\/span><\/span><\/p>\n<\/div>\n<div class=\"commentContent\">Premierul tariffs este unul, iar judecatori  foarte multi care nu muncesc corect data de procesele pe care le judeca si primesc salarii uriase in comparative cu vinyl oamenilor muncitori<\/div>\n<ul class=\"cf cactions\">\n<li><a class=\"comment-385384\" href rel=\"raspunde\" title=\"Raspunde\">Raspunde<\/a><\/li>\n<li>|<\/li>\n<li><a href class=\"comment-385384\" rel=\"raspunde-citeaza\" title=\"Raspunde cu citat\">Raspunde cu citat<\/a><\/li>\n<li>|<\/li>\n<li><a href class=\"comment-385384\" title=\"Citat\" rel=\"citeaza\">Citat<\/a><\/li>\n<\/ul>\n<\/div>\n<\/div>\n<div class=\"comment\" id=\"comentariu-385396\">\n<div class=\"commentBody\">\n<div class=\"commentDate\">\n<p class=\"comment-details cf\"><span class=\"comment-id\"><br \/>\n\t\t\t\t\t\t\t\t#<br \/>\n\t\t\t\t\t\t\t\t<strong>(S\u0103 schimb\u0103m registrul) Un pensionar nedumerit<\/strong><img decoding=\"async\" src=\"https:\/\/analyse.optim.biz\/wp-content\/uploads\/2025\/12\/calendar-878.png\" alt=\"date\" title=\"calendar-878\"><br \/>\n\t\t\t\t\t\t\t\t 7 December 2025 09:30<br \/>\n\t\t\t\t\t\t\t<\/span><span class=\"comment-quality cf\"><span class=\"green\">+10<\/span><\/span><\/p>\n<\/div>\n<div class=\"commentContent\">Alo!, Dom  Bolovanu? Scuza\u021bi, dom Bolojanu? Dom Bolovanu, scuza\u021bi, Bolojanu, am o \u00eentrebare: Sc\u0103derea cheltuielilor cu canalizarea duce la reducerea deficitului bugetar? V\u0103 \u00eentreb pentru c\u0103 ale mele au sc\u0103zut substan\u021bial, dat fiind c\u0103 la c\u00e2t m\u0103n\u00e2nc cu pensia mea, frecventez tot mai rar toaleta; cu toate astea deficitul \u00een bugetul familial a crescut. Asta m\u0103 nedumere\u0219te, pentru c\u0103, contrar cazurilor anterioare,  printr-un control la s\u00e2nge, nu am constat indisciplin\u0103 bugetar\u0103 la nevast\u0103, ba dimpotriv\u0103, \u0219i-a redus \u0219i ea consumul de cafea de 0,5 ce\u0219ti pe zi, la 0,25<\/div>\n<ul class=\"cf cactions\">\n<li><a class=\"comment-385396\" href rel=\"raspunde\" title=\"Raspunde\">Raspunde<\/a><\/li>\n<li>|<\/li>\n<li><a href class=\"comment-385396\" rel=\"raspunde-citeaza\" title=\"Raspunde cu citat\">Raspunde cu citat<\/a><\/li>\n<li>|<\/li>\n<li><a href class=\"comment-385396\" title=\"Citat\" rel=\"citeaza\">Citat<\/a><\/li>\n<\/ul>\n<\/div>\n<\/div>\n<div class=\"comment\" id=\"comentariu-385397\">\n<div class=\"commentBody\">\n<div class=\"commentDate\">\n<p class=\"comment-details cf\"><span class=\"comment-id\"><br \/>\n\t\t\t\t\t\t\t\t#<br \/>\n\t\t\t\t\t\t\t\t<strong>(S\u0103 schimb\u0103m registrul). Un pensionar sinuciga\u0219<\/strong><img decoding=\"async\" src=\"https:\/\/analyse.optim.biz\/wp-content\/uploads\/2025\/12\/calendar-878.png\" alt=\"date\" title=\"calendar-878\"><br \/>\n\t\t\t\t\t\t\t\t 7 December 2025 09:39<br \/>\n\t\t\t\t\t\t\t<\/span><span class=\"comment-quality cf\"><span class=\"green\">+13<\/span><\/span><\/p>\n<\/div>\n<div class=\"commentContent\">Alo, SPCLEP Rom\u00e2nia? Mi-a\u021bi trecut perioada de valabilitate a C.I p\u00e2n\u0103 \u00een 2089. Ca cet\u0103\u021bean responsabil am \u00een\u021beles c\u0103 sunt obligat s\u0103 tr\u0103iesc p\u00e2n\u0103 atunci. V\u0103 anun\u021b c\u0103 nu pot, Bolojanu vrea s\u0103 m\u0103 omoare \u00een \u0219ase luni. Aresta\u021bi-l! Dac\u0103 nu, m\u0103 sinucid!  Pentru c\u0103 m\u0103 \u00eengroze\u0219te s\u0103 mor de inani\u021bie!<\/div>\n<ul class=\"cf cactions\">\n<li><a class=\"comment-385397\" href rel=\"raspunde\" title=\"Raspunde\">Raspunde<\/a><\/li>\n<li>|<\/li>\n<li><a href class=\"comment-385397\" rel=\"raspunde-citeaza\" title=\"Raspunde cu citat\">Raspunde cu citat<\/a><\/li>\n<li>|<\/li>\n<li><a href class=\"comment-385397\" title=\"Citat\" rel=\"citeaza\">Citat<\/a><\/li>\n<\/ul>\n<\/div>\n<\/div>\n<div class=\"comment\" id=\"comentariu-385410\">\n<div class=\"commentBody\">\n<div class=\"commentDate\">\n<p class=\"comment-details cf\"><span class=\"comment-id\"><br \/>\n\t\t\t\t\t\t\t\t#<br \/>\n\t\t\t\t\t\t\t\t<strong>Iulian <\/strong><img decoding=\"async\" src=\"https:\/\/analyse.optim.biz\/wp-content\/uploads\/2025\/12\/calendar-878.png\" alt=\"date\" title=\"calendar-878\"><br \/>\n\t\t\t\t\t\t\t\t 7 December 2025 12:16<br \/>\n\t\t\t\t\t\t\t<\/span><span class=\"comment-quality cf\"><span class=\"gray\">0<\/span><\/span><\/p>\n<\/div>\n<div class=\"commentContent\">Un  medic la ce varst\u0103 se pensioneaz\u0103 ? Un  medic are mai mult impact asupra oamenilor ca un  magistrat,  magistratii gresesc intentionat in favoarea mafiei si politicienilor corupti si nimeni nu plateste,  la varsta cand au cel mai bun randament se pensioneaza RUSINE !!!! IN CE TARA UN MAGISTRAT SE PENSIONEAZA LA  VARSTA CARE SE PENSIONEAZA LA NOI IN TARA ??? TREBUIE BAGATI LA PUSCARIE SI CINE A DAT ACESTE LEGI !!! CAZUL MARIO IORGULESCU,  atat manevrati acest caz pana criminalul Iorgulescu va fi fasat in libertate si multe astfel de cazuri cu toti mafiotii care ii lasati in libertate .  Mai bine va faceti treaba cum trebuie decat sa va bateti joc de poporul roman.<\/div>\n<ul class=\"cf cactions\">\n<li><a class=\"comment-385410\" href rel=\"raspunde\" title=\"Raspunde\">Raspunde<\/a><\/li>\n<li>|<\/li>\n<li><a href class=\"comment-385410\" rel=\"raspunde-citeaza\" title=\"Raspunde cu citat\">Raspunde cu citat<\/a><\/li>\n<li>|<\/li>\n<li><a href class=\"comment-385410\" title=\"Citat\" rel=\"citeaza\">Citat<\/a><\/li>\n<\/ul>\n<\/div>\n<\/div>\n<div class=\"comment\" id=\"comentariu-385413\">\n<div class=\"commentBody\">\n<div class=\"commentDate\">\n<p class=\"comment-details cf\"><span class=\"comment-id\"><br \/>\n\t\t\t\t\t\t\t\t#<br \/>\n\t\t\t\t\t\t\t\t<strong>Costica<\/strong><img decoding=\"async\" src=\"https:\/\/analyse.optim.biz\/wp-content\/uploads\/2025\/12\/calendar-878.png\" alt=\"date\" title=\"calendar-878\"><br \/>\n\t\t\t\t\t\t\t\t 7 December 2025 12:50<br \/>\n\t\t\t\t\t\t\t<\/span><span class=\"comment-quality cf\"><span class=\"gray\">0<\/span><\/span><\/p>\n<\/div>\n<div class=\"commentContent\">Sa traducem ce spune CSM ( dl vicepre\u0219edinte) si Inalta Curte ca s\u0103 fie echitate<br \/>\n tToate pensiile judec\u0103torilor peste 65 de ani recalculate . Judec\u0103torii pensionari dar sub 65 de ani sa li se ia pensia ca nu e un drept c\u00e2\u0219tigat ci un fel de salariu . Ei dac\u0103 vor pot veni \u00eenapoi la munca. Toti ceilanti vor ie\u0219i la pensie la 65 de ani. Asta vor ( lege echitabila) magistra\u021bii. Nu stiu de ce guvernul nu vrea sa le-o dea. <\/div>\n<ul class=\"cf cactions\">\n<li><a class=\"comment-385413\" href rel=\"raspunde\" title=\"Raspunde\">Raspunde<\/a><\/li>\n<li>|<\/li>\n<li><a href class=\"comment-385413\" rel=\"raspunde-citeaza\" title=\"Raspunde cu citat\">Raspunde cu citat<\/a><\/li>\n<li>|<\/li>\n<li><a href class=\"comment-385413\" title=\"Citat\" rel=\"citeaza\">Citat<\/a><\/li>\n<\/ul>\n<\/div>\n<\/div>\n<div class=\"comment\" id=\"comentariu-385414\">\n<div class=\"commentBody\">\n<div class=\"commentDate\">\n<p class=\"comment-details cf\"><span class=\"comment-id\"><br \/>\n\t\t\t\t\t\t\t\t#<br \/>\n\t\t\t\t\t\t\t\t<strong>Chirca Florentin<\/strong><img decoding=\"async\" src=\"https:\/\/analyse.optim.biz\/wp-content\/uploads\/2025\/12\/calendar-878.png\" alt=\"date\" title=\"calendar-878\"><br \/>\n\t\t\t\t\t\t\t\t 7 December 2025 13:13<br \/>\n\t\t\t\t\t\t\t<\/span><span class=\"comment-quality cf\"><span class=\"gray\">0<\/span><\/span><\/p>\n<\/div>\n<div class=\"commentContent\">Impozit progreiv la venit si se linistesc toti. Totusi mai sunt categorii de salariati carora pensia nu li se calculeaza procent din venit si ca suma din anumite componente din salariu, de exemplu pilotii militari. Daca magistratii pot crea venituri din diurne, deconturi, prime, premii, pentru ca apoi sa intre in pensie, la pilotii militari prima orara de zbor dispare din pensie. Inca ceva, daca un magistrat care din cauza varstei are probleme de vedere sau oase sau la cap nu poate provoca atatea daune ca un pilot militar de peste 55 de ani care nu ar putea aprecia exact o viteza descensionala la aterizare sau nu vede un obstacol sau o alta aeronava. Deci domnilor magistrat,i aceste principii nu trebuie sa fie aplicate foar voua, din contra voi trebuie sa va asigurati ca exista aceeasi unitate de masura in societate, daca nu, propun sa vina cativa oameni neprotejati nici de sistem, nici de legi di sa va ia fix din mana lunar, cu forta, pensia grasuta si sa nu va ajute nimeni.<\/div>\n<ul class=\"cf cactions\">\n<li><a class=\"comment-385414\" href rel=\"raspunde\" title=\"Raspunde\">Raspunde<\/a><\/li>\n<li>|<\/li>\n<li><a href class=\"comment-385414\" rel=\"raspunde-citeaza\" title=\"Raspunde cu citat\">Raspunde cu citat<\/a><\/li>\n<li>|<\/li>\n<li><a href class=\"comment-385414\" title=\"Citat\" rel=\"citeaza\">Citat<\/a><\/li>\n<\/ul>\n<\/div>\n<\/div>\n<div class=\"comment\" id=\"comentariu-385415\">\n<div class=\"commentBody\">\n<div class=\"commentDate\">\n<p class=\"comment-details cf\"><span class=\"comment-id\"><br \/>\n\t\t\t\t\t\t\t\t#<br \/>\n\t\t\t\t\t\t\t\t<strong>Diomede <\/strong><img decoding=\"async\" src=\"https:\/\/analyse.optim.biz\/wp-content\/uploads\/2025\/12\/calendar-878.png\" alt=\"date\" title=\"calendar-878\"><br \/>\n\t\t\t\t\t\t\t\t 7 December 2025 13:17<br \/>\n\t\t\t\t\t\t\t<\/span><span class=\"comment-quality cf\"><span class=\"gray\">0<\/span><\/span><\/p>\n<\/div>\n<div class=\"commentContent\">Da, oare de ce n-au &#8220;f\u0103cut front comun &#8221; si c\u00e2nd guvernan\u021bii au &#8220;defri\u0219at&#8221; drepturile rom\u00e2nilor  ?, ce valoare are &#8220;frontul comun &#8221; doar pentru privilegiile tale&#8221;, pentruca,  ce au ei, se numesc privilegii,  ce le r\u0103m\u00e2ne milioanelor de rom\u00e2ni- s\u0103r\u0103cia. <\/div>\n<ul class=\"cf cactions\">\n<li><a class=\"comment-385415\" href rel=\"raspunde\" title=\"Raspunde\">Raspunde<\/a><\/li>\n<li>|<\/li>\n<li><a href class=\"comment-385415\" rel=\"raspunde-citeaza\" title=\"Raspunde cu citat\">Raspunde cu citat<\/a><\/li>\n<li>|<\/li>\n<li><a href class=\"comment-385415\" title=\"Citat\" rel=\"citeaza\">Citat<\/a><\/li>\n<\/ul>\n<\/div>\n<\/div>\n<div class=\"comment\" id=\"comentariu-385419\">\n<div class=\"commentBody\">\n<div class=\"commentDate\">\n<p class=\"comment-details cf\"><span class=\"comment-id\"><br \/>\n\t\t\t\t\t\t\t\t#<br \/>\n\t\t\t\t\t\t\t\t<strong>obiectiva<\/strong><img decoding=\"async\" src=\"https:\/\/analyse.optim.biz\/wp-content\/uploads\/2025\/12\/calendar-878.png\" alt=\"date\" title=\"calendar-878\"><br \/>\n\t\t\t\t\t\t\t\t 7 December 2025 15:27<br \/>\n\t\t\t\t\t\t\t<\/span><span class=\"comment-quality cf\"><span class=\"gray\">0<\/span><\/span><\/p>\n<\/div>\n<div class=\"commentContent\">rog onoratele instante sa nu mai schelalaie atata dupa bani ca nici un cetatean roman NU LE VA LUA PARTEA. CCR &#8211; IA DE AICI CAND JUDECI CEREREA ICCJ&#8230;.CITEZ DIN SENTINTA DATA IN FOND LA DATA DE 11 NOV. 2025 de catre judecator de fond G. R.-A. TRIBUNAL BACAU intr-un dosar de pensii al unei justitiabile amarate, actiune deschisa in 2018, deci data dupa 7 ani de zile, cu pensia aia amarata  din 2007, deci erau 3 LEGI ALE PENSIILOR in discutie, cel putin, fara a mai vorbi de alte legi care modificau si adaugau la L 263\/2010, respectiv &gt; L3\/1977, L 19\/2000 si L 263\/2010, nu mai spunem ca acum este L 360\/2023.&#8220;`Reclamanta solicita in mod neintemeiat ultraactivitatea legii vechi, OMITAND DREPTUL STATULUI DE A PROCEDA LA REASEZAREA SISTEMULUI DE CALCUL AL PENSIEI&#8220;`&#8230;. DECI, DACA ASA GANDESC JUDECATORII, CARE FAC ATATA TAMBALAU, CU PRIVIRE LA PENSIILE AMARATILOR, rog sa aiba bunul simt si sa RENUNTE LA ORICE ATAC LA CCR privind legea LOR. <\/div>\n<ul class=\"cf cactions\">\n<li><a class=\"comment-385419\" href rel=\"raspunde\" title=\"Raspunde\">Raspunde<\/a><\/li>\n<li>|<\/li>\n<li><a href class=\"comment-385419\" rel=\"raspunde-citeaza\" title=\"Raspunde cu citat\">Raspunde cu citat<\/a><\/li>\n<li>|<\/li>\n<li><a href class=\"comment-385419\" title=\"Citat\" rel=\"citeaza\">Citat<\/a><\/li>\n<\/ul>\n<\/div>\n<\/div>\n<\/section>\n<section id=\"comments\">\n<div class=\"heading\">\n<h2>Adauga comentariu<\/h2>\n<\/div>\n<div>\n<div id=\"emoticons-container\">\n<div id=\"comments-form-smilespanel\"><img decoding=\"async\" src=\"https:\/\/analyse.optim.biz\/wp-content\/uploads\/2025\/12\/laugh-1094.gif\" alt=\":D\" class=\"smile\" title=\"laugh-1094\"><img decoding=\"async\" src=\"https:\/\/analyse.optim.biz\/wp-content\/uploads\/2025\/12\/lol-1122.gif\" alt=\":lol:\" class=\"smile\" title=\"lol-1122\"><img decoding=\"async\" src=\"https:\/\/analyse.optim.biz\/wp-content\/uploads\/2025\/12\/smile-1049.gif\" alt=\":-)\" class=\"smile\" title=\"smile-1049\"><img decoding=\"async\" src=\"https:\/\/analyse.optim.biz\/wp-content\/uploads\/2025\/12\/wink-1048.gif\" alt=\";-)\" class=\"smile\" title=\"wink-1048\"><img decoding=\"async\" src=\"https:\/\/analyse.optim.biz\/wp-content\/uploads\/2025\/12\/cool-1053.gif\" alt=\"8)\" class=\"smile\" title=\"cool-1053\"><img decoding=\"async\" src=\"https:\/\/analyse.optim.biz\/wp-content\/uploads\/2025\/12\/normal-1027.gif\" alt=\":-|\" class=\"smile\" title=\"normal-1027\"><img decoding=\"async\" src=\"https:\/\/analyse.optim.biz\/wp-content\/uploads\/2025\/12\/whistling-1067.gif\" alt=\":-*\" class=\"smile\" title=\"whistling-1067\"><img decoding=\"async\" src=\"https:\/\/analyse.optim.biz\/wp-content\/uploads\/2025\/12\/redface-1037.gif\" alt=\":oops:\" class=\"smile\" title=\"redface-1037\"><img decoding=\"async\" src=\"https:\/\/analyse.optim.biz\/wp-content\/uploads\/2025\/12\/sad-1034.gif\" alt=\":sad:\" class=\"smile\" title=\"sad-1034\"><img decoding=\"async\" src=\"https:\/\/analyse.optim.biz\/wp-content\/uploads\/2025\/12\/cry-1044.gif\" alt=\":cry:\" class=\"smile\" title=\"cry-1044\"><img decoding=\"async\" src=\"https:\/\/analyse.optim.biz\/wp-content\/uploads\/2025\/12\/surprised-1040.gif\" alt=\":o\" class=\"smile\" title=\"surprised-1040\"><img decoding=\"async\" src=\"https:\/\/analyse.optim.biz\/wp-content\/uploads\/2025\/12\/confused-1025.gif\" alt=\":-?\" class=\"smile\" title=\"confused-1025\"><img decoding=\"async\" src=\"https:\/\/analyse.optim.biz\/wp-content\/uploads\/2025\/12\/sick-1069.gif\" alt=\":-x\" class=\"smile\" title=\"sick-1069\"><img decoding=\"async\" src=\"https:\/\/analyse.optim.biz\/wp-content\/uploads\/2025\/12\/shocked-1059.gif\" alt=\":eek:\" class=\"smile\" title=\"shocked-1059\"><img decoding=\"async\" src=\"https:\/\/analyse.optim.biz\/wp-content\/uploads\/2025\/12\/sleeping-1038.gif\" alt=\":zzz\" class=\"smile\" title=\"sleeping-1038\"><img decoding=\"async\" src=\"https:\/\/analyse.optim.biz\/wp-content\/uploads\/2025\/12\/tongue-1065.gif\" alt=\":P\" class=\"smile\" title=\"tongue-1065\"><img decoding=\"async\" src=\"https:\/\/analyse.optim.biz\/wp-content\/uploads\/2025\/12\/rolleyes-1038.gif\" alt=\":roll:\" class=\"smile\" title=\"rolleyes-1038\"><img decoding=\"async\" src=\"https:\/\/analyse.optim.biz\/wp-content\/uploads\/2025\/12\/unsure-1028.gif\" alt=\":sigh:\" class=\"smile\" title=\"unsure-1028\"><\/div>\n<\/div>\n<\/div>\n<div class=\"text-center\">\n<p>DISCLAIMER<\/p>\n<p>Atentie! Postati pe propria raspundere!<br \/> Inainte de a posta, cititi aici regulamentul: <a href=\"https:\/\/www.luju.ro\/termeni-legali-si-conditii\" title=\"Termeni legali si conditii\">Termeni legali si Conditii<\/a><\/p>\n<\/div>\n<\/section>\n<\/article>\n<p> Source URL: https:\/\/www.luju.ro\/inalta-curte-demasca-guvernul-motivele-pentru-care-102-judecatori-iccj-au-decis-in-unanimitate-atacarea-la-ccr-a-legii-privind-modificarile-la-pensiile-de-serviciu-ale-magistratilor-se-ajunge-ca-un-magistrat-care-ar-indeplinit-conditiile-in-14-ani-acum-va<\/p>\n","protected":false},"excerpt":{"rendered":"<p>INALTA CURTE DEMASCA GUVERNUL \u2013 Motivele pentru care 102 judecatori ICCJ au decis in unanimitate atacarea la CCR a legii privind modificarile la pensiile de serviciu ale magistratilor: \u201cSe ajunge ca un magistrat, care ar indeplinit conditiile in 14 ani acum, va indeplini conditiile de pensionare in 31 de ani&#8230; Fictiune juridica lipsita de rationalitate&#8230; [&hellip;]<\/p>\n","protected":false},"author":1,"featured_media":917653,"comment_status":"open","ping_status":"","sticky":false,"template":"","format":"standard","meta":{"footnotes":""},"categories":[89],"tags":[114],"class_list":["post-917651","post","type-post","status-publish","format-standard","has-post-thumbnail","hentry","category-romania","tag-luju-ro"],"_links":{"self":[{"href":"https:\/\/analyse.optim.biz\/index.php?rest_route=\/wp\/v2\/posts\/917651","targetHints":{"allow":["GET"]}}],"collection":[{"href":"https:\/\/analyse.optim.biz\/index.php?rest_route=\/wp\/v2\/posts"}],"about":[{"href":"https:\/\/analyse.optim.biz\/index.php?rest_route=\/wp\/v2\/types\/post"}],"author":[{"embeddable":true,"href":"https:\/\/analyse.optim.biz\/index.php?rest_route=\/wp\/v2\/users\/1"}],"replies":[{"embeddable":true,"href":"https:\/\/analyse.optim.biz\/index.php?rest_route=%2Fwp%2Fv2%2Fcomments&post=917651"}],"version-history":[{"count":0,"href":"https:\/\/analyse.optim.biz\/index.php?rest_route=\/wp\/v2\/posts\/917651\/revisions"}],"wp:featuredmedia":[{"embeddable":true,"href":"https:\/\/analyse.optim.biz\/index.php?rest_route=\/wp\/v2\/media\/917653"}],"wp:attachment":[{"href":"https:\/\/analyse.optim.biz\/index.php?rest_route=%2Fwp%2Fv2%2Fmedia&parent=917651"}],"wp:term":[{"taxonomy":"category","embeddable":true,"href":"https:\/\/analyse.optim.biz\/index.php?rest_route=%2Fwp%2Fv2%2Fcategories&post=917651"},{"taxonomy":"post_tag","embeddable":true,"href":"https:\/\/analyse.optim.biz\/index.php?rest_route=%2Fwp%2Fv2%2Ftags&post=917651"}],"curies":[{"name":"wp","href":"https:\/\/api.w.org\/{rel}","templated":true}]}}