{"id":915043,"date":"2025-12-05T00:00:00","date_gmt":"2025-12-04T21:00:00","guid":{"rendered":"https:\/\/analyse.optim.biz\/?p=915043"},"modified":"2025-12-05T00:00:00","modified_gmt":"2025-12-04T21:00:00","slug":"las-medallas-de-oro-de-las-artes-escenicas-de-espana-periodista-digital","status":"publish","type":"post","link":"https:\/\/analyse.optim.biz\/?p=915043","title":{"rendered":"Las Medallas de Oro de las Artes Esc\u00e9nicas de Espa\u00f1a &#8211; Periodista Digital"},"content":{"rendered":"<div class=\"m4p-post-content\">\n<div class=\"block-vertical-align-right\">\n<div class=\"m4p-relations-group\">\n<div class=\"m4p-group-vertical-title\">\n<h2>M\u00e1s informaci\u00f3n<\/h2>\n<\/div>\n<div class=\"m4p-summary-news\">\n<figure class=\"m4p-image m4p-crop-medium-1\"><a href=\"https:\/\/www.periodistadigital.com\/cultura\/cine-y-teatro\/20251127\/mejor-decirlo-noticia-689405157959\/\"><img loading=\"lazy\" decoding=\"async\" src=\"https:\/\/analyse.optim.biz\/wp-content\/uploads\/2025\/12\/mejornodecirlo-min-320x214-3.jpg\" width=\"320\" height=\"214\" alt=\"Imanol Arias y Mar\u00eda Barranco\" title=\"mejornodecirlo-min-320x214-3\"><\/a><\/figure>\n<div class=\"m4p-summary-news-title\">\n<h3><a href=\"https:\/\/www.periodistadigital.com\/cultura\/cine-y-teatro\/20251127\/mejor-decirlo-noticia-689405157959\/\">&#8220;Mejor no decirlo&#8221;<\/a><\/h3>\n<\/div>\n<\/div>\n<div class=\"m4p-summary-news\">\n<figure class=\"m4p-image m4p-crop-medium-1\"><a href=\"https:\/\/www.periodistadigital.com\/cultura\/cine-y-teatro\/20251124\/miserables-importante-musical-tiempos-noticia-689405156637\/\"><img loading=\"lazy\" decoding=\"async\" src=\"https:\/\/analyse.optim.biz\/wp-content\/uploads\/2025\/12\/lesmiserables_cast_photo_by_dannykaan-min-320x214-3.jpg\" width=\"320\" height=\"214\" alt=\"Actores de Los Miserables\" title=\"lesmiserables_cast_photo_by_dannykaan-min-320x214-3\"><\/a><\/figure>\n<div class=\"m4p-summary-news-title\">\n<h3><a href=\"https:\/\/www.periodistadigital.com\/cultura\/cine-y-teatro\/20251124\/miserables-importante-musical-tiempos-noticia-689405156637\/\">Los Miserables: El m\u00e1s importante musical de todos los tiempos<\/a><\/h3>\n<\/div>\n<\/div>\n<\/div>\n<\/div>\n<p><span class=\"m4p-capitular\">L<\/span>a Academia de las Artes Esc\u00e9nicas de Espa\u00f1a, llevar\u00e1 a cabo la entrega a los galardonados con la medalla de oro y las distinciones de honor 2025, en el Teatro Calder\u00f3n de Valladolid el pr\u00f3ximo lunes 15 de diciembre.<\/p>\n<p>Un a\u00f1o m\u00e1s la Academia de las Artes Esc\u00e9nicas de Espa\u00f1a\u00a0celebra la ceremonia de entrega de las Medallas de Oro y Distinciones de Honor con la colaboraci\u00f3n de la Fundaci\u00f3n Municipal de Cultura del Ayuntamiento de Valladolid.<\/p>\n<p>Las Medallas de Oro\u00a0y las Distinciones de Honor\u00a0significan un reconocimiento a las personas o entidades con una trayectoria profesional sobresaliente en el \u00e1mbito de las artes esc\u00e9nicas, que han contribuido a dar visibilidad, potenciar y engrandecer la profesi\u00f3n desde su pr\u00e1ctica diaria.<\/p>\n<p>Las Medallas de Oro\u00a0y las Distinciones de Honor\u00a0significan un reconocimiento a las personas o entidades con una trayectoria profesional sobresaliente en el \u00e1mbito de las artes esc\u00e9nicas, que han contribuido a dar visibilidad, potenciar y engrandecer la profesi\u00f3n teatral desde su pr\u00e1ctica diaria.<\/p>\n<p>Han sido designados acad\u00e9micos y acad\u00e9micas de honor en esta XI ceremonia los actores y actrices, realizadores y componentes del arte del escenario como el baile, la coreograf\u00eda o la entrega absoluta en la realizaci\u00f3n y direcci\u00f3n teatral.<\/p>\n<p>Los destacados por la academia este a\u00f1o con medalla de oro, son Bel\u00e9n Rueda, Carlos Hip\u00f3lito, Petra Mart\u00ednez, Daniel Mart\u00ednez de Obreg\u00f3n, Jos\u00e9 Carlos Mart\u00ednez, Jos\u00e9 Mar\u00eda Viteri\u00a0y Rosalba Rol\u00f3n.<\/p>\n<p><img loading=\"lazy\" decoding=\"async\" class=\"alignnone size-full wp-image-689405160599\" src=\"https:\/\/analyse.optim.biz\/wp-content\/uploads\/2025\/12\/carlos_hipolito.jpg\" width=\"330\" height=\"447\" title=\"carlos_hipolito\"><\/p>\n<p>Igualmente, como acad\u00e9micos de honor con Medalla de Oro, tendr\u00e1n su distinci\u00f3n las instituciones distinguidas como los teatros del canal; la cubana;\u00a0el festival dansa val\u00e8ncia; el circo rauly legacy, el festival de teatro y artes de calle de Valladolid;\u00a0el grupo de teatro de t\u00edteres de la t\u00eda Norica; la\u201cComuna 13\u201d\u00a0de Medell\u00edn y el teatro Col\u00f3n\u00a0de Buenos Aires.<\/p>\n<p>Fue el pasado d\u00eda 2 de septiembre de 2025 en una reuni\u00f3n de la Junta Directiva de la instituci\u00f3n, se reconoci\u00f3 a estos profesionales y distinciones para ser distinguidos con medallas de Oro, los denominados profesionales de las Artes Esc\u00e9nicas del 2025.<\/p>\n<p>Bel\u00e9n Rueda, con una extensa carrera como actriz en cine y televisi\u00f3n, lleva pisando las tablas desde 2007, donde debut\u00f3 con la versi\u00f3n de Closer\u00a0de Mariano Barroso. En 2023 destac\u00f3 con una excelsa Salom\u00e9 a las \u00f3rdenes de Mag\u00fci Mira, que se estren\u00f3 en el Festival Internacional de Teatro de M\u00e9rida.<\/p>\n<p><img decoding=\"async\" loading=\"lazy\" class=\"alignnone size-full wp-image-689405160600\" src=\"https:\/\/analyse.optim.biz\/wp-content\/uploads\/2025\/12\/belen_rueda-min.jpg\" width=\"609\" height=\"875\" title=\"belen_rueda-min\"><\/p>\n<p>Carlos Hip\u00f3lito tiene una carrera esc\u00e9nica de casi cincuenta a\u00f1os desde que ingresara en el Teatro Espa\u00f1ol Independiente (TEI). Carlos ha destacado tanto en teatro de texto e interpretativo y ha recibido varios Premios Max, de la Uni\u00f3n de Actores y Actrices, as\u00ed como del Corral de Comedias de Almagro. Tambi\u00e9n recibi\u00f3 una nominaci\u00f3n en 2024 a los Premios Tal\u00eda por su interpretaci\u00f3n en \u201cOcean\u00eda\u201d, el testamento art\u00edstico y vital de Gerardo Vera. \u00daltimamente ha sido elogiado por la interpretaci\u00f3n del violonchelista espa\u00f1ol Pau Casals, en la obra \u201cM\u00fasica para Hitler\u201d basada en hechos reales. En teatro musical son varias las obras entre muchos otros. Ha trabajado a las \u00f3rdenes de ls mejores directores de escena entre los que destacan, William Layton, Pilar Mir\u00f3, Juan Carlos Rubio y Adolfo Marsillach, Mario Camus, Jos\u00e9 Luis Garci, entre muchos.<\/p>\n<p>Petra Mart\u00ednez, fue Premio Nacional de Teatro en 2022 junto a su indisoluble compa\u00f1ero Juan Margallo. Su trabajo ha destacado por un enorme compromiso con el arte y la sociedad a trav\u00e9s de sus creaciones, tal y como destac\u00f3 el jurado de dicho premio. La pareja tambi\u00e9n recibi\u00f3 el Max de Honor ex aequo en 2025.<\/p>\n<p>Petra inici\u00f3 su carrera en el Teatro Independiente y su trayectoria est\u00e1 \u00edntimamente ligada a grupos imprescindibles como T\u00e1bano o Gayo Vallecano. Desde la compa\u00f1\u00eda \u201cUroc Teatro\u201d supieron incorporar las tendencias esc\u00e9nicas m\u00e1s innovadoras, conservando esta actitud durante m\u00e1s de 60 a\u00f1os.<\/p>\n<p>Daniel Mart\u00ednez de Obreg\u00f3n, vinculado a las artes esc\u00e9nicas fund\u00f3 el Grupo Focus, que hoy preside, en 1986. A lo largo de su carrera ha sido, entre otros, presidente de la Asociaci\u00f3n de Empresas de Teatro de Catalu\u00f1a y de la Federaci\u00f3n Estatal de Asociaciones de Empresas de Teatro y Danza. Ha sido miembro del Consell de Cultura de Barcelona y es miembro del Cercle de Cultura y tiene la Medalla de Oro en el M\u00e9rito en las Bellas Artes entregada en el 2021.<\/p>\n<p>Jos\u00e9 Carlos Mart\u00ednez, core\u00f3grafo y bailar\u00edn. Director del Ballet de la \u00d3pera de Par\u00eds desde el 2022. Su carrera ha destacado por la excelencia y la internacionalizaci\u00f3n del talento espa\u00f1ol en la danza. Comenz\u00f3 como primer bailar\u00edn de la \u00d3pera de Par\u00eds en 1997. Ha pasado por la compa\u00f1\u00eda Nacional de Danza, donde ha dejado una impronta marcada por la misi\u00f3n social y pedag\u00f3gica, acercando la danza de manera f\u00e1cil a todas las clases y entidades sociales.<\/p>\n<p>Jos\u00e9 Mar\u00eda Viteri,\u00a0vinculado durante m\u00e1s de veinte a\u00f1os al teatro Calder\u00f3n de Valladolid. Anteriormente fue director de producci\u00f3n en el Arriaga de Bilbao. Toda una vida dedicada al mundo del espect\u00e1culo y a la programaci\u00f3n cultural, que tambi\u00e9n se ha visto reconocida con el premio \u201c\u00c1ngel Mar\u00eda de Pablos\u201d a la mejor labor profesional de las artes y las letras, un reconocimiento de los Premios Amigos del Teatro Ciudad y Provincia de Valladolid.<\/p>\n<p>Rosalba Rol\u00f3n, Actriz y directora de origen puertorrique\u00f1o, fundadora y actual directora art\u00edstica de \u201cPregones Theater Company\u201d. Compa\u00f1\u00eda de teatro itinerante centrada en poner en escena creaciones latinas. Ha sido galardonada recientemente con el \u201cDorothy and Lillian Gish\u201d, que se otorga a artistas que hayan hecho una contribuci\u00f3n destacada en el mundo del entretenimiento, cambiando nuestra manera de entender la vida.<\/p>\n<p>En la misma reuni\u00f3n del pasado mes de septiembre, se concedi\u00f3 la Medalla de Oro\u00a0a entidades como \u201cLa Comuna 13 de Medell\u00edn\u201d de Colombia. Barrio de Medell\u00edn que es un ejemplo de c\u00f3mo el arte transforma vidas, demostrando c\u00f3mo la creatividad puede modificar la historia de un lugar. Donde hace a\u00f1os hab\u00eda un punto conflictivo, hoy encontramos un crisol de arte y creatividad.<\/p>\n<p>El Teatro Col\u00f3n de Buenos Aires en Argentina, que resulta ser un agente cultural que lleva en funcionamiento desde 1857 y apostando por la excelencia en las artes esc\u00e9nicas desde entonces. Hoy es una de las salas de \u00f3pera m\u00e1s importantes del mundo, a la altura de Scala de Mil\u00e1n, la \u00d3pera de Par\u00eds, la \u00d3pera de Viena, el Covent Garden de Londres y el Metropolitan de Nueva York. Destaca adem\u00e1s por contar con sus cuerpos propios de \u00f3pera, ballet y coro, as\u00ed como con sus propios talleres de producci\u00f3n desde 1925.<\/p>\n<p>Los Teatros del Canal en Madrid, actualmente uno de los centros m\u00e1s representativos en el mundo de las artes esc\u00e9nicas de nuestra capital, lleva desde 2009 ofreciendo al p\u00fablico una enorme variedad de estilos y contenidos con un solo requisito com\u00fan: la calidad t\u00e9cnica y art\u00edstica de los productos presentados con sus tres salas, verde roja y negra\u00a0ofrecen ,casi diariamente espect\u00e1culos en muchas de las horas del d\u00eda ocupando en el conjunto de las salas m\u00e1s de dos mil espectadores y teniendo un foro de orquesta con capacidad para m\u00e1s de 700 m\u00fasicos.<\/p>\n<p>Festival Dansa de Valencia, que Tras 38 ediciones, se ha consolidado como un referente de la danza contempor\u00e1nea en Espa\u00f1a, gracias a un modelo h\u00edbrido \u201ca medio camino entre festival y mercado\u201d, que a\u00fana la proyecci\u00f3n internacional con el apoyo al tejido creativo valenciano. Su evoluci\u00f3n lo ha convertido en la \u201cSpanish Dance Platform\u201d, un escaparate profesional de alcance global que re\u00fane a\u00f1o tras a\u00f1o a compa\u00f1\u00edas, programadores y creadores de todo el mundo.<\/p>\n<p>Circo Raluy Legacy,\u00a0 propiedad de\u00a0 la familia Raluy, que\u00a0 es una de las sagas m\u00e1s reconocidas en el mundo del circo. Hoy en d\u00eda ya son seis generaciones de artistas que se re\u00fanen dirigiendo este legado familiar, el circo \u201cRaluy Legacy\u201d. Un trabajo que ha ido dando sus frutos con diferentes reconocimientos hasta convertirse, recientemente, en un referente a nivel mundial al ser galardonado con el \u201cBig top Label\u201d y ser escogido como uno de los 13 mejores circos del mundo.<\/p>\n<p>El Festival Internacional de Teatro y Artes de Calle de Valladolid que se ha convertido en un referente cultural donde la acci\u00f3n, la observaci\u00f3n, la diversi\u00f3n, la conmoci\u00f3n, la emoci\u00f3n y la reflexi\u00f3n operan para resignificar el espacio urbano y dotar de un dinamismo extraordinario a toda la ciudad del Pisuerga.<\/p>\n<p>El Teatro de Arte de Calle, vive el momento en que la ciudad de Valladolid y sus ciudadanos se funden para vivir de una manera profunda la teatralidad; entendiendo \u00e9sta como la relaci\u00f3n que se da entre los distintos agentes de la comunidad art\u00edstica, creadores, int\u00e9rpretes, p\u00fablicos y espacio urbano en favor de algo que no se observa en condiciones normales y que permite cuestionar percepciones personales y colectivas, con gran veracidad en sus interpretaciones callejeras y siendo del agrado y satisfacci\u00f3n de la ciudadan\u00eda<\/p>\n<p>La Cubana\u00a0Fundada en Barcelona en la poblaci\u00f3n de Sitges en 1980, por Vicky Plana y Jordi Mil\u00e1n el actual director y se profesionaliz\u00f3 en 1983. Esta compa\u00f1\u00eda lleva m\u00e1s de 40 a\u00f1os acercando el teatro al p\u00fablico con una visi\u00f3n muy personal de las artes esc\u00e9nicas, un estilo propio cargado de humor y mucha creatividad y color.\u00a0Sus actuaciones a su paso por Madrid han sido siempre de enorme satisfacci\u00f3n y acogida con llenos diarios. La Cubana es sin dudas una de las compa\u00f1\u00edas teatrales m\u00e1s prestigiosas de nuestro pa\u00eds.<\/p>\n<p>Grupo de Teatro la T\u00eda Norica, es una emblem\u00e1tica compa\u00f1\u00eda de teatro de t\u00edteres originaria de C\u00e1diz, cuya tradici\u00f3n se remonta a finales del siglo XVIII. Considerada por especialistas como \u201cla tradici\u00f3n de t\u00edteres m\u00e1s importante de Espa\u00f1a y de Europa, con m\u00e1s de 200 a\u00f1os de antig\u00fcedad\u201d forma parte esencial del patrimonio cultural gaditano, andaluz y espa\u00f1ol, como lo prueba la Medalla de Oro al M\u00e9rito en las Bellas Artes por el Gobierno de Espa\u00f1a en 2002.<\/p>\n<p>Su pervivencia extraordinaria la convierte en uno de los ejemplos vivos de teatro popular m\u00e1s antiguos de Europa, habiendo transmitido sus historias, t\u00e9cnicas y personajes de generaci\u00f3n en generaci\u00f3n hasta nuestros d\u00edas. Su punto de inflexi\u00f3n m\u00e1s importante es en sus actuaciones callejeras, especialmente en febrero que son los carnavales y la \u201ctacita de plata\u201d triplica su poblaci\u00f3n para ver las chirigotas, y trasgresiones de grupos y en especial, este grupo de la Tia Norica.<\/p>\n<\/div>\n<p> Source URL: https:\/\/www.periodistadigital.com\/cultura\/cine-y-teatro\/20251205\/medallas-oro-artes-escenicas-espana-noticia-689405160597\/<\/p>\n","protected":false},"excerpt":{"rendered":"<p>M\u00e1s informaci\u00f3n &#8220;Mejor no decirlo&#8221; Los Miserables: El m\u00e1s importante musical de todos los tiempos La Academia de las Artes Esc\u00e9nicas de Espa\u00f1a, llevar\u00e1 a cabo la entrega a los galardonados con la medalla de oro y las distinciones de honor 2025, en el Teatro Calder\u00f3n de Valladolid el pr\u00f3ximo lunes 15 de diciembre. Un [&hellip;]<\/p>\n","protected":false},"author":1,"featured_media":915044,"comment_status":"open","ping_status":"","sticky":false,"template":"","format":"standard","meta":{"footnotes":""},"categories":[88],"tags":[112],"class_list":["post-915043","post","type-post","status-publish","format-standard","has-post-thumbnail","hentry","category-spain","tag-periodistadigital-com"],"_links":{"self":[{"href":"https:\/\/analyse.optim.biz\/index.php?rest_route=\/wp\/v2\/posts\/915043","targetHints":{"allow":["GET"]}}],"collection":[{"href":"https:\/\/analyse.optim.biz\/index.php?rest_route=\/wp\/v2\/posts"}],"about":[{"href":"https:\/\/analyse.optim.biz\/index.php?rest_route=\/wp\/v2\/types\/post"}],"author":[{"embeddable":true,"href":"https:\/\/analyse.optim.biz\/index.php?rest_route=\/wp\/v2\/users\/1"}],"replies":[{"embeddable":true,"href":"https:\/\/analyse.optim.biz\/index.php?rest_route=%2Fwp%2Fv2%2Fcomments&post=915043"}],"version-history":[{"count":0,"href":"https:\/\/analyse.optim.biz\/index.php?rest_route=\/wp\/v2\/posts\/915043\/revisions"}],"wp:featuredmedia":[{"embeddable":true,"href":"https:\/\/analyse.optim.biz\/index.php?rest_route=\/wp\/v2\/media\/915044"}],"wp:attachment":[{"href":"https:\/\/analyse.optim.biz\/index.php?rest_route=%2Fwp%2Fv2%2Fmedia&parent=915043"}],"wp:term":[{"taxonomy":"category","embeddable":true,"href":"https:\/\/analyse.optim.biz\/index.php?rest_route=%2Fwp%2Fv2%2Fcategories&post=915043"},{"taxonomy":"post_tag","embeddable":true,"href":"https:\/\/analyse.optim.biz\/index.php?rest_route=%2Fwp%2Fv2%2Ftags&post=915043"}],"curies":[{"name":"wp","href":"https:\/\/api.w.org\/{rel}","templated":true}]}}