{"id":907868,"date":"2025-12-06T00:00:00","date_gmt":"2025-12-05T21:00:00","guid":{"rendered":"https:\/\/analyse.optim.biz\/?p=907868"},"modified":"2025-12-06T00:00:00","modified_gmt":"2025-12-05T21:00:00","slug":"la-rtve-de-sanchez-sale-de-eurovision-por-la-puerta-de-atras-y-a-nadie-le-importa-un-comino-periodista-digital","status":"publish","type":"post","link":"https:\/\/analyse.optim.biz\/?p=907868","title":{"rendered":"La RTVE de S\u00e1nchez sale de Eurovisi\u00f3n por la puerta de atr\u00e1s y a nadie le importa un comino &#8211; Periodista Digital"},"content":{"rendered":"<div class=\"m4p-post-content\">\n<p><span class=\"m4p-capitular\">U<\/span>na cadena p\u00fablica, como RTVE, debe de anteponer el arte, la cultura y el espect\u00e1culo musical a las ideas pol\u00edticas de los directivos puestos a dedo en sus mullidos sof\u00e1s, aunque se lo manden `desde arriba\u00b4, que supongo que ser\u00e1 lo que ha ocurrido con el desplante de Espa\u00f1a a Eurovisi\u00f3n despu\u00e9s de 65 a\u00f1os, ni m\u00e1s ni menos.<\/p>\n<p>El que un pa\u00eds tenga conflictos armados (y adem\u00e1s cerca de una soluci\u00f3n definitiva) no debe influir para que deje de concursar en un evento tan prestigioso como Eurovisi\u00f3n, que nada tiene que ver con las ideas pol\u00edticas de sus pa\u00edses concursantes.<\/p>\n<p><img loading=\"lazy\" decoding=\"async\" class=\"alignnone size-full wp-image-689405160697\" src=\"https:\/\/analyse.optim.biz\/wp-content\/uploads\/2025\/12\/eurovision-2.jpg\" width=\"1200\" height=\"675\" title=\"eurovision-2\"><\/p>\n<p>Si todav\u00eda fuese una empresa privada se puede entender que tome esa decisi\u00f3n tan importante, pero siendo una empresa p\u00fablica tiene que mirar por el bien de sus espectadores y no mezclar churras con meninas. Sus directivos no son qui\u00e9n para censurar el arte y los gustos de su audiencia.<\/p>\n<p>Esto no es un informativo, donde ya dejan patente su falta de objetividad y su torticera manipulaci\u00f3n en RTVE, es un espect\u00e1culo musical de primer orden con un share impresionante que demuestra el m\u00e1ximo interes de los espa\u00f1oles por el concurso.<\/p>\n<p><img decoding=\"async\" loading=\"lazy\" class=\"alignnone size-full wp-image-689405160698\" src=\"https:\/\/analyse.optim.biz\/wp-content\/uploads\/2025\/12\/eurovision-3.jpg\" width=\"1200\" height=\"800\" title=\"eurovision-3\"><\/p>\n<p>A este paso nos censurar\u00e1n documentales donde aparezcan jud\u00edos, pel\u00edculas dirigidas por israelitas o exposiciones de artistas de un pa\u00eds en guerra porque a unos personajes, totalmente politizados, se les ocurre que no debe ser emitido.<\/p>\n<p>S\u00ed, todos queremos la paz y estamos en contra de una guerra injusta, como las hay por cierto en otros pa\u00edses, pero si dejamos que nos quiten el arte, la cultura y la m\u00fasica es que ya no nos queda nada en nuestros tantas veces humillados corazones.<\/p>\n<\/div>\n<p> Source URL: https:\/\/www.periodistadigital.com\/cultura\/cine-y-teatro\/20251206\/espana-retira-eurovision-noticia-689405160693\/<\/p>\n","protected":false},"excerpt":{"rendered":"<p>Una cadena p\u00fablica, como RTVE, debe de anteponer el arte, la cultura y el espect\u00e1culo musical a las ideas pol\u00edticas de los directivos puestos a dedo en sus mullidos sof\u00e1s, aunque se lo manden `desde arriba\u00b4, que supongo que ser\u00e1 lo que ha ocurrido con el desplante de Espa\u00f1a a Eurovisi\u00f3n despu\u00e9s de 65 a\u00f1os, [&hellip;]<\/p>\n","protected":false},"author":1,"featured_media":907869,"comment_status":"open","ping_status":"","sticky":false,"template":"","format":"standard","meta":{"footnotes":""},"categories":[88],"tags":[112],"class_list":["post-907868","post","type-post","status-publish","format-standard","has-post-thumbnail","hentry","category-spain","tag-periodistadigital-com"],"_links":{"self":[{"href":"https:\/\/analyse.optim.biz\/index.php?rest_route=\/wp\/v2\/posts\/907868","targetHints":{"allow":["GET"]}}],"collection":[{"href":"https:\/\/analyse.optim.biz\/index.php?rest_route=\/wp\/v2\/posts"}],"about":[{"href":"https:\/\/analyse.optim.biz\/index.php?rest_route=\/wp\/v2\/types\/post"}],"author":[{"embeddable":true,"href":"https:\/\/analyse.optim.biz\/index.php?rest_route=\/wp\/v2\/users\/1"}],"replies":[{"embeddable":true,"href":"https:\/\/analyse.optim.biz\/index.php?rest_route=%2Fwp%2Fv2%2Fcomments&post=907868"}],"version-history":[{"count":0,"href":"https:\/\/analyse.optim.biz\/index.php?rest_route=\/wp\/v2\/posts\/907868\/revisions"}],"wp:featuredmedia":[{"embeddable":true,"href":"https:\/\/analyse.optim.biz\/index.php?rest_route=\/wp\/v2\/media\/907869"}],"wp:attachment":[{"href":"https:\/\/analyse.optim.biz\/index.php?rest_route=%2Fwp%2Fv2%2Fmedia&parent=907868"}],"wp:term":[{"taxonomy":"category","embeddable":true,"href":"https:\/\/analyse.optim.biz\/index.php?rest_route=%2Fwp%2Fv2%2Fcategories&post=907868"},{"taxonomy":"post_tag","embeddable":true,"href":"https:\/\/analyse.optim.biz\/index.php?rest_route=%2Fwp%2Fv2%2Ftags&post=907868"}],"curies":[{"name":"wp","href":"https:\/\/api.w.org\/{rel}","templated":true}]}}