{"id":900372,"date":"2025-10-17T12:04:00","date_gmt":"2025-10-17T09:04:00","guid":{"rendered":"https:\/\/analyse.optim.biz\/?p=900372"},"modified":"2025-10-17T12:04:00","modified_gmt":"2025-10-17T09:04:00","slug":"prin-decizia-de-stramutare-de-la-curtea-de-apel-iasi-la-curtea-de-apel-targu-mures-instanta-suprema-i-a-redat-tanarului-el-bourkadi-ahmed-sami-dreptul-la-un-proces-echitabil-proces-in-urma-caruia-a","status":"publish","type":"post","link":"https:\/\/analyse.optim.biz\/?p=900372","title":{"rendered":"Prin decizia de str\u0103mutare de la Curtea de Apel Ia\u0219i, la Curtea de Apel T\u00e2rgu Mure\u0219, Instan\u021ba Suprem\u0103 i-a redat t\u00e2n\u0103rului El Bourkadi Ahmed Sami dreptul la un proces echitabil, proces \u00een urma c\u0103ruia ap\u0103rarea va putea dovedi c\u0103 acesta nu este autorul dublului asasinat care a zguduit \u00een decembrie 2021 \u00eentreaga \u021bar\u0103"},"content":{"rendered":"<article id=\"article-content\">\n<h1>Prin decizia de str\u0103mutare de la Curtea de Apel Ia\u0219i, la Curtea de Apel T\u00e2rgu Mure\u0219, Instan\u021ba Suprem\u0103 i-a redat t\u00e2n\u0103rului El Bourkadi Ahmed Sami dreptul la un proces echitabil, proces \u00een urma c\u0103ruia ap\u0103rarea va putea dovedi c\u0103 acesta nu este autorul dublului asasinat care a zguduit \u00een decembrie 2021 \u00eentreaga \u021bar\u0103<\/h1>\n<section id=\"article-info\">\n<p class=\"author\">Scris de: Av. Florin Constantin DURGHEU | <a href=\"https:\/\/www.luju.ro\/prin-decizia-de-stramutare-de-la-curtea-de-apel-iasi-la-curtea-de-apel-targu-mures-instanta-suprema-i-a-redat-tanarului-el-bourkadi-ahmed-sami-dreptul-la-un-proces-echitabil-proces-in-urma-caruia-apararea-va-putea-dovedi-ca-acesta-nu-este-autorul-dublului?pdf\" title=\"PDF\"><img decoding=\"async\" src=\"https:\/\/analyse.optim.biz\/wp-content\/uploads\/2025\/12\/pdf-993.png\" alt=\"pdf\" title=\"pdf-993\"><\/a> | <a href=\"https:\/\/www.luju.ro\/prin-decizia-de-stramutare-de-la-curtea-de-apel-iasi-la-curtea-de-apel-targu-mures-instanta-suprema-i-a-redat-tanarului-el-bourkadi-ahmed-sami-dreptul-la-un-proces-echitabil-proces-in-urma-caruia-apararea-va-putea-dovedi-ca-acesta-nu-este-autorul-dublului?print=1\" class=\"external\" title=\"Imprimare\"><img decoding=\"async\" src=\"https:\/\/analyse.optim.biz\/wp-content\/uploads\/2025\/12\/print-991.png\" alt=\"print\" title=\"print-991\"><\/a><\/p>\n<div class=\"info flex-container\">\n<div class=\"date\">17 October 2025 12:04<\/div>\n<div>Vizualizari: 5774<\/div>\n<\/div>\n<\/section>\n<section id=\"article-body\">\n<section id=\"page\" class=\"cf\">\n<div>\n<p align=\"JUSTIFY\"><span><span><span lang=\"ro-RO\"><img loading=\"lazy\" decoding=\"async\" height=\"200\" width=\"200\" src=\"https:\/\/analyse.optim.biz\/wp-content\/uploads\/2025\/12\/avocat_florin_durgheu-1.jpg\" title=\"avocat_florin_durgheu-1\">M\u0103rturisesc faptul c\u0103, de\u0219i m-a bucurat enorm \u0219i am apreciat \u00een mod deosebit decizia <\/span><span lang=\"ro-RO\"><b>\u00cenaltei Cur\u021bi de Casa\u021bie \u0219i Justi\u021bie<\/b><\/span><span lang=\"ro-RO\"> de a admite cererea de str\u0103mutare pe care am formulat-o \u00een numele inculpatului <\/span><span lang=\"ro-RO\"><b>El Bourkadi Ahmed Sami<\/b><\/span><span lang=\"ro-RO\">, nu a\u0219 fi scris nici un articol pe marginea acestui subiect, cu toate c\u0103 ar fi trebuit salutat\u0103 \u0219i punctat\u0103 decizia mai mult dec\u00e2t corect\u0103 \u0219i normal\u0103 a <\/span><span lang=\"ro-RO\"><b>Instan\u021bei Supreme<\/b><\/span><span lang=\"ro-RO\">. <\/span><\/span><\/span><\/p>\n<hr>\n<p align=\"JUSTIFY\">\u00a0<\/p>\n<p align=\"JUSTIFY\"><span><span><span lang=\"ro-RO\">Citind \u00een aceast\u0103 diminea\u021b\u0103 articolul <\/span><span lang=\"ro-RO\"><b>\u201eLovitur\u0103 de teatru \u00een dosarul dublei crime din Moara de V\u00e2nt! Nimeni nu se a\u0219tepta la a\u0219a ceva!\u201d<\/b><\/span><span lang=\"ro-RO\">, articol publicat la data de 11.10.2025 pe site-ul <\/span><span lang=\"ro-RO\"><b><span><a href=\"https:\/\/www.dezvaluirea.ro\/lovitura-de-teatru-in-dosarul-dublei-crime-din-moara-de-vant-nimeni-nu-se-astepta-la-asa-ceva\/\" target=\"_blank\">\u201eDezv\u0103luirea, anchete \u0219i reportaje\u201d<\/a><\/span><\/b><\/span><span lang=\"ro-RO\">, sub semn\u0103tura lui <\/span><span lang=\"ro-RO\"><b>Alexandru Stan<\/b><\/span><span lang=\"ro-RO\">, m-am decis s\u0103 scriu acest articol cu scopul de a nu l\u0103sa f\u0103r\u0103 o reac\u021bie ferm\u0103 aceast\u0103 manipulare grosolan\u0103 a opiniei publice.<\/span><\/span><\/span><\/p>\n<p align=\"JUSTIFY\"><span><span><span lang=\"ro-RO\">Este important de subliniat faptul c\u0103, sub titlul articolului, exact \u00een dreptul numelui autorului, apare o c\u0103su\u021b\u0103 albastr\u0103 \u00een care este scris extrem de vizibil \u201eC\u0103r\u021bi crime reale\u201d, fapt care induce cititorilor \u00een mod eronat ideea c\u0103 sus\u021binerile din cuprinsul articolului sunt reale, autorul dublului asasinat fiind El Bourkadi Ahmed Sami.<\/span><\/span><\/span><\/p>\n<p align=\"JUSTIFY\"><span><span><span lang=\"ro-RO\">Titlul <\/span><span lang=\"ro-RO\"><b>\u201eLovitur\u0103 de teatru \u00een dosarul dublei crime din Moara de V\u00e2nt! Nimeni nu se a\u0219tepta la a\u0219a ceva!\u201d<\/b><\/span><span lang=\"ro-RO\">, relev\u0103 disperarea, at\u00e2t a autorului articolului, precum \u0219i a magistra\u021bilor care au s\u0103v\u00e2r\u0219it, nu doar o eroare judiciar\u0103 imens\u0103, ci \u0219i un veritabil abuz \u00een serviciu, c\u0103, prin decizia de str\u0103mutare la Curtea de Apel T\u00e2rgu Mure\u0219, instan\u021b\u0103 complet independent\u0103 \u0219i imun\u0103 fa\u021b\u0103 de zbaterile magistra\u021bilor ie\u0219eni abuzivi, adev\u0103rul va fi devoalat iar nevinov\u0103\u021bia inculpatului El Bourkadi Ahmed Sami va fi dovedit\u0103 mai presus de orice dubiu.<\/span><\/span><\/span><\/p>\n<p align=\"JUSTIFY\"><span><span><span lang=\"ro-RO\">Prin Sentin\u021ba Penal\u0103 nr. 377, pronun\u021bat\u0103 la data de 25.09.2025, <\/span><span lang=\"ro-RO\"><b>\u00cenalta Curte de Casa\u021bie \u0219i Justi\u021bie<\/b><\/span><span lang=\"ro-RO\"> a admis cererea de str\u0103mutare formulat\u0103 de c\u0103tre subsemnatul \u0219i a decis str\u0103mutarea dosarului de la <\/span><span lang=\"ro-RO\"><b>Curtea de Apel Ia\u0219i<\/b><\/span><span lang=\"ro-RO\">, la <\/span><span lang=\"ro-RO\"><b>Curtea de Apel T\u00e2rgu Mure\u0219<\/b><\/span><span lang=\"ro-RO\">.<\/span><\/span><\/span><\/p>\n<p align=\"JUSTIFY\"><span><span><span lang=\"ro-RO\">Este important de subliniat faptul c\u0103, \u201esco\u021b\u00e2nd\u201d dosarul din raza de influen\u021b\u0103 a magistra\u021bilor ie\u0219eni, <\/span><span lang=\"ro-RO\"><b>\u00cenalta Curte de Casa\u021bie \u0219i Justi\u021bie<\/b><\/span><span lang=\"ro-RO\"> a ac\u021bionat cu adev\u0103rat ca cel mai \u00eenalt for al Justi\u021biei din Rom\u00e2nia \u0219i i-a redat t\u00e2n\u0103rului <\/span><span lang=\"ro-RO\"><b>El Bourkadi Ahmed Sami<\/b><\/span><span lang=\"ro-RO\">, cet\u0103\u021bean canadian \u0219i marocan, speran\u021ba c\u0103, \u00een sf\u00e2r\u0219it, va avea parte pentru prima dat\u0103 de un proces echitabil.<\/span><\/span><\/span><\/p>\n<p align=\"JUSTIFY\"><span><span><span lang=\"ro-RO\">Ceea ce s-a \u00eent\u00e2mplat p\u00e2n\u0103 acum \u00een acest dosar, at\u00e2t \u00een faza urm\u0103ririi penale, precum \u0219i \u00een fa\u021ba instan\u021belor de fond \u0219i apel, p\u00e2n\u0103 la admiterea cererii de str\u0103mutare, nu are nicio leg\u0103tur\u0103 cu principiile care guverneaz\u0103 corecta desf\u0103\u0219urare a procesului penal fiind o veritabil\u0103 mascarad\u0103 judiciar\u0103.<\/span><\/span><\/span><\/p>\n<p align=\"JUSTIFY\"><span><span><span lang=\"ro-RO\">Av\u00e2nd \u00een vedere, pe de o parte, solu\u021biile de trimitere \u00een judecat\u0103, de condamnare pe via\u021b\u0103 \u0219i de men\u021binere a inculpatului \u00een arest preventiv aproape 4 ani, cu toate c\u0103 din probele administrate discre\u021bionar de c\u0103tre procurorul anchetator rezult\u0103 \u00een mod indubitabil nevinov\u0103\u021bia clientului meu, sintagma \u201emascarad\u0103 judiciar\u0103\u201d folosit\u0103 anterior pare mult prea bl\u00e2nd\u0103. <\/span><\/span><\/span><\/p>\n<p align=\"JUSTIFY\"><span><span><span lang=\"ro-RO\">Fiind angajat de c\u0103tre familia clientului meu imediat dup\u0103 pronun\u021barea \u00eenfior\u0103toarei sentin\u021be de condamnare pe via\u021b\u0103 a inculpatului pentru un dublu asasinat comis, cu siguran\u021b\u0103 alte persoane dec\u00e2t t\u00e2n\u0103rul <\/span><span lang=\"ro-RO\"><b>El Bourkadi Ahmed Sami<\/b><\/span><span lang=\"ro-RO\">, am studiat cu interes dosarul \u0219i am identificat,  din p\u0103cate pentru prima dat\u0103, mai multe probe care dovedesc \u00een mod irefutabil c\u0103 nu inculpatul <\/span><span lang=\"ro-RO\"><b>EL BOURKADI AHMED SAMI<\/b><\/span><span lang=\"ro-RO\"> este autorul dublului asasinat:<\/span><\/span><\/span><\/p>\n<p align=\"JUSTIFY\"><span><span><br \/><\/span><\/span><\/p>\n<p align=\"JUSTIFY\"><span><span>1. Sus\u021binerea procurorului anchetator potrivit c\u0103reia victima <b>de sex feminin<\/b> nu a cobor\u00e2t deloc \u00een living premerg\u0103tor momentului \u00een care a fost ucis\u0103 este infirmat\u0103 \u00een cuprinsul Rechizitoriului de c\u0103tre o prob\u0103 \u0219tiin\u021bific\u0103 indubitabil\u0103, respectiv de c\u0103tre <b>proba ADN \u2013 profil genetic<\/b>.<\/span><\/span><\/p>\n<p align=\"JUSTIFY\"><span><span><br \/><\/span><\/span><\/p>\n<p align=\"JUSTIFY\"><span><span>La filele 34 \u2013 49 din Rechizitoriu, sub titlul<b> \u201eImaginea rezultatelor ob\u021binute \u00een urma acestor rapoarte de expertiz\u0103 genetic\u0103 ADN\u201d<\/b>,  este inserat un tabel \u00een care sunt prezentate rezultatele mijloacelor materiale de prob\u0103 ridicate de la fa\u021ba locului \u0219i urme recoltate.<\/span><\/span><\/p>\n<p align=\"JUSTIFY\"><span><span><br \/><\/span><\/span><\/p>\n<p align=\"JUSTIFY\"><span><span><i><span><b>Proba de la pozi\u021bia nr. 20 din Tabel ne relev\u0103 mai presus de orice dubiu nu doar c\u0103 victima de sex feminin a cobor\u00e2t \u00een living premerg\u0103tor declan\u0219\u0103rii agresiunii, dar era \u00een living chiar \u00een acel moment!!!<\/b><\/span><\/i><\/span><\/span><\/p>\n<p align=\"JUSTIFY\"><span><span><br \/><\/span><\/span><\/p>\n<p align=\"JUSTIFY\"><span><span><b>La pozi\u021bia nr. 20 din tabel sunt analizate petele brun ro\u0219cate ridicate \u00eentre fotoliu \u0219i canapea, \u00een camera de zi (living). <\/b><\/span><\/span><\/p>\n<p align=\"JUSTIFY\"><span><span><br \/><\/span><\/span><\/p>\n<p align=\"JUSTIFY\"><span><span><b>Rezultatul probei profil ADN ale Raportului IML Ia\u0219i din 28.04.2022 \u00ceL SCOATE COMPLET DIN SCENA AGRESIUNII PE CLIENTUL MEU DEOARECE PROFILUL S\u0102U ADN ESTE EXCLUS:<\/b><\/span><\/span><\/p>\n<p align=\"JUSTIFY\"><span><span><br \/><\/span><\/span><\/p>\n<p align=\"JUSTIFY\"><span><span>\u201e<b>S\u00e2nge uman \u2013 profil genetic complex :<\/b><\/span><\/span><\/p>\n<p align=\"JUSTIFY\">\u00a0<\/p>\n<ul>\n<li>\n<p align=\"JUSTIFY\"><span><span><b>Majoritar \t: victima M (1,09 x 1028 )<\/b><\/span><\/span><\/p>\n<\/li>\n<li>\n<p align=\"JUSTIFY\"><span><span><b>Minoritar \t: victima F (2,16 x 1010 )<\/b><\/span><\/span><\/p>\n<\/li>\n<li>\n<p align=\"JUSTIFY\"><span><span><b>EL \tBOURKADI AHMED SAMI \u2013 EXCLUS\u201d!!!<\/b><\/span><\/span><\/p>\n<\/li>\n<\/ul>\n<p align=\"JUSTIFY\">\u00a0<\/p>\n<p align=\"JUSTIFY\"><span><span><span lang=\"ro-RO\">\u00cempotriva acestei probe \u0219tiin\u021bifice de net\u0103g\u0103duit, procurorul anchetator a emis Rechizitoriul iar instan\u021ba de fond l-a<\/span><span lang=\"ro-RO\"><b> condamnat pe inculpat, cu o non\u0219alan\u021b\u0103 demn\u0103 de o cauz\u0103 mai bun\u0103, la pedeapsa deten\u021biunii pe via\u021b\u0103<\/b><\/span><span lang=\"ro-RO\">.<\/span><\/span><\/span><\/p>\n<p align=\"JUSTIFY\"><span><span><br \/><\/span><\/span><\/p>\n<p align=\"JUSTIFY\"><span><span><span lang=\"ro-RO\">2. A doua prob\u0103 de net\u0103g\u0103duit pe care am descoperit-o cu prilejul studierii dosarului, este o prob\u0103 tehnic\u0103 care demonstreaz\u0103 f\u0103r\u0103 dubiu faptul c\u0103 acuza\u021bia potrivit c\u0103reia, <\/span><span lang=\"ro-RO\"><span><b>dup\u0103 ce a ucis cele dou\u0103 victime \u00een intervalul <\/b><\/span><\/span><span><b>orar 23 20 &#8211; 2338 ,<\/b><\/span><span lang=\"ro-RO\"><span><b> a furat telefonul mobil al victimei de sex masculin, este fals\u0103<\/b><\/span><\/span><span lang=\"ro-RO\">.<\/span><\/span><\/span><\/p>\n<p align=\"JUSTIFY\"><span><span><br \/><\/span><\/span><\/p>\n<p align=\"JUSTIFY\"><span><span><span lang=\"ro-RO\">A\u0219a cum rezult\u0103 din localizarea telefoanelor de c\u0103tre celulele GSM, <\/span><span lang=\"ro-RO\"><span><b>victima de sex masculin era \u00een via\u021b\u0103 la momentul la care inculpatul a p\u0103r\u0103sit celula din raza imobilului, respectiv ora 23:16!<\/b><\/span><\/span><\/span><\/span><\/p>\n<p align=\"JUSTIFY\"><span><span><br \/><\/span><\/span><\/p>\n<p align=\"JUSTIFY\"><span><span>Analiz\u00e2nd datele men\u021bionate \u00een Rechizitoriu \u00een cuprinsul Tabelului \u00een care sunt inserate informa\u021biile despre numerele de telefon ale victimelor \u0219i ale inculpatului, perioada \u00een care acesta se afla la locuin\u021ba victimelor, numerele celulelor care au f\u0103cut identificarea, momentul ultimelor conexiuni ale fiec\u0103ruia dintre cele 3 numere, precum \u0219i observa\u021biile oferite \u00een dreptul fiec\u0103rui num\u0103r de telefon, se constat\u0103 faptul c\u0103, la data de 08.12.2021 :<\/span><\/span><\/p>\n<p align=\"JUSTIFY\"><span><span><br \/><\/span><\/span><\/p>\n<p align=\"JUSTIFY\"><span><span>&#8211; num\u0103rul de telefona al victimei de sex masculin a avut ultima conectare\/rela\u021bionare \u00een re\u021bea la ora de 23:40:57 GPRS &#8211; (internet).<\/span><\/span><\/p>\n<p align=\"JUSTIFY\"><span><span><br \/><\/span><\/span><\/p>\n<p align=\"JUSTIFY\"><span><span>&#8211; num\u0103rul de telefon al victimei de sex feminin a avut ultima conectare\/rela\u021bionare \u00een re\u021bea la ora 23.08.45 &#8211; GPRS (internet).<\/span><\/span><\/p>\n<p align=\"JUSTIFY\"><span><span><br \/><\/span><\/span><\/p>\n<p align=\"JUSTIFY\"><span><span>&#8211; num\u0103rul de telefon al inculpatului, <b>a avut ultima conectare\/rela\u021bionare \u00een re\u021bea la ora de 23:16:41 \u2013 Apeluri + date<\/b>.<\/span><\/span><\/p>\n<p align=\"JUSTIFY\">\u00a0<\/p>\n<p align=\"JUSTIFY\"><span><span><span lang=\"ro-RO\">Analiza \u0219i, implicit interpretarea corect\u0103 a acestor probe tehnice ne relev\u0103, nu doar faptul c\u0103, la momentul la care inculpatul a p\u0103r\u0103sit locuin\u021ba victimelor, acestea erau \u00een via\u021b\u0103, ci \u0219i faptul c\u0103, ulterior acestui moment, telefonul mobil al victimei de sex masculin, pretins furat de c\u0103tre clientul meu, a r\u0103mas \u00een continuare \u00een locuin\u021ba victimelor, fapt confirmat f\u0103r\u0103 dubiu de celula din zon\u0103.<\/span><\/span><\/span><\/p>\n<p align=\"JUSTIFY\"><span><span><br \/><\/span><\/span><\/p>\n<p align=\"JUSTIFY\"><span><span><span lang=\"ro-RO\"><b>\u00cempotriva acestei probe tehnice de net\u0103g\u0103duit, procurorul anchetator a emis Rechizitoriul iar instan\u021ba de fond l-a condamnat pe inculpat, cu o non\u0219alan\u021b\u0103 demn\u0103 de o cauz\u0103 mai bun\u0103, la pedeapsa deten\u021biunii pe via\u021b\u0103.<\/b><\/span><\/span><\/span><\/p>\n<p align=\"JUSTIFY\"><span><span><br \/><\/span><\/span><\/p>\n<p align=\"JUSTIFY\"><span><span>3. Pentru a justifica agresivitatea excesiv\u0103 de care a dat dovad\u0103 cel\/cei care a\/au comis cu adev\u0103rat masacrul, procurorul anchetator sus\u021bine faptul c\u0103, fiind sub influen\u021ba gazului ilariant \u00een momentul \u00een care inculpatul a fost deranjat de faptul c\u0103 victima de sex masculin i-a f\u0103cut o poz\u0103 \u0219i a r\u00e2s de el, inculpatul \u0219i-a pierdut cump\u0103tul \u0219i cu o ferocitate extrem\u0103 a ucis cele dou\u0103 victime.<\/span><\/span><\/p>\n<p align=\"JUSTIFY\"><span><span><br \/><\/span><\/span><\/p>\n<p align=\"JUSTIFY\"><span><span>Protoxidul de azot (N2O), cunoscut sub denumirea popular\u0103 de gaz ilariant, este o substan\u021b\u0103 cu efecte farmacodinamice bine cunoscute, utilizat\u0103 at\u00e2t \u00een context medical (analgezie \u0219i sedare), precum \u0219i recrea\u021bional. <\/span><\/span><\/p>\n<p align=\"JUSTIFY\"><span><span><br \/><\/span><\/span><\/p>\n<p align=\"JUSTIFY\"><span><span>Dovada elocvent\u0103 a faptului c\u0103 o persoan\u0103 aflat\u0103 sub influen\u021ba gazului ilariant, sub nicio form\u0103 nu este capabil\u0103 s\u0103 s\u0103v\u00e2r\u0219easc\u0103 o asemenea groz\u0103vie, rezult\u0103 din analiza efectelor pe care aceast\u0103 substan\u021b\u0103 le are :<\/span><\/span><\/p>\n<p align=\"JUSTIFY\"><span><span><br \/><\/span><\/span><\/p>\n<p align=\"JUSTIFY\"><span><span>&#8211; este un depresor al sistemului nervos central  (SNC) ;<\/span><\/span><\/p>\n<p align=\"JUSTIFY\"><span><span><br \/><\/span><\/span><\/p>\n<p align=\"JUSTIFY\"><span><span>&#8211; ac\u021bioneaz\u0103 prin antagonism asupra receptorilor NMDA, duc\u00e2nd la o sc\u0103dere a activit\u0103\u021bii neuronale, la afectarea memoriei \u0219i a controlului motor ;<\/span><\/span><\/p>\n<p align=\"JUSTIFY\"><span><span><br \/><\/span><\/span><\/p>\n<p align=\"JUSTIFY\"><span><span>&#8211; euforie, r\u00e2s spontan ;<\/span><\/span><\/p>\n<p align=\"JUSTIFY\"><span><span><br \/><\/span><\/span><\/p>\n<p align=\"JUSTIFY\"><span><span>&#8211; distorsiuni ale percep\u021biei vizuale \u0219i auditive ;<\/span><\/span><\/p>\n<p align=\"JUSTIFY\"><span><span><br \/><\/span><\/span><\/p>\n<p align=\"JUSTIFY\"><span><span>&#8211; somnolen\u021b\u0103 ;<\/span><\/span><\/p>\n<p align=\"JUSTIFY\"><span><span><br \/><\/span><\/span><\/p>\n<p align=\"JUSTIFY\"><span><span>&#8211; inhib\u0103 activitatea cortical\u0103, conduc\u00e2nd la pasivitate, nicidecum la furie.<\/span><\/span><\/p>\n<p align=\"JUSTIFY\"><span><span><br \/><\/span><\/span><\/p>\n<p align=\"JUSTIFY\"><span><span>&#8211; reducerea tonusului muscular \u0219i a for\u021bei fizice generale ;<\/span><\/span><\/p>\n<p align=\"JUSTIFY\"><span><span><br \/><\/span><\/span><\/p>\n<p align=\"JUSTIFY\"><span><span>&#8211; protoxidul de azot nu este halucinogen \u0219i nu produce delir paranoid, psihoz\u0103 sau halucina\u021bii vizuale\/auditive agresive, precum produc consumul de LSD sau ketamin\u0103.<\/span><\/span><\/p>\n<p align=\"JUSTIFY\"><span><span><br \/><\/span><\/span><\/p>\n<p align=\"JUSTIFY\"><span><span>Analiza efectelor pe care le produce gazul ilariant demonstreaz\u0103 neechivoc incompatibilitatea acestuia cu un comportament agresiv.<\/span><\/span><\/p>\n<p align=\"JUSTIFY\"><span><span><br \/><\/span><\/span><\/p>\n<p align=\"JUSTIFY\"><span><span>Perioada de timp \u00een care se manifest\u0103 efectele gazului ilariant, respectiv 30 secunde \u2013 1 minut, exclude orice sus\u021binere care se vrea a fi pertinent\u0103 referitoare la faptul c\u0103 o persoan\u0103 ar fi s\u0103v\u00e2r\u0219it acest masacru cu o agresivitate excesiv\u0103 accentuat\u0103 de gazul ilariant consumat cu mult timp \u00eenainte a\u0219a zisei agresiuni.<\/span><\/span><\/p>\n<p align=\"JUSTIFY\"><span><span><br \/><\/span><\/span><\/p>\n<p align=\"JUSTIFY\"><span><span>O persoan\u0103 aflat\u0103 sub influen\u021ba gazului ilariant, sub nicio form\u0103 nu poate dezvolta for\u021ba necesar\u0103 uciderii a dou\u0103 persoane, cu at\u00e2t mai mult cu c\u00e2t fiecare victim\u0103 era semnificativ mai puternic\u0103\/solid\u0103 dec\u00e2t inculpatul. <\/span><\/span><\/p>\n<p align=\"JUSTIFY\"><span><span><br \/><\/span><\/span><\/p>\n<p align=\"JUSTIFY\"><span><span>Sunt convins de faptul c\u0103, magistra\u021bii <b>Cur\u021bii de Apel T\u00e2rgu Mure\u0219<\/b> investi\u021bi cu solu\u021bionarea acestui complex dosar, nu doar c\u0103 vor analiza cu aten\u021bie \u0219i r\u0103bdare toate probele \/ excep\u021biile invocate de mine \u00een ap\u0103rarea clientului meu, dar vor lua \u0219i o decizie corect\u0103 care s\u0103 se raporteze exclusiv la reala situa\u021bie de fapt \u0219i la probele legal administrate.<\/span><\/span><\/p>\n<p align=\"JUSTIFY\"><span><span><br \/><\/span><\/span><\/p>\n<p align=\"JUSTIFY\"><span><span>Primul termen \u00een fa\u021ba Cur\u021bii de Apel T\u00e2rgu Mure\u0219, stabilit pentru data de 20.10.2025, va \u00eensemna, cu siguran\u021b\u0103, \u0219i revenirea la normalitate \u0219i legalitate.<\/span><\/span><\/p>\n<\/div>\n<\/section>\n<\/section>\n<section id=\"comments-boxes\">\n<div class=\"heading\">\n<h2>Comentarii<\/h2>\n<\/div>\n<div class=\"comment\" id=\"comentariu-382810\">\n<div class=\"commentBody\">\n<div class=\"commentDate\">\n<p class=\"comment-details cf\"><span class=\"comment-id\"><br \/>\n\t\t\t\t\t\t\t\t#<br \/>\n\t\t\t\t\t\t\t\t<strong>Maria<\/strong><img decoding=\"async\" src=\"https:\/\/analyse.optim.biz\/wp-content\/uploads\/2025\/12\/calendar-830.png\" alt=\"date\" title=\"calendar-830\"><br \/>\n\t\t\t\t\t\t\t\t17 October 2025 14:45<br \/>\n\t\t\t\t\t\t\t<\/span><span class=\"comment-quality cf\"><span class=\"gray\">0<\/span><\/span><\/p>\n<\/div>\n<div class=\"commentContent\">Urm\u0103risem acest caz \u0219i observasem c\u0103 procurorul Monica Palaghia nici m\u0103car nu citise actele anchetei, pentru c\u0103 tot ce este \u00een raportul ei este diferit de rezultatele anchetei! \u00cen plus, judec\u0103torul nu a crezut nimic! \u201eAcuzatul\u201d nu a fost men\u021bionat deloc! Nici de procuror, nici de judec\u0103tori!! Prea ciudat este acest caz la tribunalul din Ia\u0219i!<\/div>\n<ul class=\"cf cactions\">\n<li><a class=\"comment-382810\" href rel=\"raspunde\" title=\"Raspunde\">Raspunde<\/a><\/li>\n<li>|<\/li>\n<li><a href class=\"comment-382810\" rel=\"raspunde-citeaza\" title=\"Raspunde cu citat\">Raspunde cu citat<\/a><\/li>\n<li>|<\/li>\n<li><a href class=\"comment-382810\" title=\"Citat\" rel=\"citeaza\">Citat<\/a><\/li>\n<\/ul>\n<\/div>\n<\/div>\n<div class=\"comment\" id=\"comentariu-382815\">\n<div class=\"commentBody\">\n<div class=\"commentDate\">\n<p class=\"comment-details cf\"><span class=\"comment-id\"><br \/>\n\t\t\t\t\t\t\t\t#<br \/>\n\t\t\t\t\t\t\t\t<strong>Victor<\/strong><img decoding=\"async\" src=\"https:\/\/analyse.optim.biz\/wp-content\/uploads\/2025\/12\/calendar-830.png\" alt=\"date\" title=\"calendar-830\"><br \/>\n\t\t\t\t\t\t\t\t17 October 2025 14:58<br \/>\n\t\t\t\t\t\t\t<\/span><span class=\"comment-quality cf\"><span class=\"green\">+1<\/span><\/span><\/p>\n<\/div>\n<div class=\"commentContent\">Acest transfer decis de Curtea Suprem\u0103 dovede\u0219te c\u0103 procurorul \u0219i judec\u0103torii de la Ia\u0219i au fost nedrep\u021bi fa\u021b\u0103 de acest om nevinovat! Este clar c\u0103 adev\u0103ra\u021bii infractori sunt liberi!! Este prea grav c\u0103 am ajuns \u00een acest punct!!<\/div>\n<ul class=\"cf cactions\">\n<li><a class=\"comment-382815\" href rel=\"raspunde\" title=\"Raspunde\">Raspunde<\/a><\/li>\n<li>|<\/li>\n<li><a href class=\"comment-382815\" rel=\"raspunde-citeaza\" title=\"Raspunde cu citat\">Raspunde cu citat<\/a><\/li>\n<li>|<\/li>\n<li><a href class=\"comment-382815\" title=\"Citat\" rel=\"citeaza\">Citat<\/a><\/li>\n<\/ul>\n<\/div>\n<\/div>\n<div class=\"comment\" id=\"comentariu-382838\">\n<div class=\"commentBody\">\n<div class=\"commentDate\">\n<p class=\"comment-details cf\"><span class=\"comment-id\"><br \/>\n\t\t\t\t\t\t\t\t#<br \/>\n\t\t\t\t\t\t\t\t<strong>Petre<\/strong><img decoding=\"async\" src=\"https:\/\/analyse.optim.biz\/wp-content\/uploads\/2025\/12\/calendar-830.png\" alt=\"date\" title=\"calendar-830\"><br \/>\n\t\t\t\t\t\t\t\t17 October 2025 22:28<br \/>\n\t\t\t\t\t\t\t<\/span><span class=\"comment-quality cf\"><span class=\"green\">+1<\/span><\/span><\/p>\n<\/div>\n<div class=\"commentContent\">isi curata sceptrul judecatii, dar nu aud scartaitul viermilor ce-l macina<\/div>\n<ul class=\"cf cactions\">\n<li><a class=\"comment-382838\" href rel=\"raspunde\" title=\"Raspunde\">Raspunde<\/a><\/li>\n<li>|<\/li>\n<li><a href class=\"comment-382838\" rel=\"raspunde-citeaza\" title=\"Raspunde cu citat\">Raspunde cu citat<\/a><\/li>\n<li>|<\/li>\n<li><a href class=\"comment-382838\" title=\"Citat\" rel=\"citeaza\">Citat<\/a><\/li>\n<\/ul>\n<\/div>\n<\/div>\n<div class=\"comment\" id=\"comentariu-382856\">\n<div class=\"commentBody\">\n<div class=\"commentDate\">\n<p class=\"comment-details cf\"><span class=\"comment-id\"><br \/>\n\t\t\t\t\t\t\t\t#<br \/>\n\t\t\t\t\t\t\t\t<strong>Gigel<\/strong><img decoding=\"async\" src=\"https:\/\/analyse.optim.biz\/wp-content\/uploads\/2025\/12\/calendar-830.png\" alt=\"date\" title=\"calendar-830\"><br \/>\n\t\t\t\t\t\t\t\t18 October 2025 16:29<br \/>\n\t\t\t\t\t\t\t<\/span><span class=\"comment-quality cf\"><span class=\"red\">-4<\/span><\/span><\/p>\n<\/div>\n<div class=\"commentContent\">Stimabilul avocat expune detaliile apararii sale de parca dosarul a fost stramutat la luju nu la CAp Targu Mures.<br \/>\nE una sa comentezi public cu amanunte o hotarare judecatoreasca gresita si alta sa comentezi dosarul cat timp nu a fost judecat.<\/div>\n<ul class=\"cf cactions\">\n<li><a class=\"comment-382856\" href rel=\"raspunde\" title=\"Raspunde\">Raspunde<\/a><\/li>\n<li>|<\/li>\n<li><a href class=\"comment-382856\" rel=\"raspunde-citeaza\" title=\"Raspunde cu citat\">Raspunde cu citat<\/a><\/li>\n<li>|<\/li>\n<li><a href class=\"comment-382856\" title=\"Citat\" rel=\"citeaza\">Citat<\/a><\/li>\n<\/ul>\n<\/div>\n<\/div>\n<div class=\"comment\" id=\"comentariu-382862\">\n<div class=\"commentBody\">\n<div class=\"commentDate\">\n<p class=\"comment-details cf\"><span class=\"comment-id\"><br \/>\n\t\t\t\t\t\t\t\t#<br \/>\n\t\t\t\t\t\t\t\t<strong>Jiji<\/strong><img decoding=\"async\" src=\"https:\/\/analyse.optim.biz\/wp-content\/uploads\/2025\/12\/calendar-830.png\" alt=\"date\" title=\"calendar-830\"><br \/>\n\t\t\t\t\t\t\t\t18 October 2025 19:15<br \/>\n\t\t\t\t\t\t\t<\/span><span class=\"comment-quality cf\"><span class=\"red\">-12<\/span><\/span><\/p>\n<\/div>\n<div class=\"commentContent\">DL Avocat!Pai ce faceti ?Telejustitie?Justitia poporului in paginile acestei publicatii?Lasati Justitia sa si spuna cuvantul,apoi mai vorbim.<\/div>\n<ul class=\"cf cactions\">\n<li><a class=\"comment-382862\" href rel=\"raspunde\" title=\"Raspunde\">Raspunde<\/a><\/li>\n<li>|<\/li>\n<li><a href class=\"comment-382862\" rel=\"raspunde-citeaza\" title=\"Raspunde cu citat\">Raspunde cu citat<\/a><\/li>\n<li>|<\/li>\n<li><a href class=\"comment-382862\" title=\"Citat\" rel=\"citeaza\">Citat<\/a><\/li>\n<\/ul>\n<\/div>\n<\/div>\n<\/section>\n<section id=\"comments\">\n<div class=\"heading\">\n<h2>Adauga comentariu<\/h2>\n<\/div>\n<div>\n<div id=\"emoticons-container\">\n<div id=\"comments-form-smilespanel\"><img decoding=\"async\" src=\"https:\/\/analyse.optim.biz\/wp-content\/uploads\/2025\/12\/laugh-1040.gif\" alt=\":D\" class=\"smile\" title=\"laugh-1040\"><img decoding=\"async\" src=\"https:\/\/analyse.optim.biz\/wp-content\/uploads\/2025\/12\/lol-1068.gif\" alt=\":lol:\" class=\"smile\" title=\"lol-1068\"><img decoding=\"async\" src=\"https:\/\/analyse.optim.biz\/wp-content\/uploads\/2025\/12\/smile-996.gif\" alt=\":-)\" class=\"smile\" title=\"smile-996\"><img decoding=\"async\" src=\"https:\/\/analyse.optim.biz\/wp-content\/uploads\/2025\/12\/wink-996.gif\" alt=\";-)\" class=\"smile\" title=\"wink-996\"><img decoding=\"async\" src=\"https:\/\/analyse.optim.biz\/wp-content\/uploads\/2025\/12\/cool-1001.gif\" alt=\"8)\" class=\"smile\" title=\"cool-1001\"><img decoding=\"async\" src=\"https:\/\/analyse.optim.biz\/wp-content\/uploads\/2025\/12\/normal-975.gif\" alt=\":-|\" class=\"smile\" title=\"normal-975\"><img decoding=\"async\" src=\"https:\/\/analyse.optim.biz\/wp-content\/uploads\/2025\/12\/whistling-1014.gif\" alt=\":-*\" class=\"smile\" title=\"whistling-1014\"><img decoding=\"async\" src=\"https:\/\/analyse.optim.biz\/wp-content\/uploads\/2025\/12\/redface-985.gif\" alt=\":oops:\" class=\"smile\" title=\"redface-985\"><img decoding=\"async\" src=\"https:\/\/analyse.optim.biz\/wp-content\/uploads\/2025\/12\/sad-982.gif\" alt=\":sad:\" class=\"smile\" title=\"sad-982\"><img decoding=\"async\" src=\"https:\/\/analyse.optim.biz\/wp-content\/uploads\/2025\/12\/cry-991.gif\" alt=\":cry:\" class=\"smile\" title=\"cry-991\"><img decoding=\"async\" src=\"https:\/\/analyse.optim.biz\/wp-content\/uploads\/2025\/12\/surprised-987.gif\" alt=\":o\" class=\"smile\" title=\"surprised-987\"><img decoding=\"async\" src=\"https:\/\/analyse.optim.biz\/wp-content\/uploads\/2025\/12\/confused-973.gif\" alt=\":-?\" class=\"smile\" title=\"confused-973\"><img decoding=\"async\" src=\"https:\/\/analyse.optim.biz\/wp-content\/uploads\/2025\/12\/sick-1015.gif\" alt=\":-x\" class=\"smile\" title=\"sick-1015\"><img decoding=\"async\" src=\"https:\/\/analyse.optim.biz\/wp-content\/uploads\/2025\/12\/shocked-1007.gif\" alt=\":eek:\" class=\"smile\" title=\"shocked-1007\"><img decoding=\"async\" src=\"https:\/\/analyse.optim.biz\/wp-content\/uploads\/2025\/12\/sleeping-986.gif\" alt=\":zzz\" class=\"smile\" title=\"sleeping-986\"><img decoding=\"async\" src=\"https:\/\/analyse.optim.biz\/wp-content\/uploads\/2025\/12\/tongue-1010.gif\" alt=\":P\" class=\"smile\" title=\"tongue-1010\"><img decoding=\"async\" src=\"https:\/\/analyse.optim.biz\/wp-content\/uploads\/2025\/12\/rolleyes-986.gif\" alt=\":roll:\" class=\"smile\" title=\"rolleyes-986\"><img decoding=\"async\" src=\"https:\/\/analyse.optim.biz\/wp-content\/uploads\/2025\/12\/unsure-976.gif\" alt=\":sigh:\" class=\"smile\" title=\"unsure-976\"><\/div>\n<\/div>\n<\/div>\n<div class=\"text-center\">\n<p>DISCLAIMER<\/p>\n<p>Atentie! Postati pe propria raspundere!<br \/> Inainte de a posta, cititi aici regulamentul: <a href=\"https:\/\/www.luju.ro\/termeni-legali-si-conditii\" title=\"Termeni legali si conditii\">Termeni legali si Conditii<\/a><\/p>\n<\/div>\n<\/section>\n<\/article>\n<p> Source URL: https:\/\/www.luju.ro\/prin-decizia-de-stramutare-de-la-curtea-de-apel-iasi-la-curtea-de-apel-targu-mures-instanta-suprema-i-a-redat-tanarului-el-bourkadi-ahmed-sami-dreptul-la-un-proces-echitabil-proces-in-urma-caruia-apararea-va-putea-dovedi-ca-acesta-nu-este-autorul-dublului<\/p>\n","protected":false},"excerpt":{"rendered":"<p>Prin decizia de str\u0103mutare de la Curtea de Apel Ia\u0219i, la Curtea de Apel T\u00e2rgu Mure\u0219, Instan\u021ba Suprem\u0103 i-a redat t\u00e2n\u0103rului El Bourkadi Ahmed Sami dreptul la un proces echitabil, proces \u00een urma c\u0103ruia ap\u0103rarea va putea dovedi c\u0103 acesta nu este autorul dublului asasinat care a zguduit \u00een decembrie 2021 \u00eentreaga \u021bar\u0103 Scris de: [&hellip;]<\/p>\n","protected":false},"author":1,"featured_media":900373,"comment_status":"open","ping_status":"","sticky":false,"template":"","format":"standard","meta":{"footnotes":""},"categories":[89],"tags":[114],"class_list":["post-900372","post","type-post","status-publish","format-standard","has-post-thumbnail","hentry","category-romania","tag-luju-ro"],"_links":{"self":[{"href":"https:\/\/analyse.optim.biz\/index.php?rest_route=\/wp\/v2\/posts\/900372","targetHints":{"allow":["GET"]}}],"collection":[{"href":"https:\/\/analyse.optim.biz\/index.php?rest_route=\/wp\/v2\/posts"}],"about":[{"href":"https:\/\/analyse.optim.biz\/index.php?rest_route=\/wp\/v2\/types\/post"}],"author":[{"embeddable":true,"href":"https:\/\/analyse.optim.biz\/index.php?rest_route=\/wp\/v2\/users\/1"}],"replies":[{"embeddable":true,"href":"https:\/\/analyse.optim.biz\/index.php?rest_route=%2Fwp%2Fv2%2Fcomments&post=900372"}],"version-history":[{"count":0,"href":"https:\/\/analyse.optim.biz\/index.php?rest_route=\/wp\/v2\/posts\/900372\/revisions"}],"wp:featuredmedia":[{"embeddable":true,"href":"https:\/\/analyse.optim.biz\/index.php?rest_route=\/wp\/v2\/media\/900373"}],"wp:attachment":[{"href":"https:\/\/analyse.optim.biz\/index.php?rest_route=%2Fwp%2Fv2%2Fmedia&parent=900372"}],"wp:term":[{"taxonomy":"category","embeddable":true,"href":"https:\/\/analyse.optim.biz\/index.php?rest_route=%2Fwp%2Fv2%2Fcategories&post=900372"},{"taxonomy":"post_tag","embeddable":true,"href":"https:\/\/analyse.optim.biz\/index.php?rest_route=%2Fwp%2Fv2%2Ftags&post=900372"}],"curies":[{"name":"wp","href":"https:\/\/api.w.org\/{rel}","templated":true}]}}