{"id":898886,"date":"2025-12-05T00:00:00","date_gmt":"2025-12-04T21:00:00","guid":{"rendered":"https:\/\/analyse.optim.biz\/?p=898886"},"modified":"2025-12-05T00:00:00","modified_gmt":"2025-12-04T21:00:00","slug":"el-gobierno-sanchez-retira-a-espana-de-eurovision-pero-no-dice-ni-mus-del-mundial-de-futbol-donde-tambien-esta-israel-periodista-digital","status":"publish","type":"post","link":"https:\/\/analyse.optim.biz\/?p=898886","title":{"rendered":"El Gobierno S\u00e1nchez retira a Espa\u00f1a de Eurovisi\u00f3n, pero no dice ni mus del Mundial de F\u00fatbol, donde tambi\u00e9n est\u00e1 Israel &#8211; Periodista Digital"},"content":{"rendered":"<div class=\"m4p-post-content\">\n<p><span class=\"m4p-capitular\">R<\/span>id\u00edculo.<\/p>\n<p>Y todo cart\u00f3n piedra, porque detr\u00e1s no hay nada.<\/p>\n<p>Ni principios, ni coherencia, ni convicciones.<\/p>\n<p>La decisi\u00f3n de la Uni\u00f3n Europea de Radiodifusi\u00f3n (UER) de permitir que Israel participe en Eurovisi\u00f3n 2026 ha llevado al acorralado <em><strong>Gobierno S\u00e1nchez<\/strong><\/em> a retirar a Espa\u00f1a del festival de manera inmediata.<\/p>\n<p><strong>RTVE<\/strong> ha confirmado que no solo se ausentar\u00e1 del evento que tendr\u00e1 lugar en <strong>Viena<\/strong>, sino que tampoco transmitir\u00e1 las semifinales ni la final del concurso. Esta postura fue anunciada despu\u00e9s de la 95\u00aa Asamblea General de la UER celebrada en Ginebra, y responde a lo acordado por el Consejo de Administraci\u00f3n de RTVE en septiembre: no participar mientras Israel est\u00e9 presente.<\/p>\n<p>La votaci\u00f3n sobre el futuro de Israel en el certamen no fue directa. La UER opt\u00f3 por implementar nuevas normativas para el festival, incluyendo cambios en el sistema de votaci\u00f3n y el regreso del jurado, pero no trat\u00f3 el tema de la expulsi\u00f3n de la cadena israel\u00ed <strong>KAN<\/strong>. El resultado fue contundente: 738 votos a favor del mantenimiento del sistema actual, 264 en contra y 120 abstenciones.<\/p>\n<p>Espa\u00f1a, al igual que <strong>Irlanda<\/strong>, <strong>Pa\u00edses Bajos<\/strong> y <strong>Eslovenia<\/strong>, decidi\u00f3 dar un paso atr\u00e1s tras no conseguir la exclusi\u00f3n de Israel.<\/p>\n<p class=\"p1\">Si hubiera principios y un m\u00ednimo de coherencia, lo l\u00f3gico es que el marido de <strong>Bego\u00f1a<\/strong> hubiera ordenado tambi\u00e9n retirar a <strong>Espa\u00f1a<\/strong> del pr\u00f3ximo <strong><em>Mundial de F\u00fatbol<\/em><\/strong>.<\/p>\n<p class=\"p1\">A fecha de 5 de diciembre de 2025, las clasificatorias han concluido. Israel finaliz\u00f3 en <b>tercera posici\u00f3n<\/b>, con un rendimiento irregular: 4 victorias y 4 derrotas en 8 partidos, anotando 19 goles y recibiendo 20 (diferencia de -1). No clasificaron directamente ni avanzaron a playoffs, ya que quedaron eliminados matem\u00e1ticamente tras las derrotas en octubre de 2025 ante Noruega (0-5) e Italia (0-3).<\/p>\n<p class=\"p1\"><b>Dir\u00e1n que eso exime a S\u00e1nchez en el terreno futbol\u00edstico, pero no es verdad.<\/b><\/p>\n<p class=\"p1\"><b>Si detr\u00e1s de este jaleo eurovisivo hubiera algo serio, lo coherente habr\u00eda sido salir de la competici\u00f3n hace unos meses: <\/b>un disparate deportivo, jur\u00eddico y pol\u00edtico que ni siquiera sus socios m\u00e1s radicales le perdonar\u00edan.<\/p>\n<p class=\"p1\">Lo que tenemos es la en\u00e9sima muestra de <b>feminismo de postureo aplicado al f\u00fatbol<\/b>: mucho grito en la grada, mucha amenaza en Twitter\u2026 pero cuando hay que mojar de verdad, se espera a que el \u00e1rbitro pite el final.<\/p>\n<p class=\"p1\">El bal\u00f3n, por ahora, sigue rodando. Y el Gobierno de Espa\u00f1a tambi\u00e9n.<\/p>\n<p class=\"p1\"><b>Porque Israel particip\u00f3 en las eliminatorias europeas del Mundial 2026<\/b>.<\/p>\n<p class=\"p1\">Lo hace desde hace d\u00e9cadas porque, tras ser expulsada de la <b>Confederaci\u00f3n Asi\u00e1tica<\/b> en los a\u00f1os 70 por presi\u00f3n de pa\u00edses \u00e1rabes, la <b>UEFA la acogi\u00f3 en 1994<\/b>. Hoy compite en el Grupo I junto a Francia, Italia y B\u00e9lgica. Y s\u00ed, <b>puede clasificarse<\/b>.<\/p>\n<h3>Pol\u00e9mica y debate en Espa\u00f1a<\/h3>\n<p>El gobierno liderado por <strong>Pedro S\u00e1nchez<\/strong> y figuras como <strong>Yolanda D\u00edaz<\/strong>, <strong>Ernest Turtasun<\/strong> y <strong>Sira Rego<\/strong> han celebrado con entusiasmo la retirada de Eurovisi\u00f3n, mientras que otros sectores han criticado la medida tild\u00e1ndola de \u201cpostureo\u201d y \u201cfalsa\u201d, acusando al gobierno de intentar obtener el apoyo del sector progresista y \u201cperroflauta\u201d. En las redes sociales, la controversia ha alcanzado niveles explosivos, con usuarios cuestionando la coherencia detr\u00e1s de esta decisi\u00f3n e instando a aplicar criterios similares en otros eventos internacionales, como el <strong>Mundial de F\u00fatbol<\/strong>.<\/p>\n<p>Algunos han manifestado que si realmente hay valor pol\u00edtico, deber\u00edan adoptarse medidas parecidas en otros grandes eventos deportivos y culturales donde participan pa\u00edses con pol\u00edticas pol\u00e9micas. La pregunta recurrente es: \u201c\u00bfPor qu\u00e9 no se retira Espa\u00f1a del Mundial si hay selecciones que representan naciones con graves violaciones a los derechos humanos?\u201d<\/p>\n<h3>Curiosidades y datos curiosos<\/h3>\n<ul>\n<li>Desde su debut en 1961 con <strong>Conchita Bautista<\/strong> y su tema <em>Estando contigo<\/em>, Espa\u00f1a ha sido parte activa de Eurovisi\u00f3n.<\/li>\n<li>Ha logrado alzarse con el triunfo en dos ocasiones: primero en 1968 con <strong>Massiel<\/strong> y luego en 1969 con <strong>Salom\u00e9<\/strong> (en un empate con tres pa\u00edses m\u00e1s).<\/li>\n<li>En 2024, <strong>Nebulossa<\/strong> llev\u00f3 a cabo una actuaci\u00f3n pol\u00e9mica al representar a Espa\u00f1a con su canci\u00f3n <em>Zorra<\/em>, generando revuelo por su t\u00edtulo y contenido.<\/li>\n<li>Aunque <strong>Luxemburgo<\/strong> ostenta el r\u00e9cord de ausencias consecutivas (1994-2003 y 2006-2010), Espa\u00f1a nunca hab\u00eda abandonado el certamen por razones pol\u00edticas hasta ahora.<\/li>\n<li>La edici\u00f3n correspondiente a 2026 ser\u00e1 la primera ocasi\u00f3n en que Austria acoge el festival tras la victoria de <strong>Nemo<\/strong> en 2024.<\/li>\n<\/ul>\n<\/div>\n<p> Source URL: https:\/\/www.periodistadigital.com\/television\/20251205\/gobierno-sanchez-retira-espana-eurovision-dice-mus-mundial-futbol-israel-noticia-689405160425\/<\/p>\n","protected":false},"excerpt":{"rendered":"<p>Rid\u00edculo. Y todo cart\u00f3n piedra, porque detr\u00e1s no hay nada. Ni principios, ni coherencia, ni convicciones. La decisi\u00f3n de la Uni\u00f3n Europea de Radiodifusi\u00f3n (UER) de permitir que Israel participe en Eurovisi\u00f3n 2026 ha llevado al acorralado Gobierno S\u00e1nchez a retirar a Espa\u00f1a del festival de manera inmediata. RTVE ha confirmado que no solo se [&hellip;]<\/p>\n","protected":false},"author":1,"featured_media":898887,"comment_status":"open","ping_status":"","sticky":false,"template":"","format":"standard","meta":{"footnotes":""},"categories":[88],"tags":[112],"class_list":["post-898886","post","type-post","status-publish","format-standard","has-post-thumbnail","hentry","category-spain","tag-periodistadigital-com"],"_links":{"self":[{"href":"https:\/\/analyse.optim.biz\/index.php?rest_route=\/wp\/v2\/posts\/898886","targetHints":{"allow":["GET"]}}],"collection":[{"href":"https:\/\/analyse.optim.biz\/index.php?rest_route=\/wp\/v2\/posts"}],"about":[{"href":"https:\/\/analyse.optim.biz\/index.php?rest_route=\/wp\/v2\/types\/post"}],"author":[{"embeddable":true,"href":"https:\/\/analyse.optim.biz\/index.php?rest_route=\/wp\/v2\/users\/1"}],"replies":[{"embeddable":true,"href":"https:\/\/analyse.optim.biz\/index.php?rest_route=%2Fwp%2Fv2%2Fcomments&post=898886"}],"version-history":[{"count":0,"href":"https:\/\/analyse.optim.biz\/index.php?rest_route=\/wp\/v2\/posts\/898886\/revisions"}],"wp:featuredmedia":[{"embeddable":true,"href":"https:\/\/analyse.optim.biz\/index.php?rest_route=\/wp\/v2\/media\/898887"}],"wp:attachment":[{"href":"https:\/\/analyse.optim.biz\/index.php?rest_route=%2Fwp%2Fv2%2Fmedia&parent=898886"}],"wp:term":[{"taxonomy":"category","embeddable":true,"href":"https:\/\/analyse.optim.biz\/index.php?rest_route=%2Fwp%2Fv2%2Fcategories&post=898886"},{"taxonomy":"post_tag","embeddable":true,"href":"https:\/\/analyse.optim.biz\/index.php?rest_route=%2Fwp%2Fv2%2Ftags&post=898886"}],"curies":[{"name":"wp","href":"https:\/\/api.w.org\/{rel}","templated":true}]}}