{"id":898742,"date":"2025-10-23T14:06:00","date_gmt":"2025-10-23T11:06:00","guid":{"rendered":"https:\/\/analyse.optim.biz\/?p=898742"},"modified":"2025-10-23T14:06:00","modified_gmt":"2025-10-23T11:06:00","slug":"am-fost-candva-procuror-la-lansare","status":"publish","type":"post","link":"https:\/\/analyse.optim.biz\/?p=898742","title":{"rendered":"\u201eAm fost c\u00e2ndva procuror\u201d, la lansare\u2026"},"content":{"rendered":"<article id=\"article-content\">\n<h1>\u201eAm fost c\u00e2ndva procuror\u201d, la lansare\u2026<\/h1>\n<section id=\"article-info\">\n<p class=\"author\">Scris de: av. Marian NAZAT | <a href=\"https:\/\/www.luju.ro\/am-fost-candva-procuror-la-lansare?pdf\" title=\"PDF\"><img decoding=\"async\" src=\"https:\/\/analyse.optim.biz\/wp-content\/uploads\/2025\/12\/pdf-990.png\" alt=\"pdf\" title=\"pdf-990\"><\/a> | <a href=\"https:\/\/www.luju.ro\/am-fost-candva-procuror-la-lansare?print=1\" class=\"external\" title=\"Imprimare\"><img decoding=\"async\" src=\"https:\/\/analyse.optim.biz\/wp-content\/uploads\/2025\/12\/print-988.png\" alt=\"print\" title=\"print-988\"><\/a><\/p>\n<div class=\"info flex-container\">\n<div class=\"date\">23 October 2025 14:06<\/div>\n<div>Vizualizari: 1199<\/div>\n<\/div>\n<\/section>\n<section id=\"article-body\">\n<section id=\"page\" class=\"cf\">\n<div>\n<p class=\"MsoNormal\"><span><span><img loading=\"lazy\" decoding=\"async\" height=\"200\" width=\"200\" src=\"https:\/\/analyse.optim.biz\/wp-content\/uploads\/2025\/12\/av_marian_nazat-9.jpg\" title=\"av_marian_nazat-9\">S\u0103 fie un an \u0219i jum\u0103tate de c\u00e2nd am ispr\u0103vit de scris c\u0103r\u021bile pe care mi le-am dorit cel mai tare \u2013 una despre via\u021ba mea de procuror, iar, cealalt\u0103, cu amintiri din miticul Islaz, satul ce mi-a leg\u0103nat basmic v\u00e2rsta ingenuit\u0103\u021bilor onirice.<\/span><\/span><\/p>\n<hr>\n<p><span><span><br \/><\/span><\/span><\/p>\n<p class=\"MsoNormal\"><span><span>Punerea lor pe h\u00e2rtie n-a durat mult, prea eram gr\u0103bit s\u0103 le azv\u00e2rl afar\u0103 dinl\u0103untru-mi, un fel de exorcizare de duhurile rele, \u00een cazul primeia, \u0219i de retr\u0103ire euforic\u0103 a clipelor de candoare de alt\u0103dat\u0103, \u00een cazul ultimeia. Da, \u201edeoarece prefer s\u0103 am copil\u0103rie \u00een spirit, dec\u00e2t s\u0103 fi avut spirit \u00een copil\u0103rie\u201d<a name=\"_ftnref1\" href=\"https:\/\/www.luju.ro\/am-fost-candva-procuror-la-lansare#_ftn1\"><span class=\"MsoFootnoteReference\"><span><span class=\"MsoFootnoteReference\">[1]<\/span><\/span><\/span><\/a>\u2026 Timp de c\u00e2teva luni am fost cuprins de un soi de trans\u0103, dar nu oricum, ci \u00eenf\u0103\u0219urat\u0103 \u00een suluri de spaima c\u0103 nu voi duce la cap\u0103t proiectele\u2026 Temerile s-au v\u0103dit a fi simple n\u0103luciri febrile, slav\u0103 Domnului, fire\u0219ti oric\u0103rui creator. \u0218i fiindc\u0103 trebuia s\u0103 le <i>scald <\/i>public, prin luna iulie mi s-a propus ca dat\u0103 a <i>botezului<\/i> 13 sau 17 octombrie 2025, \u00eens\u0103 cum ultima c\u0103dea \u00eentr-o vineri, am decis ziua de luni. Ce coinciden\u021b\u0103\u2026 Da, p\u0103i povestea acuzatorului de demult s-a n\u0103scut la 13 ani ai mei, c\u00e2nd i-am zis mamei c\u0103 m\u0103 fac procuror \u0219i-l voi g\u0103si pe Nazat; ca s\u0103-mi pl\u0103teasc\u0103 pensia alimentar\u0103 \u0219i s\u0103-mi pot cump\u0103ra bicicleta Pegas la care t\u00e2njeam \u00eenvolburat!<\/span><\/span><\/p>\n<p class=\"MsoNormal\"><span><span>P\u00e2n\u0103 la lansare, s\u0103pt\u0103m\u00e2nile au fugit ca nebunele \u0219i iat\u0103-m\u0103 \u00een preajma s\u0103rb\u0103torii a\u0219teptate cu at\u00e2ta nesa\u021b. \u00cen apropierea evenimentului, mi-am luat inima \u00een din\u021bi \u0219i am mers la <i>podcast<\/i>-ul lui Florentin \u021auca, un om la care \u021bin enorm. Da, ni\u021bic\u0103 publicitate nu stric\u0103 niciodat\u0103! Altminteri, m\u0103 minunez de barbarizarea graiului neao\u0219, cotropit de vocabule importate de dincolo de Ocean!\u2026 <i>Helloi\u0219tii<\/i> le-au luat locul <i>bonjouri\u0219tilor<\/i> de odinioar\u0103 \u0219i n-ai niciun chichirez dac\u0103 <i>n-o arzi<\/i> pe engleza \u2013 american\u0103! Dar ce al\u0103turare plin\u0103 de poezie \u00een vorbirea noastr\u0103, a valahilor \u2013 <i>pod cast<\/i>! Oho, \u0219i ce mister, c\u0103ci un <i>pod cast<\/i> te atrage prin infinitele-i enigme, o aventur\u0103 s\u0103-i deschizi u\u0219a \u00een\u021bepenit\u0103 \u0219i s\u0103-i \u00eempr\u0103\u0219tii vr\u0103jit p\u00e2nzele de p\u0103ianjen \u021besute \u00een r\u0103stimpul neatins de m\u00e2na p\u0103m\u00e2ntenilor efemeri\u2026 La naiba cu at\u00e2tea reflec\u021bii, \u00een definitiv, limba rom\u00e2n\u0103 e pe cale de dispari\u021bie \u0219i refuz s\u0103 m\u0103 g\u00e2ndesc la soarta ei \u00een perspectiva urm\u0103torului secol\u2026<\/span><\/span><\/p>\n<p class=\"MsoNormal\"><span><span>Chiar \u00een debutul discu\u021biei, amfitrionul m-a provocat la o confesiune \u00een leg\u0103tur\u0103 cu influen\u021ba num\u0103rului 13 asupra-mi, cele dou\u0103 cifre-pereche \u00eentorc\u00e2ndu-mi \u00een bine soarta, odat\u0103 cu admiterea la Facultatea de Drept. \u0218i m-am supus bucuros, fiindc\u0103 nu to\u021bi au parte de un asemenea <i>zeu protector<\/i>! Vas\u0103zic\u0103, am pornit spre Bucure\u0219ti, atunci, \u00een iulie 1983, pe 13, am stat \u00een \u201eRegie\u201d la C\u0103minul 13, am sus\u021binut crucialul examen \u00een imobilul situat la nr.13, \u00een amfiteatrul 413, am avut locul 13 \u00een vagonul de tren la \u00eentoarcerea acas\u0103, am intrat cu media 9,13, \u00een practica agricol\u0103 de la Chiselet mi s-a repartizat camera 13, \u00een condic\u0103 eram la pozi\u021bia 13, \u00eent\u00e2iul bilet tras \u00een sesiune a purtat nr.13\u2026 S\u0103 mai continui? Nu, dar e musai s\u0103 \u0219ti\u021bi c\u0103 \u00eenainte de r\u0103sucirea asta total\u0103 a astrelor, 13 mi-a purtat mereu \u0219i mereu ghinion: mi-am rupt o m\u00e2n\u0103 la un meci de fotbal, tricoul \u00eembr\u0103cat \u2013 singura dat\u0103! \u2013 avea pe spate\u2026 nr.13, \u00eencasam \u00een fatidica zi note de 2,3 \u0219i 4 cu duiumul, oho! Dialogul a curs domol, cu adieri suflete\u0219ti deloc c\u0103znite, minutele alocate \u0219uetei scurg\u00e2ndu-se pe dat\u0103\u2026 Ne-am desp\u0103r\u021bit \u0219i, \u00een drum spre cas\u0103, unul dintre operatorii din studio mi-a zis c\u0103 a verificat \u0219i a constatat c\u0103 tocmai ce-am realizat episodul\u2026113 al serialului. S\u0103 fie doar o \u00eent\u00e2mplare? O s\u0103 r\u0103spund pe\u2026 13 octombrie! <\/span><\/span><\/p>\n<p class=\"MsoNormal\"><span><span>Ei bine, la data sorocit\u0103, \u00eentre mesajele primite pe telefonul meu vetust, cineva, o mama de 86 de ani, \u00eemi scria tulbur\u0103tor: \u201eA fost un REGAL! RESPECT \u0219i ADMIRA\u021aIE PENTRU MAM\u0102 \u0219i BUNICI! Felicit\u0103ri copilului care la 13 ani a g\u00e2ndit a\u0219a! Felicit\u0103ri OMULUI puternic de acum, Marian Nazat, care a ajuns mai mult dec\u00e2t a promis! Ziua de azi s\u0103 fie dup\u0103 sufletul dumneavoastr\u0103, succes \u0219i reu\u0219it\u0103! Scuza\u021bi gre\u0219elile, dar sunt foarte emo\u021bionat\u0103 \u0219i pl\u00e2ns\u0103! Mai aveam multe de zis, dar e un SMS\u2026 Transmite\u021bi, v\u0103 rog, \u0219i domnului Florentin \u021auca mul\u021bumiri pentru inivita\u021bii din emisiuni, avem ce \u00eenv\u0103\u021ba la orice v\u00e2rst\u0103, dac\u0103 vrem, desigur! V\u0103 doresc o zi de 13 reu\u0219it\u0103, o via\u021b\u0103 frumoas\u0103 al\u0103turi de cei dragi!\u201d Am sunat la cele zece cifre afi\u0219ate pe ecran, nu se c\u0103dea s\u0103 ignor o octogenar\u0103 \u00eentr-at\u00e2t de sensibil\u0103 \u0219i \u00eencercat\u0103! Mi-a r\u0103spuns, era mama unui coleg de odinioar\u0103, din studen\u021bie, mort \u00een urm\u0103 cu doi ani, parc\u0103. Femeia pl\u00e2ngea \u00eentruna \u0219i \u00eemi adresa ni\u0219te cuvinte m\u0103gulitoare care m-au inundat \u00een lacrimi. \u201eTare mult a\u0219 dori s\u0103 ajung la lansare, s\u0103 v\u0103 ating m\u0103car \u0219i s\u0103 v\u0103 mul\u021bumesc c\u0103 exista\u021bi!\u201d La \u00eencheierea conversa\u021biei, eram deja un \u0219uvoi lichid f\u0103r\u0103 contur, de prisos\u2026 Ca \u0219i cum nu era \u00eendeajuns, \u00eendurerata b\u0103tr\u00e2n\u0103 mi-a mul\u021bumit c\u0103, \u00eentr-o zi a\u0219a \u00eenc\u0103rcat\u0103, mi-am f\u0103cut timp s\u0103-i vorbesc\u2026 Doamne, ai mil\u0103 de mine \u0219i de noi to\u021bi! Astfel mi-am \u00eenceput s\u0103pt\u0103m\u00e2na\u2026 Cl\u0103tinat de-a binelea, m-am pr\u0103v\u0103lit \u00een mine \u00eensumi dimpreun\u0103 cu mo\u0219 Ene, era musai s\u0103-mi ascund <i>sl\u0103biciunea<\/i> st\u00e2rnit\u0103 telefonic\u2026<\/span><\/span><\/p>\n<p class=\"MsoNormal\"><span><span>La ora 17 am c\u0103lcat \u00een hotelul <span lang=\"RO\">InterContinental Ath\u00e9n\u00e9e Palace \u0219i, \u00eencetul cu \u00eencetul, sala s-a umplut de cunoscu\u021bi \u0219i necunoscu\u021bi, veni\u021bi s\u0103 afle cum eram eu, c\u00e2ndva, ca procuror&#8230; \u00centr-o alt\u0103 via\u021b\u0103, bine\u00een\u021beles, una <i>prins\u0103<\/i> \u00een vreo 1 200 de pagini. Nicio fil\u0103 de fic\u021biune, una m\u0103car, nu, din nefericire! Doar pove\u0219ti adev\u0103rate, cu asasini \u0219i victime&#8230; \u00cen puhoiul de lume o recunosc pe o doamn\u0103 profesoar\u0103 din perioada liceului \u0219i m\u0103 minunez \u2013 e neschimbat\u0103! \u0218i pe mama lui Freddy G\u00eerbaci, pe care o \u0219tiam din copil\u0103rie&#8230; Ce daruri \u00ee\u021bi mai ofer\u0103 divinitatea, z\u0103u c\u0103 e grozav s\u0103 fii viu! <\/span><\/span><\/span><\/p>\n<p class=\"MsoNormal\"><span><span>M\u0103 a\u0219ez pe <i>scaunul electric<\/i> \u0219i-mi prezint noile odrasle editoriale \u2013 <i>Am fost c\u00e2ndva procuror <\/i>\u0219i<i> Cartea Islazului <\/i>meu -, scuz\u00e2ndu-m\u0103 c\u0103 ultima \u00eenc\u0103 n-a ie\u0219it de sub tipar\u2026 \u0218i m\u0103 confesez pomenindu-l pe omul ce i s-a substituit destinului \u2013 Ovidius P\u0103un -, cel f\u0103r\u0103 de care nu a\u0219 fi ceea ce sunt ast\u0103zi! El mi-a devenit model profesional \u0219i tot el mi-a facilitat transferul la Bucure\u0219ti, \u00een mai 1990. De altfel, lui i-am \u0219i dedicat memoriile plecate acum c\u0103tre libr\u0103rii.<\/span><\/span><\/p>\n<p class=\"MsoNormal\"><span><span>Inevitabil, \u0219irul cronologic mi-l scoate din memoria fierbinte pe Florian Florescu, alt om providen\u021bial, sortit s\u0103-mi fie \u0219i tat\u0103, \u0219i prieten, \u0219i frate mai mare, \u0219i coleg, \u0219i \u0219ef la Turnu M\u0103gurele, \u00een ultimul r\u00e2nd \u0219ef! Nu oric\u00e2nd, ci \u00een cea mai delicat\u0103 perioad\u0103 \u2013 c\u00e2nd e\u0219ti t\u00e2n\u0103r \u0219i \u201e\u021bi se pare foarte u\u0219or s\u0103 distingi binele de r\u0103u, dar pe m\u0103sur\u0103 ce \u00eemb\u0103tr\u00e2ne\u0219ti devine tot mai greu\u201d<a name=\"_ftnref2\" href=\"https:\/\/www.luju.ro\/am-fost-candva-procuror-la-lansare#_ftn2\"><span class=\"MsoFootnoteReference\"><span><span class=\"MsoFootnoteReference\">[2]<\/span><\/span><\/span><\/a>\u2026 \u00cen locul s\u0103u a p\u0103\u0219it pe scen\u0103 Nicolae Florescu, fratele-i menit s\u0103-mi transmit\u0103 g\u00e2ndurile de dincolo de neuitare \u0219i poezie\u2026 R\u0103scolitor\u2026<\/span><\/span><\/p>\n<p class=\"MsoNormal\"><span><span>L\u00e2ng\u0103 mine se ive\u0219te, \u00een carne \u0219i oase, fostul \u0219ef de la Parchetul sectorului 5, Ioan Mihai Alexandru, \u0219i rememorarea c\u00e2torva \u00eent\u00e2mpl\u0103ri de odinioar\u0103 m-a mi\u0219cat peste m\u0103sur\u0103, dimpreun\u0103 cu evocarea altui disp\u0103rut \u2013 Eugen Cojocaru -, fiin\u021ba cea mai generoas\u0103, h\u0103r\u0103zit\u0103 s\u0103-mi \u0219ad\u0103 al\u0103turi \u00een vremea adapt\u0103rii la avatarurile bucure\u0219tene, nu doar profesionale\u2026<\/span><\/span><\/p>\n<p class=\"MsoNormal\"><span><span>\u0218i iat\u0103-m\u0103 deja procuror la \u201eOmoruri\u201d, intervalul sorocit s\u0103 m\u0103 \u00eemplineasc\u0103 deplin ca procuror, c\u0103ci restul, din 1996 \u0219i p\u00e2n\u0103 \u00een ianuarie 1997, n-a mai contat deloc\u2026 M-a\u0219 fi ratat iremediabil dac\u0103 nu demisionam, a\u0219 fi \u00eengro\u0219at num\u0103rul <i>func\u021bionarilor degeaba<\/i> din Parchetul General de atunci\u2026 Dar \u0103sta-i alt subiect, deocamdat\u0103 alerg prin cotloanele d\u00e2mbovi\u021bene, de la o crim\u0103 la alta. Nu singur, ci \u00eempreun\u0103 cu o elit\u0103 de poli\u021bi\u0219ti de toat\u0103 cinstea, \u0219i cu medici-legi\u0219ti aidoma! Oho, mi-ar trebui o s\u0103pt\u0103m\u00e2n\u0103 s\u0103 v\u0103 deap\u0103n fiecare caz\u2026 De aceea, \u00eel chem pe Dan Antonescu la microfon, el \u00eenso\u021bindu-m\u0103 la cel dint\u00e2i asasinat, la 9 mai 1991, <i>o tempora\u2026<\/i><\/span><\/span><\/p>\n<p class=\"MsoNormal\"><span><span>O vorb\u0103 recunosc\u0103toare \u0219i pentru Viorel Sp\u00e2nu, Vasile Manea Dr\u0103gulin \u0219i Eugen Vasiliu, \u00eendeosebi (Dumnezeu s\u0103-l odihneasc\u0103 \u00een pace!), acesta din urm\u0103 influen\u021b\u00e2ndu-mi decisiv cariera!<\/span><\/span><\/p>\n<p class=\"MsoNormal\"><span><span>Cam astfel am petrecut s\u0103rb\u0103toarea octombric\u0103, o neverosimil\u0103 zi a <i>recoltei literare<\/i>, \u00eenconjurat de un public ca niciodat\u0103, ne\u00eenc\u0103p\u0103tor \u00een sal\u0103, estim\u0103rile mele v\u0103dindu-se a fi nerealiste (mizasem pe 120 de persoane \u0219i m-au onorat circa 250\u2026). C\u0103ruia, \u00een numele Editurii RAO, \u00eei cer \u00eeng\u0103duin\u021b\u0103 c\u0103 volumele s-au v\u0103dit a fi insuficiente, \u00eens\u0103 nimeni nu-i perfect\u2026<\/span><\/span><\/p>\n<p class=\"MsoNormal\"><span><span>P\u0103cat, totu\u0219i, c\u0103 pe scen\u0103, dimprejurul meu, au lipsit mentorii ce m-au ajutat s\u0103 nu m\u0103 pierd \u00een mul\u021bimea amorf\u0103, cei \u00een m\u0103sur\u0103 s\u0103-mi sfin\u021beasc\u0103 memoriile str\u00e2nse \u00eentre coper\u021bile de carton&#8230; La naiba, de ce s-or fi gr\u0103bit ei s\u0103 ne p\u0103r\u0103seasc\u0103 prematur, de ce? De aceea, m\u0103 explic vou\u0103, am decis s\u0103 pun pe podium dou\u0103 scaune \u2013 unul ocupat de mine, iar cel\u0103lalt de amintirea du\u0219ilor mei esen\u021biali\u2026 Oho, ce \u0219ans\u0103 mi s-a oferit s\u0103-i am ca pilde \u00eentru descoperirea adev\u0103rului, nu numai judiciar! Da, deoarece, ne-o spune \u0219i Goethe, \u201eeste mult mai u\u0219or de recunoscut eroarea, dec\u00e2t de g\u0103sit adev\u0103rul\u201d! Or, \u0103sta-i rostul \u0219i rolul mentorului, s\u0103-\u021bi arate calea potrivit\u0103, s\u0103 te c\u0103l\u0103uzeasc\u0103 pe c\u0103rarea \u00een\u0103l\u021b\u0103rii ca fiin\u021b\u0103 spiritual\u0103! V\u0103 iubesc \u0219i v\u0103 mul\u021bumesc, fundamentalii mei disp\u0103ru\u021bi fizic dintre noi!<\/span><\/span><\/p>\n<p class=\"MsoNormal\"><span><span>\u0218i dou\u0103 ecouri inedite \u2013 \u201eV\u0103 mul\u021bumim pentru o sear\u0103 de suflet cu suflet, atitudine \u0219i pasiune. A fost minunat!\u201d \u0219i \u201eUn adev\u0103rat balsam pentru suflet, \u00eentr-o lume din ce \u00een ce mai nebun\u0103! Felicit\u0103ri pentru tot ceea ce faci \u0219i pentru alegerile curajoase, demne \u0219i s\u0103n\u0103toase care \u021bi-au f\u0103urit drumul admirabil \u00een via\u021b\u0103!\u201d<\/span><\/span><\/p>\n<p class=\"MsoNormal\"><span><span>Promit s\u0103 nu m\u0103 abat de la ele \u0219i s\u0103 ne revedem cur\u00e2nd! Prin mijlocirea fidelilor organizatori, c\u0103rora le r\u0103m\u00e2n pe veci \u00eendatorat afectiv!\u00a0<\/span><\/span><\/p>\n<div><span><span><br \/><\/span><\/span><\/p>\n<hr width=\"33%\" size=\"1\" align=\"left\">\n<div id=\"ftn1\">\n<p class=\"MsoFootnoteText\"><span><span><a name=\"_ftn1\" href=\"https:\/\/www.luju.ro\/am-fost-candva-procuror-la-lansare#_ftnref1\"><span class=\"MsoFootnoteReference\"><span lang=\"RO\"><span><span class=\"MsoFootnoteReference\"><span lang=\"RO\">[1]<\/span><\/span><\/span><\/span><\/span><\/a><span lang=\"RO\"> Paul Morand,<i>Jurnal de r\u0103zboi. Bucure\u0219ti, 1943-1944<\/i><\/span><\/span><\/span><\/p>\n<\/div>\n<div id=\"ftn2\">\n<p class=\"MsoFootnoteText\"><span><span><a name=\"_ftn2\" href=\"https:\/\/www.luju.ro\/am-fost-candva-procuror-la-lansare#_ftnref2\"><span class=\"MsoFootnoteReference\"><span lang=\"RO\"><span><span class=\"MsoFootnoteReference\"><span lang=\"RO\">[2]<\/span><\/span><\/span><\/span><\/span><\/a><span lang=\"RO\"> Ian Fleming, <i>Casino Royale<\/i><\/span><\/span><\/span><\/p>\n<\/div>\n<\/div>\n<\/div>\n<\/section>\n<\/section>\n<section id=\"comments-boxes\">\n<div class=\"heading\">\n<h2>Comentarii<\/h2>\n<\/div>\n<div class=\"comment\" id=\"comentariu-383055\">\n<div class=\"commentBody\">\n<div class=\"commentDate\">\n<p class=\"comment-details cf\"><span class=\"comment-id\"><br \/>\n\t\t\t\t\t\t\t\t#<br \/>\n\t\t\t\t\t\t\t\t<strong>Lol<\/strong><img decoding=\"async\" src=\"https:\/\/analyse.optim.biz\/wp-content\/uploads\/2025\/12\/calendar-827.png\" alt=\"date\" title=\"calendar-827\"><br \/>\n\t\t\t\t\t\t\t\t23 October 2025 15:19<br \/>\n\t\t\t\t\t\t\t<\/span><span class=\"comment-quality cf\"><span class=\"gray\">0<\/span><\/span><\/p>\n<\/div>\n<div class=\"commentContent\">Amintiri din copil\u0103rie&#8230; <\/div>\n<ul class=\"cf cactions\">\n<li><a class=\"comment-383055\" href rel=\"raspunde\" title=\"Raspunde\">Raspunde<\/a><\/li>\n<li>|<\/li>\n<li><a href class=\"comment-383055\" rel=\"raspunde-citeaza\" title=\"Raspunde cu citat\">Raspunde cu citat<\/a><\/li>\n<li>|<\/li>\n<li><a href class=\"comment-383055\" title=\"Citat\" rel=\"citeaza\">Citat<\/a><\/li>\n<\/ul>\n<\/div>\n<\/div>\n<div class=\"comment\" id=\"comentariu-383081\">\n<div class=\"commentBody\">\n<div class=\"commentDate\">\n<p class=\"comment-details cf\"><span class=\"comment-id\"><br \/>\n\t\t\t\t\t\t\t\t#<br \/>\n\t\t\t\t\t\t\t\t<strong>Praf si pulbere&#8230;<\/strong><img decoding=\"async\" src=\"https:\/\/analyse.optim.biz\/wp-content\/uploads\/2025\/12\/calendar-827.png\" alt=\"date\" title=\"calendar-827\"><br \/>\n\t\t\t\t\t\t\t\t24 October 2025 01:51<br \/>\n\t\t\t\t\t\t\t<\/span><span class=\"comment-quality cf\"><span class=\"gray\">0<\/span><\/span><\/p>\n<\/div>\n<div class=\"commentContent\">Se rade mult, \u00eenc\u0103 sunt decreteii \u00een sistem, c\u00e2nd vor ie\u0219i cu totul la ce scoate sistemul de \u00eenv\u0103\u021b\u0103m\u00e2nt va fi pr\u0103p\u0103d. Se vad inca de pe acum roadele&#8230;<\/div>\n<ul class=\"cf cactions\">\n<li><a class=\"comment-383081\" href rel=\"raspunde\" title=\"Raspunde\">Raspunde<\/a><\/li>\n<li>|<\/li>\n<li><a href class=\"comment-383081\" rel=\"raspunde-citeaza\" title=\"Raspunde cu citat\">Raspunde cu citat<\/a><\/li>\n<li>|<\/li>\n<li><a href class=\"comment-383081\" title=\"Citat\" rel=\"citeaza\">Citat<\/a><\/li>\n<\/ul>\n<\/div>\n<\/div>\n<\/section>\n<section id=\"comments\">\n<div class=\"heading\">\n<h2>Adauga comentariu<\/h2>\n<\/div>\n<div>\n<div id=\"emoticons-container\">\n<div id=\"comments-form-smilespanel\"><img decoding=\"async\" src=\"https:\/\/analyse.optim.biz\/wp-content\/uploads\/2025\/12\/laugh-1036.gif\" alt=\":D\" class=\"smile\" title=\"laugh-1036\"><img decoding=\"async\" src=\"https:\/\/analyse.optim.biz\/wp-content\/uploads\/2025\/12\/lol-1065.gif\" alt=\":lol:\" class=\"smile\" title=\"lol-1065\"><img decoding=\"async\" src=\"https:\/\/analyse.optim.biz\/wp-content\/uploads\/2025\/12\/smile-993.gif\" alt=\":-)\" class=\"smile\" title=\"smile-993\"><img decoding=\"async\" src=\"https:\/\/analyse.optim.biz\/wp-content\/uploads\/2025\/12\/wink-993.gif\" alt=\";-)\" class=\"smile\" title=\"wink-993\"><img decoding=\"async\" src=\"https:\/\/analyse.optim.biz\/wp-content\/uploads\/2025\/12\/cool-997.gif\" alt=\"8)\" class=\"smile\" title=\"cool-997\"><img decoding=\"async\" src=\"https:\/\/analyse.optim.biz\/wp-content\/uploads\/2025\/12\/normal-972.gif\" alt=\":-|\" class=\"smile\" title=\"normal-972\"><img decoding=\"async\" src=\"https:\/\/analyse.optim.biz\/wp-content\/uploads\/2025\/12\/whistling-1010.gif\" alt=\":-*\" class=\"smile\" title=\"whistling-1010\"><img decoding=\"async\" src=\"https:\/\/analyse.optim.biz\/wp-content\/uploads\/2025\/12\/redface-982.gif\" alt=\":oops:\" class=\"smile\" title=\"redface-982\"><img decoding=\"async\" src=\"https:\/\/analyse.optim.biz\/wp-content\/uploads\/2025\/12\/sad-978.gif\" alt=\":sad:\" class=\"smile\" title=\"sad-978\"><img decoding=\"async\" src=\"https:\/\/analyse.optim.biz\/wp-content\/uploads\/2025\/12\/cry-987.gif\" alt=\":cry:\" class=\"smile\" title=\"cry-987\"><img decoding=\"async\" src=\"https:\/\/analyse.optim.biz\/wp-content\/uploads\/2025\/12\/surprised-983.gif\" alt=\":o\" class=\"smile\" title=\"surprised-983\"><img decoding=\"async\" src=\"https:\/\/analyse.optim.biz\/wp-content\/uploads\/2025\/12\/confused-970.gif\" alt=\":-?\" class=\"smile\" title=\"confused-970\"><img decoding=\"async\" src=\"https:\/\/analyse.optim.biz\/wp-content\/uploads\/2025\/12\/sick-1012.gif\" alt=\":-x\" class=\"smile\" title=\"sick-1012\"><img decoding=\"async\" src=\"https:\/\/analyse.optim.biz\/wp-content\/uploads\/2025\/12\/shocked-1004.gif\" alt=\":eek:\" class=\"smile\" title=\"shocked-1004\"><img decoding=\"async\" src=\"https:\/\/analyse.optim.biz\/wp-content\/uploads\/2025\/12\/sleeping-983.gif\" alt=\":zzz\" class=\"smile\" title=\"sleeping-983\"><img decoding=\"async\" src=\"https:\/\/analyse.optim.biz\/wp-content\/uploads\/2025\/12\/tongue-1007.gif\" alt=\":P\" class=\"smile\" title=\"tongue-1007\"><img decoding=\"async\" src=\"https:\/\/analyse.optim.biz\/wp-content\/uploads\/2025\/12\/rolleyes-983.gif\" alt=\":roll:\" class=\"smile\" title=\"rolleyes-983\"><img decoding=\"async\" src=\"https:\/\/analyse.optim.biz\/wp-content\/uploads\/2025\/12\/unsure-973.gif\" alt=\":sigh:\" class=\"smile\" title=\"unsure-973\"><\/div>\n<\/div>\n<\/div>\n<div class=\"text-center\">\n<p>DISCLAIMER<\/p>\n<p>Atentie! Postati pe propria raspundere!<br \/> Inainte de a posta, cititi aici regulamentul: <a href=\"https:\/\/www.luju.ro\/termeni-legali-si-conditii\" title=\"Termeni legali si conditii\">Termeni legali si Conditii<\/a><\/p>\n<\/div>\n<\/section>\n<\/article>\n<p> Source URL: https:\/\/www.luju.ro\/am-fost-candva-procuror-la-lansare<\/p>\n","protected":false},"excerpt":{"rendered":"<p>\u201eAm fost c\u00e2ndva procuror\u201d, la lansare\u2026 Scris de: av. Marian NAZAT | | 23 October 2025 14:06 Vizualizari: 1199 S\u0103 fie un an \u0219i jum\u0103tate de c\u00e2nd am ispr\u0103vit de scris c\u0103r\u021bile pe care mi le-am dorit cel mai tare \u2013 una despre via\u021ba mea de procuror, iar, cealalt\u0103, cu amintiri din miticul Islaz, satul [&hellip;]<\/p>\n","protected":false},"author":1,"featured_media":898743,"comment_status":"open","ping_status":"","sticky":false,"template":"","format":"standard","meta":{"footnotes":""},"categories":[89],"tags":[114],"class_list":["post-898742","post","type-post","status-publish","format-standard","has-post-thumbnail","hentry","category-romania","tag-luju-ro"],"_links":{"self":[{"href":"https:\/\/analyse.optim.biz\/index.php?rest_route=\/wp\/v2\/posts\/898742","targetHints":{"allow":["GET"]}}],"collection":[{"href":"https:\/\/analyse.optim.biz\/index.php?rest_route=\/wp\/v2\/posts"}],"about":[{"href":"https:\/\/analyse.optim.biz\/index.php?rest_route=\/wp\/v2\/types\/post"}],"author":[{"embeddable":true,"href":"https:\/\/analyse.optim.biz\/index.php?rest_route=\/wp\/v2\/users\/1"}],"replies":[{"embeddable":true,"href":"https:\/\/analyse.optim.biz\/index.php?rest_route=%2Fwp%2Fv2%2Fcomments&post=898742"}],"version-history":[{"count":0,"href":"https:\/\/analyse.optim.biz\/index.php?rest_route=\/wp\/v2\/posts\/898742\/revisions"}],"wp:featuredmedia":[{"embeddable":true,"href":"https:\/\/analyse.optim.biz\/index.php?rest_route=\/wp\/v2\/media\/898743"}],"wp:attachment":[{"href":"https:\/\/analyse.optim.biz\/index.php?rest_route=%2Fwp%2Fv2%2Fmedia&parent=898742"}],"wp:term":[{"taxonomy":"category","embeddable":true,"href":"https:\/\/analyse.optim.biz\/index.php?rest_route=%2Fwp%2Fv2%2Fcategories&post=898742"},{"taxonomy":"post_tag","embeddable":true,"href":"https:\/\/analyse.optim.biz\/index.php?rest_route=%2Fwp%2Fv2%2Ftags&post=898742"}],"curies":[{"name":"wp","href":"https:\/\/api.w.org\/{rel}","templated":true}]}}