{"id":897424,"date":"2025-12-06T00:00:00","date_gmt":"2025-12-05T21:00:00","guid":{"rendered":"https:\/\/analyse.optim.biz\/?p=897424"},"modified":"2025-12-06T00:00:00","modified_gmt":"2025-12-05T21:00:00","slug":"heidi-klum-arrasa-en-internet-con-lenceria-roja-en-el-sorteo-del-mundial-2026-periodista-digital","status":"publish","type":"post","link":"https:\/\/analyse.optim.biz\/?p=897424","title":{"rendered":"Heidi Klum arrasa en internet con lencer\u00eda roja en el sorteo del Mundial 2026 &#8211; Periodista Digital"},"content":{"rendered":"<div class=\"m4p-post-content\">\n<div class=\"block-vertical-align-right\">\n<div class=\"m4p-relations-group\">\n<div class=\"m4p-group-vertical-title\">\n<h2>M\u00e1s informaci\u00f3n<\/h2>\n<\/div>\n<div class=\"m4p-summary-news\">\n<figure class=\"m4p-image m4p-crop-medium-1\"><a href=\"https:\/\/www.periodistadigital.com\/periodismo\/tv\/20251205\/soto-ivars-replica-charoflautas-reventar-presentacion-libro-30-chifladas-video-689405160491\/\"><img loading=\"lazy\" decoding=\"async\" src=\"https:\/\/analyse.optim.biz\/wp-content\/uploads\/2025\/12\/ivarscharos-320x214-1.jpg\" width=\"320\" height=\"214\" alt=\"Juan Soto Ivars y las &#039;charoflautas&#039;\" title=\"ivarscharos-320x214-1\"><\/a><\/figure>\n<div class=\"m4p-summary-news-title\">\n<h3><a href=\"https:\/\/www.periodistadigital.com\/periodismo\/tv\/20251205\/soto-ivars-replica-charoflautas-reventar-presentacion-libro-30-chifladas-video-689405160491\/\">Soto Ivars replica a las \u2018charoflautas\u2019 que fueron a reventar la presentaci\u00f3n de su libro: &#8220;Eran 30 chifladas&#8221;<\/a><\/h3>\n<\/div>\n<\/div>\n<\/div>\n<\/div>\n<p><span class=\"m4p-capitular\">D<\/span>e copa del mundo, la chica.<\/p>\n<p>El glamour se adue\u00f1\u00f3 de<em><strong> Washington D.C<\/strong><\/em>. durante la ceremonia del sorteo de la Copa Mundial de la FIFA 2026, donde <strong>Heidi Klum<\/strong> se convirti\u00f3 en la estrella indiscutible.<\/p>\n<p>La reconocida modelo y presentadora alemana, famosa por su trayectoria en moda y televisi\u00f3n, deslumbr\u00f3 en redes sociales al posar con una sensual lencer\u00eda roja, elevando la temperatura antes de asumir el rol de coanfitriona del evento m\u00e1s esperado del f\u00fatbol mundial.<\/p>\n<p>No es la primera vez que Klum asume esta responsabilidad; ya condujo el sorteo final del Mundial de 2006 en Alemania, lo que le otorga un toque de experiencia y sofisticaci\u00f3n a la gala celebrada en el John F. Kennedy Center for the Performing Arts.<\/p>\n<p>Este sorteo del <strong>Mundial 2026<\/strong> es significativo por diversas razones. Por primera vez, el torneo contar\u00e1 con 48 selecciones, marcando un r\u00e9cord hist\u00f3rico para la competici\u00f3n. La ceremonia fue mucho m\u00e1s que un simple acto protocolario; se transform\u00f3 en una gala que combin\u00f3 arte y entretenimiento social, donde adem\u00e1s de Klum, brillaron figuras como el comediante Kevin Hart y el productor Danny Ramirez como coanfitriones. La velada tambi\u00e9n cont\u00f3 con actuaciones de artistas internacionales como Andrea Bocelli, Robbie Williams, Nicole Scherzinger y el ic\u00f3nico grupo Village People, famoso por su \u00e9xito \u00abY.M.C.A.\u00bb, querido por el expresidente Donald Trump, quien estuvo presente y recibi\u00f3 el primer Premio de la Paz otorgado por la <em><strong>FIFA<\/strong><\/em>.<\/p>\n<p>La participaci\u00f3n de <strong>Klum<\/strong> en este evento establece un balance entre el espect\u00e1culo y el deporte, reuniendo a celebridades de diversas \u00e1reas en una celebraci\u00f3n global.<\/p>\n<p>Durante el sorteo, leyendas deportivas como Tom Brady, Shaquille O\u2019Neal y Rio Ferdinand contribuyeron a desvelar c\u00f3mo quedar\u00edan distribuidos los 12 grupos que marcar\u00e1n el inicio del torneo. Cabe destacar que la FIFA ha dise\u00f1ado el sorteo para evitar que los cuatro equipos m\u00e1s fuertes \u2014Espa\u00f1a, Argentina, Francia e Inglaterra\u2014 se enfrenten antes de las semifinales, a\u00f1adiendo un toque estrat\u00e9gico que resulta atractivo para los aficionados.<\/p>\n<p>La fusi\u00f3n de moda, celebridad y deporte que encarna Klum ha tenido un impacto notable en las redes sociales. Sus im\u00e1genes en lencer\u00eda roja se viralizaron r\u00e1pidamente, mostrando su faceta m\u00e1s atrevida y segura mientras anticipa la emoci\u00f3n que rodea al Mundial m\u00e1s grande jam\u00e1s organizado, con partidos a disputarse en Estados Unidos, M\u00e9xico y Canad\u00e1. Klum no solo brilla como presentadora; tambi\u00e9n representa la conexi\u00f3n entre la cultura pop y el f\u00fatbol rey, captando audiencias m\u00e1s all\u00e1 del p\u00fablico habitual del deporte.<\/p>\n<p>El Mundial 2026 promete ser una edici\u00f3n sin igual. No solo por la ampliaci\u00f3n del n\u00famero de equipos y sedes, sino por c\u00f3mo se ha concebido su presentaci\u00f3n: eventos que combinan espect\u00e1culo, pol\u00edtica y deporte. La presencia de personalidades como Klum y Kevin Hart al frente del sorteo simboliza esta nueva era donde la globalizaci\u00f3n medi\u00e1tica convierte cada detalle en un acontecimiento con resonancia mundial.<\/p>\n<p>El eco de esta ceremonia trasciende lo meramente deportivo. La imagen de Heidi Klum ataviada con lencer\u00eda roja se transforma en un fen\u00f3meno viral que ilustra c\u00f3mo las celebridades pueden moldear la narrativa del Mundial, inyectando glamour y una dimensi\u00f3n humana a un evento predominantemente deportivo. Su papel subraya la tendencia dentro de la FIFA hacia integrar entretenimiento y espect\u00e1culo para atraer a las nuevas generaciones y ampliar el alcance cultural del f\u00fatbol.<\/p>\n<p>Sin lugar a dudas, la combinaci\u00f3n de una figura ic\u00f3nica como Klum con la magnitud del Mundial 2026 ha creado una expectativa que va mucho m\u00e1s all\u00e1 de los estadios. Mientras los aficionados se preparan para vivir los partidos en las 16 sedes oficiales, la imagen de Heidi Klum vestida de rojo permanece como s\u00edmbolo tangible del v\u00ednculo entre moda, celebridad y pasi\u00f3n futbol\u00edstica que define esta edici\u00f3n hist\u00f3rica.<\/p>\n<\/div>\n<p> Source URL: https:\/\/www.periodistadigital.com\/gente\/20251206\/heidi-klum-arrasa-internet-lenceria-roja-sorteo-mundial-2026-noticia-689405160654\/<\/p>\n","protected":false},"excerpt":{"rendered":"<p>M\u00e1s informaci\u00f3n Soto Ivars replica a las \u2018charoflautas\u2019 que fueron a reventar la presentaci\u00f3n de su libro: &#8220;Eran 30 chifladas&#8221; De copa del mundo, la chica. El glamour se adue\u00f1\u00f3 de Washington D.C. durante la ceremonia del sorteo de la Copa Mundial de la FIFA 2026, donde Heidi Klum se convirti\u00f3 en la estrella indiscutible. [&hellip;]<\/p>\n","protected":false},"author":1,"featured_media":897425,"comment_status":"open","ping_status":"","sticky":false,"template":"","format":"standard","meta":{"footnotes":""},"categories":[88],"tags":[112],"class_list":["post-897424","post","type-post","status-publish","format-standard","has-post-thumbnail","hentry","category-spain","tag-periodistadigital-com"],"_links":{"self":[{"href":"https:\/\/analyse.optim.biz\/index.php?rest_route=\/wp\/v2\/posts\/897424","targetHints":{"allow":["GET"]}}],"collection":[{"href":"https:\/\/analyse.optim.biz\/index.php?rest_route=\/wp\/v2\/posts"}],"about":[{"href":"https:\/\/analyse.optim.biz\/index.php?rest_route=\/wp\/v2\/types\/post"}],"author":[{"embeddable":true,"href":"https:\/\/analyse.optim.biz\/index.php?rest_route=\/wp\/v2\/users\/1"}],"replies":[{"embeddable":true,"href":"https:\/\/analyse.optim.biz\/index.php?rest_route=%2Fwp%2Fv2%2Fcomments&post=897424"}],"version-history":[{"count":0,"href":"https:\/\/analyse.optim.biz\/index.php?rest_route=\/wp\/v2\/posts\/897424\/revisions"}],"wp:featuredmedia":[{"embeddable":true,"href":"https:\/\/analyse.optim.biz\/index.php?rest_route=\/wp\/v2\/media\/897425"}],"wp:attachment":[{"href":"https:\/\/analyse.optim.biz\/index.php?rest_route=%2Fwp%2Fv2%2Fmedia&parent=897424"}],"wp:term":[{"taxonomy":"category","embeddable":true,"href":"https:\/\/analyse.optim.biz\/index.php?rest_route=%2Fwp%2Fv2%2Fcategories&post=897424"},{"taxonomy":"post_tag","embeddable":true,"href":"https:\/\/analyse.optim.biz\/index.php?rest_route=%2Fwp%2Fv2%2Ftags&post=897424"}],"curies":[{"name":"wp","href":"https:\/\/api.w.org\/{rel}","templated":true}]}}