{"id":887617,"date":"2025-12-05T00:00:00","date_gmt":"2025-12-04T21:00:00","guid":{"rendered":"https:\/\/analyse.optim.biz\/?p=887617"},"modified":"2025-12-05T00:00:00","modified_gmt":"2025-12-04T21:00:00","slug":"ramiro-grau-morancho-reconciliacion-o-ajuste-de-cuentas-las-memorias-del-demerito-periodista-digital","status":"publish","type":"post","link":"https:\/\/analyse.optim.biz\/?p=887617","title":{"rendered":"Ramiro Grau Morancho: &#8220;Reconciliaci\u00f3n o ajuste de cuentas. Las memorias del dem\u00e9rito&#8221; &#8211; Periodista Digital"},"content":{"rendered":"<div class=\"m4p-post-content\">\n<p><span class=\"m4p-capitular\">N<\/span>ada tengo contra Juan Carlos I, salvo un juicio negativo sobre su reinado,\u00a0 que expreso en esta denominaci\u00f3n, el \u201cdem\u00e9rito\u201d.<\/p>\n<p>Todo su reinado ha sido un \u201cborboneo\u201d constante, dando una de cal y dos de arena, pasando de todo, salvo de sus putas y de las comisiones o mordidas por apoyar la expansi\u00f3n internacional de empresas espa\u00f1olas en el extranjero.<\/p>\n<p>O del\u00a0 cobro de un porcentaje por la compra de crudo para Espa\u00f1a, que no ten\u00eda justificaci\u00f3n legal\u00a0 alguna, por la que creo no se tributaba nada, y que, a Dios gracias, fue cortada por Aznar, lo que gener\u00f3 una profunda enemistad hacia \u00e9l.<\/p>\n<p>Durante todo su reinado procur\u00f3 llevarse bien, primero con Su\u00e1rez, un aut\u00e9ntico traidor, una especie de S\u00e1nchez, y luego se entreg\u00f3 pl\u00e1cidamente a vivir la vida, dejando a Felipe Gonz\u00e1lez que hiciera lo que le dio la gana, incluido el\u00a0 GAL, y otros asuntos turbios que entran de lleno en la criminalidad m\u00e1s abyecta.<\/p>\n<p>Por no\u00a0 hablar de la expropiaci\u00f3n de Rumasa, a la que no hay constancia de que se opusiera, y que supuso una gran violaci\u00f3n de la Constituci\u00f3n del 78, y un aut\u00e9ntico latrocinio.<\/p>\n<p>Parad\u00f3jicamente, procur\u00f3 llevarse bien con las izquierdas, socialistas y comunistas, convencido de que el apoyo de las derechas ya ven\u00eda \u00ednsito con el\u00a0 cargo.<\/p>\n<p>Y siendo malo, un desastre total, su reinado, fue mejor que el de Felipe VI, un hombre sin car\u00e1cter ni personalidad, un aut\u00e9ntico Boabdil el Chico, al que le va a pasar lo mismo cuando pierda el Trono: \u201cLlora como un ni\u00f1o lo que no has sabido defender como un hombre\u201d.<\/p>\n<p>No voy a hablar de su desgraciado y absurdo matrimonio, con una mujer con mucho pasado, y no demasiado brillante\u2026 Dos veces abortista, o tres, seg\u00fan el\u00a0 libro de su primo, nunca desmentido, progre, de ideas republicanas, divorciada, en fin, un dechado de \u201cvirtudes\u201d.<\/p>\n<p>Una mujer que piensa que puede existir una rep\u00fablica coronada, o una uni\u00f3n de peque\u00f1os estados de juguete \u2013Catalu\u00f1a, el Pa\u00eds Vasco\u2026, etc.-, que aceptar\u00e1n un Rey decorativo, un jarr\u00f3n chino al que mantener, y que en la pr\u00e1ctica no presta servicio alguno, como no sea pompa y protocolo, y ni siquiera en eso destaca.<\/p>\n<p>Tener un Rey como supuesto Jefe del Estado, pero solo supuesto, una figura meramente decorativa, a la que hay que mantener como tal, junto con una familia numerosa, de alrededor de medio centenar de personas, que se lucran del cargo y del\u00a0 apellido, es totalmente absurdo, y m\u00e1s en pleno siglo XXI.<\/p>\n<p>El art\u00edculo 56 de la Constituci\u00f3n, con los poderes arbitrales y moderadores del Rey de Espa\u00f1a, ha sido sistem\u00e1ticamente ignorado, tanto por Juan Carlos I como por Felipe VI.<\/p>\n<p>Me sorprende mucho que Juan Carlos I pida el apoyo para su hijo, cuando est\u00e1 claro que es indigno de \u00e9l\u2026<\/p>\n<p>Est\u00e1 siendo utilizado como \u00a0 tapadera del\u00a0 r\u00e9gimen comunista sanchista, que r\u00e1pidamente, y bajo la mesa, est\u00e1 derogando, de facto, la Constituci\u00f3n espa\u00f1ola del\u00a0 78, reduciendo a m\u00ednimos nuestras libertades, y robando una gran parte del dinero p\u00fablico, con bastante impunidad.<\/p>\n<p>\u00a1Y menos mal que tenemos a la UCO de la Guardia Civil\u00a0 y al\u00a0 Tribunal Supremo!<\/p>\n<p>Y sin tan claro tienen que gozan del\u00a0 apoyo popular, que convoquen un refer\u00e9ndum nacional\u00a0 para ver qu\u00e9 forma de gobierno queremos los espa\u00f1oles, monarqu\u00eda o rep\u00fablica.<\/p>\n<p>Seguro que se llevar\u00edan, y se llevar\u00e1n, una sorpresa, cuando esto suceda, que presiento ser\u00e1 pronto.<\/p>\n<p>Sic transit gloria mundi, o dicho en rom\u00e1n paladino., \u00a1A hacer pu\u00f1etas!<\/p>\n<\/div>\n<p> Source URL: https:\/\/www.periodistadigital.com\/politica\/opinion\/columnistas\/20251205\/ramiro-grau-morancho-reconciliacion-o-ajuste-cuentas-memorias-demerito-noticia-689405160521\/<\/p>\n","protected":false},"excerpt":{"rendered":"<p>Nada tengo contra Juan Carlos I, salvo un juicio negativo sobre su reinado,\u00a0 que expreso en esta denominaci\u00f3n, el \u201cdem\u00e9rito\u201d. Todo su reinado ha sido un \u201cborboneo\u201d constante, dando una de cal y dos de arena, pasando de todo, salvo de sus putas y de las comisiones o mordidas por apoyar la expansi\u00f3n internacional de [&hellip;]<\/p>\n","protected":false},"author":1,"featured_media":887618,"comment_status":"open","ping_status":"","sticky":false,"template":"","format":"standard","meta":{"footnotes":""},"categories":[88],"tags":[112],"class_list":["post-887617","post","type-post","status-publish","format-standard","has-post-thumbnail","hentry","category-spain","tag-periodistadigital-com"],"_links":{"self":[{"href":"https:\/\/analyse.optim.biz\/index.php?rest_route=\/wp\/v2\/posts\/887617","targetHints":{"allow":["GET"]}}],"collection":[{"href":"https:\/\/analyse.optim.biz\/index.php?rest_route=\/wp\/v2\/posts"}],"about":[{"href":"https:\/\/analyse.optim.biz\/index.php?rest_route=\/wp\/v2\/types\/post"}],"author":[{"embeddable":true,"href":"https:\/\/analyse.optim.biz\/index.php?rest_route=\/wp\/v2\/users\/1"}],"replies":[{"embeddable":true,"href":"https:\/\/analyse.optim.biz\/index.php?rest_route=%2Fwp%2Fv2%2Fcomments&post=887617"}],"version-history":[{"count":0,"href":"https:\/\/analyse.optim.biz\/index.php?rest_route=\/wp\/v2\/posts\/887617\/revisions"}],"wp:featuredmedia":[{"embeddable":true,"href":"https:\/\/analyse.optim.biz\/index.php?rest_route=\/wp\/v2\/media\/887618"}],"wp:attachment":[{"href":"https:\/\/analyse.optim.biz\/index.php?rest_route=%2Fwp%2Fv2%2Fmedia&parent=887617"}],"wp:term":[{"taxonomy":"category","embeddable":true,"href":"https:\/\/analyse.optim.biz\/index.php?rest_route=%2Fwp%2Fv2%2Fcategories&post=887617"},{"taxonomy":"post_tag","embeddable":true,"href":"https:\/\/analyse.optim.biz\/index.php?rest_route=%2Fwp%2Fv2%2Ftags&post=887617"}],"curies":[{"name":"wp","href":"https:\/\/api.w.org\/{rel}","templated":true}]}}