{"id":886545,"date":"2025-12-06T00:00:00","date_gmt":"2025-12-05T21:00:00","guid":{"rendered":"https:\/\/analyse.optim.biz\/?p=886545"},"modified":"2025-12-06T00:00:00","modified_gmt":"2025-12-05T21:00:00","slug":"pronostico-del-tiempo-en-espana-sabado-6-de-diciembre-de-2025-periodista-digital","status":"publish","type":"post","link":"https:\/\/analyse.optim.biz\/?p=886545","title":{"rendered":"Pron\u00f3stico del Tiempo en Espa\u00f1a: s\u00e1bado 6 de diciembre de 2025 &#8211; Periodista Digital"},"content":{"rendered":"<div class=\"m4p-post-content\">\n<div class=\"block-vertical-align-right\">\n<div class=\"m4p-relations-group\">\n<div class=\"m4p-group-vertical-title\">\n<h2>M\u00e1s informaci\u00f3n<\/h2>\n<\/div>\n<div class=\"m4p-summary-news\">\n<figure class=\"m4p-image m4p-crop-medium-1\"><a href=\"https:\/\/www.periodistadigital.com\/gente\/20251206\/heidi-klum-arrasa-internet-lenceria-roja-sorteo-mundial-2026-noticia-689405160654\/\"><img loading=\"lazy\" decoding=\"async\" src=\"https:\/\/analyse.optim.biz\/wp-content\/uploads\/2025\/12\/heidi-klum-1-320x214-1.jpg\" width=\"320\" height=\"214\" alt=\"Heidi Klum\" title=\"heidi-klum-1-320x214-1\"><\/a><\/figure>\n<div class=\"m4p-summary-news-title\">\n<h3><a href=\"https:\/\/www.periodistadigital.com\/gente\/20251206\/heidi-klum-arrasa-internet-lenceria-roja-sorteo-mundial-2026-noticia-689405160654\/\">Heidi Klum arrasa en internet con lencer\u00eda roja en el sorteo del Mundial 2026<\/a><\/h3>\n<\/div>\n<\/div>\n<\/div>\n<\/div>\n<p><span class=\"m4p-capitular\">E<\/span>ste s\u00e1bado, 6 de diciembre, el panorama meteorol\u00f3gico en <strong>Espa\u00f1a<\/strong> se asemeja a un aut\u00e9ntico rompecabezas: mientras que el noroeste contin\u00faa bajo la influencia de la lluvia y el viento, el Mediterr\u00e1neo y el sureste disfrutan de un d\u00eda que recuerda m\u00e1s a marzo que a diciembre.<\/p>\n<p>La <strong>AEMET<\/strong> y otros organismos meteorol\u00f3gicos coinciden en se\u00f1alar que se est\u00e1 produciendo un cambio notable: tras varios d\u00edas de frentes atl\u00e1nticos, el anticicl\u00f3n comienza a tomar las riendas, dejando un ambiente mayormente estable y temperaturas sorprendentemente suaves para esta \u00e9poca del a\u00f1o.<\/p>\n<p>Sin embargo, a\u00fan hay lugares donde es aconsejable no olvidar el paraguas.<\/p>\n<p>As\u00ed que ya sabes: si tienes planes para este s\u00e1bado en la costa mediterr\u00e1nea te espera buen tiempo.<\/p>\n<p>Si est\u00e1s en el noroeste mejor lleva paraguas; mientras tanto si est\u00e1s por <strong>Madrid<\/strong>, aprovecha esos agradables diecinueve grados para salir a disfrutar como si fuera abril.<\/p>\n<h2>\u00bfQu\u00e9 tiempo hace hoy en cada zona?<\/h2>\n<h3>Galicia y Cant\u00e1brico<\/h3>\n<p>En <strong>Galicia<\/strong> y el <strong>Cant\u00e1brico<\/strong>, este s\u00e1bado se presenta con cielos nubosos o cubiertos, y se anticipan lluvias, especialmente en la parte occidental de Galicia y en el Cant\u00e1brico oriental. Las precipitaciones podr\u00edan ser persistentes e incluso venir acompa\u00f1adas de tormentas o granizo.<\/p>\n<ul>\n<li>Cielo: nuboso o cubierto<\/li>\n<li>Precipitaciones: lluvias, m\u00e1s intensas en el oeste de Galicia y Cant\u00e1brico oriental<\/li>\n<li>Temperaturas: m\u00e1ximas alrededor de 18\u201320 \u00baC<\/li>\n<li>Viento: del oeste y suroeste, con intervalos fuertes en la costa<\/li>\n<\/ul>\n<h3>Madrid y centro peninsular<\/h3>\n<p>En <strong>Madrid<\/strong> y gran parte del centro peninsular, se prev\u00e9 un d\u00eda m\u00e1s tranquilo. Los cielos estar\u00e1n poco nubosos o despejados, aunque habr\u00e1 brumas matinales en \u00e1reas bajas y valles. Las lloviznas ser\u00e1n escasas y poco relevantes.<\/p>\n<ul>\n<li>Cielo: poco nuboso o despejado, con brumas matinales<\/li>\n<li>Precipitaciones: lloviznas dispersas, sin importancia<\/li>\n<li>Temperaturas: m\u00ednimas alrededor de 9\u201310 \u00baC, m\u00e1ximas hasta 19 \u00baC<\/li>\n<li>Viento: flojo del oeste<\/li>\n<\/ul>\n<h3>Mediterr\u00e1neo y sureste<\/h3>\n<p>En la costa mediterr\u00e1nea (<strong>Valencia<\/strong>, <strong>Murcia<\/strong>, <strong>Alicante<\/strong>, <strong>M\u00e1laga<\/strong>), este s\u00e1bado se vivir\u00e1 uno de esos d\u00edas que parecen sacados directamente de un calendario primaveral. Cielos despejados o con algunas nubes altas, sol radiante durante todo el d\u00eda y temperaturas que alcanzan casi los 25 \u00baC.<\/p>\n<ul>\n<li>Cielo: despejado o con intervalos de nubes altas<\/li>\n<li>Precipitaciones: ausentes o muy d\u00e9biles<\/li>\n<li>Temperaturas: m\u00e1ximas entre 23 y 25 \u00baC<\/li>\n<li>Viento: flojo a moderado, predominando componentes del oeste o sur<\/li>\n<\/ul>\n<h3>Pirineos y monta\u00f1as<\/h3>\n<p>En el <strong>Pirineo<\/strong> y otras \u00e1reas monta\u00f1osas (Cant\u00e1brico, Sistema Ib\u00e9rico), los cielos estar\u00e1n nubosos, con posibilidades de precipitaciones d\u00e9biles y dispersas sobre todo durante las primeras horas. La cota de nieve ascender\u00e1 por encima de los 2.000 metros, por lo que solo se registrar\u00e1 nieve en las cumbres m\u00e1s elevadas.<\/p>\n<ul>\n<li>Cielo: nuboso o muy nuboso<\/li>\n<li>Precipitaciones: d\u00e9biles, m\u00e1s probables en monta\u00f1as<\/li>\n<li>Temperaturas: heladas d\u00e9biles en altitudes elevadas<\/li>\n<li>Viento: flojo a moderado, proveniente del sur<\/li>\n<\/ul>\n<h3>Baleares y Canarias<\/h3>\n<p>En <strong>Baleares<\/strong>, este s\u00e1bado habr\u00e1 cielos con intervalos de nubes altas que tender\u00e1n a despejarse hacia el sur. En <strong>Canarias<\/strong>, se espera viento flojo a moderado del este junto a cielos poco nubosos o despejados.<\/p>\n<ul>\n<li>Cielo: intervalos de nubes altas, tendiendo a despejarse<\/li>\n<li>Precipitaciones: ausentes o muy d\u00e9biles<\/li>\n<li>Temperaturas: suaves, sin grandes cambios<\/li>\n<\/ul>\n<h2>Tabla de pron\u00f3stico para los pr\u00f3ximos 4 d\u00edas<\/h2>\n<p>A continuaci\u00f3n se presenta un resumen del pron\u00f3stico para los pr\u00f3ximos cuatro d\u00edas en diversas zonas representativas del pa\u00eds:<\/p>\n<table>\n<thead>\n<tr>\n<th>Zona \/ D\u00eda<\/th>\n<th>S\u00e1bado 6-dic<\/th>\n<th>Domingo 7-dic<\/th>\n<th>Lunes 8-dic<\/th>\n<th>Martes 9-dic<\/th>\n<\/tr>\n<\/thead>\n<tbody>\n<tr>\n<td><strong>Madrid<\/strong><\/td>\n<td>Cielo poco nuboso, 9\u201319\u202f\u00b0C<\/td>\n<td>Cielo poco nuboso, 8\u201318\u202f\u00b0C<\/td>\n<td>Cielo poco nuboso, 7\u201317\u202f\u00b0C<\/td>\n<td>Cielo poco nuboso, 8\u201318\u202f\u00b0C<\/td>\n<\/tr>\n<tr>\n<td><strong>Barcelona<\/strong><\/td>\n<td>Cielo poco nuboso, 10\u201320\u202f\u00b0C<\/td>\n<td>Cielo despejado, 10\u201321\u202f\u00b0C<\/td>\n<td>Cielo despejado, 10\u201320\u202f\u00b0C<\/td>\n<td>Cielo despejado, 11\u201321\u202f\u00b0C<\/td>\n<\/tr>\n<tr>\n<td><strong>Valencia<\/strong><\/td>\n<td>Cielo despejado, 12\u201324\u202f\u00b0C<\/td>\n<td>Cielo despejado, 13\u201325\u202f\u00b0C<\/td>\n<td>Cielo despejado, 12\u201324\u202f\u00b0C<\/td>\n<td>Cielo despejado, 13\u201325\u202f\u00b0C<\/td>\n<\/tr>\n<tr>\n<td><strong>Alicante<\/strong><\/td>\n<td>Cielo despejado, 14\u201325\u202f\u00b0C<\/td>\n<td>Cielo despejado, 15\u201326\u202f\u00b0C<\/td>\n<td>Cielo despejado, 14\u201325\u202f\u00b0C<\/td>\n<td>Cielo despejado, 15\u201326\u202f\u00b0C<\/td>\n<\/tr>\n<tr>\n<td><strong>M\u00e1laga<\/strong><\/td>\n<td>Cielo despejado, 13\u201324\u202f\u00b0C<\/td>\n<td>Cielo despejado, 14\u201325\u202f\u00b0C<\/td>\n<td>Cielo despejado, 13\u201324\u202f\u00b0C<\/td>\n<td>Cielo despejado, 14\u201325\u202f\u00b0C<\/td>\n<\/tr>\n<tr>\n<td><strong>Bilbao<\/strong><\/td>\n<td>Cielo nuboso, 10\u201318\u202f\u00b0C<\/td>\n<td>Cielo poco nuboso, 10\u201319\u202f\u00b0C<\/td>\n<td>Cielo poco nuboso, 10\u201318\u202f\u00b0C<\/td>\n<td>Cielo poco nuboso, 11\u201319\u202f\u00b0C<\/td>\n<\/tr>\n<tr>\n<td><strong>Santiago de Compostela<\/strong><\/td>\n<td>Cielo cubierto, 10\u201316\u202f\u00b0C<\/td>\n<td>Cielo nuboso, 10\u201317\u202f\u00b0C<\/td>\n<td>Cielo nuboso, 10\u201316\u202f\u00b0C<\/td>\n<td>Cielo nuboso, 11\u201317\u202f\u00b0C<\/td>\n<\/tr>\n<tr>\n<td><strong>Zaragoza<\/strong><\/td>\n<td>Cielo poco nuboso, 4\u201320\u202f\u00b0C<\/td>\n<td>Cielo poco nuboso, 5\u201319\u202f\u00b0C<\/td>\n<td>Cielo poco nuboso, 4\u201318\u202f\u00b0C<\/td>\n<td>Cielo poco nuboso, 5\u201319\u202f\u00b0C<\/td>\n<\/tr>\n<\/tbody>\n<\/table>\n<blockquote>\n<p>Nota: las temperaturas son orientativas y pueden experimentar ligeras variaciones seg\u00fan la localidad espec\u00edfica. En \u00e1reas monta\u00f1osas es posible que las m\u00ednimas caigan por debajo de los cero grados cent\u00edgrados con heladas leves en cotas elevadas.<\/p>\n<\/blockquote>\n<h2>Consejos pr\u00e1cticos para el s\u00e1bado<\/h2>\n<ul>\n<li>Si te encuentras en <strong>Galicia<\/strong> o el <strong>Cant\u00e1brico<\/strong>, no olvides llevar tu paraguas; evita las zonas expuestas al viento fuerte especialmente cerca del mar.<\/li>\n<li>En la regi\u00f3n del <strong>Mediterr\u00e1neo<\/strong> y el <strong>sureste<\/strong>, puedes optar por ropa ligera; eso s\u00ed\u2014una chaqueta fina puede ser \u00fatil por la noche.<\/li>\n<li>En el interior y \u00e1reas monta\u00f1osas ten cuidado con las nieblas matinales que pueden reducir la visibilidad al conducir.<\/li>\n<li>En <strong>Madrid<\/strong>, disfrutar\u00e1s de un d\u00eda agradable; perfecto para dar un paseo aunque hay que estar atento a las brumas matutinas.<\/li>\n<\/ul>\n<h2>Resumen del d\u00eda<\/h2>\n<ul>\n<li>Este s\u00e1bado seis de diciembre presenta un clima mayormente estable en <strong>Espa\u00f1a<\/strong>, con cielos claros o poco cubiertos predominando.<\/li>\n<li>Se prev\u00e9n lluvias y vientos fuertes en el noroeste (Galicia y Cant\u00e1brico), mientras que la costa mediterr\u00e1nea goza de un ambiente c\u00e1lido.<\/li>\n<li>Las temperaturas oscilan entre cuatro y seis grados cent\u00edgrados por encima de lo habitual para estas fechas; sobre todo notorio en las regiones sur y este.<\/li>\n<li>La cota de nieve asciende por encima de los dos mil metros; as\u00ed solo habr\u00e1 nevadas en las cumbres m\u00e1s altas.<\/li>\n<li>Para ma\u00f1ana domingo se anticipa una ligera bajada de m\u00ednimas en el interior pero sin heladas severas; manteniendo un ambiente suave generalizado.<\/li>\n<\/ul>\n<\/div>\n<p> Source URL: https:\/\/www.periodistadigital.com\/ciencia\/medio-ambiente\/20251206\/pronostico-espana-sabado-6-diciembre-2025-noticia-689405160659\/<\/p>\n","protected":false},"excerpt":{"rendered":"<p>M\u00e1s informaci\u00f3n Heidi Klum arrasa en internet con lencer\u00eda roja en el sorteo del Mundial 2026 Este s\u00e1bado, 6 de diciembre, el panorama meteorol\u00f3gico en Espa\u00f1a se asemeja a un aut\u00e9ntico rompecabezas: mientras que el noroeste contin\u00faa bajo la influencia de la lluvia y el viento, el Mediterr\u00e1neo y el sureste disfrutan de un d\u00eda [&hellip;]<\/p>\n","protected":false},"author":1,"featured_media":886546,"comment_status":"open","ping_status":"","sticky":false,"template":"","format":"standard","meta":{"footnotes":""},"categories":[88],"tags":[112],"class_list":["post-886545","post","type-post","status-publish","format-standard","has-post-thumbnail","hentry","category-spain","tag-periodistadigital-com"],"_links":{"self":[{"href":"https:\/\/analyse.optim.biz\/index.php?rest_route=\/wp\/v2\/posts\/886545","targetHints":{"allow":["GET"]}}],"collection":[{"href":"https:\/\/analyse.optim.biz\/index.php?rest_route=\/wp\/v2\/posts"}],"about":[{"href":"https:\/\/analyse.optim.biz\/index.php?rest_route=\/wp\/v2\/types\/post"}],"author":[{"embeddable":true,"href":"https:\/\/analyse.optim.biz\/index.php?rest_route=\/wp\/v2\/users\/1"}],"replies":[{"embeddable":true,"href":"https:\/\/analyse.optim.biz\/index.php?rest_route=%2Fwp%2Fv2%2Fcomments&post=886545"}],"version-history":[{"count":0,"href":"https:\/\/analyse.optim.biz\/index.php?rest_route=\/wp\/v2\/posts\/886545\/revisions"}],"wp:featuredmedia":[{"embeddable":true,"href":"https:\/\/analyse.optim.biz\/index.php?rest_route=\/wp\/v2\/media\/886546"}],"wp:attachment":[{"href":"https:\/\/analyse.optim.biz\/index.php?rest_route=%2Fwp%2Fv2%2Fmedia&parent=886545"}],"wp:term":[{"taxonomy":"category","embeddable":true,"href":"https:\/\/analyse.optim.biz\/index.php?rest_route=%2Fwp%2Fv2%2Fcategories&post=886545"},{"taxonomy":"post_tag","embeddable":true,"href":"https:\/\/analyse.optim.biz\/index.php?rest_route=%2Fwp%2Fv2%2Ftags&post=886545"}],"curies":[{"name":"wp","href":"https:\/\/api.w.org\/{rel}","templated":true}]}}