{"id":886542,"date":"2025-12-04T00:00:00","date_gmt":"2025-12-03T21:00:00","guid":{"rendered":"https:\/\/analyse.optim.biz\/?p=886542"},"modified":"2025-12-04T00:00:00","modified_gmt":"2025-12-03T21:00:00","slug":"rodrigo-diamanti-el-sistema-de-justicia-internacional-les-ha-fallado-a-las-victimas-en-venezuela-periodista-digital","status":"publish","type":"post","link":"https:\/\/analyse.optim.biz\/?p=886542","title":{"rendered":"Rodrigo Diamanti: \u201cEl sistema de justicia internacional les ha fallado a las v\u00edctimas en Venezuela\u201d &#8211; Periodista Digital"},"content":{"rendered":"<div class=\"m4p-post-content\">\n<p><span class=\"m4p-capitular\">D<\/span>urante su intervenci\u00f3n en el Debate General de la 24\u00aa Asamblea de Estados Partes de la <strong>Corte Penal Internacional<\/strong> (CPI), el activista venezolano y presidente de la ONG de DDHH <strong>Un Mundo Sin Mordaza<\/strong>, <strong>Rodrigo Diamanti<\/strong>, afirm\u00f3 que el sistema de justicia internacional \u201cfall\u00f3\u201d a las v\u00edctimas de Venezuela en el momento en que m\u00e1s necesitaban protecci\u00f3n y denunci\u00f3 que el sistema de justicia internacional \u201cha guardado silencio\u201d precisamente durante los a\u00f1os de mayor represi\u00f3n en la historia reciente de <strong>Venezuela<\/strong>.<\/p>\n<p>En su intervenci\u00f3n, llam\u00f3 a la Fiscal\u00eda y a los Estados Partes a restaurar la capacidad de disuasi\u00f3n de la Corte frente a cr\u00edmenes en curso. Diamanti inici\u00f3 su declaraci\u00f3n con un mensaje directo: \u201cQuiero pedir disculpas a las v\u00edctimas venezolanas porque este sistema, en el que confiamos, les fall\u00f3 cuando m\u00e1s lo necesitaban.\u201d<\/p>\n<p>La Asamblea de Estados Partes -el \u00f3rgano pol\u00edtico m\u00e1s alto del Estatuto de Roma- re\u00fane a m\u00e1s de 120 Estados, misiones diplom\u00e1ticas, organismos internacionales y ONG para evaluar el funcionamiento de la Corte y fijar posiciones sobre los casos en curso. En ese escenario, Diamanti, ex preso pol\u00edtico y Defensor de DDHH, plante\u00f3 una interrogante que, seg\u00fan dijo, resume la preocupaci\u00f3n de numerosas v\u00edctimas respecto al proceso. Record\u00f3 sobre una<br \/> persona vinculada al entorno familiar del Fiscal Karim Khan apareci\u00f3 representando al Estado venezolano ante mecanismos internacionales \u201c\u00bfC\u00f3mo puede el Fiscal se\u00f1alar la responsabilidad del r\u00e9gimen venezolano de un lado de la sala, mientras alguien de su propia familia lo representa en otro?\u201d, pregunt\u00f3.<\/p>\n<div id=\"attachment_689405160274\" class=\"wp-caption alignleft\"><img loading=\"lazy\" decoding=\"async\" aria-describedby=\"caption-attachment-689405160274\" class=\"wp-image-689405160274\" src=\"https:\/\/analyse.optim.biz\/wp-content\/uploads\/2025\/12\/rodrigo-diamanti-activista.jpg\" width=\"369\" height=\"431\" title=\"rodrigo-diamanti-activista\"><\/p>\n<p id=\"caption-attachment-689405160274\" class=\"wp-caption-text\">Rodrigo Diamanti<\/p>\n<\/div>\n<p>El presidente de Un Mundo Sin Mordaza adem\u00e1s record\u00f3 que, durante una d\u00e9cada, la sociedad civil venezolana \u201cse convirti\u00f3 en el motor de la justicia internacional\u201d ante la inacci\u00f3n de la Fiscal\u00eda: recopil\u00f3 evidencia, document\u00f3 cadenas de mando, impuls\u00f3 la creaci\u00f3n del Panel de Expertos de la OEA y de la Misi\u00f3n de Determinaci\u00f3n de Hechos de la ONU, y logr\u00f3 que seis Estados Parte remitieran la situaci\u00f3n al Tribunal. \u201cLos venezolanos hicieron historia\u201d, dijo. \u201cY<br \/> aun as\u00ed, el Fiscal se neg\u00f3 durante a\u00f1os a abrir la investigaci\u00f3n\u201d.<\/p>\n<p>Seg\u00fan Diamanti, la apertura de la investigaci\u00f3n en 2021 coincidi\u00f3 con \u201cel momento m\u00e1s oscuro\u201d para la sociedad venezolana. \u201cLa tragedia es esta: cuando la investigaci\u00f3n se abri\u00f3, la Corte cay\u00f3 en silencio y ese silencio coincidi\u00f3 casi perfectamente con el peor aumento de represi\u00f3n de nuestra historia moderna.\u201d<\/p>\n<p>El activista y defensor de Derechos Humanos cit\u00f3 cifras alarmantes del per\u00edodo posterior a la<br \/> apertura de la investigaci\u00f3n:<\/p>\n<p>\u25cf La tortura aument\u00f3 150%,<br \/> \u25cf Las desapariciones forzadas aumentaron 105%,<br \/> \u25cf Por primera vez en una d\u00e9cada m\u00e1s de 100 menores y m\u00e1s de 300 mujeres fueron encarcelados,<br \/> \u25cf Tras la elecci\u00f3n presidencial, 25 personas fueron asesinadas y m\u00e1s de 2.000 personas detenidas en 48 horas, cumpli\u00e9ndose la amenaza p\u00fablica de un \u201cba\u00f1o de sangre\u201d.<\/p>\n<p>Diamanti cuestion\u00f3 el enfoque de la Fiscal\u00eda de \u201cdi\u00e1logo sin consecuencias, optimismo sin acci\u00f3n\u201d, y denunci\u00f3 que este permiti\u00f3 que el r\u00e9gimen venezolano usara la presencia de la CPI como \u201cescudo diplom\u00e1tico\u201d para profundizar la represi\u00f3n.<\/p>\n<p>Critic\u00f3 adem\u00e1s la pol\u00edtica de \u00f3rdenes de arresto secretas, se\u00f1alando que \u201cel secreto no disuade a quienes ya saben que no pueden viajar\u201d, y advirti\u00f3 que la percepci\u00f3n de inacci\u00f3n tiene consecuencias devastadoras: \u201cPara las v\u00edctimas, el mensaje es: no somos prioridad. Para los perpetradores: pueden continuar.\u201d<\/p>\n<p>En un llamado directo a los Estados Parte, Diamanti plante\u00f3 la pregunta central de su intervenci\u00f3n: \u201cSi esta Corte no es evaluada por su capacidad de detener cr\u00edmenes en curso, \u00bfentonces por qu\u00e9 se la eval\u00faa?\u201d<\/p>\n<p>El activista present\u00f3 dos solicitudes concretas para comenzar a restaurar la credibilidad del sistema de justicia internacional en el caso venezolano:<\/p>\n<p><strong>1.<\/strong> Que la Fiscal\u00eda se pronuncie p\u00fablicamente y de manera consistente sobre los cr\u00edmenes en Venezuela, porque \u201ccada d\u00eda de silencio es un d\u00eda de permiso\u201d.<br \/><strong>2.<\/strong> Que la Corte emita \u00f3rdenes de arresto en la situaci\u00f3n de Venezuela y confirme p\u00fablicamente su existencia, aun sin revelar nombres, para enviar un mensaje claro: \u201ca las v\u00edctimas, que no est\u00e1n solas; a los perpetradores, que ya no est\u00e1n seguros.\u201d<\/p>\n<p>Diamanti finaliz\u00f3 recordando que los venezolanos han esperado justicia desde 2014 y que los cr\u00edmenes contin\u00faan \u201ccada d\u00eda sin acci\u00f3n tiene un costo humano irreversible, Venezuela no puede soportar otra d\u00e9cada de silencio. Es hora de que esta Corte sea lo que fue creada para ser: una l\u00ednea real de protecci\u00f3n frente al terror de Estado.\u201d<\/p>\n<p>Cerr\u00f3 su discurso citando a los padres de Juan Pablo Pernalete -joven asesinado por fuerzas del r\u00e9gimen-: \u201cLos cr\u00edmenes contra la humanidad no prescriben, pero las vidas humanas s\u00ed. Como la vida de su hijo, Juan Pablo Pernalete\u201d. A\u00f1adi\u00f3 que espera alg\u00fan d\u00eda volver a la Asamblea para agradecer, no para disculparse: \u201cPorque finalmente habremos encontrado justicia para todas las v\u00edctimas.\u201d<\/p>\n<\/div>\n<p> Source URL: https:\/\/www.periodistadigital.com\/pd-america\/20251204\/rodrigo-diamanti-sistema-justicia-internacional-les-fallado-victimas-venezuela-noticia-689405160246\/<\/p>\n","protected":false},"excerpt":{"rendered":"<p>Durante su intervenci\u00f3n en el Debate General de la 24\u00aa Asamblea de Estados Partes de la Corte Penal Internacional (CPI), el activista venezolano y presidente de la ONG de DDHH Un Mundo Sin Mordaza, Rodrigo Diamanti, afirm\u00f3 que el sistema de justicia internacional \u201cfall\u00f3\u201d a las v\u00edctimas de Venezuela en el momento en que m\u00e1s [&hellip;]<\/p>\n","protected":false},"author":1,"featured_media":886543,"comment_status":"open","ping_status":"","sticky":false,"template":"","format":"standard","meta":{"footnotes":""},"categories":[88],"tags":[112],"class_list":["post-886542","post","type-post","status-publish","format-standard","has-post-thumbnail","hentry","category-spain","tag-periodistadigital-com"],"_links":{"self":[{"href":"https:\/\/analyse.optim.biz\/index.php?rest_route=\/wp\/v2\/posts\/886542","targetHints":{"allow":["GET"]}}],"collection":[{"href":"https:\/\/analyse.optim.biz\/index.php?rest_route=\/wp\/v2\/posts"}],"about":[{"href":"https:\/\/analyse.optim.biz\/index.php?rest_route=\/wp\/v2\/types\/post"}],"author":[{"embeddable":true,"href":"https:\/\/analyse.optim.biz\/index.php?rest_route=\/wp\/v2\/users\/1"}],"replies":[{"embeddable":true,"href":"https:\/\/analyse.optim.biz\/index.php?rest_route=%2Fwp%2Fv2%2Fcomments&post=886542"}],"version-history":[{"count":0,"href":"https:\/\/analyse.optim.biz\/index.php?rest_route=\/wp\/v2\/posts\/886542\/revisions"}],"wp:featuredmedia":[{"embeddable":true,"href":"https:\/\/analyse.optim.biz\/index.php?rest_route=\/wp\/v2\/media\/886543"}],"wp:attachment":[{"href":"https:\/\/analyse.optim.biz\/index.php?rest_route=%2Fwp%2Fv2%2Fmedia&parent=886542"}],"wp:term":[{"taxonomy":"category","embeddable":true,"href":"https:\/\/analyse.optim.biz\/index.php?rest_route=%2Fwp%2Fv2%2Fcategories&post=886542"},{"taxonomy":"post_tag","embeddable":true,"href":"https:\/\/analyse.optim.biz\/index.php?rest_route=%2Fwp%2Fv2%2Ftags&post=886542"}],"curies":[{"name":"wp","href":"https:\/\/api.w.org\/{rel}","templated":true}]}}