{"id":886534,"date":"2025-12-06T00:00:00","date_gmt":"2025-12-05T21:00:00","guid":{"rendered":"https:\/\/analyse.optim.biz\/?p=886534"},"modified":"2025-12-06T00:00:00","modified_gmt":"2025-12-05T21:00:00","slug":"extremadura-abascal-exigira-a-feijoo-que-se-cargue-a-guardiola-si-la-popular-pone-otra-vez-palos-en-la-rueda-en-la-negociacion-entre-pp-y-vox-para-formar-gobierno-periodista-digital","status":"publish","type":"post","link":"https:\/\/analyse.optim.biz\/?p=886534","title":{"rendered":"Extremadura: Abascal exigir\u00e1 a Feij\u00f3o que se cargue a Guardiola si la popular pone otra vez &#8216;palos en la rueda&#8217; en la negociaci\u00f3n entre PP y VOX para formar gobierno &#8211; Periodista Digital"},"content":{"rendered":"<div class=\"m4p-post-content\">\n<div class=\"block-vertical-align-right\">\n<div class=\"m4p-relations-group\">\n<div class=\"m4p-group-vertical-title\">\n<h2>M\u00e1s informaci\u00f3n<\/h2>\n<\/div>\n<div class=\"m4p-summary-news\">\n<figure class=\"m4p-image m4p-crop-medium-1\"><a href=\"https:\/\/www.periodistadigital.com\/television\/programas\/20251206\/actor-eduardo-casanova-coger-churra-broncano-revuelta-prime-time-tve-noticia-689405160705\/\"><img loading=\"lazy\" decoding=\"async\" src=\"https:\/\/analyse.optim.biz\/wp-content\/uploads\/2025\/12\/casanova-con-broncano-320x214-1.jpg\" width=\"320\" height=\"214\" alt=\"Casanova con Broncano\" title=\"casanova-con-broncano-320x214-1\"><\/a><\/figure>\n<div class=\"m4p-summary-news-title\">\n<h3><a href=\"https:\/\/www.periodistadigital.com\/television\/programas\/20251206\/actor-eduardo-casanova-coger-churra-broncano-revuelta-prime-time-tve-noticia-689405160705\/\">El actor Eduardo Casanova intenta &#8220;coger la churra&#8221; a Broncano en La Revuelta, en el \u2018prime time\u2019 de TVE<\/a><\/h3>\n<\/div>\n<\/div>\n<div class=\"m4p-summary-news\">\n<figure class=\"m4p-image m4p-crop-medium-1\"><a href=\"https:\/\/www.periodistadigital.com\/ciencia\/educacion\/20251206\/broma-categoria-politica-charo-convertido-polemica-redes-noticia-689405160695\/\"><img loading=\"lazy\" decoding=\"async\" src=\"https:\/\/analyse.optim.biz\/wp-content\/uploads\/2025\/12\/las-charos-irene-montero-y-ana-redondo-320x214-1.jpg\" width=\"320\" height=\"214\" alt=\"Las &#039;charos&#039; Irene Montero y Ana Redondo\" title=\"las-charos-irene-montero-y-ana-redondo-320x214-1\"><\/a><\/figure>\n<div class=\"m4p-summary-news-title\">\n<h3><a href=\"https:\/\/www.periodistadigital.com\/ciencia\/educacion\/20251206\/broma-categoria-politica-charo-convertido-polemica-redes-noticia-689405160695\/\">De la broma a categor\u00eda pol\u00edtica: \u00bfQu\u00e9 es una &#8216;charo&#8217; y por qu\u00e9 quiere prohibir S\u00e1nchez que lo usemos como etiqueta?<\/a><\/h3>\n<\/div>\n<\/div>\n<\/div>\n<\/div>\n<p><span class=\"m4p-capitular\">L<\/span>a campa\u00f1a electoral en <strong>Extremadura<\/strong> acaba de comenzar y ya se palpa la tensi\u00f3n en el aire.<\/p>\n<p>En su primer d\u00eda de campa\u00f1a oficial, <strong>Santiago Abascal<\/strong> ha emitido una advertencia directa a Mar\u00eda Guardiola: si no logra un pacto con <strong>VOX<\/strong>, el <em><strong>PP<\/strong><\/em> deber\u00eda considerar cambiar de candidata.<\/p>\n<p>Este mensaje va m\u00e1s all\u00e1 de una simple estrategia electoral; es una clara se\u00f1al de que Vox busca influir en qui\u00e9n gobierna la regi\u00f3n.<\/p>\n<p>Durante un mitin en <strong>C\u00e1ceres<\/strong>, acompa\u00f1ado de su candidato regional, <strong>\u00d3scar Fern\u00e1ndez<\/strong>, el siempre directo <strong>Abascal<\/strong> ha arremetido nuevamente contra la \u2018<em>tibia<\/em>\u2018 presidenta del PP.<\/p>\n<p>La ha calificado como <strong>\u201c<em>la Irene Montero de Extremadura<\/em>\u201d<\/strong>, una etiqueta devastadora en del \u00e1mbito conservador.<\/p>\n<p>Adem\u00e1s, ha insistido en que si <strong>Guardiola<\/strong> gana sin mayor\u00eda absoluta -lo m\u00e1s probable- y no establece r\u00e1pidamente un acuerdo con <em><strong>VOX<\/strong><\/em>, el popular Feij\u00f3o deber\u00eda \u201cconsiderar poner a otra persona, otro candidato o candidata\u201d.<\/p>\n<p>Esto no es una mera sugerencia, sino una amenaza contundente: si no cedes, te quedar\u00e1s fuera del poder.<\/p>\n<p>O tendr\u00e1s que repetir elecciones, con los riesgos que eso conlleva.<\/p>\n<blockquote class=\"twitter-tweet\" data-width=\"500\" data-dnt=\"true\">\n<p lang=\"es\" dir=\"ltr\">As\u00ed responde <a href=\"https:\/\/twitter.com\/Santi_ABASCAL?ref_src=twsrc%5Etfw\">@Santi_ABASCAL<\/a> a Mar\u00eda Guardiola tras acusarle de \u201cmachista\u201d. <\/p>\n<p>\u2b07\ufe0f\u2b07\ufe0f\u2b07\ufe0f <a href=\"https:\/\/t.co\/MqiZsSi9bg\">pic.twitter.com\/MqiZsSi9bg<\/a><\/p>\n<p>&mdash; VOX \ud83c\uddea\ud83c\uddf8 (@vox_es) <a href=\"https:\/\/twitter.com\/vox_es\/status\/1997041315616272461?ref_src=twsrc%5Etfw\">December 5, 2025<\/a><\/p><\/blockquote>\n<p><script async src=\"https:\/\/platform.twitter.com\/widgets.js\" charset=\"utf-8\"><\/script><\/p>\n<p>Y <strong>Abascal<\/strong> no habla por hablar.<\/p>\n<p class=\"p1\">Seg\u00fan el <b>promedio<\/b> de los sondeos de <b>Sigma Dos<\/b>, <b>SyM Consulting<\/b> y el <b>CIS<\/b>, <b>la popular Guardiola<\/b> recibe una <b>intenci\u00f3n de voto del 41 %<\/b>, lo que representa un <b>aumento de 2,2 puntos<\/b> respecto a las elecciones de mayo de 2023. Pasar\u00eda de los <b>28 esca\u00f1os <\/b>a <b>29<\/b>.<\/p>\n<p class=\"p1\">Para disfrute del PP, eso va en paralelo al <b>derrumbe del PSOE<\/b>: <b>el imputado Gallardo<\/b> pierde <b>7,7 puntos<\/b>, qued\u00e1ndose en el <b>32 %<\/b>, y caer\u00eda de 28 a <b>22 diputados<\/b>.<\/p>\n<p class=\"p1\">Sumados a los <b>4-5<\/b> de <b>Unidas por Extremadura<\/b> \u2013que obtendr\u00eda el <b>7,5 %<\/b> de los votos\u2013, la izquierda alcanzar\u00eda como mucho <b>28 esca\u00f1os<\/b>.<\/p>\n<p class=\"p1\">Es decir, <b>seguir\u00eda en la oposici\u00f3n<\/b>.<\/p>\n<p class=\"p1\">El gran salto lo da el partido de Abascal: <b>VOX<\/b> sube <b>casi 6 puntos<\/b> y alcanza el <b>14 %<\/b> de intenci\u00f3n de voto seg\u00fan la media de encuestas.<\/p>\n<p class=\"p1\">Eso le dar\u00eda a <b>\u00d3scar Fern\u00e1ndez 9 esca\u00f1os<\/b>, frente a los <b>5<\/b> que tiene actualmente.<\/p>\n<h2>El choque entre Abascal y Guardiola<\/h2>\n<p>Guardiola no se ha quedado callada ante estas declaraciones.<\/p>\n<p>En Herv\u00e1s, respondi\u00f3 con iron\u00eda y desd\u00e9n: <em>\u201cEse tufo machista que desprende el se\u00f1or Abascal podr\u00eda dejarlo en su casa\u201d.<\/em><\/p>\n<p>Tambi\u00e9n afirm\u00f3: <em>\u201cNo me someter\u00e9 a lo que quiera el se\u00f1or Abascal, quien ni conoce ni le interesa Extremadura. Cuando esta campa\u00f1a termine, el 22 de diciembre, no volveremos a verlo\u201d.<\/em><\/p>\n<p>El mensaje es di\u00e1fano: no se rendir\u00e1 ante Abascal. Sin embargo, ambos son conscientes de que el 21 de diciembre no solo se decidir\u00e1 con votos, sino tambi\u00e9n con acuerdos.<\/p>\n<p>Y ah\u00ed radica el dilema: <strong>VOX<\/strong> ha roto todas sus alianzas con el PP, incluido el gobierno extreme\u00f1o anterior, y ahora busca regresar pero imponiendo condiciones.<\/p>\n<p>Abascal ha recordado que su partido abandon\u00f3 el gobierno regional porque considera que el PP traicion\u00f3 a sus votantes.<\/p>\n<p>Ha hablado sobre \u201c<em>la herencia del bipartidismo corrupto\u201d<\/em>, la burocracia asfixiante para los agricultores extreme\u00f1os, la inmigraci\u00f3n ilegal y la degradaci\u00f3n de los servicios p\u00fablicos.<\/p>\n<p>Todo esto para argumentar que Vox no es simplemente otro partido m\u00e1s; es la \u00fanica alternativa \u201cde valores\u201d que no comercia con los votos de sus militantes.<\/p>\n<h2>El papel de Feij\u00f3o y la amenaza de nuevas elecciones<\/h2>\n<p><strong>Alberto N\u00fa\u00f1ez Feij\u00f3o<\/strong> ha tenido que reaccionar ante esta situaci\u00f3n. En un acto en Casar de C\u00e1ceres, defendi\u00f3 a Guardiola como una candidata \u201cleg\u00edtima\u201d, elegida en Extremadura y con m\u00e1s posibilidades de ganar y formar un gobierno estable.<\/p>\n<p>Adem\u00e1s, lanz\u00f3 un dardo hacia Abascal: <em>\u201cNuestros candidatos no son marionetas movidas desde Madrid. Aqu\u00ed no se manipula con candidatos prefabricados\u201d.<\/em><\/p>\n<p>Sin embargo, Feij\u00f3o tambi\u00e9n est\u00e1 bajo presi\u00f3n.<\/p>\n<p>Si el PP gana en Extremadura pero necesita a Vox para gobernar y este se niega a colaborar con Guardiola, la situaci\u00f3n se volver\u00eda complicada r\u00e1pidamente.<\/p>\n<p>La posibilidad de unas nuevas elecciones ya comienza a cernirse sobre la regi\u00f3n antes incluso de abrirse las urnas.<\/p>\n<p>Por su parte, Vox ha dejado claro que no facilitar\u00e1 las cosas a Guardiola. Abascal afirm\u00f3 que el PP \u201ctendr\u00e1 que negociar con \u00d3scar Fern\u00e1ndez\u201d y advirti\u00f3 que Feij\u00f3o \u201csabr\u00e1 muy bien qui\u00e9n es\u201d cuando vea los resultados obtenidos por su partido. Es una forma clara de decir: nosotros no negociamos con ella; lo hacemos directamente con ustedes.<\/p>\n<h2>Los sondeos y la paradoja del abstencionismo<\/h2>\n<p>De acuerdo al promedio actual de encuestas, Mar\u00eda Guardiola podr\u00eda obtener m\u00e1s esca\u00f1os que toda la izquierda junta. Esto implica que te\u00f3ricamente podr\u00eda gobernar sin necesidad del apoyo directo de Vox; bastar\u00eda su abstenci\u00f3n durante la investidura para lograrlo.<\/p>\n<p>Sin embargo, parece poco probable que Vox permita que esto ocurra sin exigir algo a cambio.<\/p>\n<p>El partido ha crecido en todas las encuestas recientes y tiene aspiraciones de duplicar su representaci\u00f3n actual en la Asamblea extreme\u00f1a. Esto les brinda margen para exigir m\u00e1s: adem\u00e1s de consejer\u00edas, buscan cambios significativos en el liderazgo del PP regional.<\/p>\n<p>Y aqu\u00ed surge una paradoja interesante: si <strong>Guardiola<\/strong> resulta ganadora pero <strong>VOX<\/strong> se niega a abstenerse durante su investidura, el PP podr\u00eda verse abocado a convocar nuevas elecciones.<\/p>\n<p>Si eso sucediera, toda la responsabilidad recaer\u00eda sobre ella misma. Abascal ya insinu\u00f3 que fue la \u201cincompetencia\u201d de Guardiola lo que llev\u00f3 al adelanto electoral anterior.<\/p>\n<h2>Las cr\u00edticas de Guardiola hacia Vox y el legado del 2023<\/h2>\n<p>Guardiola tampoco ha escatimado cr\u00edticas hacia Vox. Lo calific\u00f3 como un partido \u201cincapaz de gobernar\u201d, cuya \u00fanica funci\u00f3n parece ser \u201cponer obst\u00e1culos\u201d y cuya salida del gobierno fue una \u201cdecisi\u00f3n desastrosa para la derecha\u201d.<\/p>\n<p>En las elecciones pasadas de 2023, tanto PP como PSOE empataron a 28 esca\u00f1os cada uno; fue gracias al pacto con <strong>VOX<\/strong> que Guardiola logr\u00f3 convertirse en presidenta regional.<\/p>\n<p>Pero esa convivencia fue tensa desde sus inicios; aunque inclu\u00eda una consejer\u00eda para Vox, tambi\u00e9n establec\u00eda l\u00edmites claros desde un principio. Con el tiempo, esas fricciones se volvieron insostenibles y en julio del a\u00f1o siguiente Vox rompi\u00f3 todos los acuerdos establecidos con el PP y abandon\u00f3 el ejecutivo regional.<\/p>\n<p>Desde entonces, Guardiola ha tenido que gobernar en minor\u00eda sin presupuestos aprobados y enfrent\u00e1ndose a una oposici\u00f3n capaz de bloquear cualquier iniciativa presentada por su gobierno.<\/p>\n<p>Esa situaci\u00f3n fue precisamente lo que condujo al adelanto electoral actual; ahora Vox desea regresar pero exigiendo mayor poder e incluso pidiendo la cabeza de Guardiola como condici\u00f3n sine qua non para cualquier acuerdo futuro.<\/p>\n<h2>El PSOE entre la hecatombe y las expectativas pol\u00edticas<\/h2>\n<p>Mientras tanto, ante este espect\u00e1culo desgarrador entre los partidos de derechas, el PSOE intenta frenar lo que podr\u00eda ser una aut\u00e9ntica hecatombe electoral para ellos mismos.<\/p>\n<p>Miguel \u00c1ngel Gallardo, su candidato socialista para estas elecciones, comenz\u00f3 su campa\u00f1a visitando una empresa qu\u00edmica en Guare\u00f1a para hablar sobre desarrollo industrial y estrategias para retener a los j\u00f3venes talentos en Extremadura.<\/p>\n<p>Sin embargo las encuestas apuntan hacia un futuro poco halag\u00fce\u00f1o: tanto el CIS como otros sondeos prev\u00e9n una significativa ca\u00edda en sus esca\u00f1os actuales.<\/p>\n<p>Gallardo ha dejado claro que considerar\u00eda dimitir si se produjera esa \u201checatombe electoral\u201d, aunque tambi\u00e9n asegur\u00f3 que mantendr\u00eda su acta parlamentaria para seguir aforado; esta decisi\u00f3n va m\u00e1s all\u00e1 del \u00e1mbito personal e implica consideraciones pol\u00edticas importantes: si pierde quiere continuar presente en el Congreso y evitar desaparecer por completo del panorama pol\u00edtico.<\/p>\n<p>Adem\u00e1s existe presi\u00f3n por parte del sector cr\u00edtico dentro del PSOE hacia Gallardo; muchos consideran que fue impuesto por Pedro S\u00e1nchez sin contar realmente con apoyo interno suficiente para liderar eficazmente al partido durante esta crucial etapa electoral.<\/p>\n<h2>Ibarra acude al rescate de los corruptos<\/h2>\n<p>En este contexto tan convulso destaca la reaparici\u00f3n inesperada de Juan Carlos Rodr\u00edguez Ibarra, antiguo presidente socialista extreme\u00f1o conocido por su car\u00e1cter cr\u00edtico hacia algunas decisiones recientes tomadas por S\u00e1nchez relacionadas principalmente con temas como amnist\u00edas o financiaci\u00f3n singular para Catalu\u00f1a.<\/p>\n<p>Su presencia representa m\u00e1s que un mero s\u00edmbolo; busca recuperar ese voto tradicional socialista proveniente sobre todo de los peque\u00f1os pueblos donde resuena a\u00fan eco nost\u00e1lgico por tiempos pasados caracterizados por desarrollo industrial e inversiones significativas en infraestructuras locales.<\/p>\n<p>Ibarra evoca recuerdos v\u00edvidos de cuando el PSOE gobernaba con mayor\u00eda absoluta; ahora anhela ver c\u00f3mo su partido vuelve a ser considerado como alternativa viable frente al gobierno actual o simplemente otro obst\u00e1culo m\u00e1s contra fuerzas conservadoras.<\/p>\n<h2>Datos curiosos sobre la situaci\u00f3n actual<\/h2>\n<ul>\n<li>En 2023 tanto PP como PSOE empataron logrando 28 esca\u00f1os cada uno mientras Vox obtuvo 5.<\/li>\n<li>Para alcanzar mayor\u00eda absoluta dentro Asamblea extreme\u00f1a se requieren 33 esca\u00f1os; actualmente ninguna encuesta augura tal cifra directa para PP.<\/li>\n<li>A nivel auton\u00f3mico Vox ha roto todos sus pactos gubernamentales previos establecidos junto al PP incluyendo aquellos firmados anteriormente Valencia Murcia Baleares Arag\u00f3n.<\/li>\n<li>\u00d3scar Fern\u00e1ndez candidato presentado por Vox resulta ser rostro relativamente desconocido fuera regi\u00f3n sin embargo Abascal decidi\u00f3 otorgarle protagonismo central durante presente campa\u00f1a electoral.<\/li>\n<li>Debate electoral programado por RTVE promete ser crucial: aunque Guardiola asegura no temerle a\u00fan permanece incierto si finalmente decidir\u00e1 enfrentarse directamente contra Fern\u00e1ndez.<\/li>\n<\/ul>\n<p>La contienda pol\u00edtica desarroll\u00e1ndose actualmente en Extremadura trasciende meramente cuestiones relacionadas \u00fanicamente al control gubernamental local; constituye tambi\u00e9n prueba determinante acerca futura direcci\u00f3n ideol\u00f3gica conservadora espa\u00f1ola misma.<\/p>\n<p>Si Abascal logra imponer su candidato sobre otro diferente habr\u00e1 implicaciones directas respecto autonom\u00eda interna propia dentro seno popular mientras tanto si consigue resistir propuesta actual planteada desde vox podr\u00eda dejarles fuera poder alguna vez m\u00e1s.<\/p>\n<p>Y adem\u00e1s si finalmente PSOE termina hundi\u00e9ndose bajo peso responsabilidades asumidas hasta ahora tendr\u00e1n necesidad urgente reconstruir desde cero todo espacio progresista perdido previamente acumulado tras salida<strong> Guillermo Fern\u00e1ndez Vara<\/strong> quien hab\u00eda sido figura clave \u00faltimos a\u00f1os ante desaf\u00edos presentados frente adversarios pol\u00edticos diversos presentes hoy d\u00eda.<\/p>\n<p>En resumen respecto pr\u00f3ximo 21 diciembre donde decisiones tomadas afectaran mucho m\u00e1s all\u00e1 simple cuesti\u00f3n gubernamental local sino tambi\u00e9n qui\u00e9n realmente ejerce mando dentro esfera derecha espa\u00f1ola contempor\u00e1nea.<\/p>\n<\/div>\n<p> Source URL: https:\/\/www.periodistadigital.com\/politica\/autonomias\/20251206\/extremadura-abascal-exigira-feijoo-cargue-guardiola-popular-pone-vez-palos-ruedas-negociacion-pp-vox-formar-gobierno-noticia-689405160713\/<\/p>\n","protected":false},"excerpt":{"rendered":"<p>M\u00e1s informaci\u00f3n El actor Eduardo Casanova intenta &#8220;coger la churra&#8221; a Broncano en La Revuelta, en el \u2018prime time\u2019 de TVE De la broma a categor\u00eda pol\u00edtica: \u00bfQu\u00e9 es una &#8216;charo&#8217; y por qu\u00e9 quiere prohibir S\u00e1nchez que lo usemos como etiqueta? La campa\u00f1a electoral en Extremadura acaba de comenzar y ya se palpa la [&hellip;]<\/p>\n","protected":false},"author":1,"featured_media":886535,"comment_status":"open","ping_status":"","sticky":false,"template":"","format":"standard","meta":{"footnotes":""},"categories":[88],"tags":[112],"class_list":["post-886534","post","type-post","status-publish","format-standard","has-post-thumbnail","hentry","category-spain","tag-periodistadigital-com"],"_links":{"self":[{"href":"https:\/\/analyse.optim.biz\/index.php?rest_route=\/wp\/v2\/posts\/886534","targetHints":{"allow":["GET"]}}],"collection":[{"href":"https:\/\/analyse.optim.biz\/index.php?rest_route=\/wp\/v2\/posts"}],"about":[{"href":"https:\/\/analyse.optim.biz\/index.php?rest_route=\/wp\/v2\/types\/post"}],"author":[{"embeddable":true,"href":"https:\/\/analyse.optim.biz\/index.php?rest_route=\/wp\/v2\/users\/1"}],"replies":[{"embeddable":true,"href":"https:\/\/analyse.optim.biz\/index.php?rest_route=%2Fwp%2Fv2%2Fcomments&post=886534"}],"version-history":[{"count":0,"href":"https:\/\/analyse.optim.biz\/index.php?rest_route=\/wp\/v2\/posts\/886534\/revisions"}],"wp:featuredmedia":[{"embeddable":true,"href":"https:\/\/analyse.optim.biz\/index.php?rest_route=\/wp\/v2\/media\/886535"}],"wp:attachment":[{"href":"https:\/\/analyse.optim.biz\/index.php?rest_route=%2Fwp%2Fv2%2Fmedia&parent=886534"}],"wp:term":[{"taxonomy":"category","embeddable":true,"href":"https:\/\/analyse.optim.biz\/index.php?rest_route=%2Fwp%2Fv2%2Fcategories&post=886534"},{"taxonomy":"post_tag","embeddable":true,"href":"https:\/\/analyse.optim.biz\/index.php?rest_route=%2Fwp%2Fv2%2Ftags&post=886534"}],"curies":[{"name":"wp","href":"https:\/\/api.w.org\/{rel}","templated":true}]}}