{"id":880587,"date":"2025-12-05T00:00:00","date_gmt":"2025-12-04T21:00:00","guid":{"rendered":"https:\/\/analyse.optim.biz\/?p=880587"},"modified":"2025-12-05T00:00:00","modified_gmt":"2025-12-04T21:00:00","slug":"infantino-entrega-el-premio-fifa-de-la-paz-a-donald-trump-periodista-digital","status":"publish","type":"post","link":"https:\/\/analyse.optim.biz\/?p=880587","title":{"rendered":"Infantino entrega el &#8216;Premio FIFA de la Paz&#8217; a Donald Trump &#8211; Periodista Digital"},"content":{"rendered":"<div class=\"m4p-post-content\">\n<p><span class=\"m4p-capitular\">D<\/span>urante el sorteo del <strong>Mundial 2026<\/strong>, se produjo un momento destacado cuando se entreg\u00f3 el primer <strong>Premio FIFA de la Paz<\/strong>. A trav\u00e9s de un video institucional, el comit\u00e9 anunci\u00f3 que <strong>Donald Trump<\/strong> fue reconocido por \u201ctrabajar por la paz\u201d, una afirmaci\u00f3n que gener\u00f3 reacciones de la audiencia en el recinto.<\/p>\n<p><strong>Gianni Infantino<\/strong> acompa\u00f1\u00f3 al presidente estadounidense al escenario para presentar el galard\u00f3n, momento en el que Trump recibi\u00f3 una medalla que le fue colocada al cuello. Infantino afirm\u00f3 que se trata de un l\u00edder que \u201ccuida a la gente\u201d, y el p\u00fablico respondi\u00f3 con un aplauso sostenido.<\/p>\n<p>Trump declar\u00f3 que este reconocimiento representa uno de los honores m\u00e1s importantes de su vida y afirm\u00f3 que sus acciones han contribuido a salvar \u201cmillones de vidas\u201d. En su discurso agradeci\u00f3 a Infantino y mencion\u00f3 a su familia, adem\u00e1s de asegurar que el Mundial de verano de 2026 ser\u00e1 un evento destacado.<\/p>\n<blockquote class=\"twitter-tweet\" data-width=\"500\" data-dnt=\"true\">\n<p lang=\"en\" dir=\"ltr\">PEACE PRESIDENT.\u00a0\ud83d\udd4a\ufe0f<a href=\"https:\/\/twitter.com\/FIFAWorldCup?ref_src=twsrc%5Etfw\">@FIFAWorldCup<\/a> President Gianni Infantino awards President Donald J. Trump the inaugural 2025 FIFA Peace Prize, dedicated to an individual who achieved exceptional and extraordinary action to promote peace and unity around the world. \ud83c\uddfa\ud83c\uddf8 <a href=\"https:\/\/t.co\/mfKKDb9w59\">pic.twitter.com\/mfKKDb9w59<\/a><\/p>\n<p>&mdash; The White House (@WhiteHouse) <a href=\"https:\/\/twitter.com\/WhiteHouse\/status\/1997002982333034677?ref_src=twsrc%5Etfw\">December 5, 2025<\/a><\/p><\/blockquote>\n<p><script async src=\"https:\/\/platform.twitter.com\/widgets.js\" charset=\"utf-8\"><\/script><\/p>\n<p>Entre tanto, se difundieron mensajes grabados de los l\u00edderes de las naciones sede. <strong>Mark Carney<\/strong>, primer ministro de <strong>Canad\u00e1<\/strong>, se\u00f1al\u00f3 que el f\u00fatbol es \u201cel deporte n\u00famero uno para ni\u00f1os y ni\u00f1as\u201d y se\u00f1al\u00f3 que la pr\u00f3xima copa puede ser \u201cun gran acuerdo\u201d para el pa\u00eds. <strong>Claudia Sheinbaum<\/strong>, presidenta de <strong>M\u00e9xico<\/strong>, expres\u00f3 orgullo por recibir la Copa Mundial por tercera vez y subray\u00f3 la hospitalidad hacia los millones de visitantes que se esperan.<\/p>\n<p>En su intervenci\u00f3n, Trump record\u00f3 tambi\u00e9n su afici\u00f3n por el f\u00fatbol y mencion\u00f3 a <strong>Pel\u00e9<\/strong>, comentando que el deporte ha crecido en <strong>Estados Unidos<\/strong>. A\u00f1adi\u00f3 que, para el Mundial, habr\u00e1 que considerar una nueva denominaci\u00f3n para el f\u00fatbol en el contexto internacional.<\/p>\n<p>La noticia subraya que el Mundial 2026 se presenta como un evento que combinar\u00e1 deporte y debates institucionales, con recursos de comunicaci\u00f3n y mensajes de las naciones sede. El tiempo dir\u00e1 qu\u00e9 impacto tendr\u00e1 este marco en el desarrollo de la competici\u00f3n.<\/p>\n<\/div>\n<p> Source URL: https:\/\/www.periodistadigital.com\/politica\/20251205\/infantino-entrega-premio-paz-fifa-donald-trump-noticia-689405160627\/<\/p>\n","protected":false},"excerpt":{"rendered":"<p>Durante el sorteo del Mundial 2026, se produjo un momento destacado cuando se entreg\u00f3 el primer Premio FIFA de la Paz. A trav\u00e9s de un video institucional, el comit\u00e9 anunci\u00f3 que Donald Trump fue reconocido por \u201ctrabajar por la paz\u201d, una afirmaci\u00f3n que gener\u00f3 reacciones de la audiencia en el recinto. Gianni Infantino acompa\u00f1\u00f3 al [&hellip;]<\/p>\n","protected":false},"author":1,"featured_media":880588,"comment_status":"open","ping_status":"","sticky":false,"template":"","format":"standard","meta":{"footnotes":""},"categories":[88],"tags":[112],"class_list":["post-880587","post","type-post","status-publish","format-standard","has-post-thumbnail","hentry","category-spain","tag-periodistadigital-com"],"_links":{"self":[{"href":"https:\/\/analyse.optim.biz\/index.php?rest_route=\/wp\/v2\/posts\/880587","targetHints":{"allow":["GET"]}}],"collection":[{"href":"https:\/\/analyse.optim.biz\/index.php?rest_route=\/wp\/v2\/posts"}],"about":[{"href":"https:\/\/analyse.optim.biz\/index.php?rest_route=\/wp\/v2\/types\/post"}],"author":[{"embeddable":true,"href":"https:\/\/analyse.optim.biz\/index.php?rest_route=\/wp\/v2\/users\/1"}],"replies":[{"embeddable":true,"href":"https:\/\/analyse.optim.biz\/index.php?rest_route=%2Fwp%2Fv2%2Fcomments&post=880587"}],"version-history":[{"count":0,"href":"https:\/\/analyse.optim.biz\/index.php?rest_route=\/wp\/v2\/posts\/880587\/revisions"}],"wp:featuredmedia":[{"embeddable":true,"href":"https:\/\/analyse.optim.biz\/index.php?rest_route=\/wp\/v2\/media\/880588"}],"wp:attachment":[{"href":"https:\/\/analyse.optim.biz\/index.php?rest_route=%2Fwp%2Fv2%2Fmedia&parent=880587"}],"wp:term":[{"taxonomy":"category","embeddable":true,"href":"https:\/\/analyse.optim.biz\/index.php?rest_route=%2Fwp%2Fv2%2Fcategories&post=880587"},{"taxonomy":"post_tag","embeddable":true,"href":"https:\/\/analyse.optim.biz\/index.php?rest_route=%2Fwp%2Fv2%2Ftags&post=880587"}],"curies":[{"name":"wp","href":"https:\/\/api.w.org\/{rel}","templated":true}]}}