{"id":875332,"date":"2025-12-05T00:00:00","date_gmt":"2025-12-04T21:00:00","guid":{"rendered":"https:\/\/analyse.optim.biz\/?p=875332"},"modified":"2025-12-05T00:00:00","modified_gmt":"2025-12-04T21:00:00","slug":"la-seleccion-espanola-ya-conoce-a-sus-tres-rivales-en-el-mundial-2026-periodista-digital","status":"publish","type":"post","link":"https:\/\/analyse.optim.biz\/?p=875332","title":{"rendered":"La selecci\u00f3n espa\u00f1ola ya conoce a sus tres rivales en el Mundial 2026 &#8211; Periodista Digital"},"content":{"rendered":"<div class=\"m4p-post-content\">\n<div class=\"block-vertical-align-right\">\n<div class=\"m4p-relations-group\">\n<div class=\"m4p-group-vertical-title\">\n<h2>M\u00e1s informaci\u00f3n<\/h2>\n<\/div>\n<div class=\"m4p-summary-news\">\n<figure class=\"m4p-image m4p-crop-medium-1\"><a href=\"https:\/\/www.periodistadigital.com\/politica\/20251205\/infantino-entrega-premio-paz-fifa-donald-trump-noticia-689405160627\/\"><img loading=\"lazy\" decoding=\"async\" src=\"https:\/\/analyse.optim.biz\/wp-content\/uploads\/2025\/12\/donald-trump-premio-fifa-320x214-1.jpg\" width=\"320\" height=\"214\" alt=\"Infantino entrega el 'Premio FIFA de la Paz' a Donald Trump\" title=\"donald-trump-premio-fifa-320x214-1\"><\/a><\/figure>\n<div class=\"m4p-summary-news-title\">\n<h3><a href=\"https:\/\/www.periodistadigital.com\/politica\/20251205\/infantino-entrega-premio-paz-fifa-donald-trump-noticia-689405160627\/\">Infantino entrega el &#8216;Premio FIFA de la Paz&#8217; a Donald Trump<\/a><\/h3>\n<\/div>\n<\/div>\n<div class=\"m4p-summary-news\">\n<figure class=\"m4p-image m4p-crop-medium-1\"><a href=\"https:\/\/www.periodistadigital.com\/television\/20251205\/gobierno-sanchez-retira-espana-eurovision-dice-mus-mundial-futbol-israel-noticia-689405160425\/\"><img loading=\"lazy\" decoding=\"async\" src=\"https:\/\/analyse.optim.biz\/wp-content\/uploads\/2025\/12\/jose-pablo-lopez-rtve-320x214-1.jpg\" width=\"320\" height=\"214\" alt=\"El Gobierno S\u00e1nchez retira a Espa\u00f1a de Eurovisi\u00f3n, pero no dice ni mus del Mundial de F\u00fatbol, donde tambi\u00e9n est\u00e1 Israel\" title=\"jose-pablo-lopez-rtve-320x214-1\"><\/a><\/figure>\n<div class=\"m4p-summary-news-title\">\n<h3><a href=\"https:\/\/www.periodistadigital.com\/television\/20251205\/gobierno-sanchez-retira-espana-eurovision-dice-mus-mundial-futbol-israel-noticia-689405160425\/\">El Gobierno S\u00e1nchez retira a Espa\u00f1a de Eurovisi\u00f3n, pero no dice ni mus del Mundial de F\u00fatbol, donde tambi\u00e9n est\u00e1 Israel<\/a><\/h3>\n<\/div>\n<\/div>\n<\/div>\n<\/div>\n<p><span class=\"m4p-capitular\">L<\/span>a historia no necesita presentaciones cuando empieza a rodar el bal\u00f3n. <strong>Espa\u00f1a<\/strong>, con la mirada puesta en la <strong>Copa del Mundo 2026<\/strong>, encara un grupo H que huele a <strong>Sud\u00e1frica 2010<\/strong>, a aquella mezcla de ansiedad y promesa que s\u00f3lo el f\u00fatbol sabe regalar. <strong>Uruguay<\/strong>, <strong>Arabia Saudita<\/strong> y <strong>Cabo Verde<\/strong> forman el tri\u00e1ngulo de sombras y luces sobre el mapa que dibuja el destino de la Roja. Cada rival trae un cargamento de historias propias, y cada historia se entrelaza con la de los nuestros en una cr\u00f3nica que se escribe a golpe de esfuerzo, paciencia y fe ciega en el juego.<\/p>\n<p><strong>Luis de la Fuente<\/strong> ha tejido un bloque que parece respirar en sincron\u00eda. Dos onces titulares que conocen el idioma del bal\u00f3n, que se miran y entienden sin palabras. Yamal, peque\u00f1o gigante de la ilusi\u00f3n, se alza como faro y motor; su paso leve es el impulso que levanta a toda una naci\u00f3n. Alrededor, Carvajal y Rodri guardan la compostura de quienes han aprendido a sostener la calma en medio del rugido.<\/p>\n<p><img loading=\"lazy\" decoding=\"async\" class=\" wp-image-689405160637 alignleft\" src=\"https:\/\/analyse.optim.biz\/wp-content\/uploads\/2025\/12\/mundial-2026.jpg\" width=\"393\" height=\"492\" title=\"mundial-2026\">En el vestuario, las historias se cuentan sin palabras, pero se sienten en cada pausa de la respiraci\u00f3n. El estado f\u00edsico de los consistentes y habituales aparece como un rumor: unas dudas que no pesan, porque la planificaci\u00f3n ha sido un rosario de precauciones y entrenamientos minuciosos. La certeza de que este equipo sabe jugar, de que cada paso es una decisi\u00f3n y cada movimiento, una declaraci\u00f3n de intenciones.<\/p>\n<p><strong>Uruguay<\/strong> trae la certeza de la clase trabajadora: capitanes que inspiran respeto, una estructura que busca sostenerse ante la duda, y un peso que no se mide en goles sino en la voluntad de competir. La ausencia de las viejas figuras que marcaron \u00e9poca no anula el hambre; al contrario, a\u00f1ade una capa de esperanza y miedo al mismo tiempo, un recordatorio de que la eternidad en el f\u00fatbol s\u00f3lo pertenece a los que entienden de resistencia.<\/p>\n<p><strong>Arabia Saudita<\/strong> llega empujada por una inversi\u00f3n que ya se siente en el campo. Renard escribe la estrategia con paciencia, y los nombres que emergen en Al Hilal y otros clubes europeos traen la promesa de desequilibrio. Cada toque de bal\u00f3n, cada desmarque, parece una nota de m\u00fasica que invita a escuchar con atenci\u00f3n: se abre una composici\u00f3n que podr\u00eda cambiar el tempo del grupo si las melod\u00edas encajan.<\/p>\n<p><strong>Cabo Verde<\/strong>, debutante con la mirada fija en el horizonte, entra en escena con la frescura de quien sabe que cada minuto es una p\u00e1gina en blanco. La historia de un peque\u00f1o pa\u00eds que se atreve a so\u00f1ar se escucha en cada sprint, en cada defensa que se sostiene con el coraz\u00f3n. Logan Costa, el recuerdo del orgullo herido por la lesi\u00f3n, tarde como un s\u00edmbolo: la posibilidad de que la distancia entre el sue\u00f1o y la realidad se acorte con cada jornada de entrenamiento y cada titular de prensa que glorifique la constancia.<\/p>\n<p>Con el horizonte de la fase de grupos en la memoria y la mirada puesta en el cruce de eliminatorias, la selecci\u00f3n espa\u00f1ola llega con la sombra y la luz entrelazadas. El relato de este Mundial no se escribe s\u00f3lo con goles; se escribe con la emoci\u00f3n de las familias que laten en las gradas, con las noches en vela de los entrenadores que miden cada decisi\u00f3n, con la promesa de que cada partido puede convertirse en una p\u00e1gina imborrable.<\/p>\n<\/div>\n<p> Source URL: https:\/\/www.periodistadigital.com\/deportes\/futbol\/20251205\/seleccion-espanola-conoce-tres-rivales-copa-mundo-2026-noticia-689405160634\/<\/p>\n","protected":false},"excerpt":{"rendered":"<p>M\u00e1s informaci\u00f3n Infantino entrega el &#8216;Premio FIFA de la Paz&#8217; a Donald Trump El Gobierno S\u00e1nchez retira a Espa\u00f1a de Eurovisi\u00f3n, pero no dice ni mus del Mundial de F\u00fatbol, donde tambi\u00e9n est\u00e1 Israel La historia no necesita presentaciones cuando empieza a rodar el bal\u00f3n. Espa\u00f1a, con la mirada puesta en la Copa del Mundo [&hellip;]<\/p>\n","protected":false},"author":1,"featured_media":875333,"comment_status":"open","ping_status":"","sticky":false,"template":"","format":"standard","meta":{"footnotes":""},"categories":[88],"tags":[112],"class_list":["post-875332","post","type-post","status-publish","format-standard","has-post-thumbnail","hentry","category-spain","tag-periodistadigital-com"],"_links":{"self":[{"href":"https:\/\/analyse.optim.biz\/index.php?rest_route=\/wp\/v2\/posts\/875332","targetHints":{"allow":["GET"]}}],"collection":[{"href":"https:\/\/analyse.optim.biz\/index.php?rest_route=\/wp\/v2\/posts"}],"about":[{"href":"https:\/\/analyse.optim.biz\/index.php?rest_route=\/wp\/v2\/types\/post"}],"author":[{"embeddable":true,"href":"https:\/\/analyse.optim.biz\/index.php?rest_route=\/wp\/v2\/users\/1"}],"replies":[{"embeddable":true,"href":"https:\/\/analyse.optim.biz\/index.php?rest_route=%2Fwp%2Fv2%2Fcomments&post=875332"}],"version-history":[{"count":0,"href":"https:\/\/analyse.optim.biz\/index.php?rest_route=\/wp\/v2\/posts\/875332\/revisions"}],"wp:featuredmedia":[{"embeddable":true,"href":"https:\/\/analyse.optim.biz\/index.php?rest_route=\/wp\/v2\/media\/875333"}],"wp:attachment":[{"href":"https:\/\/analyse.optim.biz\/index.php?rest_route=%2Fwp%2Fv2%2Fmedia&parent=875332"}],"wp:term":[{"taxonomy":"category","embeddable":true,"href":"https:\/\/analyse.optim.biz\/index.php?rest_route=%2Fwp%2Fv2%2Fcategories&post=875332"},{"taxonomy":"post_tag","embeddable":true,"href":"https:\/\/analyse.optim.biz\/index.php?rest_route=%2Fwp%2Fv2%2Ftags&post=875332"}],"curies":[{"name":"wp","href":"https:\/\/api.w.org\/{rel}","templated":true}]}}