{"id":872115,"date":"2025-12-05T00:00:00","date_gmt":"2025-12-04T21:00:00","guid":{"rendered":"https:\/\/analyse.optim.biz\/?p=872115"},"modified":"2025-12-05T00:00:00","modified_gmt":"2025-12-04T21:00:00","slug":"el-tenebroso-aviso-de-miquel-gimenez-pedro-sanchez-se-acabara-pero-su-semilla-del-mal-seguira-periodista-digital","status":"publish","type":"post","link":"https:\/\/analyse.optim.biz\/?p=872115","title":{"rendered":"El tenebroso aviso de Miquel Gim\u00e9nez: \u00abPedro S\u00e1nchez se acabar\u00e1, pero su semilla del mal seguir\u00e1\u00bb &#8211; Periodista Digital"},"content":{"rendered":"<div class=\"m4p-post-content\">\n<div class=\"block-vertical-align-right\">\n<div class=\"m4p-relations-group\">\n<div class=\"m4p-group-vertical-title\">\n<h2>M\u00e1s informaci\u00f3n<\/h2>\n<\/div>\n<div class=\"m4p-summary-news\">\n<figure class=\"m4p-image m4p-crop-medium-1\"><a href=\"https:\/\/www.periodistadigital.com\/periodismo\/tv\/20250627\/colosal-recado-miquel-gimenez-periodistas-ahora-apuntan-criticar-sanchez-cono-has-7-anos-video-689405105198\/\"><img loading=\"lazy\" decoding=\"async\" src=\"https:\/\/analyse.optim.biz\/wp-content\/uploads\/2025\/12\/miquelgimenezhorizonte-320x214-1.jpg\" width=\"320\" height=\"214\" alt=\"Miquel Gim\u00e9nez.\" title=\"miquelgimenezhorizonte-320x214-1\"><\/a><\/figure>\n<div class=\"m4p-summary-news-title\">\n<h3><a href=\"https:\/\/www.periodistadigital.com\/periodismo\/tv\/20250627\/colosal-recado-miquel-gimenez-periodistas-ahora-apuntan-criticar-sanchez-cono-has-7-anos-video-689405105198\/\">Colosal recado de Miquel Gim\u00e9nez a los periodistas que ahora se apuntan a criticar a S\u00e1nchez: &#8220;\u00bfD\u00f3nde co\u00f1o hab\u00e9is estado estos 7 a\u00f1os?&#8221;<\/a><\/h3>\n<\/div>\n<\/div>\n<div class=\"m4p-summary-news\">\n<figure class=\"m4p-image m4p-crop-medium-1\"><a href=\"https:\/\/www.periodistadigital.com\/periodismo\/tv\/20250606\/miquel-gimenez-zurra-lindo-fontanera-psoe-leire-gente-imbecil-video-689405097683\/\"><img loading=\"lazy\" decoding=\"async\" src=\"https:\/\/analyse.optim.biz\/wp-content\/uploads\/2025\/12\/miquelgimenezleirediez2-320x214-1.jpg\" width=\"320\" height=\"214\" alt=\"Miquel Gim\u00e9nez zurra de lo lindo a 'La Fontanera' del PSOE: &quot;Leire, que la gente no es imb\u00e9cil&quot;\" title=\"miquelgimenezleirediez2-320x214-1\"><\/a><\/figure>\n<div class=\"m4p-summary-news-title\">\n<h3><a href=\"https:\/\/www.periodistadigital.com\/periodismo\/tv\/20250606\/miquel-gimenez-zurra-lindo-fontanera-psoe-leire-gente-imbecil-video-689405097683\/\">Miquel Gim\u00e9nez zurra de lo lindo a &#8216;La Fontanera&#8217; del PSOE: &#8220;Leire, que la gente no es imb\u00e9cil&#8221;<\/a><\/h3>\n<\/div>\n<\/div>\n<\/div>\n<\/div>\n<p><strong>Miquel Gim\u00e9nez G\u00f3mez<\/strong> (Barcelona, 1959) es un periodista, guionista y escritor espa\u00f1ol que trabaja tanto en catal\u00e1n como en castellano. Inici\u00f3 su carrera en la radio en los a\u00f1os ochenta y ha colaborado con figuras como <strong>Luis del Olmo<\/strong>, <strong>Javier Sard\u00e0<\/strong>, <strong>Julia Otero<\/strong> o <strong>Jes\u00fas Hermida<\/strong>, desarrollando una extensa trayectoria en programas de humor, s\u00e1tira pol\u00edtica y tertulia.<\/p>\n<p>Ha trabajado en numerosas cadenas de radio y televisi\u00f3n (R\u00e0dio 4, RNE, Onda Cero, COM R\u00e0dio, TVE, TV3, Antena 3, entre otras) como guionista, presentador y colaborador. En prensa ha sido columnista en medios como El Mundo (edici\u00f3n de Catalu\u00f1a), E-not\u00edcies, El Debat y El Plural, consolid\u00e1ndose como analista pol\u00edtico.<\/p>\n<p>Como escritor, ha publicado novelas y recopilaciones de relatos, entre ellas series de intriga en catal\u00e1n y obras de ficci\u00f3n como <em>Mystero,<\/em> adem\u00e1s de libros como <em>Operaci\u00f3n Barcelona: matar a Hitler<\/em>. Ha recibido premios como el Ciudad de Barcelona de radio y televisi\u00f3n, y en los \u00faltimos a\u00f1os se ha hecho notar tambi\u00e9n por sus posiciones cr\u00edticas con el independentismo catal\u00e1n.<\/p>\n<p>Hoy, protagoniza <em>Tiempo de hablar<\/em>, el programa de entrevistas de <strong>Alfonso Rojo<\/strong>, para presentar su \u00faltimo libro, titulado <em>C\u00f3mo S\u00e1nchez destruye a Espa\u00f1a<\/em>, en el que Gim\u00e9nez traza un paralelismo inquietante: la coalici\u00f3n que sostiene a S\u00e1nchez reproduce el Frente Popular de 1936; adem\u00e1s de explicar c\u00f3mo ha ido colonizando organismos para perpetuarse en el poder.<\/p>\n<div class=\"aawp\">\n<div class=\"aawp-product aawp-product--horizontal aawp-product--ribbon aawp-product--sale aawp-product--css-adjust-image-large\" data-aawp-product-asin=\"B0FWZH3V2Z\" data-aawp-product-id=\"310157\" data-aawp-tracking-id=\"periodistadig-21\" data-aawp-product-title=\"C\u00d3MO S\u00c1NCHEZ DESTRUYE ESPA\u00d1A Reflejos de Actualidad\" data-aawp-geotargeting=\"true\" data-aawp-local-click-tracking=\"1\"><span class=\"aawp-product__ribbon aawp-product__ribbon--sale\">Rebajas<\/span><\/p>\n<div class=\"aawp-product__thumb\"><a class=\"aawp-product__image-link\" href=\"https:\/\/www.amazon.es\/dp\/B0FWZH3V2Z?tag=periodistadig-21&amp;linkCode=ogi&amp;th=1&amp;psc=1\" title=\"C\u00d3MO S\u00c1NCHEZ DESTRUYE ESPA\u00d1A (Reflejos de Actualidad)\" rel=\"nofollow noopener sponsored\" target=\"_blank\"><img decoding=\"async\" class=\"aawp-product__image\" src=\"https:\/\/analyse.optim.biz\/wp-content\/uploads\/2025\/12\/41ttwqu8jhl.jpg\" alt=\"C\u00d3MO S\u00c1NCHEZ DESTRUYE ESPA\u00d1A (Reflejos de Actualidad)\" title=\"41ttwqu8jhl\"><\/a><\/div>\n<div class=\"aawp-product__content\"><a class=\"aawp-product__title\" href=\"https:\/\/www.amazon.es\/dp\/B0FWZH3V2Z?tag=periodistadig-21&amp;linkCode=ogi&amp;th=1&amp;psc=1\" title=\"C\u00d3MO S\u00c1NCHEZ DESTRUYE ESPA\u00d1A (Reflejos de Actualidad)\" rel=\"nofollow noopener sponsored\" target=\"_blank\"> C\u00d3MO S\u00c1NCHEZ DESTRUYE ESPA\u00d1A (Reflejos de Actualidad) <\/a><\/div>\n<div class=\"aawp-product__footer\">\n<div class=\"aawp-product__pricing\"><span class=\"aawp-product__price aawp-product__price--old\">15,95 EUR<\/span><span class=\"aawp-product__price aawp-product__price--saved\">\u22120,80 EUR<\/span><span class=\"aawp-product__price aawp-product__price--current\">15,15 EUR<\/span><a href=\"https:\/\/www.amazon.es\/gp\/prime\/?tag=periodistadig-21\" title=\"Amazon Prime\" rel=\"nofollow noopener sponsored\" target=\"_blank\" class=\"aawp-check-prime\"><img decoding=\"async\" src=\"https:\/\/analyse.optim.biz\/wp-content\/uploads\/2025\/12\/icon-check-prime-1.svg\" alt=\"Amazon Prime\" title=\"icon-check-prime-1\"><\/a><\/div>\n<p><a class=\"aawp-button aawp-button--buy aawp-button aawp-button--amazon rounded shadow aawp-button--icon aawp-button--icon-black\" href=\"https:\/\/www.amazon.es\/dp\/B0FWZH3V2Z?tag=periodistadig-21&amp;linkCode=ogi&amp;th=1&amp;psc=1\" title=\"Comprar en Amazon\" target=\"_blank\" rel=\"nofollow noopener sponsored\">Comprar en Amazon<\/a><\/div>\n<\/div>\n<\/div>\n<p>Adem\u00e1s, en su visita al plat\u00f3 de Periodista Digital ha analizado la actualidad pol\u00edtica del pa\u00eds y se ha atrevido a hacer un pron\u00f3stico sobre el futuro del pa\u00eds.<\/p>\n<p>En su conversaci\u00f3n con el director de este digital, ha ofrecido unas reflexiones muy interesantes:<\/p>\n<blockquote>\n<p>\u00abLa izquierda de Espa\u00f1a es antiespa\u00f1ola: si quieres una subvenci\u00f3n, necesitas odiar sus s\u00edmbolos y su historia\u00bb.<\/p>\n<p>\u00abLa izquierda espa\u00f1ola es la m\u00e1s aristocr\u00e1tica del mundo: por eso odian la igualdad entre espa\u00f1oles\u00bb.<\/p>\n<p>\u00abS\u00e1nchez es un virus que se ha inoculado en Espa\u00f1a y en los espa\u00f1oles\u00bb.<\/p>\n<p>\u00abS\u00e1nchez es un im\u00e1n para todo lo malo: nada m\u00e1s hay que fijarse en qui\u00e9nes le rodean\u00bb.<\/p>\n<p>\u00abS\u00e1nchez tiene un partido propio que ni es socialista ni es espa\u00f1ol. Es sanchista\u00bb.<\/p>\n<p>\u00abS\u00e1nchez se puede acabar como personaje, pero su semilla del mal seguir\u00e1 ah\u00ed. Har\u00e1 falta mucha voluntad pol\u00edtica para erradicarla\u00bb.<\/p>\n<p>\u00abCatalu\u00f1a es la creadora del sistema que padecemos\u00bb.<\/p>\n<p>\u00abEn Catalu\u00f1a hay un pu\u00f1ado de familias que mandan desde hace 200 a\u00f1os\u00bb.<\/p>\n<p>\u00abCuando venga Puigdemont, invitar\u00e9 al pobre a comer a mi casa; no tiene nada, el pobre\u00bb.<\/p>\n<p>\u00abEn Junts tiemblan cuando escuchan el nombre de Silvia Orriols\u00bb.<\/p>\n<p>\u00abLa relaci\u00f3n entre S\u00e1nchez y Junts est\u00e1 agotada porque no puede entregarle nada m\u00e1s a los independentistas\u00bb.<\/p>\n<p>\u00abEl Estado necesita un <em>reset;<\/em> aunque la Constituci\u00f3n nos ha servido, las autonom\u00edas no funcionan\u00bb.<\/p>\n<p>\u00abEn Espa\u00f1a se le ha dado cabida a la tonter\u00eda: hay traductores en el Congreso\u00bb.<\/p>\n<p>\u00abEl sanchismo est\u00e1 en las \u00faltimas, pero me preocupa lo que dejar\u00e1 detr\u00e1s de s\u00ed\u00bb.<\/p>\n<p>\u00abSolo recuperar el nombre internacional de Espa\u00f1a costar\u00e1 lo suyo\u00bb.<\/p>\n<p>\u00abS\u00e1nchez tendr\u00e1 que convocar elecciones m\u00e1s pronto que tarde: ya no tiene mayor\u00eda parlamentaria\u00bb.<\/p>\n<p>\u00abLos pol\u00edticos tienen un cuajo m\u00e1s grande que los ciudadanos de a pie\u00bb.<\/p>\n<p>\u00abEn Espa\u00f1a nos faltan algunos valores de los protestantes, como la meritocracia y la austeridad\u00bb.<\/p>\n<p>\u00abEste libro no tiene conclusi\u00f3n, de momento\u00bb.<\/p>\n<\/blockquote>\n<\/div>\n<p> Source URL: https:\/\/www.periodistadigital.com\/periodismo\/periodismo-online\/20251205\/tenebroso-aviso-miquel-gimenez-pedro-sanchez-acabara-semilla-mal-seguira-video-689405160306\/<\/p>\n","protected":false},"excerpt":{"rendered":"<p>M\u00e1s informaci\u00f3n Colosal recado de Miquel Gim\u00e9nez a los periodistas que ahora se apuntan a criticar a S\u00e1nchez: &#8220;\u00bfD\u00f3nde co\u00f1o hab\u00e9is estado estos 7 a\u00f1os?&#8221; Miquel Gim\u00e9nez zurra de lo lindo a &#8216;La Fontanera&#8217; del PSOE: &#8220;Leire, que la gente no es imb\u00e9cil&#8221; Miquel Gim\u00e9nez G\u00f3mez (Barcelona, 1959) es un periodista, guionista y escritor espa\u00f1ol [&hellip;]<\/p>\n","protected":false},"author":1,"featured_media":872116,"comment_status":"open","ping_status":"","sticky":false,"template":"","format":"standard","meta":{"footnotes":""},"categories":[88],"tags":[112],"class_list":["post-872115","post","type-post","status-publish","format-standard","has-post-thumbnail","hentry","category-spain","tag-periodistadigital-com"],"_links":{"self":[{"href":"https:\/\/analyse.optim.biz\/index.php?rest_route=\/wp\/v2\/posts\/872115","targetHints":{"allow":["GET"]}}],"collection":[{"href":"https:\/\/analyse.optim.biz\/index.php?rest_route=\/wp\/v2\/posts"}],"about":[{"href":"https:\/\/analyse.optim.biz\/index.php?rest_route=\/wp\/v2\/types\/post"}],"author":[{"embeddable":true,"href":"https:\/\/analyse.optim.biz\/index.php?rest_route=\/wp\/v2\/users\/1"}],"replies":[{"embeddable":true,"href":"https:\/\/analyse.optim.biz\/index.php?rest_route=%2Fwp%2Fv2%2Fcomments&post=872115"}],"version-history":[{"count":0,"href":"https:\/\/analyse.optim.biz\/index.php?rest_route=\/wp\/v2\/posts\/872115\/revisions"}],"wp:featuredmedia":[{"embeddable":true,"href":"https:\/\/analyse.optim.biz\/index.php?rest_route=\/wp\/v2\/media\/872116"}],"wp:attachment":[{"href":"https:\/\/analyse.optim.biz\/index.php?rest_route=%2Fwp%2Fv2%2Fmedia&parent=872115"}],"wp:term":[{"taxonomy":"category","embeddable":true,"href":"https:\/\/analyse.optim.biz\/index.php?rest_route=%2Fwp%2Fv2%2Fcategories&post=872115"},{"taxonomy":"post_tag","embeddable":true,"href":"https:\/\/analyse.optim.biz\/index.php?rest_route=%2Fwp%2Fv2%2Ftags&post=872115"}],"curies":[{"name":"wp","href":"https:\/\/api.w.org\/{rel}","templated":true}]}}