{"id":872103,"date":"2025-12-03T00:00:00","date_gmt":"2025-12-02T21:00:00","guid":{"rendered":"https:\/\/analyse.optim.biz\/?p=872103"},"modified":"2025-12-03T00:00:00","modified_gmt":"2025-12-02T21:00:00","slug":"la-verdad-oculta-tras-el-mito-de-guernica-como-la-propaganda-britanica-y-el-rojerio-se-inventaron-los-1-654-muertos-cuando-fueron-126-periodista-digital","status":"publish","type":"post","link":"https:\/\/analyse.optim.biz\/?p=872103","title":{"rendered":"La verdad oculta tras el mito de Guernica: c\u00f3mo la propaganda brit\u00e1nica y el rojer\u00edo se inventaron los 1.654 muertos cuando fueron 126 &#8211; Periodista Digital"},"content":{"rendered":"<div class=\"m4p-post-content\">\n<div class=\"block-vertical-align-right\">\n<div class=\"m4p-relations-group\">\n<div class=\"m4p-group-vertical-title\">\n<h2>M\u00e1s informaci\u00f3n<\/h2>\n<\/div>\n<div class=\"m4p-summary-news\">\n<figure class=\"m4p-image m4p-crop-medium-1\"><a href=\"https:\/\/www.periodistadigital.com\/periodismo\/20151118\/reportero-guerra-plaza-toros-badajoz-bombardeo-guernica-lii-noticia-689400744582\/\"><img loading=\"lazy\" decoding=\"async\" src=\"https:\/\/analyse.optim.biz\/wp-content\/uploads\/2025\/12\/guernicapicasso-320x214-1.jpg\" width=\"320\" height=\"214\" alt=\"REPORTERO DE GUERRA: La plaza de toros de Badajoz y el bombardeo de Guernica (LII)\" title=\"guernicapicasso-320x214-1\"><\/a><\/figure>\n<div class=\"m4p-summary-news-title\">\n<h3><a href=\"https:\/\/www.periodistadigital.com\/periodismo\/20151118\/reportero-guerra-plaza-toros-badajoz-bombardeo-guernica-lii-noticia-689400744582\/\">REPORTERO DE GUERRA: La plaza de toros de Badajoz y el bombardeo de Guernica (LII)<\/a><\/h3>\n<\/div>\n<\/div>\n<div class=\"m4p-summary-news\">\n<figure class=\"m4p-image m4p-crop-medium-1\"><a href=\"https:\/\/www.periodistadigital.com\/periodismo\/20211107\/espana-des-memoria-historica-85-aniversario-matanzas-paracuellos-noticia-689404525790\/\"><img loading=\"lazy\" decoding=\"async\" src=\"https:\/\/analyse.optim.biz\/wp-content\/uploads\/2025\/12\/milicianos-republicanos-asesinando-presos-en-paracuellos-1-320x214-1.jpg\" width=\"320\" height=\"214\" alt=\"Espa\u00f1a: la Des-Memoria Hist\u00f3rica en el 85 aniversario de las matanzas de Paracuellos\" title=\"milicianos-republicanos-asesinando-presos-en-paracuellos-1-320x214-1\"><\/a><\/figure>\n<div class=\"m4p-summary-news-title\">\n<h3><a href=\"https:\/\/www.periodistadigital.com\/periodismo\/20211107\/espana-des-memoria-historica-85-aniversario-matanzas-paracuellos-noticia-689404525790\/\">Espa\u00f1a: la Des-Memoria Hist\u00f3rica en el 85 aniversario de las matanzas de Paracuellos<\/a><\/h3>\n<\/div>\n<\/div>\n<\/div>\n<\/div>\n<p><span class=\"m4p-capitular\">L<\/span>a tarde del 26 de abril de 1937 se grab\u00f3 en la memoria colectiva como uno de los bombardeos m\u00e1s devastadores en el contexto de la Guerra Civil Espa\u00f1ola.<\/p>\n<p>La peque\u00f1a villa vasca de <strong>Guernica<\/strong>, con poco m\u00e1s de 5.200 habitantes, fue atacada por aviones alemanes e italianos que respaldaban a las tropas franquistas.<\/p>\n<p>Durante a\u00f1os, la cifra de 1.654 muertos se convirti\u00f3 en un s\u00edmbolo del horror del conflicto, potenciada por la famosa obra de <strong>Pablo Picasso<\/strong> y repetida en libros escolares alrededor del mundo. Sin embargo, los documentos hist\u00f3ricos, los registros del cementerio local y las listas de fallecidos del Ayuntamiento de <strong>Guernica<\/strong> ofrecen un panorama muy distinto: se registraron 126 v\u00edctimas mortales identificadas.<\/p>\n<p>La discrepancia entre la versi\u00f3n oficial y la realidad hist\u00f3rica no es un asunto menor. Refleja c\u00f3mo la verdad se convierte en una v\u00edctima m\u00e1s en cualquier conflicto armado, sobre todo cuando entran en juego poderosas m\u00e1quinas de propaganda.<\/p>\n<p>El mito de <strong>Guernica<\/strong> ilustra este fen\u00f3meno: una tragedia aut\u00e9ntica amplificada a dimensiones \u00e9picas por corresponsales que no estuvieron presentes, historiadores con intereses pol\u00edticos evidentes y una narrativa que sirvi\u00f3 para fines propagand\u00edsticos durante m\u00e1s de ochenta a\u00f1os.<\/p>\n<h2>La operaci\u00f3n militar y sus objetivos reales<\/h2>\n<p>Para comprender lo sucedido en <strong>Guernica<\/strong>, es esencial situarlo dentro del contexto b\u00e9lico del norte de Espa\u00f1a.<\/p>\n<p>El 31 de marzo de 1937, el <strong>general Mola<\/strong> lanz\u00f3 una ofensiva militar con cuatro Brigadas Navarras y fuerzas vascas. A partir del 25 de abril, <strong>Guernica<\/strong> adquiri\u00f3 un papel estrat\u00e9gico indiscutible: era el n\u00facleo log\u00edstico para las unidades republicanas, albergando tres hospitales y tres acuartelamientos ubicados en conventos y colegios expropiados. La presencia militar se estimaba en unos tres batallones con aproximadamente dos mil combatientes, cifra que pudo aumentar el d\u00eda del ataque debido a la retirada de unidades que hu\u00edan del frente.<\/p>\n<p>La <strong>Legi\u00f3n C\u00f3ndor<\/strong>, bajo el mando del general Sperrle y siguiendo las \u00f3rdenes del embajador alem\u00e1n <strong>Wilhelm von Faupel<\/strong>, program\u00f3 un bombardeo que comenz\u00f3 a las 16:30 horas.<\/p>\n<p>La operaci\u00f3n no fue masiva: participaron tres bombarderos italianos Savoia-79, un bimotor Dornier 17 alem\u00e1n y posteriormente tres escuadrillas de trimotores Junkers 52; en total, unas 18 aeronaves escoltadas por cinco cazas Fiat CR-32. Los bombarderos italianos lanzaron doce bombas de 50 kilogramos cada una. En cuanto a los alemanes, seg\u00fan sus capacidades conocidas, pudieron llevar o bien diecis\u00e9is bombas peque\u00f1as o dos grandes de 250 kilogramos. La distancia desde bases como <strong>Burgos<\/strong> o <strong>Vitoria<\/strong> permit\u00eda un tiempo de sobrevuelo entre quince y veinte minutos.<\/p>\n<p>Estos datos t\u00e9cnicos son clave para desmantelar la narrativa sobre una destrucci\u00f3n total. El armamento disponible permit\u00eda cargar aproximadamente 1.400 kilogramos de explosivos, lejos de los mencionados 50.000 kilogramos que propag\u00f3 la prensa brit\u00e1nica. El impacto del bombardeo afect\u00f3 a unos 270 edificios dentro del n\u00facleo urbano compuesto por 492 estructuras. La devastaci\u00f3n fue notable, especialmente porque muchas casas ten\u00edan un alto componente de madera que facilit\u00f3 la propagaci\u00f3n del fuego a viviendas colindantes. Sin embargo, esto no equivale a la aniquilaci\u00f3n total sugerida por el mito.<\/p>\n<h2>Los corresponsales brit\u00e1nicos y la creaci\u00f3n del mito<\/h2>\n<p>La gestaci\u00f3n del mito sobre <strong>Guernica<\/strong> tiene un principal responsable: la prensa brit\u00e1nica asignada al ej\u00e9rcito republicano. De los cuatro corresponsales brit\u00e1nicos presentes \u2014<strong>George Lowther Steer<\/strong> (<em>The Times<\/em>), <strong>Noel Monks<\/strong> (<em>Daily Express<\/em>), <strong>Christopher Holme<\/strong> (<em>Reuters<\/em>) y <strong>Keith Scott Watson<\/strong> (<em>Star<\/em> y <em>Daily Herald<\/em>)\u2014 solo <strong>Noel Monks<\/strong> estuvo realmente en la villa durante el bombardeo. Los dem\u00e1s redactaron sus art\u00edculos despu\u00e9s, bas\u00e1ndose en testimonios ajenos e incorporando lo que podr\u00eda considerarse \u00abcontribuciones literarias\u00bb.<\/p>\n<p>El corresponsal sudafricano <strong>George Lowther Steer<\/strong>, perteneciente a <em>The Times<\/em>, jug\u00f3 un papel decisivo en la construcci\u00f3n del relato sobre lo ocurrido. Los reporteros brit\u00e1nicos ten\u00edan claro su objetivo propagand\u00edstico: resaltar la ayuda nazi a las fuerzas nacionales. Para ello, no dudaron en \u00abidentificar\u00bb aviones m\u00e1s modernos a los realmente involucrados en el ataque. Inflaron las estimaciones sobre bombas lanzadas, extendieron el tiempo total del bombardeo \u2014asegurando que dur\u00f3 entre dos horas y media y tres horas cuando fue mucho menos\u2014 e incrementaron las cifras relativas a v\u00edctimas.<\/p>\n<p>El <strong>Gobierno Vasco<\/strong>, en su informe titulado <em>Relaci\u00f3n de v\u00edctimas causadas por la aviaci\u00f3n facciosa en sus incursiones del mes de abril de 1937<\/em>, present\u00f3 cifras alarmantes: 1.645 muertos y 889 heridos. Esta cantidad fue replicada en folletos distribuidos internacionalmente y ampliada por medios extranjeros, especialmente peri\u00f3dicos ingleses. Sin embargo, incluso el propio Gobierno auton\u00f3mico vasco admite hoy que esta cifra \u00abest\u00e1 absolutamente hinchada\u00bb. El relato iba acompa\u00f1ado con la afirmaci\u00f3n err\u00f3nea sobre un supuesto ataque sin inter\u00e9s militar contra Guernica; lo cierto es que era un centro log\u00edstico republicano significativo.<\/p>\n<h2>Los n\u00fameros que los documentos revelan<\/h2>\n<p>El recuento real sobre v\u00edctimas mortales puede comprobarse mediante documentos conservados tanto en el Ayuntamiento como en el cementerio local de <strong>Guernica<\/strong>. Las listas con los enterramientos realizados entre el 27 y el 29 abril \u2014los d\u00edas posteriores al bombardeo\u2014 reflejan veinticuatro fallecidos confirmados. A esta cifra hay que a\u00f1adir otros veintiocho muertos debido al derrumbe del asilo Calzada, donde quedaron atrapadas personas refugiadas en su interior durante el ataque a\u00e9reo. Los recuentos adicionales sobre fallecidos encontrados en caminos o trasladados heridos al hospital Basurto suman un total final de 126 v\u00edctimas mortales identificadas con nombres concretos.<\/p>\n<p>Historiadores rigurosos han coincidido con esta cifra tras exhaustivas investigaciones. <strong>Ram\u00f3n Salas Larraz\u00e1bal<\/strong>, mediante estudios concluyentes, demostr\u00f3 que alcanzar un n\u00famero tan alto era inviable considerando el armamento disponible durante aquel ataque a\u00e9reo. Investigaciones posteriores incluso redujeron a\u00fan m\u00e1s las estimaciones iniciales que hablaban sobre doscientos fallecimientos seg\u00fan algunas versiones conservadoras; historiadores vinculados al nacionalismo vasco tambi\u00e9n han aceptado estas cifras sin a\u00f1adir otras m\u00e1s elevadas al debate actual.<\/p>\n<h2>La falsificaci\u00f3n historiogr\u00e1fica<\/h2>\n<p>La expansi\u00f3n del mito desde una perspectiva historiogr\u00e1fica fue orquestada por el estadounidense <strong>Herbert R. Southworth<\/strong>, antiguo colaborador propagand\u00edstico con inclinaciones marxistas quien luego se adentr\u00f3 en el \u00e1mbito acad\u00e9mico junto a <strong>Pierre Vilar<\/strong>, historiador estalinista vinculado al Partido Comunista Franc\u00e9s. Su obra <em>La destrucci\u00f3n de Guernica: Periodismo, diplomacia, propaganda e historia<\/em> consolid\u00f3 esta narrativa falsa dentro del \u00e1mbito acad\u00e9mico internacional.<\/p>\n<p>Resulta parad\u00f3jico observar c\u00f3mo mientras ciertos sectores historiogr\u00e1ficos progresistas distorsionaban datos hist\u00f3ricos ver\u00eddicos, tanto el famoso cuadro pintado por <strong>Picasso<\/strong> como diversas novelas relacionadas hicieron su parte para perpetuar este mito colectivo. Aunque su obra maestra representa leg\u00edtimamente el horror b\u00e9lico, se transform\u00f3 tambi\u00e9n en una imagen visual que validaba esas cifras infladas anteriormente mencionadas; as\u00ed arte y propaganda se retroalimentaron mutuamente creando una narrativa tan poderosa que resisti\u00f3 d\u00e9cadas ante rigurosas revisiones hist\u00f3ricas.<\/p>\n<h2>El perd\u00f3n tard\u00edo de Alemania<\/h2>\n<p>Recientemente, en noviembre de 2025, representantes tanto de <strong>Alemania<\/strong> como <strong>Espa\u00f1a<\/strong> formalizaron juntos una petici\u00f3n p\u00fablica perd\u00f3n por lo ocurrido durante aquel bombardeo devastador hace casi noventa a\u00f1os. En este homenaje participaron tanto el presidente alem\u00e1n como el rey <strong>Felipe VI<\/strong>, junto al lehendakari vasco rindiendo tributo a las v\u00edctimas ca\u00eddas aquel d\u00eda fat\u00eddico. Este gesto diplom\u00e1tico reconoce finalmente la responsabilidad hist\u00f3rica atribuible a la actuaci\u00f3n directa d ela <strong>Legi\u00f3n C\u00f3ndor<\/strong>, aunque no altera los hechos documentales respecto a lo sucedido realmente aquel inolvidable d\u00eda en <strong>Guernica<\/strong>.<\/p>\n<p>El bombardeo fue indudablemente un crimen contra la humanidad; perder vidas humanas \u2014126 civiles incluidos mujeres y ni\u00f1os\u2014 durante un ataque a\u00e9reo coordinado constituye una atrocidad innegable sin necesidad alguna d e exagerar cifras ni relatos hist\u00f3ricos para enfatizarlo a\u00fan m\u00e1s . Sin embargo , resulta crucial defender siempre la verdad hist\u00f3rica . Porque distorsionarla , aunque sea desde buenas intenciones , establece precedentes peligrosos . Porque incluso cuando proviene \u201cdel bando correcto\u201d, sigue siendo propaganda . Y porque , ante todo , preservar precisi\u00f3n hist\u00f3rica es nuestro \u00fanico ant\u00eddoto frente futuras manipulaciones sobre nuestra memoria colectiva.<\/p>\n<\/div>\n<p> Source URL: https:\/\/www.periodistadigital.com\/cultura\/20251203\/oculta-mito-guernica-propaganda-britanica-rojerio-inventaron-1-654-muertos-126-noticia-689405159711\/<\/p>\n","protected":false},"excerpt":{"rendered":"<p>M\u00e1s informaci\u00f3n REPORTERO DE GUERRA: La plaza de toros de Badajoz y el bombardeo de Guernica (LII) Espa\u00f1a: la Des-Memoria Hist\u00f3rica en el 85 aniversario de las matanzas de Paracuellos La tarde del 26 de abril de 1937 se grab\u00f3 en la memoria colectiva como uno de los bombardeos m\u00e1s devastadores en el contexto de [&hellip;]<\/p>\n","protected":false},"author":1,"featured_media":872104,"comment_status":"open","ping_status":"","sticky":false,"template":"","format":"standard","meta":{"footnotes":""},"categories":[88],"tags":[112],"class_list":["post-872103","post","type-post","status-publish","format-standard","has-post-thumbnail","hentry","category-spain","tag-periodistadigital-com"],"_links":{"self":[{"href":"https:\/\/analyse.optim.biz\/index.php?rest_route=\/wp\/v2\/posts\/872103","targetHints":{"allow":["GET"]}}],"collection":[{"href":"https:\/\/analyse.optim.biz\/index.php?rest_route=\/wp\/v2\/posts"}],"about":[{"href":"https:\/\/analyse.optim.biz\/index.php?rest_route=\/wp\/v2\/types\/post"}],"author":[{"embeddable":true,"href":"https:\/\/analyse.optim.biz\/index.php?rest_route=\/wp\/v2\/users\/1"}],"replies":[{"embeddable":true,"href":"https:\/\/analyse.optim.biz\/index.php?rest_route=%2Fwp%2Fv2%2Fcomments&post=872103"}],"version-history":[{"count":0,"href":"https:\/\/analyse.optim.biz\/index.php?rest_route=\/wp\/v2\/posts\/872103\/revisions"}],"wp:featuredmedia":[{"embeddable":true,"href":"https:\/\/analyse.optim.biz\/index.php?rest_route=\/wp\/v2\/media\/872104"}],"wp:attachment":[{"href":"https:\/\/analyse.optim.biz\/index.php?rest_route=%2Fwp%2Fv2%2Fmedia&parent=872103"}],"wp:term":[{"taxonomy":"category","embeddable":true,"href":"https:\/\/analyse.optim.biz\/index.php?rest_route=%2Fwp%2Fv2%2Fcategories&post=872103"},{"taxonomy":"post_tag","embeddable":true,"href":"https:\/\/analyse.optim.biz\/index.php?rest_route=%2Fwp%2Fv2%2Ftags&post=872103"}],"curies":[{"name":"wp","href":"https:\/\/api.w.org\/{rel}","templated":true}]}}