{"id":86768,"date":"2019-04-12T13:25:06","date_gmt":"2019-04-12T10:25:06","guid":{"rendered":"https:\/\/analyse.optim.biz\/?p=86768"},"modified":"2019-04-12T13:25:06","modified_gmt":"2019-04-12T10:25:06","slug":"nicolicea-cei-doi-detinuti-politici-au-sugerat-intrebari-presedintelui-daca-pot-tortionarii-sa-ocupe-functii-de-conducere","status":"publish","type":"post","link":"https:\/\/analyse.optim.biz\/?p=86768","title":{"rendered":"Nicolicea: Cei doi de\u0163inu\u0163i politici au sugerat \u00eentreb\u0103ri pre\u015fedintelui: dac\u0103 pot tor\u021bionarii s\u0103 ocupe func\u021bii de conducere"},"content":{"rendered":"<div class=\"entry data-app-meta data-app-meta-article\" data-embed-base-url-canonical=\"https:\/\/www.digi24.ro\/embed\/stiri\/actualitate\/politica\/nicolicea-cei-doi-detinuti-politici-au-sugerat-intrebari-presedintelui-daca-pot-tortionarii-sa-ocupe-functii-de-conducere-1112385\">\n<p data-index=\"1\"><strong>Vicepre\u015fedintele Camerei Deputa\u0163ilor, Eugen Nicolicea, care a condus delega\u0163ia PSD la consult\u0103rile de la Cotroceni, a declarat, vineri, c\u0103 Parlamentul va aviza favorabil solicitarea pre\u015fedintelui privind organizarea referendumului \u00een data de 26 mai. El a explicat faptul c\u0103 prezen\u0163a celor doi de\u0163inu\u0163i politici \u00een delega\u0163ia PSD se justific\u0103 prin faptul c\u0103 tema consult\u0103rilor a fost Justi\u0163ia, nu referendumul, iar de\u0163inu\u0163ii au vrut s\u0103 sugereze pre\u015fedintelui dou\u0103 \u00eentreb\u0103ri. Acestea au aceea\u015fi tem\u0103: dac\u0103 la 30 de ani de la Revolu\u0163ie, \u201dpersoane care pot fi catalogate drept tor\u0163ionari pot s\u0103 ocupe func\u0163ii de conducere\u201d, referindu-se la postul de procuror general ocupat de Augustin Laz\u0103r. Ioan Muntean, fost de\u0163inut politic la Penitenciarul Aiud, a declarat c\u0103 i-a cerut pre\u015fedintelui revocarea lui Laz\u0103r, \u015feful statului apreciind c\u0103 \u201eo s\u0103 vad\u0103\u201d.<\/strong><\/p>\n<figure class=\"article-thumb\"><img decoding=\"async\" src=\"https:\/\/analyse.optim.biz\/wp-content\/uploads\/2024\/09\/mtuzodixnjg1ymvlnjg1oduzyzzjywi2m2yxzdi-thumb_.jpg\" alt=\"consultari cotroceni referendum psd nicolicea - inquam octav ganea 20190412110111_OGN_9629-02\" data-skip-htmlfix=\"1\" title=\"mtuzodixnjg1ymvlnjg1oduzyzzjywi2m2yxzdi-thumb_\"><figcaption> FOTO: Gulliver\/ Getty Images <\/figcaption><\/figure>\n<p data-index=\"2\">Eugen Nicolicea a explicat, vineri, dup\u0103 consult\u0103rile de la Cotroceni, c\u0103 cei doi de\u0163inu\u0163i politici l-au \u00eenso\u0163it, av\u00e2nd \u00een vedere tema \u2013 respectiv Justi\u0163ia.<\/p>\n<p data-index=\"3\">\u201eAv\u00e2nd \u00een vedere tema din spa\u0163iul public, au considerat c\u0103 \u00een aceast\u0103 perioad\u0103 nu ar fi fost chiar indicat ca de drepturile \u015fi libert\u0103\u0163ile cet\u0103\u0163ene\u015fti s\u0103 se ocup\u0103 o persoan\u0103 care avea func\u0163ia de procuror \u015fi era cea care avea posibilitatea se elibereaze \u00eenainte de termen de\u0163inu\u0163ii de la Aiud \u015fi \u00een mod abuziv, sus\u0163in d\u00e2n\u015fii, unele pe unele persoane la respins de mai multe ori.<\/p>\n<p data-index=\"4\">De asemenea, consider\u00e2nd c\u0103 exist\u0103 posibilitatea conexiunii temei de consult\u0103ri de ast\u0103zi, \u015fi anume Justi\u0163ia, cu \u00eentreb\u0103rile despre referendum pe care nu le avem \u00eenc\u0103, cei doi au dorit s\u0103 sugereze una sau dou\u0103 \u00eentreb\u0103ri, toate viz\u00e2nd aceea\u015fi tem\u0103, \u015fi anume dac\u0103 la 30 de ani de la Revolu\u0163ie, persoane care pot fi catalogate drept tor\u0163ionari\u00a0 sau care au sprijinit tor\u0163ionarii pot s\u0103 ocupe func\u0163ii de conducere at\u00e2t de importante \u015fi \u00een special acea func\u0163ie a procurorului general\u201d, a declarat Nicolicea, dup\u0103 consult\u0103ri, potrivit News.ro.<\/p>\n<p data-index=\"5\">Cu privire la referendum, acesta a precizat: \u201eAm precizat \u015fi \u00een calitate de vicepre\u015fedinte al Camerei, c\u0103 Parlamentul, a\u015fa cum a dat acel aviz din 2017, va aviza favorabil solicitarea pre\u015fedintelui de a demara un referendum consultativ care nu are efecte decizionale, cu recomand\u0103rile care au fost f\u0103cute acolo care nu erau altceva dec\u00e2t a citate din Constitu\u0163ie, din deciziile Cur\u0163ii \u015fi recomand\u0103rile comisiei de la Vene\u0163ia, r\u0103m\u00e2n\u00e2nd pre\u015fedintelui dreptul de a demara de a pune \u00eentrebarea \u015fi responsabiliatea pentru aceast\u0103 ac\u0163iune\u201d.<\/p>\n<p data-index=\"6\">Cei doi de\u0163inu\u0163i politici care l-au \u00eenso\u0163it \u015fi-au prezentat pe scurt povestea, ambii preciz\u00e2nd c\u0103 le-a fost refuzat\u0103 eliberarea \u00eenainte de termen de c\u0103tre Augustin Laz\u0103r.<\/p>\n<p data-index=\"7\">\u201eI-am cerut pre\u015fedintelui revocarea lui Laz\u0103r. A spus c\u0103 o s\u0103 vad\u0103&#8221;, a declarat Ioan Muntean, fost de\u0163inut politic la Penitenciarul Aiud.<\/p>\n<p data-index=\"8\">La finalul declara\u0163iei de pres\u0103, Nicolicea a prezentat cele dou\u0103 \u00eentreb\u0103ri pe care de\u0163inu\u0163i politici le-ar fi sugerat pre\u015fedintelui: \u201dFra\u0163i rom\u00e2ni, este moral,legal \u015fi constitu\u0163ional, ca la 30 de ani de la Revolu\u0163ia s\u00e2ngeroas\u0103 anti-comunist\u0103 din decembrie 1989 s\u0103 se tolereze \u00een func\u0163ii \u00eenalte de conducere foti tor\u0163ionari?\u201d \u015fi \u201dE normal ca la 30 de ani de la 30 de ani dup\u0103 c\u0103derea regimului opresiv, fo\u015ftii tor\u0163ionari s\u0103 fie promova\u0163i \u00een func\u0163ii gigantice de conducere?\u201d.<\/p>\n<p data-index=\"9\">Delega\u0163ia PSD la \u00eent\u00e2lnirea cu pre\u015fedintele a fost format\u0103 din Eugen Nicolicea \u015fi de\u0163inu\u0163ii politic Marin Iancu \u015fi Ioan Muntean.\u00a0<\/p>\n<p data-index=\"10\"><span lang=\"ro-RO\"><br \/><\/span><\/p>\n<\/div>\n<p> Source URL: https:\/\/www.digi24.ro\/stiri\/actualitate\/politica\/nicolicea-cei-doi-detinuti-politici-au-sugerat-intrebari-presedintelui-daca-pot-tortionarii-sa-ocupe-functii-de-conducere-1112385<\/p>\n","protected":false},"excerpt":{"rendered":"<p>Vicepre\u015fedintele Camerei Deputa\u0163ilor, Eugen Nicolicea, care a condus delega\u0163ia PSD la consult\u0103rile de la Cotroceni, a declarat, vineri, c\u0103 Parlamentul va aviza favorabil solicitarea pre\u015fedintelui privind organizarea referendumului \u00een data de 26 mai. El a explicat faptul c\u0103 prezen\u0163a celor doi de\u0163inu\u0163i politici \u00een delega\u0163ia PSD se justific\u0103 prin faptul c\u0103 tema consult\u0103rilor a fost [&hellip;]<\/p>\n","protected":false},"author":1,"featured_media":86769,"comment_status":"open","ping_status":"","sticky":false,"template":"","format":"standard","meta":{"footnotes":""},"categories":[2],"tags":[11],"class_list":["post-86768","post","type-post","status-publish","format-standard","has-post-thumbnail","hentry","category-politics","tag-digi24"],"_links":{"self":[{"href":"https:\/\/analyse.optim.biz\/index.php?rest_route=\/wp\/v2\/posts\/86768","targetHints":{"allow":["GET"]}}],"collection":[{"href":"https:\/\/analyse.optim.biz\/index.php?rest_route=\/wp\/v2\/posts"}],"about":[{"href":"https:\/\/analyse.optim.biz\/index.php?rest_route=\/wp\/v2\/types\/post"}],"author":[{"embeddable":true,"href":"https:\/\/analyse.optim.biz\/index.php?rest_route=\/wp\/v2\/users\/1"}],"replies":[{"embeddable":true,"href":"https:\/\/analyse.optim.biz\/index.php?rest_route=%2Fwp%2Fv2%2Fcomments&post=86768"}],"version-history":[{"count":0,"href":"https:\/\/analyse.optim.biz\/index.php?rest_route=\/wp\/v2\/posts\/86768\/revisions"}],"wp:featuredmedia":[{"embeddable":true,"href":"https:\/\/analyse.optim.biz\/index.php?rest_route=\/wp\/v2\/media\/86769"}],"wp:attachment":[{"href":"https:\/\/analyse.optim.biz\/index.php?rest_route=%2Fwp%2Fv2%2Fmedia&parent=86768"}],"wp:term":[{"taxonomy":"category","embeddable":true,"href":"https:\/\/analyse.optim.biz\/index.php?rest_route=%2Fwp%2Fv2%2Fcategories&post=86768"},{"taxonomy":"post_tag","embeddable":true,"href":"https:\/\/analyse.optim.biz\/index.php?rest_route=%2Fwp%2Fv2%2Ftags&post=86768"}],"curies":[{"name":"wp","href":"https:\/\/api.w.org\/{rel}","templated":true}]}}