{"id":867194,"date":"2025-12-02T00:00:00","date_gmt":"2025-12-01T21:00:00","guid":{"rendered":"https:\/\/analyse.optim.biz\/?p=867194"},"modified":"2025-12-02T00:00:00","modified_gmt":"2025-12-01T21:00:00","slug":"federica-mogherini-amiga-de-sanchez-y-exvicepresidenta-de-la-comision-europea-arrestada-por-fraude-con-fondos-europeos-periodista-digital","status":"publish","type":"post","link":"https:\/\/analyse.optim.biz\/?p=867194","title":{"rendered":"Federica Mogherini, amiga de S\u00e1nchez y exvicepresidenta de la Comisi\u00f3n Europea, arrestada por fraude con fondos europeos &#8211; Periodista Digital"},"content":{"rendered":"<div class=\"m4p-post-content\">\n<div class=\"block-vertical-align-right\">\n<div class=\"m4p-relations-group\">\n<div class=\"m4p-group-vertical-title\">\n<h2>M\u00e1s informaci\u00f3n<\/h2>\n<\/div>\n<div class=\"m4p-summary-news\">\n<figure class=\"m4p-image m4p-crop-medium-1\"><a href=\"https:\/\/www.periodistadigital.com\/periodismo\/20251202\/bocazas-pisarello-difama-javier-chicote-directo-ridiculo-espantoso-o-rectificas-o-demando-noticia-689405159601\/\"><img loading=\"lazy\" decoding=\"async\" src=\"https:\/\/analyse.optim.biz\/wp-content\/uploads\/2025\/12\/pisarello-chicote-320x214-1.jpg\" width=\"320\" height=\"214\" alt=\"El bocazas Pisarello difama a Javier Chicote en directo y hace un rid\u00edculo espantoso: \u201cO rectificas o te demando\u201d\" title=\"pisarello-chicote-320x214-1\"><\/a><\/figure>\n<div class=\"m4p-summary-news-title\">\n<h3><a href=\"https:\/\/www.periodistadigital.com\/periodismo\/20251202\/bocazas-pisarello-difama-javier-chicote-directo-ridiculo-espantoso-o-rectificas-o-demando-noticia-689405159601\/\">El bocazas Pisarello difama a Javier Chicote en directo y hace un rid\u00edculo espantoso: \u201cO rectificas o te demando\u201d<\/a><\/h3>\n<\/div>\n<\/div>\n<div class=\"m4p-summary-news\">\n<figure class=\"m4p-image m4p-crop-medium-1\"><a href=\"https:\/\/www.periodistadigital.com\/economia\/20251202\/gobierno-sanchez-transfiere-cataluna-control-funcionarios-locales-pone-jaque-unidad-administrativa-espanol-noticia-689405159622\/\"><img loading=\"lazy\" decoding=\"async\" src=\"https:\/\/analyse.optim.biz\/wp-content\/uploads\/2025\/12\/funcionarios-1-320x214-1.jpg\" width=\"320\" height=\"214\" alt=\"El Gobierno S\u00e1nchez transfiere a Catalu\u00f1a el control de funcionarios locales y pone en jaque la unidad administrativa del Estado espa\u00f1ol\" title=\"funcionarios-1-320x214-1\"><\/a><\/figure>\n<div class=\"m4p-summary-news-title\">\n<h3><a href=\"https:\/\/www.periodistadigital.com\/economia\/20251202\/gobierno-sanchez-transfiere-cataluna-control-funcionarios-locales-pone-jaque-unidad-administrativa-espanol-noticia-689405159622\/\">El Gobierno S\u00e1nchez transfiere a Catalu\u00f1a el control de funcionarios locales y pone en jaque la unidad administrativa del Estado espa\u00f1ol<\/a><\/h3>\n<\/div>\n<\/div>\n<\/div>\n<\/div>\n<p><span class=\"m4p-capitular\">M<\/span>uy progre, muy amiga de su colega espa\u00f1ol, cercana a Borrell y una mangante de cuidado.<\/p>\n<p>El martes 2 de diciembre de 2025 se ha convertido en una fecha clave, marcada por una de las operaciones m\u00e1s impactantes contra altos funcionarios de la Uni\u00f3n Europea en tiempos recientes.<\/p>\n<p><strong>Federica Mogherini<\/strong>, quien fue vicepresidenta de la Comisi\u00f3n Europea y actualmente ocupa el cargo de rectora del <strong>Colegio de Europa<\/strong>, ha sido arrestada bajo custodia policial en el marco de una investigaci\u00f3n por fraude vinculado a fondos comunitarios destinados a la formaci\u00f3n de j\u00f3venes diplom\u00e1ticos.<\/p>\n<p>Esta operaci\u00f3n, liderada por la <strong>Fiscal\u00eda Europea<\/strong> junto con la <strong>Oficina Europea de Lucha contra el Fraude (OLAF)<\/strong>, tambi\u00e9n ha llevado al arresto de otras dos personas: <strong>Stefano Sannino<\/strong>, exsecretario general del <strong>Servicio Europeo de Acci\u00f3n Exterior (SEAE)<\/strong> entre 2021 y 2025, y un ejecutivo del Colegio de Europa.<\/p>\n<p class=\"p1\"><b>Mogherini<\/b>, figura destacada del progresismo italiano, militante del <b>Partito Democratico<\/b> (PD) y exministra de Asuntos Exteriores de Italia (2014-2019), ejerci\u00f3 como <i>Alta Representante de la Uni\u00f3n Europea para Asuntos Exteriores y Pol\u00edtica de Seguridad<\/i> durante el mismo periodo. Desde esa posici\u00f3n comparti\u00f3 familia ideol\u00f3gica y una notable sinton\u00eda pol\u00edtica con <b>Pedro S\u00e1nchez<\/b>, l\u00edder del <b>PSOE<\/b> y presidente del Gobierno de Espa\u00f1a desde 2018, ambos enmarcados en la socialdemocracia europea agrupada en el <b>Partido de los Socialistas Europeos (PSE)<\/b>.<\/p>\n<p class=\"p1\">Esta coincidencia ideol\u00f3gica se reflej\u00f3 en una relaci\u00f3n fluida y amistosa en el \u00e1mbito institucional, evidenciada en m\u00faltiples encuentros bilaterales, cumbres del PSE y reuniones del Consejo de Asuntos Exteriores de la UE, donde defendieron posiciones comunes en temas como los <i>derechos humanos<\/i>, la <i>pol\u00edtica migratoria mediterr\u00e1nea<\/i>, el <i>multilateralismo<\/i> y una <i>Europa m\u00e1s social<\/i>. Aunque no consta una amistad personal p\u00fablica m\u00e1s all\u00e1 del terreno profesional, su alineaci\u00f3n pol\u00edtica fue clara y contribuy\u00f3 a reforzar los lazos entre el socialismo italiano y el espa\u00f1ol durante la segunda mitad de la d\u00e9cada de 2010.<\/p>\n<p>La Polic\u00eda Federal belga ha llevado a cabo registros simult\u00e1neos en distintos edificios. Las redadas han tenido lugar tanto en la sede del SEAE en Bruselas como en varias instalaciones del Colegio de Europa en Brujas, adem\u00e1s de los domicilios privados de los implicados. Anitta Hipper, portavoz de la Comisi\u00f3n Europea, confirm\u00f3 durante una rueda de prensa que la investigaci\u00f3n est\u00e1 enfocada en actividades ocurridas durante un \u00abmandato previo\u00bb, haciendo alusi\u00f3n a la etapa en que <strong>Josep Borrell<\/strong> estuvo al frente del SEAE entre 2019 y 2024.<\/p>\n<h2>El n\u00facleo de la investigaci\u00f3n: favoritismo en licitaci\u00f3n p\u00fablica<\/h2>\n<p>Los hechos que est\u00e1n bajo lupa giran alrededor de la <strong>Academia Diplom\u00e1tica de la Uni\u00f3n Europea<\/strong>, un programa formativo que dura nueve meses y est\u00e1 destinado a j\u00f3venes diplom\u00e1ticos provenientes de los Estados miembros. Durante el per\u00edodo acad\u00e9mico 2021-2022, el Colegio de Europa obtuvo la adjudicaci\u00f3n del proyecto tras un proceso licitatorio convocado por el SEAE. Sin embargo, las autoridades sospechan que este proceso no se llev\u00f3 a cabo con transparencia.<\/p>\n<p>La investigaci\u00f3n apunta a \u00abfuertes sospechas\u00bb sobre el intercambio indebido de informaci\u00f3n confidencial relacionada con los criterios de selecci\u00f3n del proceso licitatorio con uno de los candidatos participantes. Esto habr\u00eda vulnerado as\u00ed el principio de competencia leal establecido en el art\u00edculo 169 del Reglamento Financiero europeo. Los investigadores buscan esclarecer si el Colegio y sus representantes fueron informados anticipadamente sobre los criterios para adjudicar el contrato, lo que les habr\u00eda permitido adaptar su propuesta para asegurarse el \u00e9xito.<\/p>\n<p>Los delitos que se est\u00e1n investigando abarcan desde fraude en contrataci\u00f3n p\u00fablica hasta corrupci\u00f3n, conflicto de intereses y violaci\u00f3n del secreto profesional. Para llevar a cabo los arrestos realizados este martes, la Fiscal\u00eda Europea tuvo que solicitar el levantamiento de la inmunidad parlamentaria y diplom\u00e1tica para \u00abvarios sospechosos\u00bb, lo cual fue autorizado por un juez instructor.<\/p>\n<h2>Mogherini en el centro de la tormenta<\/h2>\n<p>La detenci\u00f3n de <strong>Mogherini<\/strong> representa un giro dr\u00e1stico en la trayectoria profesional de una figura central dentro del \u00e1mbito diplom\u00e1tico europeo. Esta pol\u00edtica italiana fue <strong>Alta Representante para Asuntos Exteriores<\/strong> entre 2014 y 2019, desempe\u00f1\u00e1ndose tambi\u00e9n como vicepresidenta simult\u00e1neamente. Tras su salida, fue sucedida por <strong>Josep Borrell<\/strong>, quien ocup\u00f3 dicho cargo hasta 2024. Posteriormente, asumi\u00f3 el liderazgo del Colegio de Europa en Brujas, reconocido como uno de los centros acad\u00e9micos m\u00e1s prestigiosos dedicados a estudios europeos.<\/p>\n<p>Su arresto cobra especial relevancia porque coincide con el inicio formal de su segundo mandato quinquenal al frente del Colegio, que comenz\u00f3 este mismo a\u00f1o. Las conexiones pol\u00edticas que mantiene Mogherini van m\u00e1s all\u00e1 del \u00e1mbito europeo; su relaci\u00f3n cercana con el presidente espa\u00f1ol <strong>Pedro S\u00e1nchez<\/strong> le confiere un estatus como aliada clave dentro del panorama diplom\u00e1tico europeo. Esto a\u00f1ade una capa adicional a las implicaciones pol\u00edticas del caso.<\/p>\n<h2>El contexto m\u00e1s amplio: un patr\u00f3n de esc\u00e1ndalos<\/h2>\n<p>Este episodio surge justo cuando la Uni\u00f3n Europea enfrenta ya una creciente presi\u00f3n debido a esc\u00e1ndalos previos relacionados con corrupci\u00f3n. La operaci\u00f3n llevada a cabo hoy inevitablemente evoca recuerdos del conocido como <strong>Qatargate<\/strong>, que sacudi\u00f3 al Parlamento Europeo en 2022 e implic\u00f3 a varios eurodiputados acusados igualmente de corrupci\u00f3n. Ambas situaciones plantean serias dudas sobre la integridad institucional y los mecanismos existentes para su supervisi\u00f3n.<\/p>\n<p>Con esta actuaci\u00f3n, la Fiscal\u00eda Europea \u2014creada como entidad independiente para investigar delitos contra los intereses financieros comunitarios\u2014 demuestra su capacidad para actuar sin distinci\u00f3n entre altos cargos o influencias pol\u00edticas. Sin embargo, lo preocupante radica en que irregularidades como estas hayan podido persistir durante a\u00f1os sin ser detectadas, lo cual suscita interrogantes sobre c\u00f3mo se supervisan internamente los procedimientos relacionados con las contrataciones p\u00fablicas dentro del organismo.<\/p>\n<h2>Implicaciones y pr\u00f3ximos pasos<\/h2>\n<p>Actualmente, la investigaci\u00f3n se encuentra a\u00fan en sus primeras fases. Las autoridades han mantenido una estricta confidencialidad respecto a los detalles espec\u00edficos sobre lo hallado durante los registros realizados este martes. Desde la Comisi\u00f3n Europea han indicado que no pueden proporcionar informaci\u00f3n adicional \u00abdebido a que estamos ante una fase investigativa\u00bb.<\/p>\n<p>Lo evidente es que los investigadores est\u00e1n revisando documentos incautados tanto en el SEAE como en el Colegio para determinar si hubo trato preferencial hacia esta instituci\u00f3n durante la adjudicaci\u00f3n del programa formativo para diplom\u00e1ticos. Si se confirman las sospechas existentes, nos encontrar\u00edamos ante un caso claro de malversaci\u00f3n que impactar\u00eda directamente a los ciudadanos contribuyentes europeos.<\/p>\n<p>Las repercusiones institucionales tambi\u00e9n son inminentes. <strong>Kaja Kallas<\/strong>, actual responsable m\u00e1xima del SEAE y sucesora directa de Borrell, deber\u00e1 enfrentar las consecuencias derivadas al encontrarse su servicio inmerso en esta investigaci\u00f3n por fraude. Mientras tanto, el futuro del Colegio se presenta incierto con su rectora bajo custodia policial y su reputaci\u00f3n seriamente afectada.<\/p>\n<p>La detenci\u00f3n tanto de Mogherini como sus colaboradores marca un hito significativo en la lucha contra la corrupci\u00f3n dentro della UE. Se evidencia as\u00ed que no hay altos cargos intocables ante la ley. Sin embargo, este episodio tambi\u00e9n pone al descubierto las debilidades presentes dentro del control administrativo comunitario; cuestiones urgentes que deber\u00e1n ser abordadas por todos los Estados miembros muy pronto.<\/p>\n<\/div>\n<p> Source URL: https:\/\/www.periodistadigital.com\/mundo\/20251202\/federica-mogherini-amiga-sanchez-exvicepresidenta-comision-europea-arrestada-fraude-fondos-europeos-noticia-689405159634\/<\/p>\n","protected":false},"excerpt":{"rendered":"<p>M\u00e1s informaci\u00f3n El bocazas Pisarello difama a Javier Chicote en directo y hace un rid\u00edculo espantoso: \u201cO rectificas o te demando\u201d El Gobierno S\u00e1nchez transfiere a Catalu\u00f1a el control de funcionarios locales y pone en jaque la unidad administrativa del Estado espa\u00f1ol Muy progre, muy amiga de su colega espa\u00f1ol, cercana a Borrell y una [&hellip;]<\/p>\n","protected":false},"author":1,"featured_media":867195,"comment_status":"open","ping_status":"","sticky":false,"template":"","format":"standard","meta":{"footnotes":""},"categories":[88],"tags":[112],"class_list":["post-867194","post","type-post","status-publish","format-standard","has-post-thumbnail","hentry","category-spain","tag-periodistadigital-com"],"_links":{"self":[{"href":"https:\/\/analyse.optim.biz\/index.php?rest_route=\/wp\/v2\/posts\/867194","targetHints":{"allow":["GET"]}}],"collection":[{"href":"https:\/\/analyse.optim.biz\/index.php?rest_route=\/wp\/v2\/posts"}],"about":[{"href":"https:\/\/analyse.optim.biz\/index.php?rest_route=\/wp\/v2\/types\/post"}],"author":[{"embeddable":true,"href":"https:\/\/analyse.optim.biz\/index.php?rest_route=\/wp\/v2\/users\/1"}],"replies":[{"embeddable":true,"href":"https:\/\/analyse.optim.biz\/index.php?rest_route=%2Fwp%2Fv2%2Fcomments&post=867194"}],"version-history":[{"count":0,"href":"https:\/\/analyse.optim.biz\/index.php?rest_route=\/wp\/v2\/posts\/867194\/revisions"}],"wp:featuredmedia":[{"embeddable":true,"href":"https:\/\/analyse.optim.biz\/index.php?rest_route=\/wp\/v2\/media\/867195"}],"wp:attachment":[{"href":"https:\/\/analyse.optim.biz\/index.php?rest_route=%2Fwp%2Fv2%2Fmedia&parent=867194"}],"wp:term":[{"taxonomy":"category","embeddable":true,"href":"https:\/\/analyse.optim.biz\/index.php?rest_route=%2Fwp%2Fv2%2Fcategories&post=867194"},{"taxonomy":"post_tag","embeddable":true,"href":"https:\/\/analyse.optim.biz\/index.php?rest_route=%2Fwp%2Fv2%2Ftags&post=867194"}],"curies":[{"name":"wp","href":"https:\/\/api.w.org\/{rel}","templated":true}]}}