{"id":867192,"date":"2025-12-05T00:00:00","date_gmt":"2025-12-04T21:00:00","guid":{"rendered":"https:\/\/analyse.optim.biz\/?p=867192"},"modified":"2025-12-05T00:00:00","modified_gmt":"2025-12-04T21:00:00","slug":"jose-manuel-garcia-albarran-un-parlamento-vacio-de-educacion-y-honestidad-periodista-digital","status":"publish","type":"post","link":"https:\/\/analyse.optim.biz\/?p=867192","title":{"rendered":"Jos\u00e9 Manuel Garc\u00eda Albarr\u00e1n: &#8220;Un Parlamento vac\u00edo\u2026 de educaci\u00f3n y honestidad&#8221; &#8211; Periodista Digital"},"content":{"rendered":"<div class=\"m4p-post-content\">\n<p><span class=\"m4p-capitular\">L<\/span>a fotograf\u00eda elegida para encabezar este art\u00edculo representa evidentemente\u00a0\u2018un Parlamento vac\u00edo\u2019, sin embargo, lo que da pie al t\u00edtulo y al contenido de este art\u00edculo es algo distinto, porque no solo faltan los Diputados ocupando sus esca\u00f1os, sino que quiero representar lo que \u2018les falta\u2019 en su comportamiento a los que deber\u00edan estar defendiendo y apoyando a los ciudadanos que les han elegido\u2026 les falta principalmente \u201ceducaci\u00f3n y honestidad\u201d.<\/p>\n<p>S\u00ed\u2026 porque este gobierno, con S\u00e1nchez a la cabeza, nos est\u00e1 dando a diario lecciones de hipocres\u00eda, falta de educaci\u00f3n y deshonestidad.<\/p>\n<p>Porque una gran parte de los diputados de este \u2018gobierno de coacci\u00f3n\u2019 son \u2018figurantes\u2019 y \u2018palmeros sumisos\u2019 que ante las intervenciones de su Jefe, le acompa\u00f1an asintiendo con ostensibles movimientos de cabeza, aplaudiendo y ri\u00e9ndose tosca y estrepitosamente de las \u2018ocurrencias verbales\u2019 que dirige contra la oposici\u00f3n, lo que convierten sus comparecencias en un espect\u00e1culo deplorable lleno de insultos, gestos obscenos desde la bancada azul y numerosas descalificaciones impropias de un Parlamento que nos cuesta a los espa\u00f1oles m\u00e1s de \u00a1115 millones de euros! al a\u00f1o.<\/p>\n<p>S\u00e1nchez se jacta de ser el Presidente que m\u00e1s comparece ante las Cortes, pero obviando que en su comparecencia en las Sesiones de Control al gobierno, no responde por sistema a ninguna pregunta ni admite acusaci\u00f3n alguna de los partidos que no forman parte de su entorno social-comunista y nacionalista secesionista adoptando con estos \u00faltimos una aptitud sumisa y pla\u00f1idera.<\/p>\n<p>Pero tampoco nos puede satisfacer el comportamiento y las intervenciones en el Congreso de los dos partidos de la oposici\u00f3n -que aglutinan m\u00e1s de 12 millones de votantes- porque aunque coinciden en manifestar un ataque y una reprobaci\u00f3n constante contra este gobierno, muestran unas diferencias entre s\u00ed que rayan con la incompatibilidad y esto claramente denota una \u2018derecha fragmentada\u2019 que sin duda beneficia a una todav\u00eda \u2018izquierda unida\u2019 aunque sea por claros intereses, y divide sin m\u00e1s remedio, a un electorado que ante la corrupci\u00f3n del partido socialista y del propio gobierno, pudiera dar un giro inesperado en su intenci\u00f3n de voto, lo que beneficiar\u00e1 a una derecha que se va a ver \u2018condenada\u2019 a entenderse, dejando de lado los falsos complejos inducidos durante estos \u00faltimos a\u00f1os desde el gobierno, sus socios y dem\u00e1s formaciones pol\u00edticas de izquierda.<\/p>\n<p>De cualquier manera, la impresi\u00f3n que tenemos gran parte de los ciudadanos es que las sesiones parlamentarias ya hace a\u00f1os que se han convertido en un mero tr\u00e1mite en el que S\u00e1nchez \u201cno sabe, no contesta\u201d, Feijoo no tiene apoyos suficientes para presentar una moci\u00f3n de censura y Abascal, ante la impotencia de no haber contado con los apoyos suficientes en dos ocasiones anteriores a veces culpa al PP de no estar siendo claro y le reprocha su aptitud supremacista y autoritaria en aquellas CC. AA. en donde gobiernan en coalici\u00f3n, aunque es casi seguro que prestar\u00e1 su apoyo para la formaci\u00f3n de un hipot\u00e9tico futuro Gobierno de la Naci\u00f3n.<\/p>\n<p>Mientras tanto \u00faltimamente los esc\u00e1ndalos se suceden d\u00eda a d\u00eda, semana a semana y mes a mes, tanto en el PSOE como en el propio Gobierno que sigue \u2018negando la mayor\u2019, defendiendo lo indefendible e intentado justificar lo injustificable, siguiendo las directrices dadas desde Moncloa y repitiendo las mismas palabras que se convierten en una especie de \u2018mantra\u2019 en boca de portavoces, diputados, ministras y ministros.<\/p>\n<p>Lo cierto es que practican aquel dicho de que\u2026 \u201cUna mentira repetida mil veces se convierte en verdad\u201d.<\/p>\n<p>Pero la verdad solo tiene un camino y si se analiza la trayectoria de este gobierno y de su presidente S\u00e1nchez, aunque lo haya disfrazado con el juego de palabras de haber tenido \u201ccambios de opini\u00f3n\u201d, la temible hemeroteca revela que empez\u00f3 mintiendo en \u2018las primarias\u2019 de su partido, sigui\u00f3 mintiendo en la \u2018campa\u00f1a electoral\u2019 y ha seguido mintiendo durante estos siete a\u00f1os de legislatura.<\/p>\n<p>\u00daltimamente\u2026 a este gobierno, que empez\u00f3 presumiendo de feminismo y progresismo, le han dado literalmente una bofetada en forma de \u2018personajes impresentables\u2019 de cuyos nombres no quiero acordarme, tanto del PSOE como de Podemos, que han vilipendiado y vejado a mujeres y que han sido \u2018tapados\u2019 por el partido y el gobierno hasta que se han amontonado las denuncias de las mujeres agredidas sexualmente. \u00a1Que verg\u00fcenza!<\/p>\n<p>Aunque luego \u2018el Jefe\u2019 y sus adl\u00e1teres de toda la bancada azul del Congreso, van presumiendo de claridad y de honestidad e intentan por todos los medios esconder sus verg\u00fcenzas.<\/p>\n<p>\u2018Luz y taqu\u00edgrafos\u2019 se\u00f1ores para que nuestros hijos y nietos puedan comprobar sus verdaderas y reprobables andanzas pol\u00edticas porque, sin duda, est\u00e1n reescribiendo una nueva \u201cMemoria Hist\u00f3rica\u201d pol\u00edtica.<\/p>\n<p>Creo que va siendo hora de que el pueblo soberano decida en las urnas quien debe llevar el tim\u00f3n de este nav\u00edo que ya va escorado de babor y haciendo agua, corriendo el peligro de hundirse a corto plazo.<\/p>\n<p>Claro que \u2018no le arriendo las ganancias\u2019 a los que lleguen y a los auditores\u00a0\u00a0independientes que levanten \u2018las alfombras\u2019 y descubran las deudas reales.<\/p>\n<p>Suerte a todos\u2026 los que se la merezcan.<\/p>\n<\/div>\n<p> Source URL: https:\/\/www.periodistadigital.com\/politica\/opinion\/columnistas\/20251205\/jose-manuel-garcia-albarran-parlamento-vacio-educacion-honestidad-noticia-689405160526\/<\/p>\n","protected":false},"excerpt":{"rendered":"<p>La fotograf\u00eda elegida para encabezar este art\u00edculo representa evidentemente\u00a0\u2018un Parlamento vac\u00edo\u2019, sin embargo, lo que da pie al t\u00edtulo y al contenido de este art\u00edculo es algo distinto, porque no solo faltan los Diputados ocupando sus esca\u00f1os, sino que quiero representar lo que \u2018les falta\u2019 en su comportamiento a los que deber\u00edan estar defendiendo y [&hellip;]<\/p>\n","protected":false},"author":1,"featured_media":867193,"comment_status":"open","ping_status":"","sticky":false,"template":"","format":"standard","meta":{"footnotes":""},"categories":[88],"tags":[112],"class_list":["post-867192","post","type-post","status-publish","format-standard","has-post-thumbnail","hentry","category-spain","tag-periodistadigital-com"],"_links":{"self":[{"href":"https:\/\/analyse.optim.biz\/index.php?rest_route=\/wp\/v2\/posts\/867192","targetHints":{"allow":["GET"]}}],"collection":[{"href":"https:\/\/analyse.optim.biz\/index.php?rest_route=\/wp\/v2\/posts"}],"about":[{"href":"https:\/\/analyse.optim.biz\/index.php?rest_route=\/wp\/v2\/types\/post"}],"author":[{"embeddable":true,"href":"https:\/\/analyse.optim.biz\/index.php?rest_route=\/wp\/v2\/users\/1"}],"replies":[{"embeddable":true,"href":"https:\/\/analyse.optim.biz\/index.php?rest_route=%2Fwp%2Fv2%2Fcomments&post=867192"}],"version-history":[{"count":0,"href":"https:\/\/analyse.optim.biz\/index.php?rest_route=\/wp\/v2\/posts\/867192\/revisions"}],"wp:featuredmedia":[{"embeddable":true,"href":"https:\/\/analyse.optim.biz\/index.php?rest_route=\/wp\/v2\/media\/867193"}],"wp:attachment":[{"href":"https:\/\/analyse.optim.biz\/index.php?rest_route=%2Fwp%2Fv2%2Fmedia&parent=867192"}],"wp:term":[{"taxonomy":"category","embeddable":true,"href":"https:\/\/analyse.optim.biz\/index.php?rest_route=%2Fwp%2Fv2%2Fcategories&post=867192"},{"taxonomy":"post_tag","embeddable":true,"href":"https:\/\/analyse.optim.biz\/index.php?rest_route=%2Fwp%2Fv2%2Ftags&post=867192"}],"curies":[{"name":"wp","href":"https:\/\/api.w.org\/{rel}","templated":true}]}}