{"id":867182,"date":"2025-12-05T00:00:00","date_gmt":"2025-12-04T21:00:00","guid":{"rendered":"https:\/\/analyse.optim.biz\/?p=867182"},"modified":"2025-12-05T00:00:00","modified_gmt":"2025-12-04T21:00:00","slug":"muere-alfonso-ussia-a-los-77-anos-historia-del-columnismo-espanol-periodista-digital","status":"publish","type":"post","link":"https:\/\/analyse.optim.biz\/?p=867182","title":{"rendered":"Muere Alfonso Uss\u00eda a los 77 a\u00f1os, historia del columnismo espa\u00f1ol &#8211; Periodista Digital"},"content":{"rendered":"<div class=\"m4p-post-content\">\n<div class=\"block-vertical-align-right\">\n<div class=\"m4p-relations-group\">\n<div class=\"m4p-group-vertical-title\">\n<h2>M\u00e1s informaci\u00f3n<\/h2>\n<\/div>\n<div class=\"m4p-summary-news\">\n<figure class=\"m4p-image m4p-crop-medium-1\"><a href=\"https:\/\/www.periodistadigital.com\/politica\/opinion\/columnistas\/20250901\/alfonso-ussia-columnista-libertad-noticia-689405126988\/\"><img loading=\"lazy\" decoding=\"async\" src=\"https:\/\/analyse.optim.biz\/wp-content\/uploads\/2025\/12\/ussia-320x214-1.png\" width=\"320\" height=\"214\" alt=\"Alfonso Uss\u00eda\" title=\"ussia-320x214-1\"><\/a><\/figure>\n<div class=\"m4p-summary-news-title\">\n<h3><a href=\"https:\/\/www.periodistadigital.com\/politica\/opinion\/columnistas\/20250901\/alfonso-ussia-columnista-libertad-noticia-689405126988\/\">Alfonso Uss\u00eda, columnista de la libertad<\/a><\/h3>\n<\/div>\n<\/div>\n<div class=\"m4p-summary-news\">\n<figure class=\"m4p-image m4p-crop-medium-1\"><a href=\"https:\/\/www.periodistadigital.com\/periodismo\/periodismo-online\/20250812\/mofa-alfonso-ussia-hijas-zapatero-saca-luz-abultado-patrimonio-expresidente-noticia-689405121855\/\"><img loading=\"lazy\" decoding=\"async\" src=\"https:\/\/analyse.optim.biz\/wp-content\/uploads\/2025\/12\/zapaterohijasgoticas-320x214-1.jpg\" width=\"320\" height=\"214\" alt=\"La mofa de Alfonso Uss\u00eda sobre las hijas de Zapatero saca a la luz el abultado patrimonio del expresidente\" title=\"zapaterohijasgoticas-320x214-1\"><\/a><\/figure>\n<div class=\"m4p-summary-news-title\">\n<h3><a href=\"https:\/\/www.periodistadigital.com\/periodismo\/periodismo-online\/20250812\/mofa-alfonso-ussia-hijas-zapatero-saca-luz-abultado-patrimonio-expresidente-noticia-689405121855\/\">La mofa de Alfonso Uss\u00eda sobre las hijas de Zapatero saca a la luz el abultado patrimonio del expresidente<\/a><\/h3>\n<\/div>\n<\/div>\n<\/div>\n<\/div>\n<p><strong>Alfonso Uss\u00eda<\/strong>, una de las figuras m\u00e1s emblem\u00e1ticas del periodismo espa\u00f1ol actual, ha fallecido a los 77 a\u00f1os en su hogar de Ruiloba, Cantabria.<\/p>\n<p>Su partida marca el cierre de una etapa en la que el columnismo se entrelazaba con la s\u00e1tira, el compromiso y una defensa inquebrantable de sus ideales, especialmente hacia la Corona y su pa\u00eds. Su estilo, siempre afilado y lleno de iron\u00eda, se convirti\u00f3 en un referente para m\u00faltiples generaciones de lectores y colegas. Su legado contin\u00faa vivo en publicaciones como <strong>ABC<\/strong>, <strong>El Debate<\/strong>, <strong>La Raz\u00f3n y Periodista Digital<\/strong>, donde mantuvo su labor hasta pr\u00e1cticamente el final de sus d\u00edas.<\/p>\n<p>En nuestro medio public\u00f3 varios de sus magistrales art\u00edculos de opini\u00f3n en el a\u00f1o 2020, los pueden <a href=\"https:\/\/www.periodistadigital.com\/autores\/alfonso-ussia\/\"><em>revisitar<\/em> aqu\u00ed.<\/a><\/p>\n<p>En el diario digital <em>El Debate<\/em> se exhib\u00eda cada d\u00eda en los \u00faltimos tiempos. Tal y como cuentan, nunca le falt\u00f3 la audacia, incluso cuando en sus \u00faltimos d\u00edas no pod\u00eda teclear en el ordenador y dictaba los textos a su hija. <a href=\"https:\/\/www.eldebate.com\/obituarios\/20251205\/alfonso-ussia-muerto_333737.html\">Hace obituario y lo cuenta Ram\u00f3n P\u00e9rez-Maura<\/a>:<\/p>\n<blockquote>\n<p>\u00abRecuerdo una desagradable conversaci\u00f3n que tuvo \u00e9l con el director de <em>ABC<\/em> en mi despacho del diario. Las amenazas terroristas sobre su persona crec\u00edan y \u00e9l ped\u00eda protecci\u00f3n a costa del peri\u00f3dico. El director le dec\u00eda que iba a pedir al Ministerio del Interior que se hiciese cargo de su seguridad y Alfonso se negaba. Dec\u00eda que ten\u00eda que ser el diario para el que trabajaba y que ganaba dinero con sus art\u00edculos el que se hiciese cargo de las amenazas que le generaba lo que publicaba en el peri\u00f3dico. Era cuesti\u00f3n de principios\u00bb.<\/p>\n<\/blockquote>\n<p>Nacido en <strong>Madrid<\/strong> en 1948, Alfonso Uss\u00eda creci\u00f3 en un entorno familiar profundamente arraigado en la literatura y la pol\u00edtica. Nieto del c\u00e9lebre dramaturgo <strong>Pedro Mu\u00f1oz Seca<\/strong>, hered\u00f3 tanto su talento para escribir como un firme compromiso con valores conservadores y mon\u00e1rquicos que defendi\u00f3 abiertamente. Su trayectoria comenz\u00f3 en la poes\u00eda sat\u00edrica antes de labrarse un nombre como columnista, donde destac\u00f3 por su estilo directo, mordaz y muchas veces controvertido. A lo largo de su carrera colabor\u00f3 con numerosos medios, incluyendo <strong>Diario 16<\/strong>, <strong>Ya<\/strong>, <strong>\u00c9poca<\/strong>, <strong>Tiempo<\/strong>, adem\u00e1s de tener una notable presencia en radio y televisi\u00f3n con intervenciones en COPE, Onda Cero y Antena 3.<\/p>\n<p>Su escritura fue m\u00e1s que un simple ejercicio literario; se trat\u00f3 tambi\u00e9n de un acto de resistencia y valent\u00eda. Uss\u00eda nunca esquiv\u00f3 las pol\u00e9micas ni las repercusiones de sus cr\u00edticas, llegando incluso a enfrentarse a procesos judiciales a causa de sus versos y columnas. Su humor \u00e1cido y opiniones contundentes le generaron enemistades pero tambi\u00e9n le otorgaron galardones como el Gonz\u00e1lez Ruano y el Mariano de Cavia, reconocimientos destacados dentro del periodismo espa\u00f1ol. Adem\u00e1s, recibi\u00f3 distinciones como la Gran Cruz del M\u00e9rito Naval y la Medalla de Oro de la Comunidad de Madrid, reflejando as\u00ed su vinculaci\u00f3n con las Fuerzas Armadas y la Corona.<\/p>\n<h2>Columnista en <em>Periodista Digital<\/em><\/h2>\n<p>Su \u00faltima colaboraci\u00f3n fue con <strong>El Debate<\/strong>, como contamos, medio al que aport\u00f3 entusiasmo renovado hasta su \u00faltimo d\u00eda y desde su fundaci\u00f3n, pero tambi\u00e9n en <em>Periodista Digital<\/em> tenemos el honor de haberle tenido como columnista en un periodo tan convulso como fue el pand\u00e9mico a\u00f1o 2020.<\/p>\n<p>Nos fijamos en este punto en uno de sus \u00faltimos art\u00edculos publicados en este medio, titulado<a href=\"https:\/\/www.periodistadigital.com\/periodismo\/20201104\/alfonso-ussia-identidad-sentida-noticia-689404391363\/\"><em> \u2018Identidad sentida\u2019<\/em><\/a>y que hac\u00eda un descalabro de algo que a\u00fan hoy un lustro despu\u00e9s sigue muy de moda por todos los problemas que ocasiona, la Ley Trans:<\/p>\n<blockquote>\n<p>De aprobarse la Ley, me presentar\u00e9 en una oficina del Estado para proceder a una \u201cDeclaraci\u00f3n de Identidad Sentida\u201d, con el fin de cumplir con la ilusi\u00f3n de toda mi vida.<\/p>\n<p>Llamarme por unos pocos d\u00edas Juana Lorenza. Tres d\u00edas m\u00e1s tarde, rectificar\u00e9 mi Declaraci\u00f3n y volver\u00e9 a llamarme Alfonso, Ildefonso o Alonso, que es lo mismo.<\/p>\n<p>Pero tampoco es original lo de las tontas y obsesas de ese Ministerio. En 1959, en pleno franquismo, ya exist\u00eda la f\u00f3rmula.<\/p>\n<p>La utiliz\u00f3 en la Comisar\u00eda de Buenavista, sita en la calle de Vel\u00e1zquez de Madrid, don Ram\u00f3n De la Polla Grande. En este caso, la \u201cDeclaraci\u00f3n de Identidad Sentida\u201d estaba m\u00e1s que justificada. De ah\u00ed se traslad\u00f3 su expediente al Ministerio de Justicia, y la respuesta oficial fue admitida.<\/p>\n<p>En la actualidad se llama Fernando Luis De la Polla Grande. No le gustaba llamarse Ram\u00f3n.<\/p>\n<p>Y la tonta mala no hab\u00eda nacido.<\/p>\n<\/blockquote>\n<p>Cuando entr\u00f3 a formar parte del medio dirigido por Alfonso Rojo nos dej\u00f3 esta entrevista telef\u00f3nica:<\/p>\n<div>\n<iframe loading=\"lazy\" src=\"https:\/\/geo.dailymotion.com\/player\/xgqsd.html?video=x7vwufs\" width=\"100%\" height=\"100%\" frameborder allowfullscreen=\"allowfullscreen\"><\/iframe>\n<\/div>\n<p><em>Entrevista a Alfonso Uss\u00eda tras fichar por Periodista Digital: \u00abEn tiempos de Franco los periodistas eran mucho m\u00e1s valientes que ahora\u00bb.<\/em><\/p>\n<p><em>\u00a0<\/em><\/p>\n<h2>Autor de m\u00e1s de 50 libros<\/h2>\n<p>Adem\u00e1s de ser un destacado periodista, Uss\u00eda fue un autor prol\u00edfico. Public\u00f3 m\u00e1s de 50 libros, entre ellos la serie sobre el marqu\u00e9s de Sotoancho que fusionaba humor con cr\u00edtica social, as\u00ed como obras de poes\u00eda sat\u00edrica que le aseguraron un lugar preeminente en la literatura contempor\u00e1nea espa\u00f1ola. Su producci\u00f3n literaria a menudo autopar\u00f3dica reflej\u00f3 los matices sociales de Espa\u00f1a durante su \u00e9poca, especialmente las contradicciones presentes en las clases altas.<\/p>\n<p>Su personalidad e estilo se inscriben dentro de una rica tradici\u00f3n literaria que evoca a autores como Jardiel Poncela o Pedro Mu\u00f1oz Seca; todo ello aderezado con un toque cr\u00edtico que desafiaba lo pol\u00edticamente correcto. Se le podr\u00eda considerar un escritor \u00abaristopopular\u00bb, capaz de conectar con audiencias diversas sin renunciar a sus convicciones ni a su esencia.<\/p>\n<p>Alfonso Uss\u00eda deja tras \u00e9l un periodismo que fue mucho m\u00e1s que informaci\u00f3n: fue una voz cr\u00edtica, libre y comprometida que se mantuvo firme ante las adversidades y defendi\u00f3 siempre la libertad de expresi\u00f3n sin reservas. Su legado perdura tanto en las p\u00e1ginas impresas como en la memoria colectiva del periodismo espa\u00f1ol; su nombre ser\u00e1 recordado como sin\u00f3nimo de ingenio y coraje.<\/p>\n<p>En lo personal, su vida estuvo marcada por el cari\u00f1o hacia su familia, a quienes siempre defendi\u00f3 fervientemente. Pas\u00f3 sus \u00faltimos a\u00f1os rodeado por ellos en Cantabria tras vender su hogar en Chamber\u00ed. Estuvo casado con Pili Hornedo Muguiro y fue padre y abuelo; siempre acompa\u00f1ado por quienes le apoyaron hasta el final.<\/p>\n<p>Alfonso Uss\u00eda se despide dejando atr\u00e1s un legado donde su escritura permanecer\u00e1 como testimonio vivo del periodismo basado en principios s\u00f3lidos, humor agudo y compromiso con Espa\u00f1a.<\/p>\n<\/div>\n<p> Source URL: https:\/\/www.periodistadigital.com\/periodismo\/20251205\/muere-alfonso-ussia-77-anos-historia-columnismo-espanol-noticia-689405160531\/<\/p>\n","protected":false},"excerpt":{"rendered":"<p>M\u00e1s informaci\u00f3n Alfonso Uss\u00eda, columnista de la libertad La mofa de Alfonso Uss\u00eda sobre las hijas de Zapatero saca a la luz el abultado patrimonio del expresidente Alfonso Uss\u00eda, una de las figuras m\u00e1s emblem\u00e1ticas del periodismo espa\u00f1ol actual, ha fallecido a los 77 a\u00f1os en su hogar de Ruiloba, Cantabria. Su partida marca el [&hellip;]<\/p>\n","protected":false},"author":1,"featured_media":867183,"comment_status":"open","ping_status":"","sticky":false,"template":"","format":"standard","meta":{"footnotes":""},"categories":[88],"tags":[112],"class_list":["post-867182","post","type-post","status-publish","format-standard","has-post-thumbnail","hentry","category-spain","tag-periodistadigital-com"],"_links":{"self":[{"href":"https:\/\/analyse.optim.biz\/index.php?rest_route=\/wp\/v2\/posts\/867182","targetHints":{"allow":["GET"]}}],"collection":[{"href":"https:\/\/analyse.optim.biz\/index.php?rest_route=\/wp\/v2\/posts"}],"about":[{"href":"https:\/\/analyse.optim.biz\/index.php?rest_route=\/wp\/v2\/types\/post"}],"author":[{"embeddable":true,"href":"https:\/\/analyse.optim.biz\/index.php?rest_route=\/wp\/v2\/users\/1"}],"replies":[{"embeddable":true,"href":"https:\/\/analyse.optim.biz\/index.php?rest_route=%2Fwp%2Fv2%2Fcomments&post=867182"}],"version-history":[{"count":0,"href":"https:\/\/analyse.optim.biz\/index.php?rest_route=\/wp\/v2\/posts\/867182\/revisions"}],"wp:featuredmedia":[{"embeddable":true,"href":"https:\/\/analyse.optim.biz\/index.php?rest_route=\/wp\/v2\/media\/867183"}],"wp:attachment":[{"href":"https:\/\/analyse.optim.biz\/index.php?rest_route=%2Fwp%2Fv2%2Fmedia&parent=867182"}],"wp:term":[{"taxonomy":"category","embeddable":true,"href":"https:\/\/analyse.optim.biz\/index.php?rest_route=%2Fwp%2Fv2%2Fcategories&post=867182"},{"taxonomy":"post_tag","embeddable":true,"href":"https:\/\/analyse.optim.biz\/index.php?rest_route=%2Fwp%2Fv2%2Ftags&post=867182"}],"curies":[{"name":"wp","href":"https:\/\/api.w.org\/{rel}","templated":true}]}}