{"id":86598,"date":"2019-04-15T09:43:38","date_gmt":"2019-04-15T06:43:38","guid":{"rendered":"https:\/\/analyse.optim.biz\/?p=86598"},"modified":"2019-04-15T09:43:38","modified_gmt":"2019-04-15T06:43:38","slug":"toader-inaintea-motiunii-simple-am-luat-in-calcul-ambele-variante-remaniere-si-demisie","status":"publish","type":"post","link":"https:\/\/analyse.optim.biz\/?p=86598","title":{"rendered":"Toader, \u00eenaintea mo\u021biunii simple: \u201eAm luat \u00een calcul ambele variante: remaniere \u0219i demisie\u201d"},"content":{"rendered":"<div class=\"entry data-app-meta data-app-meta-article\" data-embed-base-url-canonical=\"https:\/\/www.digi24.ro\/embed\/stiri\/actualitate\/justitie\/toader-inaintea-motiunii-simple-am-luat-in-calcul-ambele-variante-remaniere-si-demisie-1113472\">\n<p data-index=\"1\"><strong>Ministrul Justi\u021biei, <a href=\"https:\/\/www.digi24.ro\/stiri\/actualitate\/justitie\/motiunea-anti-toader-nu-se-voteaza-nici-miercuri-motivul-invocat-de-psd-1110886\" data-skip-linkfix=\"1\">Tudorel Toader<\/a>, a declarat, luni, <a href=\"https:\/\/www.digi24.ro\/stiri\/actualitate\/politica\/saptamana-incarcata-pe-scena-politica-1113395\" data-skip-linkfix=\"1\">\u00eenaintea mo\u021biunii simple care urmeaz\u0103 s\u0103 intre \u00een dezbatere la Senat<\/a>, c\u0103 a luat \u00een calcul at\u00e2t varianta remanierii, c\u00e2t \u0219i cea a demisiei, preciz\u00e2nd c\u0103 nu se va consulta cu nimeni privind o posibil\u0103 demisie.<\/strong><\/p>\n<figure class=\"article-thumb\"><img decoding=\"async\" src=\"https:\/\/analyse.optim.biz\/wp-content\/uploads\/2024\/09\/pwzkytqwywq5zwu1m2zmmgrhyzblnjnlywnlyje1ytq2-thumb_.jpg\" alt=\"tudorel toader declaratii inquam octav ganea 20190403150442_OGN_5519-01\" data-skip-htmlfix=\"1\" title=\"pwzkytqwywq5zwu1m2zmmgrhyzblnjnlywnlyje1ytq2-thumb_\"><figcaption> Foto: Inquam Photos\/Octav Ganea <\/figcaption><\/figure>\n<p data-index=\"2\">Citi\u021bi \u0219i:\u00a0\u00a0<strong><a title=\"title\" href=\"https:\/\/www.digi24.ro\/opinii\/intrebarea-saptamanii\/ar-trebui-ca-liviu-dragnea-sa-l-dea-afara-pe-tudorel-toader-din-guvern-1113073\" data-skip-linkfix=\"1\">\u00centrebarea s\u0103pt\u0103m\u00e2nii. Ar trebui ca Liviu Dragnea s\u0103-l dea afar\u0103 pe Tudorel Toader din Guvern?<\/a><\/strong><\/p>\n<p data-index=\"3\"><em>\u201eO zi ca multe altele \u00een care sunt la minister, depun jur\u0103m\u00e2ntul unii de asimilat judec\u0103tor-procuror, primesc studen\u021bi care vin \u00een vizit\u0103 la minister \u0219i le voi face o scurt\u0103 prezentare a ministerului, dup\u0103 care \u00eei voi l\u0103sa cu colegii mei pentru mai multe am\u0103nunte, mo\u021biunea de cenzur\u0103 \u0219i ce va mai fi, s\u0103 spunem, la capitolul neprev\u0103zut pe ziua de ast\u0103zi\u201d,<\/em> a declarat Tudorel Toader, citat de <strong><a href=\"https:\/\/www.mediafax.ro\/social\/video-inainte-de-motiune-toader-intre-demisie-si-remaniere-nu-am-nevoie-sa-ma-consult-e-o-decizie-personala-18084455\" data-skip-linkfix=\"1\">Mediafax<\/a><\/strong>.<\/p>\n<p data-index=\"4\">\u00centrebat ce vrea s\u0103 le transmit\u0103 colegilor din Senat \u00een condi\u0163iile \u00een care <a href=\"https:\/\/www.digi24.ro\/stiri\/actualitate\/politica\/liviu-dragnea-se-pare-ca-psd-nu-l-mai-asuma-pe-tudorel-toader-1111445\" data-skip-linkfix=\"1\"><strong>pre\u015fedintele PSD Liviu Dragnea a precizat c\u0103 Tudorel Toader nu prea mai e sus\u0163inut de PSD<\/strong><\/a>, ministrul Justi\u0163iei a \u00eentrebat retoric: \u201e<em>Mo\u0163iunea se dezbate acuma aici sau \u00een Senat? Este posibil\u0103 orice variant\u0103 pe care o prevede Constitu\u0163ia, orice variant\u0103 pe care o vor decide deciden\u0163ii. Eu sper c\u0103 \u00eemi fac treaba p\u00e2n\u0103 \u00een ultimul moment, ca ministru. Repet, este o regul\u0103, un principiu, care spune c\u0103 trebuie asigurat\u0103 continuitatea activit\u0103\u0163ii autorit\u0103\u0163ii, c\u0103 nu po\u0163i s\u0103 spui : gata, eu am auzit c\u0103 m\u0103 remaniaz\u0103 \u015fi plec. Nu e posibil a\u015fa ceva, trebuie proces-verbal, predare-primire c\u0103tre noul ministru, \u00een final sigiliu \u015fi la gar\u0103, cum se spune\u201d.<\/em><\/p>\n<p data-index=\"5\">Tudorel Toader a ad\u0103ugat c\u0103 nu exclude varianta unei demisii, dar a declarat c\u0103 nu se va consulta cu pre\u0219edintele ALDE C\u0103lin Popescu-T\u0103riceanu sau cu altcineva \u00een aceast\u0103 privin\u021b\u0103.<\/p>\n<p data-index=\"6\"><em>\u201eAm luat \u00een calcul ambele variante (remaniere \u015fi demisie -n.r.). Din momentul \u00een care am spus p\u00e2n\u0103 apare \u00een Monitorul Oficial, nu am spus care e procedura prin care apare \u00een Monitor altcineva, prin urmare, sunt toate c\u0103ile posibile. Dac\u0103 decizia e a mea, nu o discut cu domnul T\u0103riceanu. Nu am nevoie s\u0103 m\u0103 consult dac\u0103 s\u0103-mi dau demisia sau nu. E o decizie personal\u0103\u201d<\/em>, a completat ministrul Justi\u0163iei.<\/p>\n<p data-index=\"7\">Citi\u021bi \u0219i:\u00a0<strong><a title=\"title\" href=\"https:\/\/www.digi24.ro\/stiri\/actualitate\/politica\/de-ce-depinde-soarta-vioricai-dancila-si-a-lui-tudorel-toader-in-guvern-1112631\" data-skip-linkfix=\"1\">De ce depinde soarta Vioric\u0103i D\u0103ncil\u0103 \u0219i a lui Tudorel Toader \u00een Guvern<\/a><\/strong><\/p>\n<p data-index=\"8\">\u00a0<\/p>\n<p data-index=\"9\">\u00a0<\/p>\n<\/div>\n<p> Source URL: https:\/\/www.digi24.ro\/stiri\/actualitate\/justitie\/toader-inaintea-motiunii-simple-am-luat-in-calcul-ambele-variante-remaniere-si-demisie-1113472<\/p>\n","protected":false},"excerpt":{"rendered":"<p>Ministrul Justi\u021biei, Tudorel Toader, a declarat, luni, \u00eenaintea mo\u021biunii simple care urmeaz\u0103 s\u0103 intre \u00een dezbatere la Senat, c\u0103 a luat \u00een calcul at\u00e2t varianta remanierii, c\u00e2t \u0219i cea a demisiei, preciz\u00e2nd c\u0103 nu se va consulta cu nimeni privind o posibil\u0103 demisie. Foto: Inquam Photos\/Octav Ganea Citi\u021bi \u0219i:\u00a0\u00a0\u00centrebarea s\u0103pt\u0103m\u00e2nii. Ar trebui ca Liviu Dragnea [&hellip;]<\/p>\n","protected":false},"author":1,"featured_media":86599,"comment_status":"open","ping_status":"","sticky":false,"template":"","format":"standard","meta":{"footnotes":""},"categories":[2],"tags":[11],"class_list":["post-86598","post","type-post","status-publish","format-standard","has-post-thumbnail","hentry","category-politics","tag-digi24"],"_links":{"self":[{"href":"https:\/\/analyse.optim.biz\/index.php?rest_route=\/wp\/v2\/posts\/86598","targetHints":{"allow":["GET"]}}],"collection":[{"href":"https:\/\/analyse.optim.biz\/index.php?rest_route=\/wp\/v2\/posts"}],"about":[{"href":"https:\/\/analyse.optim.biz\/index.php?rest_route=\/wp\/v2\/types\/post"}],"author":[{"embeddable":true,"href":"https:\/\/analyse.optim.biz\/index.php?rest_route=\/wp\/v2\/users\/1"}],"replies":[{"embeddable":true,"href":"https:\/\/analyse.optim.biz\/index.php?rest_route=%2Fwp%2Fv2%2Fcomments&post=86598"}],"version-history":[{"count":0,"href":"https:\/\/analyse.optim.biz\/index.php?rest_route=\/wp\/v2\/posts\/86598\/revisions"}],"wp:featuredmedia":[{"embeddable":true,"href":"https:\/\/analyse.optim.biz\/index.php?rest_route=\/wp\/v2\/media\/86599"}],"wp:attachment":[{"href":"https:\/\/analyse.optim.biz\/index.php?rest_route=%2Fwp%2Fv2%2Fmedia&parent=86598"}],"wp:term":[{"taxonomy":"category","embeddable":true,"href":"https:\/\/analyse.optim.biz\/index.php?rest_route=%2Fwp%2Fv2%2Fcategories&post=86598"},{"taxonomy":"post_tag","embeddable":true,"href":"https:\/\/analyse.optim.biz\/index.php?rest_route=%2Fwp%2Fv2%2Ftags&post=86598"}],"curies":[{"name":"wp","href":"https:\/\/api.w.org\/{rel}","templated":true}]}}