{"id":86578,"date":"2019-04-15T10:51:07","date_gmt":"2019-04-15T07:51:07","guid":{"rendered":"https:\/\/analyse.optim.biz\/?p=86578"},"modified":"2019-04-15T10:51:07","modified_gmt":"2019-04-15T07:51:07","slug":"foto-video-incaierare-in-momentul-in-care-a-ajuns-dragnea-la-iccj-trei-persoane-amendate","status":"publish","type":"post","link":"https:\/\/analyse.optim.biz\/?p=86578","title":{"rendered":"FOTO VIDEO. \u00cenc\u0103ierare \u00een momentul \u00een care a ajuns Dragnea la ICCJ. Trei persoane amendate"},"content":{"rendered":"<div class=\"entry data-app-meta data-app-meta-article\" data-embed-base-url-canonical=\"https:\/\/www.digi24.ro\/embed\/stiri\/actualitate\/politica\/incaierare-in-momentul-in-care-a-ajuns-dragnea-la-iccj-1113508\">\n<p data-index=\"1\"><strong>\u00cenc\u0103ierare la ICCJ, \u00een momentul \u00een care Liviu Dragnea a ajuns la instan\u021ba suprem\u0103.\u00a0<a href=\"https:\/\/www.digi24.ro\/stiri\/actualitate\/justitie\/liviu-dragnea-procesul-angajarilor-fictive-zi-cruciala-1113328\" data-skip-linkfix=\"1\">Magistra\u0163ii de la instan\u021ba suprem\u0103 judec\u0103 ast\u0103zi \u00eenc\u0103 un termen al procesului<\/a> \u00een care pre\u015fedintele PSD a fost condamnat la \u00eenchisoare pentru c\u0103 ar fi intervenit pentru ca doua secretare ale PSD s\u0103 fie pl\u0103tite ilegal din banii statului, pe vremea c\u00e2nd era pre\u015fedintele Consiliului Jude\u0163ean Teleorman. <a href=\"https:\/\/www.digi24.ro\/stiri\/actualitate\/justitie\/liviu-dragnea-procesul-angajarilor-fictive-zi-cruciala-1113328\" target=\"_blank\" rel=\"noopener\" data-skip-linkfix=\"1\">Urm\u0103ri\u021bi desf\u0103\u0219urarea evenimentului aici<\/a>.<\/strong><\/p>\n<p data-index=\"2\"><span lang=\"ro-RO\">Filmul complet de la sosirea lui Liviu Dragnea la instan\u021ba suprem\u0103:<\/span><\/p>\n<p data-index=\"3\"><strong>Actualizare 13:25. Cei trei b\u0103rba\u021bi ridica\u021bi de la ICCJ au fost amenda\u021bi cu c\u00e2te 200 de lei fiecare.<\/strong><\/p>\n<p data-index=\"4\">\u201e\u00cen continuare, \u00een urma evenimentelor de la \u00cenalta Curte de Casa\u021bie \u0219i Justi\u021bie, trei b\u0103rba\u021bi, cu v\u00e2rste cuprinse \u00eentre 27 \u0219i 36 de ani, au fost sanc\u021biona\u021bi cu c\u00e2te 200 de lei fiecare, \u00een conformitate cu art. 24, din Legea 61\/1991, pentru provocarea ori participarea efectiv\u0103 la scandal\u201d, transmite Jandarmeria \u00eentr-un comunicat.<\/p>\n<p data-index=\"5\"><strong>Actualizare 11:32.<\/strong>\u00a0\u0218edin\u021ba de judecat\u0103 a fost suspendat\u0103 pentru jum\u0103tate de or\u0103, deoarece Liviu Dragnea a recuzat un judec\u0103tor, potrivit informa\u021biilor Digi24. Este vorba despre judec\u0103toarea Simona Enceanu. Avocatul liderului PSD a invocat faptul c\u0103 a citit pe internet c\u0103 so\u021bul acestei ar fi\u00a0\u201eun sus\u021bin\u0103tor infocat al PSD\u201d.<\/p>\n<hr>\n<p data-index=\"6\"><strong>Actualizare 11:20.<\/strong> Trei persoane au fost duse la audieri la Sec\u021bia 8 de poli\u021bie. Ace\u0219tia au fost agresivi cu jurnali\u0219tii \u0219i inclusiv cu jandarmii. Dintre sutele de persoane acolo, majoritatea sunt sus\u021bin\u0103tori ai PSD.<\/p>\n<p data-index=\"7\">\u00a0<\/p>\n<p data-index=\"8\">\n<figure class=\"article-thumb article-thumb-gallery article-thumb-gallery-alt\"><a href=\"https:\/\/www.digi24.ro\/galerie-foto\/1\/stiri\/actualitate\/politica\/incaierare-in-momentul-in-care-a-ajuns-dragnea-la-iccj-1113508\" data-skip-linkfix=\"1\"><img decoding=\"async\" src=\"https:\/\/analyse.optim.biz\/wp-content\/uploads\/2024\/09\/jnc9odawjmhhc2g9zge2odhkndm5zmy5yza0zjkyztc4ymzintu3mwyznzm-thumb_.jpg\" alt=\"Foto: InquamPhotos\/Octav Ganea\" data-skip-htmlfix=\"1\" title=\"jnc9odawjmhhc2g9zge2odhkndm5zmy5yza0zjkyztc4ymzintu3mwyznzm-thumb_\"><figcaption>Foto: InquamPhotos\/Octav Ganea<\/figcaption><\/a><\/p>\n<div class=\"read-more-cta\"><a href=\"https:\/\/www.digi24.ro\/galerie-foto\/1\/stiri\/actualitate\/politica\/incaierare-in-momentul-in-care-a-ajuns-dragnea-la-iccj-1113508\" title=\"Deschide galeria foto\" class=\"read-more\" data-skip-linkfix=\"1\">Deschide galeria foto<\/a><\/div>\n<\/figure>\n<div class=\"swiper-gallery-nav article-thumb\">\n<div class=\"swiper-container\">\n<div class=\"swiper-wrapper\"><a href=\"https:\/\/www.digi24.ro\/galerie-foto\/1\/stiri\/actualitate\/politica\/incaierare-in-momentul-in-care-a-ajuns-dragnea-la-iccj-1113508#1\" class=\"swiper-slide\" data-skip-linkfix=\"1\"><img decoding=\"async\" src=\"https:\/\/analyse.optim.biz\/wp-content\/uploads\/2024\/09\/jnc9odawjmhhc2g9zdy3zjk5owu0zte0n2m1ndfimjlhndcymda4zdhhnde-thumb_.jpg\" alt=\"Foto: InquamPhotos\/Octav Ganea | Poza 1 din 3\" data-skip-htmlfix=\"1\" title=\"jnc9odawjmhhc2g9zdy3zjk5owu0zte0n2m1ndfimjlhndcymda4zdhhnde-thumb_\"><figcaption class=\"hide\">Foto: InquamPhotos\/Octav Ganea<\/figcaption><\/a><a href=\"https:\/\/www.digi24.ro\/galerie-foto\/1\/stiri\/actualitate\/politica\/incaierare-in-momentul-in-care-a-ajuns-dragnea-la-iccj-1113508#2\" class=\"swiper-slide\" data-skip-linkfix=\"1\"><img decoding=\"async\" src=\"https:\/\/analyse.optim.biz\/wp-content\/uploads\/2024\/09\/jnc9odawjmhhc2g9njdkzwmynjk3mtuwymqwy2nmodblzjvhytfjntviytg-thumb_.jpg\" alt=\"Foto: InquamPhotos\/Octav Ganea | Poza 2 din 3\" data-skip-htmlfix=\"1\" title=\"jnc9odawjmhhc2g9njdkzwmynjk3mtuwymqwy2nmodblzjvhytfjntviytg-thumb_\"><figcaption class=\"hide\">Foto: InquamPhotos\/Octav Ganea<\/figcaption><\/a><a href=\"https:\/\/www.digi24.ro\/galerie-foto\/1\/stiri\/actualitate\/politica\/incaierare-in-momentul-in-care-a-ajuns-dragnea-la-iccj-1113508#3\" class=\"swiper-slide\" data-skip-linkfix=\"1\"><img decoding=\"async\" src=\"https:\/\/analyse.optim.biz\/wp-content\/uploads\/2024\/09\/ad1lmmjlmjc0otuzyjdjmjq0zdc2njnjnwvmnty0yjcznq-thumb_.jpg\" alt=\"Foto: InquamPhotos\/Octav Ganea | Poza 3 din 3\" data-skip-htmlfix=\"1\" title=\"ad1lmmjlmjc0otuzyjdjmjq0zdc2njnjnwvmnty0yjcznq-thumb_\"><figcaption class=\"hide\">Foto: InquamPhotos\/Octav Ganea<\/figcaption><\/a>, <\/div>\n<\/div>\n<\/div>\n<p data-index=\"9\">Situa\u021bia r\u0103m\u00e2ne tensionat\u0103 \u0219i este probabil ca busculadele s\u0103 se repete.<\/p>\n<p data-index=\"10\">\u00centre timp, completul de 5 judec\u0103tori a intrat \u00een sala de judecat\u0103.<\/p>\n<hr>\n<p data-index=\"11\"><span lang=\"ro-RO\">Au fost luate m\u0103suri speciale de siguran\u0163\u0103 la \u00cenalta Curte de Casa\u021bie \u0219i Justi\u021bie, \u00een ziua \u00een care procesul lui Liviu Dragnea ar putea ajunge la final.<\/span><\/p>\n<p data-index=\"12\">Jandarmii au montat garduri pe trotuar pentru a \u00eempiedica eventualii protestatari.\u00a0Ini\u021bial, jandarmii au montat garduri de protec\u021bie \u0219i \u00een u\u0219a institu\u021biei, pentru ca s\u0103 le ridice c\u00e2nd jurnali\u0219tii au pus \u00eentreb\u0103ri.<\/p>\n<p data-index=\"13\">Sute de oameni se afl\u0103 acum acolo, liderul PSD f\u0103c\u00e2ndu-\u0219i cu greu loc printre ei, fiind flancat de jandarmi dar \u0219i de sus\u021bin\u0103turi PSD (b\u0103rbatul \u00een sacou bej)<\/p>\n<p data-index=\"14\">\n<figure class=\"article-thumb article-thumb-gallery article-thumb-gallery-alt\"><a href=\"https:\/\/www.digi24.ro\/galerie-foto\/2\/stiri\/actualitate\/politica\/incaierare-in-momentul-in-care-a-ajuns-dragnea-la-iccj-1113508\" data-skip-linkfix=\"1\"><img decoding=\"async\" src=\"https:\/\/analyse.optim.biz\/wp-content\/uploads\/2024\/09\/ptjknmrkmta3yji1mmflmgzmnjbhotmymmywmdi2ywi2-thumb_.jpg\" alt=\"Foto: InquamPhotos\/Octav Ganea\" data-skip-htmlfix=\"1\" title=\"ptjknmrkmta3yji1mmflmgzmnjbhotmymmywmdi2ywi2-thumb_\"><figcaption>Foto: InquamPhotos\/Octav Ganea<\/figcaption><\/a><\/p>\n<div class=\"read-more-cta\"><a href=\"https:\/\/www.digi24.ro\/galerie-foto\/2\/stiri\/actualitate\/politica\/incaierare-in-momentul-in-care-a-ajuns-dragnea-la-iccj-1113508\" title=\"Deschide galeria foto\" class=\"read-more\" data-skip-linkfix=\"1\">Deschide galeria foto<\/a><\/div>\n<\/figure>\n<div class=\"swiper-gallery-nav article-thumb\">\n<div class=\"swiper-container\">\n<div class=\"swiper-wrapper\"><a href=\"https:\/\/www.digi24.ro\/galerie-foto\/2\/stiri\/actualitate\/politica\/incaierare-in-momentul-in-care-a-ajuns-dragnea-la-iccj-1113508#1\" class=\"swiper-slide\" data-skip-linkfix=\"1\"><img decoding=\"async\" src=\"https:\/\/analyse.optim.biz\/wp-content\/uploads\/2024\/09\/pwflmtc4ztu3ode3ytq3ndrhmwe5njdin2i3nzfinmfk-thumb_.jpg\" alt=\"Foto: InquamPhotos\/Octav Ganea | Poza 1 din 4\" data-skip-htmlfix=\"1\" title=\"pwflmtc4ztu3ode3ytq3ndrhmwe5njdin2i3nzfinmfk-thumb_\"><figcaption class=\"hide\">Foto: InquamPhotos\/Octav Ganea<\/figcaption><\/a><a href=\"https:\/\/www.digi24.ro\/galerie-foto\/2\/stiri\/actualitate\/politica\/incaierare-in-momentul-in-care-a-ajuns-dragnea-la-iccj-1113508#2\" class=\"swiper-slide\" data-skip-linkfix=\"1\"><img decoding=\"async\" src=\"https:\/\/analyse.optim.biz\/wp-content\/uploads\/2024\/09\/pwzmmti2zde3mjayzjmzy2mzztg2mmm3ytrhmzg0ztfj-thumb_.jpg\" alt=\"Foto: InquamPhotos\/Octav Ganea | Poza 2 din 4\" data-skip-htmlfix=\"1\" title=\"pwzmmti2zde3mjayzjmzy2mzztg2mmm3ytrhmzg0ztfj-thumb_\"><figcaption class=\"hide\">Foto: InquamPhotos\/Octav Ganea<\/figcaption><\/a><a href=\"https:\/\/www.digi24.ro\/galerie-foto\/2\/stiri\/actualitate\/politica\/incaierare-in-momentul-in-care-a-ajuns-dragnea-la-iccj-1113508#3\" class=\"swiper-slide\" data-skip-linkfix=\"1\"><img decoding=\"async\" src=\"https:\/\/analyse.optim.biz\/wp-content\/uploads\/2024\/09\/pwnhoda1ngzjnmixnzfkzjq1n2u1zgvmntczmdg5ytbj-thumb_.jpg\" alt=\"Foto: InquamPhotos\/Octav Ganea | Poza 3 din 4\" data-skip-htmlfix=\"1\" title=\"pwnhoda1ngzjnmixnzfkzjq1n2u1zgvmntczmdg5ytbj-thumb_\"><figcaption class=\"hide\">Foto: InquamPhotos\/Octav Ganea<\/figcaption><\/a><a href=\"https:\/\/www.digi24.ro\/galerie-foto\/2\/stiri\/actualitate\/politica\/incaierare-in-momentul-in-care-a-ajuns-dragnea-la-iccj-1113508#4\" class=\"swiper-slide\" data-skip-linkfix=\"1\"><img decoding=\"async\" src=\"https:\/\/analyse.optim.biz\/wp-content\/uploads\/2024\/09\/pta0y2uzmtcyyzyxntzinjazmjy4y2mzndjmzgzlngi0-thumb_.jpg\" alt=\"Foto: InquamPhotos\/Octav Ganea | Poza 4 din 4\" data-skip-htmlfix=\"1\" title=\"pta0y2uzmtcyyzyxntzinjazmjy4y2mzndjmzgzlngi0-thumb_\"><figcaption class=\"hide\">Foto: InquamPhotos\/Octav Ganea<\/figcaption><\/a>, <\/div>\n<\/div>\n<\/div>\n<p data-index=\"15\"><em>Foto: InquamPhotos\/Octav Ganea<\/em><\/p>\n<p data-index=\"16\">\u00cen momentul \u00een care Liviu Dragnea a ajuns acolo s-a produs o \u00eenc\u0103ierare. Jandarmii l-au flancat pe liderul PSD \u00een cl\u0103dire. Potrivit relat\u0103rilor de la fa\u021ba locului, unele persoane au aruncat cu ap\u0103.<\/p>\n<p data-index=\"17\">O persoan\u0103 a fost ridicat\u0103 de jandarmi. Nu se \u0219tie \u00een acest moment dac\u0103 este un sus\u021bin\u0103tor al PSD sau un protestatar.<\/p>\n<p data-index=\"18\">Str\u0103zile din jur sunt blocate.<\/p>\n<\/div>\n<p> Source URL: https:\/\/www.digi24.ro\/stiri\/actualitate\/politica\/incaierare-in-momentul-in-care-a-ajuns-dragnea-la-iccj-1113508<\/p>\n","protected":false},"excerpt":{"rendered":"<p>\u00cenc\u0103ierare la ICCJ, \u00een momentul \u00een care Liviu Dragnea a ajuns la instan\u021ba suprem\u0103.\u00a0Magistra\u0163ii de la instan\u021ba suprem\u0103 judec\u0103 ast\u0103zi \u00eenc\u0103 un termen al procesului \u00een care pre\u015fedintele PSD a fost condamnat la \u00eenchisoare pentru c\u0103 ar fi intervenit pentru ca doua secretare ale PSD s\u0103 fie pl\u0103tite ilegal din banii statului, pe vremea c\u00e2nd [&hellip;]<\/p>\n","protected":false},"author":1,"featured_media":86579,"comment_status":"open","ping_status":"","sticky":false,"template":"","format":"standard","meta":{"footnotes":""},"categories":[2],"tags":[11],"class_list":["post-86578","post","type-post","status-publish","format-standard","has-post-thumbnail","hentry","category-politics","tag-digi24"],"_links":{"self":[{"href":"https:\/\/analyse.optim.biz\/index.php?rest_route=\/wp\/v2\/posts\/86578","targetHints":{"allow":["GET"]}}],"collection":[{"href":"https:\/\/analyse.optim.biz\/index.php?rest_route=\/wp\/v2\/posts"}],"about":[{"href":"https:\/\/analyse.optim.biz\/index.php?rest_route=\/wp\/v2\/types\/post"}],"author":[{"embeddable":true,"href":"https:\/\/analyse.optim.biz\/index.php?rest_route=\/wp\/v2\/users\/1"}],"replies":[{"embeddable":true,"href":"https:\/\/analyse.optim.biz\/index.php?rest_route=%2Fwp%2Fv2%2Fcomments&post=86578"}],"version-history":[{"count":0,"href":"https:\/\/analyse.optim.biz\/index.php?rest_route=\/wp\/v2\/posts\/86578\/revisions"}],"wp:featuredmedia":[{"embeddable":true,"href":"https:\/\/analyse.optim.biz\/index.php?rest_route=\/wp\/v2\/media\/86579"}],"wp:attachment":[{"href":"https:\/\/analyse.optim.biz\/index.php?rest_route=%2Fwp%2Fv2%2Fmedia&parent=86578"}],"wp:term":[{"taxonomy":"category","embeddable":true,"href":"https:\/\/analyse.optim.biz\/index.php?rest_route=%2Fwp%2Fv2%2Fcategories&post=86578"},{"taxonomy":"post_tag","embeddable":true,"href":"https:\/\/analyse.optim.biz\/index.php?rest_route=%2Fwp%2Fv2%2Ftags&post=86578"}],"curies":[{"name":"wp","href":"https:\/\/api.w.org\/{rel}","templated":true}]}}