{"id":865768,"date":"2025-12-04T00:00:00","date_gmt":"2025-12-03T21:00:00","guid":{"rendered":"https:\/\/analyse.optim.biz\/?p=865768"},"modified":"2025-12-04T00:00:00","modified_gmt":"2025-12-03T21:00:00","slug":"citan-en-el-juzgado-a-bocachancla-santaolalla-por-llamar-delincuentes-a-hazteoir-periodista-digital","status":"publish","type":"post","link":"https:\/\/analyse.optim.biz\/?p=865768","title":{"rendered":"Citan en el juzgado a &#8216;Bocachancla&#8217; Santaolalla por llamar &#8220;delincuentes&#8221; a HazteOir &#8211; Periodista Digital"},"content":{"rendered":"<div class=\"m4p-post-content\">\n<div class=\"block-vertical-align-right\">\n<div class=\"m4p-relations-group\">\n<div class=\"m4p-group-vertical-title\">\n<h2>M\u00e1s informaci\u00f3n<\/h2>\n<\/div>\n<div class=\"m4p-summary-news\">\n<figure class=\"m4p-image m4p-crop-medium-1\"><a href=\"https:\/\/www.periodistadigital.com\/periodismo\/20251121\/sarah-santaolalla-video-689405155825\/\"><img loading=\"lazy\" decoding=\"async\" src=\"https:\/\/analyse.optim.biz\/wp-content\/uploads\/2025\/12\/pentagrama-320x214-1.jpeg\" width=\"320\" height=\"214\" alt='\"\u00a1Est\u00e1s con Sarah Santaolalla!\"' title=\"pentagrama-320x214-1\"><\/a><\/figure>\n<div class=\"m4p-summary-news-title\">\n<h3><a href=\"https:\/\/www.periodistadigital.com\/periodismo\/20251121\/sarah-santaolalla-video-689405155825\/\">&#8220;\u00a1Est\u00e1s con Sarah Santaolalla!&#8221;<\/a><\/h3>\n<\/div>\n<\/div>\n<\/div>\n<\/div>\n<p><span class=\"m4p-capitular\">L<\/span>a televisi\u00f3n en Espa\u00f1a se encuentra nuevamente en el ojo del hurac\u00e1n.<\/p>\n<p>Esta vez, la tormenta se ha desatado en torno a <strong>Sarah Santaolalla<\/strong>, colaboradora asidua en programas de debate de cadenas como <strong>Cuatro<\/strong>.<\/p>\n<p>La nueva \u2018bocachancla\u2019 televisiva ha sido convocada a un acto de conciliaci\u00f3n tras ser <a href=\"https:\/\/www.periodistadigital.com\/periodismo\/tv\/20250924\/enchufada-sarah-santaolalla-reparte-coces-rebuznos-tve-influencer-retarla-debate-video-689405135924\/\">denunciada por sus comentarios dirigidos a la organznizaci\u00f3n HazteOir<\/a>.<\/p>\n<p>La activista sanchista ha sido citada este jueves 4 de diciembre en los juzgados de Salamanca tras las declaraciones que realiz\u00f3 el pasado 11 de febrero de 2025.<\/p>\n<blockquote>\n<p>\u00abSon aut\u00e9nticos delincuentes y es muy peligroso que conozcan la informaci\u00f3n privada de quien forma parte de este proceso\u00bb, afirm\u00f3 en el programa <em>En boca de todos<\/em> de Cuatro.<\/p>\n<\/blockquote>\n<p>Por su parte, la organizaci\u00f3n incide en que estas declaraciones son objetivamente falsas, y que, adem\u00e1s, resultan insultantes, vejatorias, difamatorias, injuriosas y calumniosas.<\/p>\n<blockquote>\n<p>\u00abHazteOir no est\u00e1 integrada por delincuentes, pues la asociaci\u00f3n no tiene ninguna causa penal abierta en su contra y tampoco ha sido nunca condenada por delito alguno. Es adem\u00e1s una asociaci\u00f3n civil legalmente constituida y de \u00e1mbito nacional\u00bb.<\/p>\n<\/blockquote>\n<p>La convocatoria a un acto de conciliaci\u00f3n representa un momento crucial. Este procedimiento es un paso previo en el sistema judicial espa\u00f1ol que intenta resolver conflictos sin necesidad de llegar a juicio; no obstante, si no tiene \u00e9xito podr\u00eda dar lugar a un proceso penal formal. Cabe destacar que la asistencia a este acto no es obligatoria.<\/p>\n<p>Ahora corresponde a los tribunales determinar si las declaraciones sobrepasaron el umbral legal establecido o si se trata simplemente de un ejercicio controvertido pero leg\u00edtimo de libertad de expresi\u00f3n que no deber\u00eda considerarse delito. Esta distinci\u00f3n ser\u00e1 vital no solo para Santaolalla sino tambi\u00e9n para establecer precedentes sobre lo que se puede o no decir en televisi\u00f3n cuando hay menores involucrados.<\/p>\n<blockquote class=\"twitter-tweet\" data-width=\"500\" data-dnt=\"true\">\n<p lang=\"es\" dir=\"ltr\">No, <a href=\"https:\/\/twitter.com\/hazteoir?ref_src=twsrc%5Etfw\">@hazteoir<\/a> no est\u00e1 integrada por \u00abdelincuentes\u00bb, sino por patriotas que aman a Espa\u00f1a y defienden la vida, la familia y la libertad.<\/p>\n<p>Y s\u00ed, lo prometido es deuda, por eso Sarah Santaolalla ha sido citada en los juzgados.<\/p>\n<p>Aqu\u00ed sus declaraciones \ud83d\udc47<a href=\"https:\/\/t.co\/BPUTrrOc6q\">pic.twitter.com\/BPUTrrOc6q<\/a> <a href=\"https:\/\/t.co\/ao2BOEuUaF\">https:\/\/t.co\/ao2BOEuUaF<\/a><\/p>\n<p>&mdash; HazteOir.org (@hazteoir) <a href=\"https:\/\/twitter.com\/hazteoir\/status\/1996548231371633145?ref_src=twsrc%5Etfw\">December 4, 2025<\/a><\/p><\/blockquote>\n<p><script async src=\"https:\/\/platform.twitter.com\/widgets.js\" charset=\"utf-8\"><\/script><\/p>\n<blockquote class=\"twitter-tweet\" data-width=\"500\" data-dnt=\"true\">\n<p lang=\"es\" dir=\"ltr\">\ud83d\udea8 URGENTE<\/p>\n<p>\ud83d\udce2 Declaraciones de <a href=\"https:\/\/twitter.com\/PerezRoldanJM?ref_src=twsrc%5Etfw\">@PerezRoldanJM<\/a>, letrado y secretario general de <a href=\"https:\/\/twitter.com\/hazteoir?ref_src=twsrc%5Etfw\">@hazteoir<\/a>, desde los juzgados de Salamanca, donde hoy Sarah Santaolalla ha sido citada por llamar &quot;delincuentes&quot; a los miembros de Hazte O\u00edr:<\/p>\n<p>&quot;Aqu\u00ed, en los juzgados, no est\u00e1&quot; <a href=\"https:\/\/t.co\/Mm65feHJeO\">pic.twitter.com\/Mm65feHJeO<\/a><\/p>\n<p>&mdash; HazteOir.org (@hazteoir) <a href=\"https:\/\/twitter.com\/hazteoir\/status\/1996593552072012018?ref_src=twsrc%5Etfw\">December 4, 2025<\/a><\/p><\/blockquote>\n<p><script async src=\"https:\/\/platform.twitter.com\/widgets.js\" charset=\"utf-8\"><\/script><\/p>\n<h2>Santaolalla, Ruiz y las pol\u00e9micas medi\u00e1ticas<\/h2>\n<p>La relaci\u00f3n entre <strong>Sarah Santaolalla<\/strong> y el periodista <strong>Javier Ruiz<\/strong>, presentador del programa <em>Ma\u00f1aneros 360<\/em> en <strong>TVE<\/strong>, a\u00f1ade complejidad al asunto. Ruiz es un veterano del periodismo televisivo con d\u00e9cadas dedicadas a la tertulia pol\u00edtica; mientras tanto, Santaolalla representa un perfil m\u00e1s fresco y activista dentro del panorama medi\u00e1tico espa\u00f1ol. Su relaci\u00f3n p\u00fablica ha sido objeto de cr\u00edticas por aquellos que ven en ella un ejemplo claro del intercambio entre pol\u00edtica y medios.<\/p>\n<p>El verano pasado ambos ofrecieron un taller conjunto durante una Escuela de Verano organizada por las Juventudes Socialistas en <strong>Valencia<\/strong>, donde ense\u00f1aron t\u00e9cnicas para identificar bulos y manejar crisis medi\u00e1ticas. La iron\u00eda no pas\u00f3 desapercibida: una pareja cuyas vidas personales est\u00e1n entrelazadas con sus papeles p\u00fablicos ense\u00f1ando a j\u00f3venes militantes socialistas c\u00f3mo desenmascarar desinformaci\u00f3n. Cr\u00edticos han se\u00f1alado adem\u00e1s que Ruiz ha sido acusado en ocasiones anteriores de minimizar esc\u00e1ndalos gubernamentales desde su posici\u00f3n como periodista televisivo; mientras tanto, Santaolalla ha enfrentado cuestionamientos respecto a su doble rol como activista pol\u00edtica y tertuliana. Esta percepci\u00f3n ha erosionado su credibilidad ante amplios sectores del p\u00fablico.<\/p>\n<h2>Otras joyas de Santaolalla<\/h2>\n<p>La controversia estall\u00f3 cuando, durante una intervenci\u00f3n en horario estelar, <strong>Santaolalla<\/strong> hizo unas afirmaciones que son una clara invitaci\u00f3n a la sexualidad precoz entre menores.<\/p>\n<p>El contenido exacto de su mensaje, ampliamente compartido en redes sociales, ha sido objeto de diversas interpretaciones.<\/p>\n<p>Sin embargo, lo innegable es que provoc\u00f3 una reacci\u00f3n inmediata por parte de asociaciones de padres, pol\u00edticos y figuras p\u00fablicas que condenaron con firmeza lo que consideraban un mensaje inapropiado e irresponsable.<\/p>\n<p>La denuncia formal presentada ante los tribunales busca establecer responsabilidades legales para la comunicadora, con acusaciones que podr\u00edan encuadrarse dentro de delitos penales que contemplan penas de hasta tres a\u00f1os de prisi\u00f3n.<\/p>\n<blockquote class=\"twitter-tweet\" data-width=\"500\" data-dnt=\"true\">\n<p lang=\"es\" dir=\"ltr\">Sarah Santaolalla manda a los ni\u00f1os, ni\u00f1as y ni\u00f1es a follar con quien ellos quieran. <br \/>(Seg\u00fan la ley es delito todo tipo de acto de contenido sexual con un menor de 16 a\u00f1os, ya q \u00e9sta es la\u00a0edad legal de consentimiento en Espa\u00f1a y conlleva pena de prisi\u00f3n de 2 a 6 a\u00f1os). <a href=\"https:\/\/t.co\/7uvJhRRx42\">pic.twitter.com\/7uvJhRRx42<\/a><\/p>\n<p>&mdash; eldisidenteOK (@eldisidenteOK) <a href=\"https:\/\/twitter.com\/eldisidenteOK\/status\/1938963352929050896?ref_src=twsrc%5Etfw\">June 28, 2025<\/a><\/p><\/blockquote>\n<p><script async src=\"https:\/\/platform.twitter.com\/widgets.js\" charset=\"utf-8\"><\/script><\/div>\n<p> Source URL: https:\/\/www.periodistadigital.com\/television\/20251204\/citan-juzgado-bocachancla-santaolalla-ninos-ninas-nines-haced-querais-follad-querais-noticia-689405160085\/<\/p>\n","protected":false},"excerpt":{"rendered":"<p>M\u00e1s informaci\u00f3n &#8220;\u00a1Est\u00e1s con Sarah Santaolalla!&#8221; La televisi\u00f3n en Espa\u00f1a se encuentra nuevamente en el ojo del hurac\u00e1n. Esta vez, la tormenta se ha desatado en torno a Sarah Santaolalla, colaboradora asidua en programas de debate de cadenas como Cuatro. La nueva \u2018bocachancla\u2019 televisiva ha sido convocada a un acto de conciliaci\u00f3n tras ser denunciada [&hellip;]<\/p>\n","protected":false},"author":1,"featured_media":865769,"comment_status":"open","ping_status":"","sticky":false,"template":"","format":"standard","meta":{"footnotes":""},"categories":[88],"tags":[112],"class_list":["post-865768","post","type-post","status-publish","format-standard","has-post-thumbnail","hentry","category-spain","tag-periodistadigital-com"],"_links":{"self":[{"href":"https:\/\/analyse.optim.biz\/index.php?rest_route=\/wp\/v2\/posts\/865768","targetHints":{"allow":["GET"]}}],"collection":[{"href":"https:\/\/analyse.optim.biz\/index.php?rest_route=\/wp\/v2\/posts"}],"about":[{"href":"https:\/\/analyse.optim.biz\/index.php?rest_route=\/wp\/v2\/types\/post"}],"author":[{"embeddable":true,"href":"https:\/\/analyse.optim.biz\/index.php?rest_route=\/wp\/v2\/users\/1"}],"replies":[{"embeddable":true,"href":"https:\/\/analyse.optim.biz\/index.php?rest_route=%2Fwp%2Fv2%2Fcomments&post=865768"}],"version-history":[{"count":0,"href":"https:\/\/analyse.optim.biz\/index.php?rest_route=\/wp\/v2\/posts\/865768\/revisions"}],"wp:featuredmedia":[{"embeddable":true,"href":"https:\/\/analyse.optim.biz\/index.php?rest_route=\/wp\/v2\/media\/865769"}],"wp:attachment":[{"href":"https:\/\/analyse.optim.biz\/index.php?rest_route=%2Fwp%2Fv2%2Fmedia&parent=865768"}],"wp:term":[{"taxonomy":"category","embeddable":true,"href":"https:\/\/analyse.optim.biz\/index.php?rest_route=%2Fwp%2Fv2%2Fcategories&post=865768"},{"taxonomy":"post_tag","embeddable":true,"href":"https:\/\/analyse.optim.biz\/index.php?rest_route=%2Fwp%2Fv2%2Ftags&post=865768"}],"curies":[{"name":"wp","href":"https:\/\/api.w.org\/{rel}","templated":true}]}}