{"id":86568,"date":"2019-04-15T11:50:22","date_gmt":"2019-04-15T08:50:22","guid":{"rendered":"https:\/\/analyse.optim.biz\/?p=86568"},"modified":"2019-04-15T11:50:22","modified_gmt":"2019-04-15T08:50:22","slug":"de-ce-a-cerut-avocata-lui-dragnea-recuzarea-unei-judecatoare-sotul-ei-e-un-sustinator-infocat-al-psd","status":"publish","type":"post","link":"https:\/\/analyse.optim.biz\/?p=86568","title":{"rendered":"De ce a cerut avocata lui Dragnea recuzarea unei judec\u0103toare: \u201eSo\u021bul ei e un sus\u021bin\u0103tor \u00eenfocat al PSD\u201d"},"content":{"rendered":"<div class=\"entry data-app-meta data-app-meta-article\" data-embed-base-url-canonical=\"https:\/\/www.digi24.ro\/embed\/stiri\/actualitate\/justitie\/de-ce-a-cerut-avocata-lui-dragnea-recuzarea-unei-judecatoare-sotul-ei-e-un-sustinator-infocat-al-psd-1113560\">\n<p data-index=\"1\"><strong>Avocata Flavia Teodosiu a reu\u0219it s\u0103 ob\u021bin\u0103 o suspendare de 30 de minute, dup\u0103 ce a cerut recuzarea judec\u0103toarei Simona Encean, pe motiv c\u0103 so\u021bul acesteia ar fi \u201eun sus\u021bin\u0103tor \u00eenfocat al PSD\u201d \u0219i \u201eeste afectat\u0103 impar\u021bialitatea\u201d, \u00een aceste condi\u021bii. Pe de alt\u0103 parte, unul dintre ap\u0103r\u0103torii lui <a href=\"https:\/\/www.digi24.ro\/stiri\/actualitate\/justitie\/liviu-dragnea-procesul-angajarilor-fictive-zi-cruciala-1113328\" data-skip-linkfix=\"1\">Liviu Dragnea \u00een dosarul angaj\u0103rilor fictive<\/a> de la DGASPC Teleorman, Toni Neac\u015fu, a declarat, luni, la sosirea la sediul \u00cenaltei Cur\u0163i de Casa\u0163ie \u015fi Justi\u0163ie, c\u0103 este pu\u0163in probabil ca instan\u0163a de judecat\u0103 s\u0103 se pronun\u0163e \u00eenainte de solu\u0163ia CCR privind completurile de trei judec\u0103tori. <\/strong><\/p>\n<figure class=\"article-thumb\"><img decoding=\"async\" src=\"https:\/\/analyse.optim.biz\/wp-content\/uploads\/2024\/09\/mtc3zdq3yzq5ndkzmtqzzjhingjhywvlzge1owrizti-thumb_.jpg\" alt=\"dragnea maini intinse_INQUAM_Photos_Octav_Ganea\" data-skip-htmlfix=\"1\" title=\"mtc3zdq3yzq5ndkzmtqzzjhingjhywvlzge1owrizti-thumb_\"><figcaption> Foto: InquamPhotos\/Octav Ganea <\/figcaption><\/figure>\n<p data-index=\"2\"><strong>Cite\u0219te \u0219i: <a href=\"https:\/\/www.digi24.ro\/stiri\/actualitate\/politica\/incaierare-in-momentul-in-care-a-ajuns-dragnea-la-iccj-1113508\" data-skip-linkfix=\"1\">FOTO VIDEO. \u00cenc\u0103ierare \u00een momentul \u00een care a ajuns Dragnea la ICCJ. Trei persoane duse la audieri<\/a><\/strong><\/p>\n<p data-index=\"3\"><a href=\"https:\/\/www.digi24.ro\/stiri\/actualitate\/justitie\/liviu-dragnea-procesul-angajarilor-fictive-zi-cruciala-1113328\" data-skip-linkfix=\"1\"><strong>LIVE TEXT.\u00a0Zi crucial\u0103. Liviu Dragnea a cerut recuzarea unui judec\u0103tor. \u0218edin\u021ba, suspendat\u0103 30 de minute<\/strong><\/a><\/p>\n<p data-index=\"4\">\u0218edin\u021ba de judecat\u0103 a fost suspendat\u0103 pentru aproximativ 30 de minute, dup\u0103 ce avocata lui Liviu Dragnea, Flavia Teodosiu, a cerut recuzarea judec\u0103toarei Simona Encean. \u201e<strong><em>Am citit pe internet c\u0103 so\u021bul ei ar fi un sus\u021bin\u0103tor \u00eenfocat al PSD. Este afectat\u0103 impar\u021bialitatea doamnei judec\u0103tor. Am g\u0103sit un material. So\u021bia \u00eel judec\u0103 pe Liviu Dragnea, so\u021bul e fan PSD. D\u00e2nsa nu mai poate face parte din acest complet\u201d,<\/em><\/strong>a spus avocata. P\u00e2n\u0103 c\u00e2nd cererea de recuzare va fi judecat\u0103 de un alt complet, \u0219edin\u021ba r\u0103m\u00e2ne suspendat\u0103.<\/p>\n<p data-index=\"5\">La sosirea la ICCJ, avocatul Toni Neac\u015fu sus\u0163ine c\u0103 dac\u0103 se d\u0103 o solu\u0163ie \u00een dosar \u00eenainte ca CCR s\u0103 se pronun\u0163e, decizia Cur\u0163ii Constitu\u0163ionale nu va mai putea influen\u0163a \u00een niciun fel decizia instan\u0163ei deja definitiv\u0103.<\/p>\n<p data-index=\"6\"><em>\u201eMotivul de apel pe care noi l-am invocat este \u00een str\u00e2ns\u0103 leg\u0103tur\u0103 cu ceea ce se va \u00eent\u00e2mpla la Curtea Constitu\u0163ional\u0103 pe conflictul juridic de natur\u0103 constitu\u0163ional\u0103. (&#8230;) Eu cred c\u0103 este normal s\u0103 se a\u015ftepte o solu\u0163ie de la Curtea Constitu\u0163ional\u0103 pentru a avea toate datele problemei\u201d,<\/em> a spus, luni, Toni Neac\u015fu,\u00a0la sosirea la ICCJ.\u00a0<\/p>\n<p data-index=\"7\">Ap\u0103r\u0103torul lui Liviu Dragnea a afirmat c\u0103 va invoca varianta conform c\u0103reia instan\u0163a de judecat\u0103 ar trebui s\u0103 a\u015ftepte pronun\u0163area CCR asupra conflictului juridic de natur\u0103 constitu\u0163ional\u0103 reclamat de Florin Iordache.<\/p>\n<p data-index=\"8\">\u00cen situa\u0163ia \u00een care \u00ceCCJ se va pronun\u0163a definitiv \u00eenainte ca CCR s\u0103 se pronun\u0163e \u00een respectiva spe\u0163\u0103, solu\u0163ia CCR nu va putea influen\u0163a decizia dat\u0103 de instan\u0163a de judecat\u0103, Toni Neac\u015fi afirm\u00e2nd, \u00eens\u0103, c\u0103 e pu\u0163in probabil ca instana s\u0103 se pronun\u0163e \u00eenaintea CCR.<\/p>\n<p data-index=\"9\"><em>\u201eE foarte pu\u0163in probabil, din punct de vedere tehnic, s\u0103 intervin\u0103 o solu\u0163ie definitiv\u0103 \u00eenainte de solu\u0163ionare. Altfel spus, ar \u00eensemana ca \u00een aceast\u0103 s\u0103pt\u0103m\u00e2n\u0103, ast\u0103zi, instan\u0163a dup\u0103 ce r\u0103m\u00eene \u00een pronun\u0163are s\u0103 \u015fi dea solu\u0163ia, ceea ce-i pu\u0163in probabil. Dac\u0103 \u00eens\u0103 se va \u00eent\u00e2mpla acest lucru, decizia Cur\u0163ii Constitu\u0163ionale nu va mai putea influen\u0163a \u00een niciun fel decizia instan\u0163ei deja definitiv\u0103\u201d,<\/em> a spus Nec\u015fu.<\/p>\n<p data-index=\"10\">Avocatul lui Liviu Dragnea a fost aprostrofat de c\u0103tre unul dintre contestatarii liderului PSD care au mers, luni, s\u0103-l a\u015ftepte pe Dragnea la \u00ceCCJ.<\/p>\n<p data-index=\"11\">\u201eV\u0103 sim\u0163i\u0163i bine c\u00e2nd \u00eei ap\u0103ra\u0163i pe ho\u0163i?\u201d, l-a \u00eentrebat un b\u0103rbat pe ap\u0103r\u0103torul liderului PSD.<\/p>\n<p data-index=\"12\">Un nou termen \u00een procesul angaj\u0103rilor fictive de la Protec\u0163ia Copilului Teleorman are loc luni, c\u00e2nd Liviu Dragnea, condamnat \u00een prim\u0103 instan\u0163\u0103 la trei ani \u015fi \u015fase luni de \u00eenchisoare cu executare, ar urma s\u0103 fie audiat din nou. El trebuia s\u0103 se prezinte la termenul din 18 martie, \u00eens\u0103 era internat \u00een spital.<\/p>\n<\/div>\n<p> Source URL: https:\/\/www.digi24.ro\/stiri\/actualitate\/justitie\/de-ce-a-cerut-avocata-lui-dragnea-recuzarea-unei-judecatoare-sotul-ei-e-un-sustinator-infocat-al-psd-1113560<\/p>\n","protected":false},"excerpt":{"rendered":"<p>Avocata Flavia Teodosiu a reu\u0219it s\u0103 ob\u021bin\u0103 o suspendare de 30 de minute, dup\u0103 ce a cerut recuzarea judec\u0103toarei Simona Encean, pe motiv c\u0103 so\u021bul acesteia ar fi \u201eun sus\u021bin\u0103tor \u00eenfocat al PSD\u201d \u0219i \u201eeste afectat\u0103 impar\u021bialitatea\u201d, \u00een aceste condi\u021bii. Pe de alt\u0103 parte, unul dintre ap\u0103r\u0103torii lui Liviu Dragnea \u00een dosarul angaj\u0103rilor fictive de [&hellip;]<\/p>\n","protected":false},"author":1,"featured_media":86569,"comment_status":"open","ping_status":"","sticky":false,"template":"","format":"standard","meta":{"footnotes":""},"categories":[2],"tags":[11],"class_list":["post-86568","post","type-post","status-publish","format-standard","has-post-thumbnail","hentry","category-politics","tag-digi24"],"_links":{"self":[{"href":"https:\/\/analyse.optim.biz\/index.php?rest_route=\/wp\/v2\/posts\/86568","targetHints":{"allow":["GET"]}}],"collection":[{"href":"https:\/\/analyse.optim.biz\/index.php?rest_route=\/wp\/v2\/posts"}],"about":[{"href":"https:\/\/analyse.optim.biz\/index.php?rest_route=\/wp\/v2\/types\/post"}],"author":[{"embeddable":true,"href":"https:\/\/analyse.optim.biz\/index.php?rest_route=\/wp\/v2\/users\/1"}],"replies":[{"embeddable":true,"href":"https:\/\/analyse.optim.biz\/index.php?rest_route=%2Fwp%2Fv2%2Fcomments&post=86568"}],"version-history":[{"count":0,"href":"https:\/\/analyse.optim.biz\/index.php?rest_route=\/wp\/v2\/posts\/86568\/revisions"}],"wp:featuredmedia":[{"embeddable":true,"href":"https:\/\/analyse.optim.biz\/index.php?rest_route=\/wp\/v2\/media\/86569"}],"wp:attachment":[{"href":"https:\/\/analyse.optim.biz\/index.php?rest_route=%2Fwp%2Fv2%2Fmedia&parent=86568"}],"wp:term":[{"taxonomy":"category","embeddable":true,"href":"https:\/\/analyse.optim.biz\/index.php?rest_route=%2Fwp%2Fv2%2Fcategories&post=86568"},{"taxonomy":"post_tag","embeddable":true,"href":"https:\/\/analyse.optim.biz\/index.php?rest_route=%2Fwp%2Fv2%2Ftags&post=86568"}],"curies":[{"name":"wp","href":"https:\/\/api.w.org\/{rel}","templated":true}]}}