{"id":86548,"date":"2019-04-15T15:06:50","date_gmt":"2019-04-15T12:06:50","guid":{"rendered":"https:\/\/analyse.optim.biz\/?p=86548"},"modified":"2019-04-15T15:06:50","modified_gmt":"2019-04-15T12:06:50","slug":"gabriel-zetea-alegatorii-psd-vor-riposta-mi-e-frica-de-ce-se-va-intampla-in-campaniile-electorale","status":"publish","type":"post","link":"https:\/\/analyse.optim.biz\/?p=86548","title":{"rendered":"Gabriel Zetea: Aleg\u0103torii PSD vor riposta. Mi-e fric\u0103 de ce se va \u00eent\u00e2mpla \u00een campaniile electorale"},"content":{"rendered":"<div class=\"entry data-app-meta data-app-meta-article\" data-embed-base-url-canonical=\"https:\/\/www.digi24.ro\/embed\/stiri\/actualitate\/politica\/gabriel-zetea-alegatorii-psd-vor-riposta-mi-e-frica-de-ce-se-va-intampla-in-campaniile-electorale-1113692\">\n<p data-index=\"1\"><strong>Pre\u0219edintele PSD Maramure\u0219, Gabriel Zetea, a declarat la Digi24 c\u0103 opozi\u021bia din Rom\u00e2nia acuz\u0103 orice act administrativ de ho\u021bie, iar acest lucru va genera o contrareac\u021bie din partea cealalt\u0103. Aleg\u0103torii PSD nu vor mai suporta toate aceste acuze \u00eempotriva partidului de la putere \u0219i \u201evor riposta\u201d. \u201eMi-e fric\u0103 de ce se va \u00eent\u00e2mpla \u00een campaniile electorale care urmeaz\u0103 \u0219i care vor genera foarte multe orgolii \u0219i foarte mult sentiment\u201d, precizeaz\u0103 Gabriel Zetea.<\/strong><\/p>\n<p data-index=\"2\">\u201eS-a ajuns la aceast\u0103 situa\u021bie \u00een care \u00eencet \u00eencet justi\u021bia coboar\u0103 \u00een strad\u0103 \u00een Rom\u00e2nia. Este o zi ru\u0219inoas\u0103 pentru \u00eentreaga societate rom\u00e2neasc\u0103, pentru c\u0103 justi\u021bia trebuie s\u0103 fie f\u0103cut\u0103 \u00een sala de judecat\u0103. Vorbim despre un proces, cineva acuz\u0103, cineva se apar\u0103, iar cei care vor da verdictul final vor fi judec\u0103torii \u0219i nimeni nu va putea s\u0103 contrazic\u0103 \u00eentr-un fel sau altul decizia judec\u0103torilor. Ea va trebui s\u0103 fie acceptat\u0103 de toat\u0103 lumea.<\/p>\n<p data-index=\"3\">Trebuie s\u0103 ne punem \u00eentrebarea mai mult cum am ajuns \u00een aceast\u0103 situa\u021bie, c\u0103 un proces, al oricui ar fi el, s\u0103 fie at\u00e2ta de comentat \u00een spa\u021biul public, \u0219i mai ales comentat \u00een strad\u0103.<\/p>\n<p data-index=\"4\">Clasa politic\u0103 ar trebui s\u0103 fie modele pentru societate \u0219i, \u00een loc s\u0103 ne acuz\u0103m reciproc \u00een fiecare zi de ho\u021bie &#8211; deocamdat\u0103 asta e opozi\u021bia \u00een Rom\u00e2nia, c\u0103 se \u00eent\u00e2mpl\u0103 vreo lege, e ho\u021bie, c\u0103 se \u00eent\u00e2mpl\u0103 vreun act administrativ, e ho\u021bie. Toat\u0103 aceast\u0103 retoric\u0103 preluat\u0103 de opozi\u021bie p\u00e2n\u0103 la cel mai mic sat din Rom\u00e2nia, orice act administrativ este deja acuzat de hotie. Lucrul asta va genera o contrareac\u021bie din partea cealalt\u0103.<\/p>\n<p data-index=\"5\">De obicei, aleg\u0103torii PSD sunt oameni ceva mai a\u0219eza\u021bi, care nu ies toat\u0103 ziua \u00een strad\u0103, pentru c\u0103 de obicei la orele acelea, ei sunt la munc\u0103.<\/p>\n<p data-index=\"6\">La un moment dat, nu vor mai suporta toate aceste acuze la nivel general impotriva PSD \u0219i vor riposta \u0219i mi-e fric\u0103 de ce se va \u00eent\u00e2mpl\u0103 \u00een campaniile electorale care urmeaza \u0219i care vor genera foarte multe orgolii \u0219i foarte mult sentiment. \u00cen momentul \u00een care va continua toat\u0103 aceast\u0103 retoric\u0103 a opozi\u021biei vizavi de ho\u021bia imaginar\u0103 din Rom\u00e2nia \u0219i felul \u00een care vor reac\u021biona \u0219i sus\u021bin\u0103torii PSD, pentru c\u0103 se va \u00eent\u00e2mpl\u0103 \u00een acest lucru\u201d, declar\u0103 Gabriel Zetea, pre\u0219edintele PSD Maramure\u0219.<\/p>\n<p data-index=\"7\">\u201eMa \u00eengrijoreaz\u0103 cele spuse de un reprezentant al PSD, dar \u00eentr-un fel anticipeaza probabil o evolu\u021bie negativ\u0103\u201d, a declarat Laura Sc\u00e2ntei, sentaor PNL, la Digi24.<\/p>\n<p data-index=\"8\"><span lang=\"ro-RO\">Liviu Dragnea a fost luni prezent la ICCJ, iar completul de 5 judec\u0103tori de la \u00cenalta Curte de Casa\u021bie \u0219i Justi\u021bie care judec\u0103 dosarul angaj\u0103rilor fictive din Teleorman, \u00een care liderul PSD este inculpat, a decis<a href=\"https:\/\/www.digi24.ro\/stiri\/actualitate\/justitie\/liviu-dragnea-procesul-angajarilor-fictive-zi-cruciala-1113328\" target=\"_blank\" rel=\"noopener\" data-skip-linkfix=\"1\"> o nou\u0103 am\u00e2nare<\/a>. Va fi un nou termen pe 20 mai.<\/span><\/p>\n<p data-index=\"9\"><a href=\"https:\/\/www.digi24.ro\/stiri\/actualitate\/politica\/incaierare-in-momentul-in-care-a-ajuns-dragnea-la-iccj-1113508\" target=\"_blank\" rel=\"noopener\" data-skip-linkfix=\"1\">\u00cen momentul \u00een care Liviu Dragnea a ajuns la instan\u021ba suprem\u0103 a\u00a0avut loc o \u00eenc\u0103ierare la ICCJ.\u00a0<\/a><\/p>\n<p data-index=\"10\"><span lang=\"ro-RO\">Au fost luate m\u0103suri speciale de siguran\u0163\u0103.\u00a0<\/span>Jandarmii au montat garduri pe trotuar pentru a \u00eempiedica eventualii protestatari.<\/p>\n<p data-index=\"11\">Sute de oameni s-au aflat acolo, liderul PSD f\u0103c\u00e2ndu-\u0219i cu greu loc printre ei, fiind flancat de jandarmi dar \u0219i de sus\u021bin\u0103turi PSD.<\/p>\n<p data-index=\"12\">\u00cen momentul \u00een care Liviu Dragnea a ajuns acolo s-a produs o \u00eenc\u0103ierare. Jandarmii l-au flancat pe liderul PSD \u00een cl\u0103dire. Potrivit relat\u0103rilor de la fa\u021ba locului, unele persoane au aruncat cu ap\u0103.<\/p>\n<\/div>\n<p> Source URL: https:\/\/www.digi24.ro\/stiri\/actualitate\/politica\/gabriel-zetea-alegatorii-psd-vor-riposta-mi-e-frica-de-ce-se-va-intampla-in-campaniile-electorale-1113692<\/p>\n","protected":false},"excerpt":{"rendered":"<p>Pre\u0219edintele PSD Maramure\u0219, Gabriel Zetea, a declarat la Digi24 c\u0103 opozi\u021bia din Rom\u00e2nia acuz\u0103 orice act administrativ de ho\u021bie, iar acest lucru va genera o contrareac\u021bie din partea cealalt\u0103. Aleg\u0103torii PSD nu vor mai suporta toate aceste acuze \u00eempotriva partidului de la putere \u0219i \u201evor riposta\u201d. \u201eMi-e fric\u0103 de ce se va \u00eent\u00e2mpla \u00een campaniile [&hellip;]<\/p>\n","protected":false},"author":1,"featured_media":86549,"comment_status":"open","ping_status":"","sticky":false,"template":"","format":"standard","meta":{"footnotes":""},"categories":[2],"tags":[11],"class_list":["post-86548","post","type-post","status-publish","format-standard","has-post-thumbnail","hentry","category-politics","tag-digi24"],"_links":{"self":[{"href":"https:\/\/analyse.optim.biz\/index.php?rest_route=\/wp\/v2\/posts\/86548","targetHints":{"allow":["GET"]}}],"collection":[{"href":"https:\/\/analyse.optim.biz\/index.php?rest_route=\/wp\/v2\/posts"}],"about":[{"href":"https:\/\/analyse.optim.biz\/index.php?rest_route=\/wp\/v2\/types\/post"}],"author":[{"embeddable":true,"href":"https:\/\/analyse.optim.biz\/index.php?rest_route=\/wp\/v2\/users\/1"}],"replies":[{"embeddable":true,"href":"https:\/\/analyse.optim.biz\/index.php?rest_route=%2Fwp%2Fv2%2Fcomments&post=86548"}],"version-history":[{"count":0,"href":"https:\/\/analyse.optim.biz\/index.php?rest_route=\/wp\/v2\/posts\/86548\/revisions"}],"wp:featuredmedia":[{"embeddable":true,"href":"https:\/\/analyse.optim.biz\/index.php?rest_route=\/wp\/v2\/media\/86549"}],"wp:attachment":[{"href":"https:\/\/analyse.optim.biz\/index.php?rest_route=%2Fwp%2Fv2%2Fmedia&parent=86548"}],"wp:term":[{"taxonomy":"category","embeddable":true,"href":"https:\/\/analyse.optim.biz\/index.php?rest_route=%2Fwp%2Fv2%2Fcategories&post=86548"},{"taxonomy":"post_tag","embeddable":true,"href":"https:\/\/analyse.optim.biz\/index.php?rest_route=%2Fwp%2Fv2%2Ftags&post=86548"}],"curies":[{"name":"wp","href":"https:\/\/api.w.org\/{rel}","templated":true}]}}