{"id":86542,"date":"2019-04-15T15:47:11","date_gmt":"2019-04-15T12:47:11","guid":{"rendered":"https:\/\/analyse.optim.biz\/?p=86542"},"modified":"2019-04-15T15:47:11","modified_gmt":"2019-04-15T12:47:11","slug":"ludovic-orban-cel-mai-jalnic-avocat-al-poporului-trebuie-sa-plece-acasa","status":"publish","type":"post","link":"https:\/\/analyse.optim.biz\/?p=86542","title":{"rendered":"Ludovic Orban: Cel mai jalnic Avocat al poporului trebuie s\u0103 plece acas\u0103"},"content":{"rendered":"<div class=\"entry data-app-meta data-app-meta-article\" data-embed-base-url-canonical=\"https:\/\/www.digi24.ro\/embed\/stiri\/actualitate\/politica\/ludovic-orban-cel-mai-jalnic-avocat-al-poporului-trebuie-sa-plece-acasa-1113718\">\n<p data-index=\"1\"><strong><span lang=\"ro-RO\">Pre\u015fedintele PNL, Ludovic Orban, a declarat, luni, c\u0103 \u201ecel mai jalnic Avocat al poporului trebuie s\u0103 plece acas\u0103\u201d \u015fi a solicitat conducerii Parlamentului demararea urgent\u0103 a procedurilor pentru \u201edesemnarea unui Avocat al poporului, nu a unei slugi a puterii\u201d.<\/span><\/strong><\/p>\n<p data-index=\"2\"><img loading=\"lazy\" decoding=\"async\" class=\"alignnone size-full wp-image-1098036\" src=\"https:\/\/analyse.optim.biz\/wp-content\/uploads\/2024\/09\/odawjmhhc2g9ngmzywnlzthizdlmndazotuwzjqwowqwntlknwu1ytu-thumb_.jpg\" width=\"422\" height=\"354\" data-skip-htmlfix=\"1\" title=\"odawjmhhc2g9ngmzywnlzthizdlmndazotuwzjqwowqwntlknwu1ytu-thumb_\"><\/p>\n<p data-index=\"3\">\u201e<span lang=\"ro-RO\">Cel mai jalnic Avocat al poporului trebuie s\u0103 plece acas\u0103 dup\u0103 ce \u015fi-a tr\u0103dat concent\u0103\u0163enii refuz\u00e2nd s\u0103 apere drepturile rom\u00e2nilor \u015fi s-a transformat \u00een cea mai penibil\u0103 slug\u0103 a lui Dragnea, T\u0103riceanu \u015fi a coali\u0163iei de guvernare\u201d, a spus Ludovic Orban, dup\u0103 \u015fedin\u0163a Biroului Executiv al PNL, potrivit News.ro.<\/span><\/p>\n<p data-index=\"4\"><span lang=\"ro-RO\">El a cerut conducerii Parlamentului demararea c\u00e2t mai urgent\u0103 a procedurilor pentru desemnarea noului Avocat al poporului.<\/span><\/p>\n<p data-index=\"5\">\u201e<span lang=\"ro-RO\">\u00cendemn\u0103m toate grupurile parlamentare s\u0103 contribuie la desemnarea unui Avocat al poporului, \u015fi nu a unei slugi a puterii\u201d, a mai spus liderul PNL.<\/span><\/p>\n<p data-index=\"6\"><span lang=\"ro-RO\">Mandatul lui Victor Ciorbea expir\u0103 \u00een 6 mai. Mandatul Avocatului Poporului este de 5 ani \u015fi poate fi re\u00eennoit o dat\u0103.<\/span><\/p>\n<\/div>\n<p> Source URL: https:\/\/www.digi24.ro\/stiri\/actualitate\/politica\/ludovic-orban-cel-mai-jalnic-avocat-al-poporului-trebuie-sa-plece-acasa-1113718<\/p>\n","protected":false},"excerpt":{"rendered":"<p>Pre\u015fedintele PNL, Ludovic Orban, a declarat, luni, c\u0103 \u201ecel mai jalnic Avocat al poporului trebuie s\u0103 plece acas\u0103\u201d \u015fi a solicitat conducerii Parlamentului demararea urgent\u0103 a procedurilor pentru \u201edesemnarea unui Avocat al poporului, nu a unei slugi a puterii\u201d. \u201eCel mai jalnic Avocat al poporului trebuie s\u0103 plece acas\u0103 dup\u0103 ce \u015fi-a tr\u0103dat concent\u0103\u0163enii refuz\u00e2nd [&hellip;]<\/p>\n","protected":false},"author":1,"featured_media":86543,"comment_status":"open","ping_status":"","sticky":false,"template":"","format":"standard","meta":{"footnotes":""},"categories":[2],"tags":[11],"class_list":["post-86542","post","type-post","status-publish","format-standard","has-post-thumbnail","hentry","category-politics","tag-digi24"],"_links":{"self":[{"href":"https:\/\/analyse.optim.biz\/index.php?rest_route=\/wp\/v2\/posts\/86542","targetHints":{"allow":["GET"]}}],"collection":[{"href":"https:\/\/analyse.optim.biz\/index.php?rest_route=\/wp\/v2\/posts"}],"about":[{"href":"https:\/\/analyse.optim.biz\/index.php?rest_route=\/wp\/v2\/types\/post"}],"author":[{"embeddable":true,"href":"https:\/\/analyse.optim.biz\/index.php?rest_route=\/wp\/v2\/users\/1"}],"replies":[{"embeddable":true,"href":"https:\/\/analyse.optim.biz\/index.php?rest_route=%2Fwp%2Fv2%2Fcomments&post=86542"}],"version-history":[{"count":0,"href":"https:\/\/analyse.optim.biz\/index.php?rest_route=\/wp\/v2\/posts\/86542\/revisions"}],"wp:featuredmedia":[{"embeddable":true,"href":"https:\/\/analyse.optim.biz\/index.php?rest_route=\/wp\/v2\/media\/86543"}],"wp:attachment":[{"href":"https:\/\/analyse.optim.biz\/index.php?rest_route=%2Fwp%2Fv2%2Fmedia&parent=86542"}],"wp:term":[{"taxonomy":"category","embeddable":true,"href":"https:\/\/analyse.optim.biz\/index.php?rest_route=%2Fwp%2Fv2%2Fcategories&post=86542"},{"taxonomy":"post_tag","embeddable":true,"href":"https:\/\/analyse.optim.biz\/index.php?rest_route=%2Fwp%2Fv2%2Ftags&post=86542"}],"curies":[{"name":"wp","href":"https:\/\/api.w.org\/{rel}","templated":true}]}}