{"id":862781,"date":"2025-12-04T00:00:00","date_gmt":"2025-12-03T21:00:00","guid":{"rendered":"https:\/\/analyse.optim.biz\/?p=862781"},"modified":"2025-12-04T00:00:00","modified_gmt":"2025-12-03T21:00:00","slug":"tremendo-tiron-de-orejas-de-maria-san-gil-a-pp-y-vox-por-sus-diatribas-lo-han-entendido-periodista-digital","status":"publish","type":"post","link":"https:\/\/analyse.optim.biz\/?p=862781","title":{"rendered":"Tremendo tir\u00f3n de orejas de Mar\u00eda San Gil a PP y Vox por sus diatribas: \u201c\u00bfLo han entendido?\u201d &#8211; Periodista Digital"},"content":{"rendered":"<div class=\"m4p-post-content\">\n<div class=\"block-vertical-align-right\">\n<div class=\"m4p-relations-group\">\n<div class=\"m4p-group-vertical-title\">\n<h2>M\u00e1s informaci\u00f3n<\/h2>\n<\/div>\n<div class=\"m4p-summary-news\">\n<figure class=\"m4p-image m4p-crop-medium-1\"><a href=\"https:\/\/www.periodistadigital.com\/periodismo\/20251020\/maria-san-gil-detalla-rojo-culpables-eta-siga-vivita-coleando-nacen-pnv-zapatero-letal-video-689405144623\/\"><img loading=\"lazy\" decoding=\"async\" src=\"https:\/\/analyse.optim.biz\/wp-content\/uploads\/2025\/12\/mariasangilalfonso1200-320x214-1.jpg\" width=\"320\" height=\"214\" alt='Mar\u00eda San Gil detalla a Rojo los culpables de que ETA siga vivita y coleando: \"Nacen del PNV y Zapatero fue letal\"' title=\"mariasangilalfonso1200-320x214-1\"><\/a><\/figure>\n<div class=\"m4p-summary-news-title\">\n<h3><a href=\"https:\/\/www.periodistadigital.com\/periodismo\/20251020\/maria-san-gil-detalla-rojo-culpables-eta-siga-vivita-coleando-nacen-pnv-zapatero-letal-video-689405144623\/\">Mar\u00eda San Gil detalla a Rojo los culpables de que ETA siga vivita y coleando: &#8220;Nacen del PNV y Zapatero fue letal&#8221;<\/a><\/h3>\n<\/div>\n<\/div>\n<div class=\"m4p-summary-news\">\n<figure class=\"m4p-image m4p-crop-medium-1\"><a href=\"https:\/\/www.periodistadigital.com\/politica\/20250410\/jaime-mayor-oreja-espana-muerta-agoniza-noticia-689405077514\/\"><img loading=\"lazy\" decoding=\"async\" src=\"https:\/\/analyse.optim.biz\/wp-content\/uploads\/2025\/12\/jaime-mayor-oreja-320x214-1.jpg\" width=\"320\" height=\"214\" alt='Jaime Mayor Oreja: \"Espa\u00f1a no est\u00e1 muerta, pero agoniza\"' title=\"jaime-mayor-oreja-320x214-1\"><\/a><\/figure>\n<div class=\"m4p-summary-news-title\">\n<h3><a href=\"https:\/\/www.periodistadigital.com\/politica\/20250410\/jaime-mayor-oreja-espana-muerta-agoniza-noticia-689405077514\/\">Jaime Mayor Oreja: &#8220;Espa\u00f1a no est\u00e1 muerta, pero agoniza&#8221;<\/a><\/h3>\n<\/div>\n<\/div>\n<\/div>\n<\/div>\n<p>Colosal.<\/p>\n<p>La expresidenta del <strong>Partido Popular<\/strong> del Pa\u00eds Vasco, <strong>Mar\u00eda San Gil<\/strong>, ha dado un fuerte tir\u00f3n de orejas al <strong>PP<\/strong> y a <strong>Vox<\/strong> por su falta de uni\u00f3n ante la amenaza que representa <strong>Pedro S\u00e1nchez<\/strong>.<\/p>\n<p>En el evento de presentaci\u00f3n de <strong>Sociedad Civil Espa\u00f1ola<\/strong>, la nueva plataforma que busca \u00abregenerar\u00bb Espa\u00f1a y que agrupa a m\u00e1s de 100 entidades como Pie en Pared, el Foro Libertad y Alternativa, Fundaci\u00f3n NEOS, Iniciativa 2028 o Espa\u00f1ol a Espa\u00f1ol por la Constituci\u00f3n, San Gil ha hecho \u00e9nfasis en el riesgo que representa el Frente Popular de Pedro S\u00e1nchez \u2014compuesto por comunistas, independentistas y <a href=\"https:\/\/neosfundacion.es\/actividades\/sociedad-civil-espanola-espana-en-la-diana-unidad-dignidad-y-accion\/\">etarras<\/a>\u2014 para la democracia:<\/p>\n<blockquote>\n<p>\u00abYo creo que nosotros, como sociedad civil, hemos entendido la naturaleza de este Frente Popular y por eso nos hemos asociado, porque creemos y entendemos que tenemos que trabajar de forma incansable por conseguir que en Espa\u00f1a haya otro tipo de Gobierno\u00bb.<\/p>\n<\/blockquote>\n<p>Y aqu\u00ed vino lo fuerte: una tremenda reprimenda a los dos partidos de derechas que aglutinan la mayor\u00eda social en este momento, de acuerdo con todas las encuestas salvo la del <strong>CIS de Tezanos<\/strong>, por estar m\u00e1s centrados en el c\u00e1lculo pol\u00edtico y en fortalecer sus posiciones a costa del otro.<\/p>\n<blockquote>\n<p>\u00abAhora, mi pregunta es \u2014y me alegro mucho porque me han sentado entre <strong>Cayetana \u00c1lvarez de Toledo<\/strong> y <strong>Pepa Mill\u00e1n<\/strong>\u2014 si el Partido Popular y Vox lo han entendido. Y esto se lo digo a las dos con todo el cari\u00f1o del mundo. Pero me parece important\u00edsimo que ambos partidos \u2014y de verdad me alegro de que est\u00e9is aqu\u00ed, porque os lo digo tal cual\u2014 entend\u00e1is la enorme responsabilidad que ten\u00e9is. Esto va mucho m\u00e1s all\u00e1 de unas siglas pol\u00edticas. Soy la voz de la sociedad y s\u00e9 que lo sab\u00e9is. S\u00e9 que lo sab\u00e9is. Que todo lo que os estoy diciendo no os suena nuevo, que no os estoy contando nada que no hay\u00e1is escuchado. Pero lo que no entiendo es por qu\u00e9 sois el uno para el otro \u2014y el otro para el uno\u2014 un absoluto dolor de muelas. \u00bfPor qu\u00e9 para el PP el objetivo es marginar a Vox y por qu\u00e9 para Vox el objetivo es debilitar al PP para sustituirlo?.<\/p>\n<p>\u00a0<\/p>\n<p>Yo he sido pol\u00edtica y s\u00e9 que en las elecciones uno quiere ganar votos y estamos para ganar votos. Y tenemos proyectos pol\u00edticos diferentes, pero complementarios. Y es de tal magnitud el Frente Popular que tenemos gobernando este pa\u00eds, la involuci\u00f3n democr\u00e1tica es tan importante, que yo creo que tanto el PP como Vox, Vox como el PP, ten\u00e9is que hacer un esfuerzo de generosidad pol\u00edtica\u00bb.<\/p>\n<\/blockquote>\n<p>La vicepresidenta de NEOS ha puesto de ejemplo la actitud de las distintas asociaciones que conforman Sociedad Civil y que, pese a que defienden causas diversas, se han puesto de acuerdo en trabajar unidas para detener el proyecto totalitario de S\u00e1nchez, que pone en riesgo tanto la uni\u00f3n territorial del pa\u00eds como el sistema democr\u00e1tico del \u00faltimo medio siglo.<\/p>\n<blockquote>\n<p>\u00abQue conste que yo lo ten\u00eda apuntado antes de saber que ven\u00edais. Pero s\u00ed que creo que no podemos estar en movimientos t\u00e1cticos; creo, de verdad, que el momento exige que nos pongamos a ello. Y me parece que las asociaciones lo han entendido y que el ejemplo que se ha dado de poder poner en com\u00fan asociaciones \u2014unas defienden Espa\u00f1a, otras la Constituci\u00f3n, otras hacemos mucho m\u00e1s hincapi\u00e9 en los principios del humanismo cristiano\u2014, pero todas ellas, m\u00e1s de cien asociaciones, han entendido que la urgencia del momento nos lleva a poner en com\u00fan lo que nos une y dejar de lado aquello que nos separa. Porque creo que es importante: no queremos muros, no queremos divisiones, pero queremos una regeneraci\u00f3n, de verdad, en esta sociedad, porque, si no, va a llegar un momento en que no vamos a ser capaces de reconocer a Espa\u00f1a\u00bb.<\/p>\n<\/blockquote>\n<\/div>\n<p> Source URL: https:\/\/www.periodistadigital.com\/politica\/partidos-politicos\/20251204\/tremendo-tiron-orejas-maria-san-gil-pp-vox-diatribas-han-entendido-video-689405160141\/<\/p>\n","protected":false},"excerpt":{"rendered":"<p>M\u00e1s informaci\u00f3n Mar\u00eda San Gil detalla a Rojo los culpables de que ETA siga vivita y coleando: &#8220;Nacen del PNV y Zapatero fue letal&#8221; Jaime Mayor Oreja: &#8220;Espa\u00f1a no est\u00e1 muerta, pero agoniza&#8221; Colosal. La expresidenta del Partido Popular del Pa\u00eds Vasco, Mar\u00eda San Gil, ha dado un fuerte tir\u00f3n de orejas al PP y [&hellip;]<\/p>\n","protected":false},"author":1,"featured_media":862782,"comment_status":"open","ping_status":"","sticky":false,"template":"","format":"standard","meta":{"footnotes":""},"categories":[88],"tags":[112],"class_list":["post-862781","post","type-post","status-publish","format-standard","has-post-thumbnail","hentry","category-spain","tag-periodistadigital-com"],"_links":{"self":[{"href":"https:\/\/analyse.optim.biz\/index.php?rest_route=\/wp\/v2\/posts\/862781","targetHints":{"allow":["GET"]}}],"collection":[{"href":"https:\/\/analyse.optim.biz\/index.php?rest_route=\/wp\/v2\/posts"}],"about":[{"href":"https:\/\/analyse.optim.biz\/index.php?rest_route=\/wp\/v2\/types\/post"}],"author":[{"embeddable":true,"href":"https:\/\/analyse.optim.biz\/index.php?rest_route=\/wp\/v2\/users\/1"}],"replies":[{"embeddable":true,"href":"https:\/\/analyse.optim.biz\/index.php?rest_route=%2Fwp%2Fv2%2Fcomments&post=862781"}],"version-history":[{"count":0,"href":"https:\/\/analyse.optim.biz\/index.php?rest_route=\/wp\/v2\/posts\/862781\/revisions"}],"wp:featuredmedia":[{"embeddable":true,"href":"https:\/\/analyse.optim.biz\/index.php?rest_route=\/wp\/v2\/media\/862782"}],"wp:attachment":[{"href":"https:\/\/analyse.optim.biz\/index.php?rest_route=%2Fwp%2Fv2%2Fmedia&parent=862781"}],"wp:term":[{"taxonomy":"category","embeddable":true,"href":"https:\/\/analyse.optim.biz\/index.php?rest_route=%2Fwp%2Fv2%2Fcategories&post=862781"},{"taxonomy":"post_tag","embeddable":true,"href":"https:\/\/analyse.optim.biz\/index.php?rest_route=%2Fwp%2Fv2%2Ftags&post=862781"}],"curies":[{"name":"wp","href":"https:\/\/api.w.org\/{rel}","templated":true}]}}