{"id":862768,"date":"2025-12-04T00:00:00","date_gmt":"2025-12-03T21:00:00","guid":{"rendered":"https:\/\/analyse.optim.biz\/?p=862768"},"modified":"2025-12-04T00:00:00","modified_gmt":"2025-12-03T21:00:00","slug":"santiago-abascal-se-deshueva-de-risa-al-contar-como-pagaba-la-banda-de-sanchez-la-gasolina-del-peugeot-periodista-digital","status":"publish","type":"post","link":"https:\/\/analyse.optim.biz\/?p=862768","title":{"rendered":"Santiago Abascal se deshueva de risa al contar c\u00f3mo pagaba la banda de S\u00e1nchez la gasolina del Peugeot &#8211; Periodista Digital"},"content":{"rendered":"<div class=\"m4p-post-content\">\n<div class=\"block-vertical-align-right\">\n<div class=\"m4p-relations-group\">\n<div class=\"m4p-group-vertical-title\">\n<h2>M\u00e1s informaci\u00f3n<\/h2>\n<\/div>\n<div class=\"m4p-summary-news\">\n<figure class=\"m4p-image m4p-crop-medium-1\"><a href=\"https:\/\/www.periodistadigital.com\/politica\/opinion\/columnistas\/20251201\/alfonso-rojo-psoe-compinches-pasarlos-piedra-video-689405159052\/\"><img loading=\"lazy\" decoding=\"async\" src=\"https:\/\/analyse.optim.biz\/wp-content\/uploads\/2025\/12\/el-repaso-de-alfonso-rojo-320x214-2.jpg\" width=\"320\" height=\"214\" alt='Alfonso Rojo: \"Al PSOE y compinches vamos a pasarlos por la piedra\"' title=\"el-repaso-de-alfonso-rojo-320x214-2\"><\/a><\/figure>\n<div class=\"m4p-summary-news-title\">\n<h3><a href=\"https:\/\/www.periodistadigital.com\/politica\/opinion\/columnistas\/20251201\/alfonso-rojo-psoe-compinches-pasarlos-piedra-video-689405159052\/\">Alfonso Rojo: &#8220;Al PSOE y compinches vamos a pasarlos por la piedra&#8221;<\/a><\/h3>\n<\/div>\n<\/div>\n<\/div>\n<\/div>\n<p>Brutal.<\/p>\n<p><strong>Santiago Abascal<\/strong>, que est\u00e1 en modo electoral por tierras extreme\u00f1as, no dud\u00f3 en darle duro al <strong>Gobierno S\u00e1nchez<\/strong> al que tild\u00f3 de \u00abmafia\u00bb.<\/p>\n<p>Desde la localidad pacense de <strong>Villanueva de la Serena<\/strong>, el l\u00edder de <strong>VOX<\/strong> no se cort\u00f3 un pelo:<\/p>\n<blockquote>\n<p>Nos gobierna una mafia. Porque en la presidencia del Gobierno hay un capo. Pero es que es incre\u00edble relatar, y a m\u00ed me cuesta hacerlo todos los d\u00edas, porque a veces siento que me repito y me siento un poco rid\u00edculo, pero es que tenemos que volver a contarnos. Porque no nos podemos acostumbrar a lo que nos est\u00e1 pasando.<\/p>\n<\/blockquote>\n<p>Especialmente record\u00f3 el episodio de c\u00f3mo se costeaba la <a href=\"https:\/\/www.periodistadigital.com\/politica\/20251110\/corrupcion-regimen-sanchista-abalos-z-zapatero-pasando-b-mujer-sanchez-noticia-689405151220\/\">gasolina del famoso <strong>Peugeot<\/strong> de las primarias del <strong>PSOE<\/strong><\/a>:<\/p>\n<blockquote>\n<p>Es que salieron cuatro tipos en un Peugeot a hacer unas primarias dentro de su partido en las que cambiaban las urnas y cambiaban los votos, y cuando iban al surtidor y echaban gasolina, el que conduc\u00eda era <strong>Koldo<\/strong>, y ya lo he contado, \u00bfcon qu\u00e9 llenaba la gasolina, c\u00f3mo la pagaba? Con el dinero de las putas. Del suegro. No, no, se r\u00eden, claro, es que, hombre, mejor re\u00edr que llorar. Pero maldita la gracia.<\/p>\n<\/blockquote>\n<p><img loading=\"lazy\" decoding=\"async\" class=\"alignnone size-large wp-image-689405160165\" src=\"https:\/\/analyse.optim.biz\/wp-content\/uploads\/2025\/12\/abascalmitin-550x275-1.jpg\" width=\"550\" height=\"275\" title=\"abascalmitin-550x275-1\"><\/p>\n<p>Se mof\u00f3 de c\u00f3mo S\u00e1nchez intent\u00f3 desmarcarse de los encarcelados:<\/p>\n<blockquote>\n<p>Y despu\u00e9s, cuando asaltaron el poder en su partido y despu\u00e9s el poder en <strong>Espa\u00f1a<\/strong>, \u00bfen qu\u00e9 se gastaban el dinero los que ten\u00edan afici\u00f3n? Pues en lo mismo. Era un c\u00edrculo. Ven\u00eda de un lado e iba al mismo lado. \u00a1Pero, ojo. Que no sab\u00eda ni qui\u00e9n era, que en lo personal no le conoc\u00eda! Horas y horas, kil\u00f3metros y kil\u00f3metros metidos en el mismo coche, los cuatro. Koldo, en la c\u00e1rcel. \u00c1balos, en la c\u00e1rcel. Cerd\u00e1n, en la c\u00e1rcel, ahora lo han sacado un rato. Y el otro que todav\u00eda no ha entrado en la c\u00e1rcel. \u00a1Ah, eso s\u00ed, pero en lo personal no se conoc\u00edan!<\/p>\n<\/blockquote>\n<p>Detall\u00f3 que, en condiciones normales, cuando se comparten tantas horas de trayectos dentro de un mismo coche o de una furgoneta:<\/p>\n<blockquote>\n<p>Yo vengo en la furgoneta con los compa\u00f1eros y nos conocemos todos. Y all\u00ed hablamos de todo. Pero estos no. Estos hablaban de filosof\u00eda, de poes\u00eda, de infraestructuras. A pesar de las aficiones, \u00bfeh? A pesar de que uno era el yerno del suegro, como todos. Y el otro, bueno, los otros dos, con las creencias que ten\u00edan. Ah, no. Y hablaban de poes\u00eda.<\/p>\n<\/blockquote>\n<p>Para Abascal no es de extra\u00f1ar que quienes han manipulado voluntades en su propio partido pretendan hacerlo tambi\u00e9n a lo grande:<\/p>\n<blockquote>\n<p>Esta es la mafia que gobierna en Espa\u00f1a. Y si hac\u00edan eso en su propio partido, pues \u00bfqu\u00e9 no nos iban a hacer a los dem\u00e1s? Joder, han llegado. Que no, que nosotros no vamos a pactar con <strong>Bildu<\/strong>, ni con los separatistas, ni con los comunistas. Con Bildu, con los separatistas y con los comunistas. Con todos. No, que no vamos a aplicar la ley de amnist\u00eda porque es anticonstitucional. Toma ley de amnist\u00eda.<\/p>\n<\/blockquote>\n<\/div>\n<p> Source URL: https:\/\/www.periodistadigital.com\/politica\/partidos-politicos\/20251204\/santiago-abascal-deshueva-risa-contar-pagaba-banda-sanchez-gasolina-peugeot-video-689405160144\/<\/p>\n","protected":false},"excerpt":{"rendered":"<p>M\u00e1s informaci\u00f3n Alfonso Rojo: &#8220;Al PSOE y compinches vamos a pasarlos por la piedra&#8221; Brutal. Santiago Abascal, que est\u00e1 en modo electoral por tierras extreme\u00f1as, no dud\u00f3 en darle duro al Gobierno S\u00e1nchez al que tild\u00f3 de \u00abmafia\u00bb. Desde la localidad pacense de Villanueva de la Serena, el l\u00edder de VOX no se cort\u00f3 un [&hellip;]<\/p>\n","protected":false},"author":1,"featured_media":862769,"comment_status":"open","ping_status":"","sticky":false,"template":"","format":"standard","meta":{"footnotes":""},"categories":[88],"tags":[112],"class_list":["post-862768","post","type-post","status-publish","format-standard","has-post-thumbnail","hentry","category-spain","tag-periodistadigital-com"],"_links":{"self":[{"href":"https:\/\/analyse.optim.biz\/index.php?rest_route=\/wp\/v2\/posts\/862768","targetHints":{"allow":["GET"]}}],"collection":[{"href":"https:\/\/analyse.optim.biz\/index.php?rest_route=\/wp\/v2\/posts"}],"about":[{"href":"https:\/\/analyse.optim.biz\/index.php?rest_route=\/wp\/v2\/types\/post"}],"author":[{"embeddable":true,"href":"https:\/\/analyse.optim.biz\/index.php?rest_route=\/wp\/v2\/users\/1"}],"replies":[{"embeddable":true,"href":"https:\/\/analyse.optim.biz\/index.php?rest_route=%2Fwp%2Fv2%2Fcomments&post=862768"}],"version-history":[{"count":0,"href":"https:\/\/analyse.optim.biz\/index.php?rest_route=\/wp\/v2\/posts\/862768\/revisions"}],"wp:featuredmedia":[{"embeddable":true,"href":"https:\/\/analyse.optim.biz\/index.php?rest_route=\/wp\/v2\/media\/862769"}],"wp:attachment":[{"href":"https:\/\/analyse.optim.biz\/index.php?rest_route=%2Fwp%2Fv2%2Fmedia&parent=862768"}],"wp:term":[{"taxonomy":"category","embeddable":true,"href":"https:\/\/analyse.optim.biz\/index.php?rest_route=%2Fwp%2Fv2%2Fcategories&post=862768"},{"taxonomy":"post_tag","embeddable":true,"href":"https:\/\/analyse.optim.biz\/index.php?rest_route=%2Fwp%2Fv2%2Ftags&post=862768"}],"curies":[{"name":"wp","href":"https:\/\/api.w.org\/{rel}","templated":true}]}}