{"id":86059,"date":"2019-04-18T20:12:04","date_gmt":"2019-04-18T17:12:04","guid":{"rendered":"https:\/\/analyse.optim.biz\/?p=86059"},"modified":"2019-04-18T20:12:04","modified_gmt":"2019-04-18T17:12:04","slug":"culisele-jocului-politic-putere-presedinte-de-ce-a-ales-toader-sa-demisioneze","status":"publish","type":"post","link":"https:\/\/analyse.optim.biz\/?p=86059","title":{"rendered":"Culisele jocului politic Putere &#8211; Pre\u0219edinte: De ce a ales Toader s\u0103 demisioneze"},"content":{"rendered":"<div class=\"entry data-app-meta data-app-meta-article\" data-embed-base-url-canonical=\"https:\/\/www.digi24.ro\/embed\/stiri\/actualitate\/politica\/culisele-jocului-politic-putere-presedinte-de-ce-a-ales-toader-sa-demisioneze-ca-sa-nu-lase-presedintelui-iohannis-varianta-revocarii-1115674\">\n<p data-index=\"1\"><strong><span lang=\"ro-RO\">Ministrul justi\u021biei, Tudorel Toader, <a href=\"https:\/\/www.digi24.ro\/stiri\/actualitate\/justitie\/tudorel-toader-merge-la-guvern-sa-i-prezinte-demisia-premierului-viorica-dancila-1115566\" target=\"_blank\" rel=\"noopener\" data-skip-linkfix=\"1\">a mers joi la Guvern pentru a-i prezenta demisia premierului Viorica D\u0103ncil\u0103<\/a>.<\/span><\/strong><\/p>\n<figure class=\"article-thumb\"><img decoding=\"async\" src=\"https:\/\/analyse.optim.biz\/wp-content\/uploads\/2024\/09\/mzniyjvlotmzztzkmtc4mmjmodnjnwuxngzmmmixnjc-thumb_.jpg\" alt=\"tudorel toader anunt demisie ministerul justitei inquam octav ganea 20190418173406_OGN_1109-01\" data-skip-htmlfix=\"1\" title=\"mzniyjvlotmzztzkmtc4mmjmodnjnwuxngzmmmixnjc-thumb_\"><figcaption> Foto: Inquam Photos \/ Octav Ganea <\/figcaption><\/figure>\n<p data-index=\"2\"><strong>\u201e<\/strong><span lang=\"ro-RO\"><strong>Voi merge la Guvern s\u0103 am o \u00eentrevedere cu doamna premier. Oarecum voi dezvolta ce v-am spus diminea\u021b\u0103. Voi porni de la voin\u021ba politic\u0103 exprimat\u0103 \u00een cadrul CEx, \u0219i anume de retragere a sprijinului politic. Voi porni de la voin\u021ba exprimat\u0103 de doamna D\u0103ncil\u0103 \u00een cele dou\u0103 \u00eent\u00e2lniri. Merg la Guvern \u0219i prezint demisia doamnei prim-ministru D\u0103ncil\u0103. Domnia sa va decide ce va face cu ea\u201d<\/strong>, a declarat Tudorel Toader la ie\u0219irea de la Ministerul Justi\u021biei.<\/span><\/p>\n<p data-index=\"3\">Ministrul Justi\u021biei <a href=\"https:\/\/www.digi24.ro\/stiri\/actualitate\/justitie\/tudorel-toader-si-a-publicat-demisia-pe-facebook-1115670\" target=\"_blank\" rel=\"noopener\" data-skip-linkfix=\"1\">a postat joi sear\u0103, pe pagina sa de Facebook, cererea sa de demisie<\/a>.<\/p>\n<p data-index=\"4\">Premierul Viorica D\u0103ncil\u0103 trimisese deja la Cotroceni o cerere de revocare din func\u021bie a ministrului Justi\u021biei, astfel c\u0103 dac\u0103 va aproba demisia lui Tudorel Toader, la Cotroceni vor exista dou\u0103 cereri care \u00eel privesc pe ministrul justi\u021biei.<\/p>\n<p data-index=\"5\">De ce este important c\u0103 Tudorel Toader a decis s\u0103 demisioneze, \u015fi nu i-a l\u0103sat doar varianta revoc\u0103rii lui Klaus Iohannis? Jurnalistul Digi24 Alina Manolache a f\u0103cut o analiz\u0103 a jocului politic \u00een care au intrat Puterea \u015fi Pre\u015fedintele.<\/p>\n<p data-index=\"6\">Nu pu\u021bini sunt cei care s-au \u00eentrebat care este diferen\u021ba \u00eentre revocarea pe care Viorica D\u0103ncil\u0103 a cerut-o \u00een cazul lui Tudorel Toader \u0219i demisia acestuia.<\/p>\n<p data-index=\"7\">Ieri, premierul a insistat ca acesta s\u0103 demisioneze, iar Tudorel Toader a ezitat destul de mult. Este o diferen\u021b\u0103 destul de mare.<\/p>\n<p data-index=\"8\">\u00cen cazul revocarii, pre\u0219edintele nu are un termen \u00een care s\u0103 semneze decretul, \u00een timp ce \u00een cazul demisiei are la dispozi\u021bie 45 de zile. Prin refuzul de a demisiona Tudorel Toader i-ar fi pus \u00een \u00eencurc\u0103tur\u0103 pe cei de la PSD. Oricum, pre\u0219edintele a dat semnalul c\u0103 nu se gr\u0103be\u0219te s\u0103 semneze.<\/p>\n<p data-index=\"9\">Dar nici PSD nu st\u0103 cu m\u00e2inile \u00een s\u00e2n. A preg\u0103tit scenariul de rezerv\u0103. Dac\u0103 p\u00e2n\u0103 vineri, pre\u0219edintele nu semneaz\u0103, mar\u021bi Guvernul trimite restructurarea \u00een Parlament &#8211; Secretariatul General devine minister &#8211; iar miercuri se voteaz\u0103. PSD are \u00eens\u0103 o problem\u0103, nu \u0219tie dac\u0103 mai are majoritate, iar Kelemen Hunor, din informa\u021biile noastre, nu sus\u021bine restructurarea.<\/p>\n<\/div>\n<p> Source URL: https:\/\/www.digi24.ro\/stiri\/actualitate\/politica\/culisele-jocului-politic-putere-presedinte-de-ce-a-ales-toader-sa-demisioneze-ca-sa-nu-lase-presedintelui-iohannis-varianta-revocarii-1115674<\/p>\n","protected":false},"excerpt":{"rendered":"<p>Ministrul justi\u021biei, Tudorel Toader, a mers joi la Guvern pentru a-i prezenta demisia premierului Viorica D\u0103ncil\u0103. Foto: Inquam Photos \/ Octav Ganea \u201eVoi merge la Guvern s\u0103 am o \u00eentrevedere cu doamna premier. Oarecum voi dezvolta ce v-am spus diminea\u021b\u0103. Voi porni de la voin\u021ba politic\u0103 exprimat\u0103 \u00een cadrul CEx, \u0219i anume de retragere a [&hellip;]<\/p>\n","protected":false},"author":1,"featured_media":86060,"comment_status":"open","ping_status":"","sticky":false,"template":"","format":"standard","meta":{"footnotes":""},"categories":[2],"tags":[11],"class_list":["post-86059","post","type-post","status-publish","format-standard","has-post-thumbnail","hentry","category-politics","tag-digi24"],"_links":{"self":[{"href":"https:\/\/analyse.optim.biz\/index.php?rest_route=\/wp\/v2\/posts\/86059","targetHints":{"allow":["GET"]}}],"collection":[{"href":"https:\/\/analyse.optim.biz\/index.php?rest_route=\/wp\/v2\/posts"}],"about":[{"href":"https:\/\/analyse.optim.biz\/index.php?rest_route=\/wp\/v2\/types\/post"}],"author":[{"embeddable":true,"href":"https:\/\/analyse.optim.biz\/index.php?rest_route=\/wp\/v2\/users\/1"}],"replies":[{"embeddable":true,"href":"https:\/\/analyse.optim.biz\/index.php?rest_route=%2Fwp%2Fv2%2Fcomments&post=86059"}],"version-history":[{"count":0,"href":"https:\/\/analyse.optim.biz\/index.php?rest_route=\/wp\/v2\/posts\/86059\/revisions"}],"wp:featuredmedia":[{"embeddable":true,"href":"https:\/\/analyse.optim.biz\/index.php?rest_route=\/wp\/v2\/media\/86060"}],"wp:attachment":[{"href":"https:\/\/analyse.optim.biz\/index.php?rest_route=%2Fwp%2Fv2%2Fmedia&parent=86059"}],"wp:term":[{"taxonomy":"category","embeddable":true,"href":"https:\/\/analyse.optim.biz\/index.php?rest_route=%2Fwp%2Fv2%2Fcategories&post=86059"},{"taxonomy":"post_tag","embeddable":true,"href":"https:\/\/analyse.optim.biz\/index.php?rest_route=%2Fwp%2Fv2%2Ftags&post=86059"}],"curies":[{"name":"wp","href":"https:\/\/api.w.org\/{rel}","templated":true}]}}