{"id":86023,"date":"2019-04-19T13:12:22","date_gmt":"2019-04-19T10:12:22","guid":{"rendered":"https:\/\/analyse.optim.biz\/?p=86023"},"modified":"2019-04-19T13:12:22","modified_gmt":"2019-04-19T10:12:22","slug":"decretul-pentru-pensionarea-lui-augustin-lazar-semnat-de-presedintele-iohannis","status":"publish","type":"post","link":"https:\/\/analyse.optim.biz\/?p=86023","title":{"rendered":"Decretul pentru pensionarea lui Augustin Laz\u0103r, semnat de pre\u0219edintele Iohannis"},"content":{"rendered":"<div class=\"entry data-app-meta data-app-meta-article\" data-embed-base-url-canonical=\"https:\/\/www.digi24.ro\/embed\/stiri\/actualitate\/justitie\/decretul-pentru-pensionarea-lui-augustin-lazar-semnat-de-presedintele-iohannis-1115965\">\n<p data-index=\"1\"><strong>Pre\u0219edintele Klaus Iohannis a semnat, vineri,\u00a0decretul prin care procurorul general, Augustin Laz\u0103r, se pensioneaz\u0103. Augustin Laz\u0103r va \u00eenceta s\u0103 mai fie procuror general\u00a0 al Parchetului de pe l\u00e2ng\u0103 \u00cenalta Curte de Casa\u021bie \u015fi Justi\u021bie de la data de 27 aprilie 2019.<\/strong><\/p>\n<figure class=\"article-thumb\"><img decoding=\"async\" src=\"https:\/\/analyse.optim.biz\/wp-content\/uploads\/2024\/09\/yxnoptjhmtk4mmrmmjq4mtc1nza5zwjjmzzkzwzinjlizwjj-thumb_.jpg\" alt=\"bilant ministerul public iohannis augustin lazar inquam george calin 20190227115938_OGN_9438-01-01\" data-skip-htmlfix=\"1\" title=\"yxnoptjhmtk4mmrmmjq4mtc1nza5zwjjmzzkzwzinjlizwjj-thumb_\"><figcaption> Pre\u0219edintele Klaus Iohannis a semnat decretul prin care procurorul general Augustin Laz\u0103r este eliberat din func\u021bie la 27 aprilie \u0219i se pensioneaz\u0103 Foto: Inquam Photos\/George C\u0103lin <\/figcaption><\/figure>\n<p data-index=\"2\">Sec\u0163ia pentru procurori a Consiliului Superior al Magistraturii <a href=\"https:\/\/www.digi24.ro\/stiri\/actualitate\/justitie\/surse-cererea-de-pensionare-a-lui-augustin-lazar-a-fost-aprobata-1115336\" target=\"_blank\" rel=\"noopener\" data-skip-linkfix=\"1\">aprobase,<\/a> joi, cererea de pensionare depus\u0103 de procurorul general Augustin Laz\u0103r, iar decizia urma s\u0103 fie \u00eenaintat\u0103 pre\u015fedintelui Klaus Iohannis, cel care trebuia s\u0103 emit\u0103 decretul de eliberare din func\u0163ie prin pensionare.<\/p>\n<p data-index=\"3\"><a href=\"https:\/\/www.digi24.ro\/stiri\/actualitate\/justitie\/augustin-lazar-a-depus-cererea-de-pensionare-1115161\" data-skip-linkfix=\"1\">Augustin Laz\u0103r a depus cerere de pensionare<\/a>, \u00een condi\u0163iile \u00een care mandatul s\u0103u de procuror general se \u00eencheie la 27 aprilie.\u00a0El a candidat pentru un nou mandat de procuror general, \u00eens\u0103 ministrul Justi\u0163iei, Tudorel Toader, i-<a href=\"https:\/\/www.digi24.ro\/stiri\/actualitate\/justitie\/cei-patru-candidati-pentru-functia-de-procuror-general-sustin-astazi-interviul-la-ministerul-justitiei-1111150\" target=\"_blank\" rel=\"noopener\" data-skip-linkfix=\"1\">a respins candidatura.<\/a><\/p>\n<p data-index=\"4\">Procurorul general a fost acuzat \u00een pres\u0103 c\u0103 a refuzat eliberarea condi\u0163ionat\u0103 a<a href=\"https:\/\/www.digi24.ro\/stiri\/actualitate\/disidentul-iulius-filip-decorat-de-presedintele-iohannis-1115498\" target=\"_blank\" rel=\"noopener\" data-skip-linkfix=\"1\"> disidentului anticomunist Iulius Filip <\/a>pe vremea c\u00e2nd era membru \u00een Comisia de propuneri pentru liberare din cadrul Penitenciarului Aiud.<\/p>\n<p data-index=\"5\">Ulterior, Augustin Laz\u0103r a sus\u0163inut c\u0103 nu \u015ftia dac\u0103 dosarele luate \u00een discu\u0163ie \u00een Comisia de la Penitenciarul Aiud erau ale unor de\u0163inu\u0163i politici, \u00eens\u0103 \u015fi-a cerut \u201escuze institu\u0163ionale\u201d pentru practicile discutabile de dinainte de 1989.<\/p>\n<p data-index=\"6\">Citi\u021bi \u0219i:\u00a0<\/p>\n<p class=\"card-title\" data-index=\"7\"><strong><a title=\"title\" href=\"https:\/\/www.digi24.ro\/stiri\/actualitate\/justitie\/c-t-popescu-la-digi24-comportamentul-lui-a-lazar-arata-desconsiderare-fata-de-parchet-si-fata-de-magistrati-1115189\" data-skip-linkfix=\"1\">C.T. Popescu, la Digi24: Comportamentul lui A. Laz\u0103r arat\u0103 desconsiderare fa\u0163\u0103 de Parchet \u015fi fa\u0163\u0103 de magistra\u0163i<\/a><\/strong><\/p>\n<p class=\"card-title\" data-index=\"8\"><strong><a title=\"title\" href=\"https:\/\/www.digi24.ro\/stiri\/actualitate\/politica\/tariceanu-iohannis-cumpara-tacerea-lui-lazar-cu-o-pensie-grasa-1115329\" data-skip-linkfix=\"1\">T\u0103riceanu: Iohannis cump\u0103r\u0103 t\u0103cerea lui Laz\u0103r cu o pensie gras\u0103<\/a><\/strong><\/p>\n<p class=\"card-title\" data-index=\"9\"><strong><a title=\"title\" href=\"https:\/\/www.digi24.ro\/stiri\/actualitate\/politica\/tariceanu-spune-ca-lazar-nu-ar-fi-trebuit-sa-fie-lasat-sa-se-pensioneze-ce-si-ar-fi-dorit-seful-alde-1115622\" data-skip-linkfix=\"1\">T\u0103riceanu spune c\u0103 Laz\u0103r nu ar fi trebuit s\u0103 fie l\u0103sat s\u0103 se pensioneze. Ce \u0219i-ar fi dorit \u0219eful ALDE<\/a><\/strong><\/p>\n<p class=\"card-title\" data-index=\"10\"><strong><a title=\"title\" href=\"https:\/\/www.digi24.ro\/stiri\/actualitate\/justitie\/ce-se-intampla-cu-premiul-gds-pentru-augustin-lazar-ceremonia-a-fost-anulata-1114442\" data-skip-linkfix=\"1\">Ce se \u00eent\u00e2mpl\u0103 cu premiul GDS pentru Augustin Laz\u0103r. Ceremonia a fost anulat\u0103<\/a><\/strong><\/p>\n<\/div>\n<p> Source URL: https:\/\/www.digi24.ro\/stiri\/actualitate\/justitie\/decretul-pentru-pensionarea-lui-augustin-lazar-semnat-de-presedintele-iohannis-1115965<\/p>\n","protected":false},"excerpt":{"rendered":"<p>Pre\u0219edintele Klaus Iohannis a semnat, vineri,\u00a0decretul prin care procurorul general, Augustin Laz\u0103r, se pensioneaz\u0103. Augustin Laz\u0103r va \u00eenceta s\u0103 mai fie procuror general\u00a0 al Parchetului de pe l\u00e2ng\u0103 \u00cenalta Curte de Casa\u021bie \u015fi Justi\u021bie de la data de 27 aprilie 2019. Pre\u0219edintele Klaus Iohannis a semnat decretul prin care procurorul general Augustin Laz\u0103r este eliberat [&hellip;]<\/p>\n","protected":false},"author":1,"featured_media":86024,"comment_status":"open","ping_status":"","sticky":false,"template":"","format":"standard","meta":{"footnotes":""},"categories":[2],"tags":[11],"class_list":["post-86023","post","type-post","status-publish","format-standard","has-post-thumbnail","hentry","category-politics","tag-digi24"],"_links":{"self":[{"href":"https:\/\/analyse.optim.biz\/index.php?rest_route=\/wp\/v2\/posts\/86023","targetHints":{"allow":["GET"]}}],"collection":[{"href":"https:\/\/analyse.optim.biz\/index.php?rest_route=\/wp\/v2\/posts"}],"about":[{"href":"https:\/\/analyse.optim.biz\/index.php?rest_route=\/wp\/v2\/types\/post"}],"author":[{"embeddable":true,"href":"https:\/\/analyse.optim.biz\/index.php?rest_route=\/wp\/v2\/users\/1"}],"replies":[{"embeddable":true,"href":"https:\/\/analyse.optim.biz\/index.php?rest_route=%2Fwp%2Fv2%2Fcomments&post=86023"}],"version-history":[{"count":0,"href":"https:\/\/analyse.optim.biz\/index.php?rest_route=\/wp\/v2\/posts\/86023\/revisions"}],"wp:featuredmedia":[{"embeddable":true,"href":"https:\/\/analyse.optim.biz\/index.php?rest_route=\/wp\/v2\/media\/86024"}],"wp:attachment":[{"href":"https:\/\/analyse.optim.biz\/index.php?rest_route=%2Fwp%2Fv2%2Fmedia&parent=86023"}],"wp:term":[{"taxonomy":"category","embeddable":true,"href":"https:\/\/analyse.optim.biz\/index.php?rest_route=%2Fwp%2Fv2%2Fcategories&post=86023"},{"taxonomy":"post_tag","embeddable":true,"href":"https:\/\/analyse.optim.biz\/index.php?rest_route=%2Fwp%2Fv2%2Ftags&post=86023"}],"curies":[{"name":"wp","href":"https:\/\/api.w.org\/{rel}","templated":true}]}}