{"id":857125,"date":"2025-12-04T00:00:00","date_gmt":"2025-12-03T21:00:00","guid":{"rendered":"https:\/\/analyse.optim.biz\/?p=857125"},"modified":"2025-12-04T00:00:00","modified_gmt":"2025-12-03T21:00:00","slug":"la-nueva-epidemia-de-gripe-subraya-la-necesidad-de-mejorar-la-calidad-del-aire-en-interiores-periodista-digital","status":"publish","type":"post","link":"https:\/\/analyse.optim.biz\/?p=857125","title":{"rendered":"La nueva epidemia de gripe subraya la necesidad de mejorar la Calidad del Aire en Interiores &#8211; Periodista Digital"},"content":{"rendered":"<div class=\"m4p-post-content\">\n<p><span class=\"m4p-capitular\">E<\/span>spa\u00f1a ha entrado oficialmente en fase epid\u00e9mica de gripe, con 112,2 casos por 100.000 habitantes, frente a los 12,8 registrados en el mismo periodo del a\u00f1o pasado, seg\u00fan datos del Instituto de Salud Carlos III. El r\u00e1pido avance de la variante K del virus A(H3N2), especialmente contagiosa, ha puesto de nuevo sobre la mesa un aspecto decisivo de Salud P\u00fablica: la Calidad del Aire en Interiores (CAI), donde las personas pasan m\u00e1s del 90 % del\u00a0tiempo y donde el aire puede estar entre cinco y diez veces m\u00e1s contaminado que en el exterior, tal y como advierte la Organizaci\u00f3n Mundial de la Salud (OMS).<\/p>\n<p>La situaci\u00f3n recuerda inevitablemente a los aprendizajes que dej\u00f3 la pandemia de COVID-19 sobre la transmisi\u00f3n por aerosoles y la necesidad de espacios interiores seguros. \u00abLa pandemia evidenci\u00f3 que el aire que se respira es tan importante como el agua que se bebe \u2014se\u00f1ala Sergio Monge, presidente de la <a href=\"https:\/\/www.anecpla.com\/\" rel=\"nofollow\">Asociaci\u00f3n Nacional de Empresas de Sanidad Ambiental (ANECPLA)<\/a>\u2014. No ser\u00eda responsable\u00a0olvidar aquellas lecciones. Mantener una buena Calidad del Aire Interior es clave para evitar que situaciones como las vividas vuelvan a repetirse\u00bb.<\/p>\n<p>La circulaci\u00f3n adelantada de la variante K \u2014detectada ya en gran parte de Europa\u2014 y su mayor transmisibilidad han contribuido al r\u00e1pido incremento de contagios en centros educativos, oficinas, viviendas y residencias. La combinaci\u00f3n de bajas temperaturas, mayor permanencia en interiores y mala ventilaci\u00f3n crea el caldo de cultivo perfecto para la propagaci\u00f3n de virus respiratorios.<\/p>\n<p><strong>Recomendaciones de ANECPLA para contener la epidemia de gripe<\/strong><br \/> ANECPLA propone una bater\u00eda de medidas urgentes para mitigar los contagios:<\/p>\n<ul>\n<li>Implantar planes efectivos de ventilaci\u00f3n y renovaci\u00f3n del aire en colegios, residencias, centros sanitarios y otros espacios sensibles.<\/li>\n<li>Incorporar sistemas de filtraci\u00f3n adecuados (incluyendo filtros HEPA cuando corresponda) y monitorizaci\u00f3n de CO\u2082 para asegurar una correcta calidad del aire.<\/li>\n<li>Establecer protocolos de higiene ambiental y mantenimiento profesional de instalaciones.<\/li>\n<li>Fomentar la ventilaci\u00f3n regular en hogares y centros concurridos.<\/li>\n<li>Acudir siempre a profesionales cualificados de empresas de Sanidad Ambiental, que cuentan con la formaci\u00f3n, los equipos y los protocolos necesarios para evaluar, corregir y mantener condiciones \u00f3ptimas de CAI.<\/li>\n<\/ul>\n<p>\u00abLos profesionales de Sanidad Ambiental especializados en CAI llevan a\u00f1os trabajando en este \u00e1mbito con rigor cient\u00edfico \u2014explica Monge\u2014. No basta con abrir ventanas: es imprescindible contar con expertos que eval\u00faen cada espacio y apliquen las soluciones t\u00e9cnicas adecuadas\u00bb.<\/p>\n<p><strong>Una oportunidad para avanzar en regulaci\u00f3n y Salud P\u00fablica<\/strong><br \/> ANECPLA reitera la necesidad de que Espa\u00f1a avance hacia una normativa espec\u00edfica y homog\u00e9nea en Calidad del Aire Interior, siguiendo el ejemplo de pa\u00edses europeos m\u00e1s avanzados. Superar la actual dependencia del CTE es, seg\u00fan la Asociaci\u00f3n, imprescindible para reducir contagios, proteger a los colectivos vulnerables y asegurar entornos saludables de forma sostenida.<\/p>\n<p>\u00abLa epidemia de gripe ha de servir como punto de inflexi\u00f3n\u00bb, concluye Monge. \u00abGarantizar un aire limpio y seguro debe ser una prioridad nacional de Salud P\u00fablica\u00bb.<\/p>\n<p><img decoding=\"async\" class=\"mediakit\" src=\"https:\/\/www.comunicae.es\/notificaLectura.php?notaId=1268422&amp;tipoCanalId=122&amp;edr=1766185200000\" width=\"1px\" height=\"1px\"><\/p>\n<\/div>\n<p> Source URL: https:\/\/www.periodistadigital.com\/economia\/notas-prensa\/20251204\/nueva-epidemia-gripe-subraya-necesidad-mejorar-calidad-aire-interiores-noticia-689405160242\/<\/p>\n","protected":false},"excerpt":{"rendered":"<p>Espa\u00f1a ha entrado oficialmente en fase epid\u00e9mica de gripe, con 112,2 casos por 100.000 habitantes, frente a los 12,8 registrados en el mismo periodo del a\u00f1o pasado, seg\u00fan datos del Instituto de Salud Carlos III. El r\u00e1pido avance de la variante K del virus A(H3N2), especialmente contagiosa, ha puesto de nuevo sobre la mesa un [&hellip;]<\/p>\n","protected":false},"author":1,"featured_media":0,"comment_status":"open","ping_status":"","sticky":false,"template":"","format":"standard","meta":{"footnotes":""},"categories":[88],"tags":[112],"class_list":["post-857125","post","type-post","status-publish","format-standard","hentry","category-spain","tag-periodistadigital-com"],"_links":{"self":[{"href":"https:\/\/analyse.optim.biz\/index.php?rest_route=\/wp\/v2\/posts\/857125","targetHints":{"allow":["GET"]}}],"collection":[{"href":"https:\/\/analyse.optim.biz\/index.php?rest_route=\/wp\/v2\/posts"}],"about":[{"href":"https:\/\/analyse.optim.biz\/index.php?rest_route=\/wp\/v2\/types\/post"}],"author":[{"embeddable":true,"href":"https:\/\/analyse.optim.biz\/index.php?rest_route=\/wp\/v2\/users\/1"}],"replies":[{"embeddable":true,"href":"https:\/\/analyse.optim.biz\/index.php?rest_route=%2Fwp%2Fv2%2Fcomments&post=857125"}],"version-history":[{"count":0,"href":"https:\/\/analyse.optim.biz\/index.php?rest_route=\/wp\/v2\/posts\/857125\/revisions"}],"wp:attachment":[{"href":"https:\/\/analyse.optim.biz\/index.php?rest_route=%2Fwp%2Fv2%2Fmedia&parent=857125"}],"wp:term":[{"taxonomy":"category","embeddable":true,"href":"https:\/\/analyse.optim.biz\/index.php?rest_route=%2Fwp%2Fv2%2Fcategories&post=857125"},{"taxonomy":"post_tag","embeddable":true,"href":"https:\/\/analyse.optim.biz\/index.php?rest_route=%2Fwp%2Fv2%2Ftags&post=857125"}],"curies":[{"name":"wp","href":"https:\/\/api.w.org\/{rel}","templated":true}]}}