{"id":857120,"date":"2025-12-02T00:00:00","date_gmt":"2025-12-01T21:00:00","guid":{"rendered":"https:\/\/analyse.optim.biz\/?p=857120"},"modified":"2025-12-02T00:00:00","modified_gmt":"2025-12-01T21:00:00","slug":"belgica-al-borde-del-abismo-como-el-narcotrafico-esta-devorando-las-instituciones-del-pais-periodista-digital","status":"publish","type":"post","link":"https:\/\/analyse.optim.biz\/?p=857120","title":{"rendered":"B\u00e9lgica al borde del abismo: c\u00f3mo el narcotr\u00e1fico est\u00e1 devorando las instituciones del pa\u00eds &#8211; Periodista Digital"},"content":{"rendered":"<div class=\"m4p-post-content\">\n<div class=\"block-vertical-align-right\">\n<div class=\"m4p-relations-group\">\n<div class=\"m4p-group-vertical-title\">\n<h2>M\u00e1s informaci\u00f3n<\/h2>\n<\/div>\n<div class=\"m4p-summary-news\">\n<figure class=\"m4p-image m4p-crop-medium-1\"><a href=\"https:\/\/www.periodistadigital.com\/politica\/opinion\/20251201\/narcoterrorista-advirtio-fiscal-general-estados-unidos-pam-bondi-noticia-689405158883\/\"><img loading=\"lazy\" decoding=\"async\" src=\"https:\/\/analyse.optim.biz\/wp-content\/uploads\/2025\/12\/pam-bondi-fiscal-general-de-estados-umidos-320x214-1.jpg\" width=\"320\" height=\"214\" alt=\"\u201cSi eres narcoterrorista, vamos a por ti\u201d, advirti\u00f3 la fiscal general de Estados Unidos, Pam Bondi\" title=\"pam-bondi-fiscal-general-de-estados-umidos-320x214-1\"><\/a><\/figure>\n<div class=\"m4p-summary-news-title\">\n<h3><a href=\"https:\/\/www.periodistadigital.com\/politica\/opinion\/20251201\/narcoterrorista-advirtio-fiscal-general-estados-unidos-pam-bondi-noticia-689405158883\/\">\u201cSi eres narcoterrorista, vamos a por ti\u201d, advirti\u00f3 la fiscal general de Estados Unidos, Pam Bondi<\/a><\/h3>\n<\/div>\n<\/div>\n<div class=\"m4p-summary-news\">\n<figure class=\"m4p-image m4p-crop-medium-1\"><a href=\"https:\/\/www.periodistadigital.com\/gente\/sucesos\/20251105\/impresionante-narco-submarino-atrapado-policia-portuguesa-aguas-atlantico-noticia-689405149762\/\"><img loading=\"lazy\" decoding=\"async\" src=\"https:\/\/analyse.optim.biz\/wp-content\/uploads\/2025\/12\/el-narco-submarino-320x214-1.jpg\" width=\"320\" height=\"214\" alt=\"El narco submarino\" title=\"el-narco-submarino-320x214-1\"><\/a><\/figure>\n<div class=\"m4p-summary-news-title\">\n<h3><a href=\"https:\/\/www.periodistadigital.com\/gente\/sucesos\/20251105\/impresionante-narco-submarino-atrapado-policia-portuguesa-aguas-atlantico-noticia-689405149762\/\">Este es el impresionante narco-submarino atrapado por la Polic\u00eda portuguesa en aguas del Atl\u00e1ntico<\/a><\/h3>\n<\/div>\n<\/div>\n<\/div>\n<\/div>\n<p><strong>B\u00e9lgica<\/strong>, el n\u00facleo administrativo de Europa, se encuentra inmersa en una crisis sin parang\u00f3n. No se trata de un problema de seguridad p\u00fablica habitual. Lo que acontece en las calles de <strong>Bruselas<\/strong> y <strong>Amberes<\/strong> evidencia el desmoronamiento de instituciones enteras ante la implacable fuerza del crimen organizado. Una jueza de instrucci\u00f3n en <strong>Amberes<\/strong>, escribiendo bajo anonimato desde un refugio protegido por la polic\u00eda, lo expone de forma descarnada: el pa\u00eds est\u00e1 en camino de convertirse en un narcoestado. Sus colegas comparten esa inquietud, al igual que el fiscal general. Y no es descabellado pensar que pronto los militares podr\u00edan patrullar las calles de la capital.<\/p>\n<p>La situaci\u00f3n ha escalado con tal rapidez que los analistas internacionales no logran encontrar antecedentes similares. En 2024, la <strong>Fiscal\u00eda de Bruselas<\/strong> registr\u00f3 89 tiroteos y otros incidentes con disparos. En lo que va de 2025, ya se contabilizan m\u00e1s de 80 eventos relacionados con el tr\u00e1fico de drogas, resultando en siete muertos y cerca de 40 heridos. Barrios como <strong>Anderlecht<\/strong>, <strong>Saint-Gilles<\/strong>, <strong>Molenbeek<\/strong> y <strong>Saint-Josse<\/strong> han sido convertidos en zonas donde las bandas resuelven sus disputas a balazos, mientras los ciudadanos se ven obligados a encerrarse en sus hogares y los j\u00f3venes son reclutados como mulas para el narcotr\u00e1fico. Esta violencia no es casual; es un reflejo de una econom\u00eda ilegal que ha penetrado tan hondo en la sociedad que resulta imposible disociarla del Estado.<\/p>\n<h2>El puerto que alimenta a Europa<\/h2>\n<p>Todo comienza en <strong>Amberes<\/strong>. Este puerto, el segundo m\u00e1s grande del continente tras <strong>R\u00f3terdam<\/strong>, se ha erigido como la principal puerta de entrada de coca\u00edna a Europa. Con un complejo portuario que abarca canales equivalentes a 20.000 campos de f\u00fatbol, se procesan millones de contenedores cada a\u00f1o. Es el escenario ideal para que las drogas se oculten entre la log\u00edstica leg\u00edtima. En 2023, las autoridades confiscaron 116 toneladas de coca\u00edna, marcando un r\u00e9cord hist\u00f3rico. Seg\u00fan la <strong>Agencia Europea de Drogas (EUDA)<\/strong>, alrededor del 40 por ciento de toda la coca\u00edna que llega a Europa transita por los muelles antwerpenos. En 2024, fue la ciudad europea con mayor cantidad de coca\u00edna detectada en sus aguas residuales, solo superada por <strong>Tarragona<\/strong>.<\/p>\n<p>Los cargamentos provienen principalmente de <strong>Am\u00e9rica Latina<\/strong>. Bandas balc\u00e1nicas han logrado infiltrarse entre las tripulaciones de los portacontenedores, seg\u00fan investigaciones publicadas por <strong>Bloomberg<\/strong>. Desde <strong>Amberes<\/strong>, la droga se redistribuye hacia pa\u00edses como <strong>Alemania<\/strong>, <strong>Francia<\/strong>, <strong>Espa\u00f1a<\/strong> y los <strong>Pa\u00edses Bajos<\/strong>, utilizando diversas v\u00edas terrestres, fluviales y a\u00e9reas. Lo alarmante es que tanto <strong>B\u00e9lgica<\/strong> como los <strong>Pa\u00edses Bajos<\/strong> se han convertido en n\u00facleos europeos para la distribuci\u00f3n de coca\u00edna; no son meros puntos de entrada sino centros neur\u00e1lgicos que agravan el problema a nivel continental.<\/p>\n<p>El puerto no es solo un lugar donde opera el narcotr\u00e1fico; es un espacio donde este crimen se ha convertido en la actividad predominante. Las autoridades han detectado casos sistem\u00e1ticos de corrupci\u00f3n: empleados portuarios, funcionarios aduaneros, polic\u00edas e incluso trabajadores del sistema judicial han sido cooptados por las mafias. Estas organizaciones recurren a sobornos e intimidaciones para garantizar su colaboraci\u00f3n; as\u00ed opera un sistema paralelo al margen del oficial, con redes dedicadas al blanqueo que afectan al sector inmobiliario y agravan a\u00fan m\u00e1s la crisis habitacional del pa\u00eds. El <strong>ministro belga de Justicia, Paul Van Tigchelt<\/strong>, ha afirmado que el narcotr\u00e1fico representa una amenaza directa para la seguridad nacional y ha subrayado que esta problem\u00e1tica no puede ser abordada \u00fanicamente a nivel local; necesita una respuesta coordinada entre los Estados miembros de la <strong>Uni\u00f3n Europea<\/strong>.<\/p>\n<h2>Cuando la violencia se normaliza<\/h2>\n<p>Los tiroteos en <strong>Bruselas<\/strong> ya no sorprenden a nadie. En noviembre pasado se registraron cuatro tiroteos en apenas tres d\u00edas, todos vinculados a una guerra entre clanes por el control territorial. Las balas atraviesan fachadas de viviendas, escuelas y comercios sin piedad alguna. A principios del mes pasado, una bala disparada con un <strong>kal\u00e1schnikov<\/strong> qued\u00f3 incrustada en una ventana escolar en plena capital; los ni\u00f1os ya reconocen el sonido del disparo como parte normalizada de su d\u00eda a d\u00eda.<\/p>\n<p><strong>Marl\u00e8ne Fern\u00e1ndez<\/strong>, vecina de 54 a\u00f1os en la comuna de <strong>Anderlecht<\/strong>, relata c\u00f3mo estos j\u00f3venes dedicados al narcotr\u00e1fico forman parte del paisaje urbano cotidiano: \u00abAhora es muy pronto para verlos en esta esquina, pero si vais a la otra esquina los encontrar\u00e9is sin problemas\u00bb, asegura sin tapujos. Las plazas p\u00fablicas est\u00e1n cercadas para evitar convertirse en mercadillos ilegales; incluso el Ayuntamiento intent\u00f3 instaurar un toque de queda a las 21 horas para combatir esta plaga sin \u00e9xito alguno. Para <strong>Mohamed Ouamara<\/strong>, l\u00edder del colectivo vecinal contra la inseguridad conocido como <strong>Vigilance Cureghem<\/strong>, est\u00e1 claro: el problema es mucho m\u00e1s profundo que cualquier medida local pueda abordar.<\/p>\n<blockquote class=\"twitter-tweet\" data-width=\"500\" data-dnt=\"true\">\n<p lang=\"es\" dir=\"ltr\">Una jueza en B\u00e9lgica alerta de que el pa\u00eds corre riesgo de convertirse en un narcoestado.<\/p>\n<p>\u25b6\ufe0f<a href=\"https:\/\/t.co\/zPpzPXjI2k\">https:\/\/t.co\/zPpzPXjI2k<\/a> <a href=\"https:\/\/t.co\/IDgWGod9Or\">pic.twitter.com\/IDgWGod9Or<\/a><\/p>\n<p>&mdash; Telediarios de TVE (@telediario_tve) <a href=\"https:\/\/twitter.com\/telediario_tve\/status\/1989339708959416569?ref_src=twsrc%5Etfw\">November 14, 2025<\/a><\/p><\/blockquote>\n<p><script async src=\"https:\/\/platform.twitter.com\/widgets.js\" charset=\"utf-8\"><\/script><\/p>\n<p>La degradaci\u00f3n urbana avanza junto al consumo masivo de sustancias sint\u00e9ticas como crack y fentanilo que inundan las calles. Menores no acompa\u00f1ados provenientes del <strong>Norte de \u00c1frica<\/strong> caen f\u00e1cilmente bajo el control del crimen organizado. Grupos como la conocida <strong>Mocro Maffia<\/strong>, liderada por clanes marroqu\u00edes, utilizan incluso a chicos tan j\u00f3venes como trece a\u00f1os para desempe\u00f1ar funciones como mulas o vig\u00edas. Cada a\u00f1o alrededor de un centenar cae atrapado en estas redes criminales que ven en ellos mano obra barata y f\u00e1cilmente reemplazable. Seg\u00fan cuenta <strong>Vincent Scheltiens<\/strong>, profesor especializado en historia pol\u00edtica en la Universidad de Amberes y residente en uno de estos barrios donde cada semana ocurren peque\u00f1os atentados con c\u00f3cteles molotov lanzados por chavales que luego escapan velozmente sobre patinetes; esto es solo una peque\u00f1a muestra del iceberg que representa un sistema m\u00e1s amplio y complejo: hay desplazamientos constantes entre facciones desde el sur de Francia y los Pa\u00edses Bajos hacia B\u00e9lgica, un pa\u00eds peque\u00f1o con un gran puerto rodeado por instituciones internacionales cuya eficacia est\u00e1 siendo cuestionada.<\/p>\n<h2>Las instituciones bajo asedio<\/h2>\n<p>El primer ministro belga, Bart De Wever, quien durante a\u00f1os ocup\u00f3 el cargo de alcalde en Amberes y ahora act\u00faa como baluarte contra la delincuencia organizada relacionada con las drogas, tambi\u00e9n ha recibido amenazas personales: una cabeza decapitada dejada frente a su casa o un hacha arrojada contra su ventana son algunas muestras preocupantes del clima actual; sin embargo, su mano dura a\u00fan no ha dado resultados visibles.<\/p>\n<p>Lo alarmante del estado actual es que las mafias no solo operan desde las calles: han logrado infiltrarse hasta lo m\u00e1s profundo del sistema judicial belga. La jueza mencionada anteriormente pas\u00f3 cuatro meses escondida bajo vigilancia policial tras investigar el narcotr\u00e1fico; adem\u00e1s, el antiguo ministro belga encargado del \u00e1rea judicial tambi\u00e9n recibi\u00f3 amenazas serias, requiriendo protecci\u00f3n personal constante mientras ocupaba su cargo. Ahora le toca al nuevo fiscal general del rey, Julien Moinil, enfrentar situaciones similares tras ordenar varias redadas recientes contra estos grupos criminales activos dentro del territorio nacional belga.<\/p>\n<p>Los jueces ya no pueden trabajar con normalidad, ni regresar a casa sin escolta, ni llevar adelante investigaciones sin temor constante a represalias violentas.<\/p>\n<p>Este contexto responde exactamente al concepto acad\u00e9mico definido como narcoestado: corrupci\u00f3n severa dentro de altos niveles gubernamentales, amenazando as\u00ed mismo al Estado democr\u00e1tico; elevados niveles de violencia poniendo en jaque tanto la legitimidad estatal como el monopolio sobre la violencia legalizada; organizaciones ilegales controlando sectores econ\u00f3micos leg\u00edtimos. Aunque, seg\u00fan Letizia Paoli \u2014profesora crimin\u00f3loga asociada\u2014, B\u00e9lgica todav\u00eda no cumple todos los criterios necesarios para catalogarse oficialmente as\u00ed, la opini\u00f3n contraria proviene directamente de aquellos magistrados involucrados, quienes creen firmemente que esa evoluci\u00f3n ya est\u00e1 sucediendo.<\/p>\n<p>La corrupci\u00f3n avanza, invade instituciones estatales e incrementa los casos documentados de intimidaciones judiciales, mientras crece exponencialmente esa econom\u00eda informal paralela multimillonaria basada esencialmente en el tr\u00e1fico il\u00edcito. Asesinatos, torturas, secuestros multiplic\u00e1ndose constantemente\u2026 Desde las c\u00e1rceles se orquestan env\u00edos masivos de drogas. Si falla el poder judicial, esto representa un grave ataque a la democracia misma, pues ya no podr\u00e1n proteger a los ciudadanos ni protegerse ellos mismos \u2014explica la magistrada afectada\u2014.<\/p>\n<h2>La deuda que acelera el colapso<\/h2>\n<p>Mientras tanto, todo este narcotr\u00e1fico sigue desmoronando los cimientos institucionales b\u00e1sicos, y B\u00e9lgica enfrenta otra crisis silenciosa pero letal: su deuda p\u00fablica alcanza ya el 100% del PIB nacional. La Organizaci\u00f3n para la Cooperaci\u00f3n y el Desarrollo Econ\u00f3micos (OCDE) alert\u00f3 mediante un informe publicado en septiembre de 2024, advirtiendo de que, si contin\u00faan las tendencias actuales, el endeudamiento podr\u00eda escalar hasta el 200% del PIB hacia el a\u00f1o 2050, poniendo as\u00ed en serio riesgo la sostenibilidad de las finanzas p\u00fablicas nacionales.<\/p>\n<p>Por otro lado, la Comisi\u00f3n Europea inst\u00f3 a adoptar medidas urgentes de consolidaci\u00f3n fiscal durante los pr\u00f3ximos cuatro a\u00f1os, priorizando acciones que contengan el d\u00e9ficit sin perjudicar el crecimiento econ\u00f3mico. Pero aqu\u00ed surge el dilema fundamental: combatir el narcotr\u00e1fico exige inversiones masivas en seguridad, inteligencia, cooperaci\u00f3n internacional y reformas institucionales. Todo ello requiere recursos financieros escasos actualmente. Las fuerzas de seguridad denuncian la falta de fondos suficientes. A pesar de destinarse aproximadamente el 22% de los recursos de investigaci\u00f3n de la polic\u00eda federal belga a delitos relacionados con las drogas, la coca\u00edna sigue inundando la capital belga, convirti\u00e9ndose en un c\u00edrculo vicioso donde m\u00e1s droga implica m\u00e1s violencia, m\u00e1s corrupci\u00f3n, debilitamiento institucional, disminuci\u00f3n de capacidad fiscal y, a su vez, menos inversiones en seguridad.<\/p>\n<h2>Las respuestas: insuficientes e improvisadas<\/h2>\n<p>El gobierno belga anunci\u00f3 recientemente un plan integral para combatir el narcotr\u00e1fico durante el pr\u00f3ximo a\u00f1o, aumentando inversiones en seguridad portuaria, cooperaci\u00f3n judicial internacional y endurecimiento de penas aplicables a delitos relacionados. Las comisiones europeas propusieron reforzar los controles en puertos, mejorando los intercambios informativos entre aduanas, cuerpos policiales y agencias judiciales involucradas. Durante su presidencia de turno de la UE el pr\u00f3ximo a\u00f1o, B\u00e9lgica hizo de la lucha contra el crimen organizado y el narcotr\u00e1fico una prioridad m\u00e1xima, presentando la \u201cAlianza Europea de Puertos\u201d para incrementar la seguridad y cooperaci\u00f3n mutua.<\/p>\n<p>Sin embargo, todo esto ocurre mientras el escalofriante nivel de violencia contin\u00faa creciendo descontroladamente. El ministro del Interior, Bernard Quintin, sugiri\u00f3 que soldados patrullen junto a polic\u00edas en la capital bruselense, fusionando las actuales seis zonas policiales para mejorar la eficacia operativa. Su colega de Justicia, Annelies Verlinden, declar\u00f3 esta semana el aumento de medidas de protecci\u00f3n en juzgados, adem\u00e1s de anonimizar los datos identificativos de funcionarios y magistrados involucrados en procesos legales relevantes. Tambi\u00e9n en el \u00e1mbito europeo se est\u00e1n dando pasos: Bruselas debe presentar antes de final de a\u00f1o una nueva Estrategia de la UE contra las drogas y un Plan de Acci\u00f3n con medidas concretas ante la problem\u00e1tica creciente.<\/p>\n<p>Por \u00faltimo, voces disonantes plantean una soluci\u00f3n radicalmente diferente: Peter Muyshondt \u2014representante de la organizaci\u00f3n Anyone\u2019s Child, formada por familiares de v\u00edctimas fallecidas debido a adicciones\u2014 defiende la regulaci\u00f3n del mercado de drogas, argumentando que ser\u00eda la \u00fanica v\u00eda posible para frenar el tr\u00e1fico ilegal y controlar los productos comercializados, similar al tabaco: \u201cfumar no es ilegal, pero volverse un consumidor complicado s\u00ed\u201d, dice Muyshondt, a\u00f1adiendo: \u201cnunca comprar\u00e1s cigarrillos a delincuentes en rincones oscuros de callejones, sino que ir\u00e1s a una tienda, asegur\u00e1ndote de que el producto pas\u00f3 controles adecuados\u201d.<\/p>\n<p>El problema radica precisamente en la imposibilidad de ganar definitivamente esta guerra, porque resulta extremadamente rentable: arrestar individuos solo es temporal; otros ocupan r\u00e1pidamente los espacios dejados atr\u00e1s. Durante los \u00faltimos diez a\u00f1os las condiciones se han deteriorado aceleradamente en el mercado ilegal, donde recurrir a sistemas legales de resoluci\u00f3n de conflictos resulta imposible; la \u00fanica v\u00eda viable es emplear violencia, fuerza, extorsi\u00f3n e intimidaci\u00f3n.<\/p>\n<h2>Hacia d\u00f3nde va B\u00e9lgica<\/h2>\n<p>Ahora surge la pregunta crucial formulada en el mismo coraz\u00f3n de Bruselas: \u00bfpuede evitar convertirse en un narcoestado genuino o acaso ya lo es? Los expertos divergen. Ten Voeten, antrop\u00f3logo y fot\u00f3grafo neerland\u00e9s, sostiene la firme convicci\u00f3n de que B\u00e9lgica ni siquiera corre el riesgo de convertirse en tal cosa en los pr\u00f3ximos a\u00f1os, pero estas voces constituyen la minor\u00eda: la mayor\u00eda de expertos \u2014incluyendo jueces, fiscales y la comisionada federal antidrogas\u2014 coinciden en que la evoluci\u00f3n ya ha comenzado a manifestarse claramente.<\/p>\n<p>Lo innegable es que B\u00e9lgica enfrenta una amenaza existencial grave. El asunto no es solamente de orden p\u00fablico, sino una cuesti\u00f3n determinante respecto a la legitimidad de la autoridad institucional del Estado mismo. Las mafias venden sustancias prohibidas, compran polic\u00edas, jueces, pol\u00edticos y trabajadores portuarios, controlan territorios urbanos, reclutan menores, blanquean dinero en el sector inmobiliario, amenazan de muerte a magistrados y orquestan tiroteos desde las c\u00e1rceles.<\/p>\n<p>Isabel, vecina bruselense que ha observado el deterioro de su comunidad durante la \u00faltima d\u00e9cada, resume la sensaci\u00f3n general: \u201cno resulta invivible, pero tenemos un problema que afrontar a escala nacional, no exclusivamente local\u201d. Bea, quien ha vivido toda su vida en Amberes, coincide y califica la situaci\u00f3n de notablemente peor en los \u00faltimos a\u00f1os. Aunque asegura que no tiene intenci\u00f3n de mudarse, reconoce: \u201cno criar\u00eda a mis hijos aqu\u00ed\u201d.<\/p>\n<p>La paradoja reside en que B\u00e9lgica, siendo el coraz\u00f3n administrativo de Europa \u2014sede de la Uni\u00f3n Europea y del cuartel general de la OTAN\u2014, est\u00e1 viendo c\u00f3mo sus instituciones son socavadas por redes de criminalidad que operan impunemente. Si cayera B\u00e9lgica, significar\u00eda la ca\u00edda de un s\u00edmbolo de estabilidad institucional europea. En consecuencia, la crisis belga trasciende sus fronteras nacionales, convirti\u00e9ndose en una advertencia seria para el resto del continente europeo.<\/p>\n<\/div>\n<p> Source URL: https:\/\/www.periodistadigital.com\/mundo\/20251202\/belgica-borde-abismo-narcotrafico-devorando-instituciones-pais-noticia-689405159302\/<\/p>\n","protected":false},"excerpt":{"rendered":"<p>M\u00e1s informaci\u00f3n \u201cSi eres narcoterrorista, vamos a por ti\u201d, advirti\u00f3 la fiscal general de Estados Unidos, Pam Bondi Este es el impresionante narco-submarino atrapado por la Polic\u00eda portuguesa en aguas del Atl\u00e1ntico B\u00e9lgica, el n\u00facleo administrativo de Europa, se encuentra inmersa en una crisis sin parang\u00f3n. No se trata de un problema de seguridad p\u00fablica [&hellip;]<\/p>\n","protected":false},"author":1,"featured_media":857121,"comment_status":"open","ping_status":"","sticky":false,"template":"","format":"standard","meta":{"footnotes":""},"categories":[88],"tags":[112],"class_list":["post-857120","post","type-post","status-publish","format-standard","has-post-thumbnail","hentry","category-spain","tag-periodistadigital-com"],"_links":{"self":[{"href":"https:\/\/analyse.optim.biz\/index.php?rest_route=\/wp\/v2\/posts\/857120","targetHints":{"allow":["GET"]}}],"collection":[{"href":"https:\/\/analyse.optim.biz\/index.php?rest_route=\/wp\/v2\/posts"}],"about":[{"href":"https:\/\/analyse.optim.biz\/index.php?rest_route=\/wp\/v2\/types\/post"}],"author":[{"embeddable":true,"href":"https:\/\/analyse.optim.biz\/index.php?rest_route=\/wp\/v2\/users\/1"}],"replies":[{"embeddable":true,"href":"https:\/\/analyse.optim.biz\/index.php?rest_route=%2Fwp%2Fv2%2Fcomments&post=857120"}],"version-history":[{"count":0,"href":"https:\/\/analyse.optim.biz\/index.php?rest_route=\/wp\/v2\/posts\/857120\/revisions"}],"wp:featuredmedia":[{"embeddable":true,"href":"https:\/\/analyse.optim.biz\/index.php?rest_route=\/wp\/v2\/media\/857121"}],"wp:attachment":[{"href":"https:\/\/analyse.optim.biz\/index.php?rest_route=%2Fwp%2Fv2%2Fmedia&parent=857120"}],"wp:term":[{"taxonomy":"category","embeddable":true,"href":"https:\/\/analyse.optim.biz\/index.php?rest_route=%2Fwp%2Fv2%2Fcategories&post=857120"},{"taxonomy":"post_tag","embeddable":true,"href":"https:\/\/analyse.optim.biz\/index.php?rest_route=%2Fwp%2Fv2%2Ftags&post=857120"}],"curies":[{"name":"wp","href":"https:\/\/api.w.org\/{rel}","templated":true}]}}