{"id":850523,"date":"2025-12-04T22:41:03","date_gmt":"2025-12-04T19:41:03","guid":{"rendered":"https:\/\/analyse.optim.biz\/?p=850523"},"modified":"2025-12-04T22:41:03","modified_gmt":"2025-12-04T19:41:03","slug":"la-izquierda-y-la-navidad","status":"publish","type":"post","link":"https:\/\/analyse.optim.biz\/?p=850523","title":{"rendered":"La Izquierda y la Navidad"},"content":{"rendered":"<article>\n<aside class=\"article-aside clearfix\">\n<dl class=\"article-info  muted\">\n<dd class=\"parent-category-name hasTooltip\" title=\"Categor\u00eda de nivel principal o ra\u00edz: \"><span>Columnistas de opini\u00f3n<\/span><\/dd>\n<dd class=\"category-name hasTooltip\" title=\"Categor\u00eda: \"><span>Juan Vicente Santacreu<\/span><\/dd>\n<dd class=\"createdby hasTooltip\" title=\"Escrito por \"><span>Juan Vicente Santacreu<\/span><span><span><img decoding=\"async\" src=\"https:\/\/analyse.optim.biz\/wp-content\/uploads\/2025\/12\/logo-124.png\" alt=\"logo\" title=\"logo-124\"><\/span><\/span><\/dd>\n<dd class=\"published hasTooltip\" title=\"Publicado: \"><time datetime=\"2021-12-27T11:50:07+01:00\"><br \/>\n\t\t\t\t\t27 Diciembre 2021          <\/time><\/dd>\n<\/dl>\n<\/aside>\n<header class=\"article-header clearfix\">\n<h1 class=\"article-title\"><a href=\"https:\/\/www.mediterraneodigital.com\/opinion\/columnistas-de-opinion\/juan-vicente-santacreu\/la-izquierda-y-la-navidad\" title=\"La Izquierda y la Navidad\"><br \/>\n\t\t\t\tLa Izquierda y la Navidad<\/a><\/h1>\n<\/header>\n<div class=\"pull-none item-image article-image article-image-full\"><span><img decoding=\"async\" src=\"https:\/\/analyse.optim.biz\/wp-content\/uploads\/2025\/12\/reyes-magos-de-oriente-1.jpg\" title=\"reyes-magos-de-oriente-1\"><\/span><\/div>\n<section class=\"article-content clearfix\">\n<p>\u00bfPor qu\u00e9 los zurdosos odian la <strong>Navidad<\/strong>? Desmontando todos los argumentos de la izquierda sobre la <strong>Navidad<\/strong>.<\/p>\n<p><a href=\"https:\/\/fueradelimites.com\/resena\/\"><img decoding=\"async\" id=\"resenas-de-casinos-300x250\" alt=\"resenas-de-casinos\" src=\"https:\/\/analyse.optim.biz\/wp-content\/uploads\/2025\/12\/resenas-de-casinos-300x250-126.png\" width='300\"' height=\"250\" title=\"resenas-de-casinos-300x250-126\"><\/a><\/p>\n<p>Est\u00e1 bien que a los zurdosos no les gusten los <strong>Reyes Magos<\/strong>, es m\u00e1s, lo comprendo, ellos son republicanos y todo lo que huele a reyes y reinas les da repel\u00fas. No obstante, ante el gran arraigo que existe en <strong>Espa\u00f1a<\/strong> hay zurdosos que aceptan la cabalgata de los <strong>Reyes Magos<\/strong> siempre y cuando, en lugar de <strong>Reyes<\/strong>, desfile alguna reinona <em>homosexuala<\/em>, alg\u00fan <em>peluo<\/em> piojoso y alg\u00fan negro africano.\u00a0<\/p>\n<p>En cualquier caso no comprendo todas estas imbecilidades de la izquierda cuando la cabalgata de <strong>Reyes<\/strong> es, o deber\u00eda ser, un icono de la <strong>Alianza de las civilizaciones<\/strong>. V\u00e9ase, la cabalgata tradicional la gu\u00eda <strong>Melchor<\/strong>, un jeque \u00e1rabe originario de <strong>Persia<\/strong>; le sigue <strong>Gaspar<\/strong>, un moro de <strong>Mesopotamia<\/strong>; y por \u00faltimo llevando el equipaje de los <strong>Reyes, Baltasar<\/strong>, un negro tizn\u00f3n de Eritrea. \u00bfEs o no es una <strong>Alianza de civilizaciones<\/strong>?<\/p>\n<p><a href=\"https:\/\/www.webapuestas.com\/casas-apuestas?utm_source=300x300&amp;utm_medium=MediterraneoDigital&amp;utm_campaign=CasasdeApuestas\"><img decoding=\"async\" id=\"casas-de-apuestas-webapuestas-300x300\" alt=\"casas-de-apuestas-webapuestas-300x300\" src=\"https:\/\/analyse.optim.biz\/wp-content\/uploads\/2025\/12\/casas-apuestas-webapuestas-124.png\" width='300\"' height=\"300\" title=\"casas-apuestas-webapuestas-124\"><\/a><\/p>\n<p>Si no tiene explicaci\u00f3n que a los zurdosos no les gusten los<strong> Reyes Magos<\/strong>, el rechazo que sienten por la <strong>Navidad<\/strong> es de traca.<\/p>\n<p>Veamos, la <strong>Navidad<\/strong> fortalece los lazos familiares y es una celebraci\u00f3n para todos los p\u00fablicos: cristianos, creyentes, ateos y agn\u00f3sticos. Y para colmo, d\u00edganme qu\u00e9 leches pinta <strong>Pap\u00e1 Noel<\/strong>, un anciano <em>peluo<\/em> y con barba, eso s\u00ed, duchado y aseado que perfectamente podr\u00eda ser pareja de la <em>chochona<\/em><strong>Carmena<\/strong>, y adem\u00e1s vestido de rojo. Y lo de la barba de<strong> Pap\u00e1 Noel<\/strong>, todo un puntazo para la izquierda, que no s\u00e9 por qu\u00e9 extra\u00f1a raz\u00f3n, desde el <strong>Che<\/strong> y <strong>Castro<\/strong>, las barbas les ponen cachondos a todos los zurdosos. Y si hablamos de <strong>Jes\u00fas<\/strong> y la <strong>Navidad<\/strong>, eso s\u00ed que es la &#8220;ostia&#8221;, o deber\u00eda serlo para los <em>peluos<\/em>. <strong>Jes\u00fas<\/strong> fue hijo de trabajadores humildes y proletarios que naci\u00f3 en un pesebre de okupa. De mayor fue un anarquista contestatario, un verdadero revolucionario que se enfrent\u00f3 \u00e9l solo \u2013seg\u00fan los creyentes fue con ayuda de <strong>Dios<\/strong>&#8211; contra el <strong>Sistema<\/strong>.<\/p>\n<p><a href=\"https:\/\/estacerca.com\/casinos-con-retirada-instantanea\/\"><img decoding=\"async\" id=\"Casinos con retiro inmediato\" alt=\"Casinos con retiro inmediato\" src=\"https:\/\/analyse.optim.biz\/wp-content\/uploads\/2025\/12\/casinos-con-retiro-inmediato-124.png\" width='300\"' height=\"250\" title=\"casinos-con-retiro-inmediato-124\"><\/a><\/p>\n<p>Si los zurdosos no fueran unos indigentes intelectuales tendr\u00edan a <strong>Jes\u00fas<\/strong> como un referente de la lucha de clases ya que fue el primer comunista documentado de la historia.<br \/>Si los zurdosos no fueran unos indigentes intelectuales tendr\u00edan a <strong>Jes\u00fas<\/strong> como <em>el puto amo<\/em> de la revoluci\u00f3n y lo venerar\u00edan como a un <strong>Dios<\/strong>.<\/p>\n<p>Si los zurdosos no fueran unos indigentes intelectuales simplemente no ser\u00edan de izquierdas y disfrutar\u00edan de la tradici\u00f3n de la <strong>Navidad<\/strong>.<\/p>\n<p><a href=\"https:\/\/clsmining.com\/xml\/index.html#\/\"><img decoding=\"async\" id=\"cls-mining.gif\" alt=\"cls-mining.gif\" src=\"https:\/\/analyse.optim.biz\/wp-content\/uploads\/2025\/12\/cls-mining-115.gif\" width='300\"' height=\"250\" title=\"cls-mining-115\"><\/a><\/p>\n<p>As\u00ed lo pienso y as\u00ed lo digo.<\/p>\n<div id=\"author_infobox\">\n<div class=\"author_infobox_image_profile\"><img decoding=\"async\" src=\"https:\/\/analyse.optim.biz\/wp-content\/uploads\/2025\/12\/jv-santacreu-6.jpg\" alt=\"Juan Vicente Santacreu\" title=\"jv-santacreu-6\"><\/div>\n<div class=\"author_infobox_name\"><span class=\"bold\">Autor:<\/span> Juan Vicente Santacreu<span class=\"bold marginleft\">Website:<\/span><a href=\"https:\/\/www.masby.net\/\" title=\"Website: https:\/\/www.masby.net\/\">https:\/\/www.masby.net\/<\/a><\/div>\n<div class=\"author_infobox_socialmedia\"><span class=\"twitter\"><a href=\"https:\/\/gab.com\/JVSantacreu\" title=\"Twitter\" target=\"_blank\"><img decoding=\"async\" src=\"https:\/\/analyse.optim.biz\/wp-content\/uploads\/2025\/12\/twitter-71.png\" title=\"twitter-71\"><\/a><\/span><\/div>\n<div class=\"author_infobox_description\">Abandon\u00e9 la carrera de Bellas Artes para estudiar Ingenier\u00eda en Telecomunicaciones y Marketing Digital. Nunca en mi vida he trabajado, me han pagado por hacer lo que me gusta<\/div>\n<\/div>\n<p><br class=\"clear\"><\/section>\n<\/article>\n<p> Source URL: https:\/\/www.mediterraneodigital.com\/opinion\/columnistas-de-opinion\/juan-vicente-santacreu\/la-izquierda-y-la-navidad<\/p>\n","protected":false},"excerpt":{"rendered":"<p>Columnistas de opini\u00f3n Juan Vicente Santacreu Juan Vicente Santacreu 27 Diciembre 2021 La Izquierda y la Navidad \u00bfPor qu\u00e9 los zurdosos odian la Navidad? Desmontando todos los argumentos de la izquierda sobre la Navidad. Est\u00e1 bien que a los zurdosos no les gusten los Reyes Magos, es m\u00e1s, lo comprendo, ellos son republicanos y todo [&hellip;]<\/p>\n","protected":false},"author":1,"featured_media":850524,"comment_status":"open","ping_status":"","sticky":false,"template":"","format":"standard","meta":{"footnotes":""},"categories":[88],"tags":[109],"class_list":["post-850523","post","type-post","status-publish","format-standard","has-post-thumbnail","hentry","category-spain","tag-mediterraneodigital-com"],"_links":{"self":[{"href":"https:\/\/analyse.optim.biz\/index.php?rest_route=\/wp\/v2\/posts\/850523","targetHints":{"allow":["GET"]}}],"collection":[{"href":"https:\/\/analyse.optim.biz\/index.php?rest_route=\/wp\/v2\/posts"}],"about":[{"href":"https:\/\/analyse.optim.biz\/index.php?rest_route=\/wp\/v2\/types\/post"}],"author":[{"embeddable":true,"href":"https:\/\/analyse.optim.biz\/index.php?rest_route=\/wp\/v2\/users\/1"}],"replies":[{"embeddable":true,"href":"https:\/\/analyse.optim.biz\/index.php?rest_route=%2Fwp%2Fv2%2Fcomments&post=850523"}],"version-history":[{"count":0,"href":"https:\/\/analyse.optim.biz\/index.php?rest_route=\/wp\/v2\/posts\/850523\/revisions"}],"wp:featuredmedia":[{"embeddable":true,"href":"https:\/\/analyse.optim.biz\/index.php?rest_route=\/wp\/v2\/media\/850524"}],"wp:attachment":[{"href":"https:\/\/analyse.optim.biz\/index.php?rest_route=%2Fwp%2Fv2%2Fmedia&parent=850523"}],"wp:term":[{"taxonomy":"category","embeddable":true,"href":"https:\/\/analyse.optim.biz\/index.php?rest_route=%2Fwp%2Fv2%2Fcategories&post=850523"},{"taxonomy":"post_tag","embeddable":true,"href":"https:\/\/analyse.optim.biz\/index.php?rest_route=%2Fwp%2Fv2%2Ftags&post=850523"}],"curies":[{"name":"wp","href":"https:\/\/api.w.org\/{rel}","templated":true}]}}