{"id":848786,"date":"2025-12-04T00:00:00","date_gmt":"2025-12-03T21:00:00","guid":{"rendered":"https:\/\/analyse.optim.biz\/?p=848786"},"modified":"2025-12-04T00:00:00","modified_gmt":"2025-12-03T21:00:00","slug":"silvia-intxaurrondo-exige-a-rtve-recuperar-un-salario-de-mas-de-250-000-euros-anuales-periodista-digital","status":"publish","type":"post","link":"https:\/\/analyse.optim.biz\/?p=848786","title":{"rendered":"Silvia Intxaurrondo exige a RTVE recuperar un salario de m\u00e1s de 250.000 euros anuales &#8211; Periodista Digital"},"content":{"rendered":"<div class=\"m4p-post-content\">\n<div class=\"block-vertical-align-right\">\n<div class=\"m4p-relations-group\">\n<div class=\"m4p-group-vertical-title\">\n<h2>M\u00e1s informaci\u00f3n<\/h2>\n<\/div>\n<div class=\"m4p-summary-news\">\n<figure class=\"m4p-image m4p-crop-medium-1\"><a href=\"https:\/\/www.periodistadigital.com\/television\/20251121\/miguel-tellado-abochorna-directo-silvia-intxaurrondo-cuenta-fiscal-sanchez-gravisimo-sucediendo-tve-video-689405155860\/\"><img loading=\"lazy\" decoding=\"async\" src=\"https:\/\/analyse.optim.biz\/wp-content\/uploads\/2025\/12\/tellado-vs-intxaurrondo-2025-11-21t152301-952-320x214-1.jpg\" width=\"320\" height=\"214\" alt=\"Silvia Intxaurrondo y Miguel Tellado\" title=\"tellado-vs-intxaurrondo-2025-11-21t152301-952-320x214-1\"><\/a><\/figure>\n<div class=\"m4p-summary-news-title\">\n<h3><a href=\"https:\/\/www.periodistadigital.com\/television\/20251121\/miguel-tellado-abochorna-directo-silvia-intxaurrondo-cuenta-fiscal-sanchez-gravisimo-sucediendo-tve-video-689405155860\/\">Miguel Tellado abochorna en directo a Silvia Intxaurrondo a cuenta del fiscal general de S\u00e1nchez: \u201cEs grav\u00edsimo lo que est\u00e1 sucediendo en TVE\u201d<\/a><\/h3>\n<\/div>\n<\/div>\n<\/div>\n<\/div>\n<p><span class=\"m4p-capitular\">A<\/span> pillar hasta que se acabe el chollo.<\/p>\n<p>Seg\u00fan a una informaci\u00f3n a la que ha accedido <em>El Mundo<\/em>, la presentadora <a href=\"https:\/\/www.periodistadigital.com\/television\/personajes\/20251009\/silvia-intxaurrondo-piruetas-esquivar-lupa-hacienda-rtve-le-rebaja-100-000-euros-sueldo-noticia-689405140648\/\"><strong>Silvia Intxaurrondo<\/strong> reclama un salario anual de <strong>253.356,96 euros<\/strong><\/a>, casi el doble de lo que recibe actualmente.<\/p>\n<p>La vista judicial est\u00e1 programada para la primavera de 2026, justo cuando <em>La hora de La 1<\/em> cosecha sus mejores cifras de audiencia.<\/p>\n<p>Este escenario plantea una paradoja inc\u00f3moda para la direcci\u00f3n de <strong>RTVE<\/strong>: mientras el programa florece, su rostro m\u00e1s visible se encuentra en plena batalla legal con su empleador.<\/p>\n<p>Este conflicto tiene su origen en decisiones tomadas hace unos meses.<\/p>\n<p>Hasta septiembre de 2025, <strong>Intxaurrondo<\/strong> percib\u00eda cerca de <strong>269.757 euros anuales<\/strong> a trav\u00e9s de su empresa <strong>Sukun Comunicaci\u00f3n<\/strong>, una f\u00f3rmula que le permit\u00eda cobrar <strong>182.000 euros<\/strong> por sus funciones como directora y presentadora, adem\u00e1s de otros <strong>87.757 euros<\/strong> por cada programa emitido.<\/p>\n<p>Este modelo es habitual en el sector audiovisual para figuras destacadas, pero todo cambi\u00f3 cuando la <strong>Inspecci\u00f3n de Trabajo<\/strong> detect\u00f3 indicios de \u00abfalsa relaci\u00f3n de aut\u00f3nomo\u00bb tras una denuncia an\u00f3nima presentada en primavera de 2024.<\/p>\n<p>La investigaci\u00f3n concluy\u00f3 que la periodista trabajaba bajo horario fijo, con recursos proporcionados por <strong>RTVE<\/strong> y sin capacidad real para gestionar su propia empresa, lo que hac\u00eda que su situaci\u00f3n contractual fuera irregular.<\/p>\n<h2>De la estructura mercantil al r\u00e9gimen laboral<\/h2>\n<p>La regularizaci\u00f3n era inevitable. <strong>Jos\u00e9 Pablo L\u00f3pez<\/strong>, presidente de <strong>RTVE<\/strong>, confirm\u00f3 p\u00fablicamente que <strong>Intxaurrondo<\/strong> fue dada de alta en el R\u00e9gimen General de la Seguridad Social como trabajadora por cuenta ajena. Sin embargo, este cambio contractual signific\u00f3 una transformaci\u00f3n radical en sus condiciones econ\u00f3micas. Desde el 1 de septiembre, la presentadora pas\u00f3 a ser personal no fijo bajo el convenio colectivo de <strong>RTVE<\/strong>, con un salario base mensual de <strong>2.201,84 euros en 14 pagas<\/strong>, adem\u00e1s del complemento por \u00abplus de programas\u00bb, que suma unos <strong>10.000 euros en 11 pagas<\/strong>, alcanzando un total aproximado anual de <strong>45.000 euros<\/strong>. Esta cifra representa apenas el 17% del salario que ganaba anteriormente.<\/p>\n<p>En su demanda, <strong>Intxaurrondo<\/strong> sostiene que sus funciones no han cambiado significativamente. Sigue dirigiendo y presentando diariamente su programa informativo y considera que deber\u00eda mantener un nivel salarial acorde al anterior. En el escrito se menciona \u00abvulneraci\u00f3n del derecho fundamental consagrado en el art\u00edculo 24.1 de la Constituci\u00f3n Espa\u00f1ola\u00bb y se solicita una compensaci\u00f3n por \u00abel impacto o sufrimiento ps\u00edquico o espiritual\u00bb derivado del cambio en sus condiciones laborales. Adem\u00e1s, reclama recuperar beneficios log\u00edsticos perdidos, como el veh\u00edculo asignado para desplazamientos, as\u00ed como la autonom\u00eda editorial completa que disfrutaba en su contrato previo.<\/p>\n<h2>Tensiones internas y posiciones encontradas<\/h2>\n<p>Este caso ha generado un considerable malestar entre los trabajadores de <strong>RTVE<\/strong>. Mientras la corporaci\u00f3n ha reducido su masa salarial global apenas un 0,9% \u2014en contraste con el aumento del 2,5% que han recibido los empleados p\u00fablicos\u2014 algunos trabajadores observan con asombro c\u00f3mo una figura medi\u00e1tica como <strong>Intxaurrondo<\/strong> lucha por mantener salarios extraordinarios en medio del contexto actual marcado por restricciones presupuestarias. Los sindicatos han calificado esta situaci\u00f3n como \u00abindecente\u00bb, se\u00f1alando que la presentadora recibe \u00abun sueldo elevado\u00bb mientras otros empleados enfrentan recortes salariales. Fuentes sindicales comentaron a <em>El Mundo<\/em> que \u00abgran parte del personal est\u00e1 at\u00f3nito\u00bb ante una demanda que consideran llega en el peor momento posible: justo cuando se est\u00e1n reduciendo salarios a nivel general.<\/p>\n<p>No obstante, desde otros sectores se reconoce que <strong>Intxaurrondo<\/strong> ha contado con un asesoramiento legal riguroso. El bufete dirigido por <strong>Jon Zabala<\/strong>, experto en litigios laborales, ha fundamentado la demanda en la continuidad funcional. Seg\u00fan su equipo legal, si las tareas realizadas por la periodista no han cambiado, su retribuci\u00f3n deber\u00eda reflejar cierta proporcionalidad respecto al pasado. La presentadora acepta formar parte del convenio colectivo de <strong>RTVE<\/strong>, pero con un salario base fijado en <strong>30.814 euros anuales<\/strong>, adem\u00e1s del plus necesario para alcanzar los mencionados <strong>222.542,96 euros<\/strong>, sumando as\u00ed los totales anteriores.<\/p>\n<h2>La posici\u00f3n de RTVE y el silencio estrat\u00e9gico<\/h2>\n<p>Ante esta situaci\u00f3n, la corporaci\u00f3n p\u00fablica ha decidido adoptar una postura estrat\u00e9gica basada en el silencio. Cuando <em>El Mundo<\/em> se puso en contacto con <strong>RTVE<\/strong> para conocer su respuesta sobre la demanda, desde la instituci\u00f3n decidieron no hacer declaraciones al respecto. Desde la direcci\u00f3n argumentan que el nuevo r\u00e9gimen contractual no puede compararse al anterior debido a las diferencias legales entre un contrato mercantil y uno laboral, las cuales son \u00abradicalmente distintas\u00bb. Los sindicatos corroboran que tras la intervenci\u00f3n de la <strong>Inspecci\u00f3n de Trabajo<\/strong>, <strong>RTVE<\/strong> no ten\u00eda margen para maniobrar: deb\u00edan regularizar la situaci\u00f3n dando alta a la periodista como empleada o enfrentarse a sanciones severas.<\/p>\n<p>Existen preocupaciones entre algunos directivos sobre c\u00f3mo cualquier declaraci\u00f3n p\u00fablica respecto al litigio pudiera afectar los excelentes resultados auditivos alcanzados por <em>La hora de La 1<\/em>. \u00abLa direcci\u00f3n est\u00e1 satisfecha con los resultados obtenidos gracias a <strong><em>Intxaurrondo<\/em><\/strong>\u00ab, comentan fuentes cercanas a la gesti\u00f3n interna; a\u00f1aden que \u00abcualquier declaraci\u00f3n podr\u00eda perjudicar esos n\u00fameros\u00bb. Este c\u00e1lculo estrat\u00e9gico mantiene al conflicto atrapado en un limbo inc\u00f3modo: mientras ella litiga por recuperar sus condiciones anteriores, contin\u00faa siendo el rostro visible uno de los programas informativos m\u00e1s exitosos del ente p\u00fablico.<\/p>\n<h2><img loading=\"lazy\" decoding=\"async\" class=\"alignnone size-large wp-image-689401946241\" src=\"https:\/\/analyse.optim.biz\/wp-content\/uploads\/2025\/12\/intxaurrondos-550x275-1.jpg\" width=\"550\" height=\"275\" title=\"intxaurrondos-550x275-1\"><\/h2>\n<h2>La cuesti\u00f3n del contrato anterior y sus irregularidades<\/h2>\n<p>Un punto clave en este litigio es entender c\u00f3mo era realmente el contrato que manten\u00eda <strong>Intxaurrondo<\/strong> con <strong>RTVE<\/strong> a trav\u00e9s de <strong><em>Sukun Comunicaci\u00f3n<\/em><\/strong>. Aunque ahora reconoce haber ganado m\u00e1s all\u00e1 del umbral mencionado \u2014una cifra previamente desmentida como \u00abbulo\u00bb\u2014 tambi\u00e9n es cierto que ese acuerdo presentaba irregularidades legales evidentes. La intervenci\u00f3n laboral determin\u00f3 que no hab\u00eda cumplido con lo correspondiente hacia la Seguridad Social debido a las caracter\u00edsticas mercantiles del contrato establecido inicialmente; esta situaci\u00f3n llev\u00f3 a cuestionar modelos alternativos seguidos por otros profesionales externos vinculados a <strong><em>RTVE<\/em><\/strong> mediante contratos art\u00edsticos personales, los cuales ofrecen mayor flexibilidad salarial pero implican tambi\u00e9n mayores responsabilidades fiscales.<\/p>\n<p>En los pasillos del ente p\u00fablico surge una pregunta recurrente: \u00bfqui\u00e9n permiti\u00f3 esa estructura contractual irregular? \u00abSer\u00eda pertinente indagar qui\u00e9n elabor\u00f3 ese contrato fraudulento\u00bb, argumentan desde los gremios; cuestionando qui\u00e9n asumi\u00f3 responsabilidad al permitirlo cuando luego result\u00f3 ser ilegal. Aunque <strong><em>RTVE<\/em><\/strong> guarda silencio sobre este tema espec\u00edfico, queda constancia sobre las irregularidades se\u00f1aladas por parte del organismo inspector.<\/p>\n<h2>Las perspectivas legales y el resultado probable<\/h2>\n<p>Desde los sindicatos advierten sobre lo complicado del panorama judicial al cual se enfrenta <strong><em>Intxaurrondo<\/em><\/strong>; si bien su demanda gira alrededor cuestiones econ\u00f3micas espec\u00edficas, varios expertos laborales dudan sobre su capacidad para revertir dicha situaci\u00f3n contractual actual: \u201cNo podr\u00e1 conseguir judicialmente convertirse en personal indefinido\u201d, explican voces gremiales; a\u00f1adiendo que si est\u00e1 catalogada como personal no fijo implica relaci\u00f3n directa con publicaciones futuras sobre puestos disponibles; lo cual significar\u00eda tener que competir mediante oposiciones incluso si triunfara con \u00e9xito ante las instancias correspondientes.<\/p>\n<p>La regularizaci\u00f3n referente a complementos salariales percibidos igualmente est\u00e1 siendo sometida a normalizaci\u00f3n; seg\u00fan indican fuentes sindicales estos pluses son discrecionales y est\u00e1n siendo objetivados conforme establecen convenios espec\u00edficos; \u201cno puedes simplemente otorgar cantidades arbitrarias provenientes del dinero p\u00fablico sin objetivarlas o justificarlas\u201d, enfatizan desde los gremios; esta revisi\u00f3n podr\u00eda reducir a\u00fan m\u00e1s lo actualmente percibido por <strong><em>Intxaurrondo<\/em><\/strong> complicando a\u00fan m\u00e1s su situaci\u00f3n financiera presente.<\/p>\n<p>En resumen claro est\u00e1: este caso protagonizado por <strong><em>Silvia Intxaurrondo<\/em><\/strong> simboliza tensiones profundas dentro del entorno laboral existente dentro <strong><em>RTVE<\/em><\/strong>: lidiar con situaciones laborales irregulares; conflictos entre figuras medi\u00e1ticas percibiendo salarios extraordinarios y empleados enfrentando condiciones mucho m\u00e1s modestas; adem\u00e1s dilemas relacionados con mantener calidad informativa frente restricciones presupuestarias actuales; mientras se acerca esa vista judicial programada para primavera del a\u00f1o 2026 contin\u00faa liderando frente c\u00e1maras <em>La hora De La 1<\/em>, convirtiendo as\u00ed este conflicto singular dentro panorama contempor\u00e1neo televisi\u00f3n p\u00fablica espa\u00f1ola.<\/p>\n<\/div>\n<p> Source URL: https:\/\/www.periodistadigital.com\/television\/20251204\/silvia-intxaurrondo-exige-rtve-recuperar-salario-250-000-euros-anuales-noticia-689405160100\/<\/p>\n","protected":false},"excerpt":{"rendered":"<p>M\u00e1s informaci\u00f3n Miguel Tellado abochorna en directo a Silvia Intxaurrondo a cuenta del fiscal general de S\u00e1nchez: \u201cEs grav\u00edsimo lo que est\u00e1 sucediendo en TVE\u201d A pillar hasta que se acabe el chollo. Seg\u00fan a una informaci\u00f3n a la que ha accedido El Mundo, la presentadora Silvia Intxaurrondo reclama un salario anual de 253.356,96 euros, [&hellip;]<\/p>\n","protected":false},"author":1,"featured_media":848787,"comment_status":"open","ping_status":"","sticky":false,"template":"","format":"standard","meta":{"footnotes":""},"categories":[88],"tags":[112],"class_list":["post-848786","post","type-post","status-publish","format-standard","has-post-thumbnail","hentry","category-spain","tag-periodistadigital-com"],"_links":{"self":[{"href":"https:\/\/analyse.optim.biz\/index.php?rest_route=\/wp\/v2\/posts\/848786","targetHints":{"allow":["GET"]}}],"collection":[{"href":"https:\/\/analyse.optim.biz\/index.php?rest_route=\/wp\/v2\/posts"}],"about":[{"href":"https:\/\/analyse.optim.biz\/index.php?rest_route=\/wp\/v2\/types\/post"}],"author":[{"embeddable":true,"href":"https:\/\/analyse.optim.biz\/index.php?rest_route=\/wp\/v2\/users\/1"}],"replies":[{"embeddable":true,"href":"https:\/\/analyse.optim.biz\/index.php?rest_route=%2Fwp%2Fv2%2Fcomments&post=848786"}],"version-history":[{"count":0,"href":"https:\/\/analyse.optim.biz\/index.php?rest_route=\/wp\/v2\/posts\/848786\/revisions"}],"wp:featuredmedia":[{"embeddable":true,"href":"https:\/\/analyse.optim.biz\/index.php?rest_route=\/wp\/v2\/media\/848787"}],"wp:attachment":[{"href":"https:\/\/analyse.optim.biz\/index.php?rest_route=%2Fwp%2Fv2%2Fmedia&parent=848786"}],"wp:term":[{"taxonomy":"category","embeddable":true,"href":"https:\/\/analyse.optim.biz\/index.php?rest_route=%2Fwp%2Fv2%2Fcategories&post=848786"},{"taxonomy":"post_tag","embeddable":true,"href":"https:\/\/analyse.optim.biz\/index.php?rest_route=%2Fwp%2Fv2%2Ftags&post=848786"}],"curies":[{"name":"wp","href":"https:\/\/api.w.org\/{rel}","templated":true}]}}