{"id":848751,"date":"2025-12-04T20:52:58","date_gmt":"2025-12-04T17:52:58","guid":{"rendered":"https:\/\/analyse.optim.biz\/?p=848751"},"modified":"2025-12-04T20:52:58","modified_gmt":"2025-12-04T17:52:58","slug":"pedro-j-ramirez-la-muerte-de-un-periodista","status":"publish","type":"post","link":"https:\/\/analyse.optim.biz\/?p=848751","title":{"rendered":"Pedro J. Ram\u00edrez, la muerte de un periodista"},"content":{"rendered":"<article>\n<aside class=\"article-aside clearfix\">\n<dl class=\"article-info  muted\">\n<dd class=\"parent-category-name hasTooltip\" title=\"Categor\u00eda de nivel principal o ra\u00edz: \"><span>Columnistas de opini\u00f3n<\/span><\/dd>\n<dd class=\"category-name hasTooltip\" title=\"Categor\u00eda: \"><span>Juan Vicente Santacreu<\/span><\/dd>\n<dd class=\"createdby hasTooltip\" title=\"Escrito por \"><span>Juan Vicente Santacreu<\/span><span><span><img decoding=\"async\" src=\"https:\/\/analyse.optim.biz\/wp-content\/uploads\/2025\/12\/logo-118.png\" alt=\"logo\" title=\"logo-118\"><\/span><\/span><\/dd>\n<dd class=\"published hasTooltip\" title=\"Publicado: \"><time datetime=\"2023-02-07T20:28:46+01:00\"><br \/>\n\t\t\t\t\t07 Febrero 2023          <\/time><\/dd>\n<\/dl>\n<\/aside>\n<header class=\"article-header clearfix\">\n<h1 class=\"article-title\"><a href=\"https:\/\/www.mediterraneodigital.com\/opinion\/columnistas-de-opinion\/juan-vicente-santacreu\/pedro-j-ramirez\" title=\"Pedro J. Ram\u00edrez, la muerte de un periodista\"><br \/>\n\t\t\t\tPedro J. Ram\u00edrez, la muerte de un periodista<\/a><\/h1>\n<\/header>\n<div class=\"pull-none item-image article-image article-image-full\"><span><img decoding=\"async\" src=\"https:\/\/analyse.optim.biz\/wp-content\/uploads\/2025\/12\/pedro-j-ramirez-1.jpg\" title=\"pedro-j-ramirez-1\"><\/span><\/div>\n<section class=\"article-content clearfix\">\n<p>No se sabe exactamente c\u00f3mo ni cu\u00e1ndo ocurri\u00f3 pero <strong>Pedro J. Ram\u00edrez<\/strong> muri\u00f3 lentamente sin que nadie se enterara y lo m\u00e1s triste, sin que nadie lo echara de menos.<strong> Pedro J. Ram\u00edrez<\/strong> fue uno de los mejores periodistas de <strong>Espa\u00f1a<\/strong> y uno de las cinco personajes que yo admiraba pero evidentemente el paso de los a\u00f1os deja heridas, cicatrices y secuelas que sin duda las m\u00e1s terribles son las que no se ven por estar ocultas por la caja craneal. Sus efectos son la degeneraci\u00f3n senil, paso previo a la triste demencia senil.<\/p>\n<p><a href=\"https:\/\/fueradelimites.com\/resena\/\"><img decoding=\"async\" id=\"resenas-de-casinos-300x250\" alt=\"resenas-de-casinos\" src=\"https:\/\/analyse.optim.biz\/wp-content\/uploads\/2025\/12\/resenas-de-casinos-300x250-120.png\" width='300\"' height=\"250\" title=\"resenas-de-casinos-300x250-120\"><\/a><\/p>\n<h2>Enfermedad degenerativa de Pedro J. Ram\u00edrez<\/h2>\n<p>Como he dicho, desconozco el d\u00eda que empez\u00f3 a morir <strong>Pedro J. Ram\u00edrez<\/strong> pero s\u00ed que recuerdo el d\u00eda que a m\u00ed me saltaron las alarmas y fue cuando o\u00ed a <strong>Pedro J.<\/strong> atacar a <strong>Vox<\/strong> y simult\u00e1neamente apoyar a <strong>Alberto Rivera<\/strong> calificando a <strong>Ciudadanos<\/strong> de partido liberal. Tres errores incomprensibles en el que fue un gran periodista espa\u00f1ol de derecha y liberal. D.E.P.<\/p>\n<p>Es triste ver a <strong>Pedro J. Ram\u00edrez<\/strong> confundiendo con los a\u00f1os el significado del t\u00e9rmino liberal. Curiosamente de todos los partidos de derechas <strong>Ciudadanos<\/strong> es el menos liberal, no te equivoques, <strong>Ciudadanos<\/strong> es un <strong>PSOE<\/strong> con identidad nacional a ratitos, recuerda que<strong> Alberto Rivera<\/strong> defend\u00eda en <strong>Catalu\u00f1a<\/strong> estudiar s\u00f3lo el 15 % en espa\u00f1ol. Si quieres conocer qu\u00e9 significa exactamente liberal, te dejo este apunte \u25ba <a href=\"https:\/\/www.tulibertad.net\/liberales-libertades-espana\/\" target=\"_blank\" rel=\"noopener\"><strong>Liberales en Espa\u00f1a y Europa<\/strong><\/a><\/p>\n<p><a href=\"https:\/\/www.webapuestas.com\/casas-apuestas?utm_source=300x300&amp;utm_medium=MediterraneoDigital&amp;utm_campaign=CasasdeApuestas\"><img decoding=\"async\" id=\"casas-de-apuestas-webapuestas-300x300\" alt=\"casas-de-apuestas-webapuestas-300x300\" src=\"https:\/\/analyse.optim.biz\/wp-content\/uploads\/2025\/12\/casas-apuestas-webapuestas-118.png\" width='300\"' height=\"300\" title=\"casas-apuestas-webapuestas-118\"><\/a><\/p>\n<h2>Las 3 enfermedades de Pedro J. Ram\u00edrez<\/h2>\n<p>La primera enfermedad con graves secuelas fue atacar a <strong>Vox<\/strong>. Entiendo que<strong> Pedro J.<\/strong> no se identifique con la derecha de <strong>Santi Abascal<\/strong>, es m\u00e1s me parece enriquecedor que lo critique y escriba art\u00edculos de opini\u00f3n sobre <strong>Vox<\/strong>, pero de ah\u00ed a atacarlo como hace la extrema izquierda tild\u00e1ndolo de partido de extrema derecha y anticonstitucional, eso es imperdonable, enfermizo y surrealista. De momento es el partido m\u00e1s constitucional que hay en <strong>Espa\u00f1a<\/strong>.<\/p>\n<p>La segunda enfermedad de <strong>Pedro J.<\/strong> fue apoyar a <strong>Alberto Rivera<\/strong> como un buen candidato para un <strong>Gobierno<\/strong> de <strong>Espa\u00f1a<\/strong>. <strong>Pedro J.<\/strong> apoyando la ambig\u00fcedad de <strong>Alberto Rivera<\/strong>: un catal\u00e1n y espa\u00f1ol; liberal y socialista; conservador y progresista; y <strong>Albert<\/strong> en la pol\u00edtica y <strong>Alberto<\/strong> en la intimidad. Esta frase que tantas veces le dediqu\u00e9 a <strong>Mariano Rajoy<\/strong> retrata le encaja a <strong>Alberto Rivera<\/strong>: cuando uno intenta agradar a muchos, termina encabronando a todos. \u00a1Toma nota<strong> Alberto N\u00fa\u00f1ez Feij\u00f3o<\/strong>!<\/p>\n<p><a href=\"https:\/\/estacerca.com\/casinos-con-retirada-instantanea\/\"><img decoding=\"async\" id=\"Casinos con retiro inmediato\" alt=\"Casinos con retiro inmediato\" src=\"https:\/\/analyse.optim.biz\/wp-content\/uploads\/2025\/12\/casinos-con-retiro-inmediato-118.png\" width='300\"' height=\"250\" title=\"casinos-con-retiro-inmediato-118\"><\/a><\/p>\n<p>La tercera enfermedad de <strong>Pedro J.<\/strong> fue vender la marca de <strong>Ciudadanos<\/strong> como un partido liberal cuando la ideolog\u00eda y el programa pol\u00edtico de <strong>Ciudadanos<\/strong> es de todo menos liberal: <strong>CS<\/strong> est\u00e1 a favor de las paguitas, las subvenciones, los calientaculos de los pol\u00edticos y de los dialectos tribales separatistas. \u00a1Toma liberalismo!<\/p>\n<h2>Las secuelas irreversibles de las enfermedades de Pedro J. Ram\u00edrez<\/h2>\n<p>Las consecuencias de todas estas enfermedades fueron dram\u00e1ticas, <strong>Pedro J. Ram\u00edrez<\/strong> dej\u00f3 de ser un referente en la pol\u00edtica espa\u00f1ola, dej\u00f3 de canalizar una corriente de opini\u00f3n y period\u00edsticamente muri\u00f3.<\/p>\n<p><a href=\"https:\/\/clsmining.com\/xml\/index.html#\/\"><img decoding=\"async\" id=\"cls-mining.gif\" alt=\"cls-mining.gif\" src=\"https:\/\/analyse.optim.biz\/wp-content\/uploads\/2025\/12\/cls-mining-109.gif\" width='300\"' height=\"250\" title=\"cls-mining-109\"><\/a><\/p>\n<p><strong>Pedro J. Ram\u00edrez<\/strong> tiene 500.000 seguidores en <strong>Twitter<\/strong>, seguidores comprados que pag\u00f3 cuando abri\u00f3 su cuenta en <strong>Twitter<\/strong>. A los dos a\u00f1os <strong>Pedro J.<\/strong> dej\u00f3 de pagar para tener nuevos seguidores y en los diez a\u00f1os siguientes no ha conseguido ni un s\u00f3lo seguidor m\u00e1s. De hecho sus tuits no tienen ninguna visibilidad ni repercusi\u00f3n en las redes sociales.<\/p>\n<h2>D.E.P. Pedro J. Ram\u00edrez<\/h2>\n<p>He de recordar que <strong>Pedro J. Ram\u00edrez<\/strong> fue un gran periodista espa\u00f1ol; fue director de <strong>Diario 16<\/strong> y destituido; fue director de<strong> El Mundo<\/strong> y destituido; es director de<strong> El Espa\u00f1ol<\/strong> y de momento a\u00fan no ha sido destituido.<\/p>\n<p><strong>Pedro J. Ram\u00edrez<\/strong> fue de derechas, hoy en d\u00eda no se sabe, defendi\u00f3 la unidad nacional sin mar y conadas y debo recordar que junto a<strong> Federico Jim\u00e9nez Losantos<\/strong> fue el primer periodista que en 2009 defendi\u00f3 a mi hija <strong>Natalia Santacreu<\/strong> el derecho de poder estudiar en espa\u00f1ol en toda <strong>Espa\u00f1a<\/strong>. Por cierto, y aprovecho, si la sociedad civil espa\u00f1ola hubiera actuado en 2009 ante este hecho no estar\u00edamos en <strong>Espa\u00f1a<\/strong> como estamos.<\/p>\n<h2>C\u00f3mo se recordar\u00e1 a Pedro J. Ram\u00edrez<\/h2>\n<p>Es curioso pero la condici\u00f3n humana es muy particular, hay una frase que a veces escribo para recordarla y evitar caer en ese t\u00f3pico, el \u00faltimo favor no concedido anula todos los dem\u00e1s. Por ello es importante retirarse a tiempo para que la gente te recuerde con hechos coherentes antes de que la irracionalidad senil condicione tus actos.<\/p>\n<p>Si te cito a <strong>Fernando Fern\u00e1n G\u00f3mez<\/strong>, seguro que lo primero que te viene en mente es <em>\u201cv\u00e1yase usted a la mierda\u201d<\/em>. No fue lo m\u00e1s importante de su vida pero fueron sus \u00faltimas palabras p\u00fablicas.<\/p>\n<p>Personalmente intentar\u00e9 recordar a <strong>Pedro J. Ram\u00edrez<\/strong> como un gran periodista que fue y que nos dej\u00f3 incomprensiblemente hace unos 10 a\u00f1os.<\/p>\n<p><strong>Federico Jim\u00e9nez Losantos<\/strong> es otro de mis referentes period\u00edsticos y creo que deber\u00eda tomar nota, no me gustan los funerales de mis amigos.<\/p>\n<p>As\u00ed lo pienso y as\u00ed lo digo. \u2013<strong> Juan Vte. Santacreu<\/strong><\/p>\n<p>Puedes leer en mi <a href=\"https:\/\/santacreu.redsat.net\/\" target=\"_blank\" rel=\"noopener\"><strong>blog de Santacreu<\/strong><\/a> estos art\u00edculos que he publicado \u00faltimamente.<\/p>\n<div id=\"author_infobox\">\n<div class=\"author_infobox_image_profile\"><img decoding=\"async\" src=\"https:\/\/analyse.optim.biz\/wp-content\/uploads\/2025\/12\/jv-santacreu.jpg\" alt=\"Juan Vicente Santacreu\" title=\"jv-santacreu\"><\/div>\n<div class=\"author_infobox_name\"><span class=\"bold\">Autor:<\/span> Juan Vicente Santacreu<span class=\"bold marginleft\">Website:<\/span><a href=\"https:\/\/www.masby.net\/\" title=\"Website: https:\/\/www.masby.net\/\">https:\/\/www.masby.net\/<\/a><\/div>\n<div class=\"author_infobox_socialmedia\"><span class=\"twitter\"><a href=\"https:\/\/gab.com\/JVSantacreu\" title=\"Twitter\" target=\"_blank\"><img decoding=\"async\" src=\"https:\/\/analyse.optim.biz\/wp-content\/uploads\/2025\/12\/twitter-65.png\" title=\"twitter-65\"><\/a><\/span><\/div>\n<div class=\"author_infobox_description\">Abandon\u00e9 la carrera de Bellas Artes para estudiar Ingenier\u00eda en Telecomunicaciones y Marketing Digital. Nunca en mi vida he trabajado, me han pagado por hacer lo que me gusta<\/div>\n<\/div>\n<p><br class=\"clear\"><\/section>\n<\/article>\n<p> Source URL: https:\/\/www.mediterraneodigital.com\/opinion\/columnistas-de-opinion\/juan-vicente-santacreu\/pedro-j-ramirez<\/p>\n","protected":false},"excerpt":{"rendered":"<p>Columnistas de opini\u00f3n Juan Vicente Santacreu Juan Vicente Santacreu 07 Febrero 2023 Pedro J. Ram\u00edrez, la muerte de un periodista No se sabe exactamente c\u00f3mo ni cu\u00e1ndo ocurri\u00f3 pero Pedro J. Ram\u00edrez muri\u00f3 lentamente sin que nadie se enterara y lo m\u00e1s triste, sin que nadie lo echara de menos. Pedro J. Ram\u00edrez fue uno [&hellip;]<\/p>\n","protected":false},"author":1,"featured_media":848752,"comment_status":"open","ping_status":"","sticky":false,"template":"","format":"standard","meta":{"footnotes":""},"categories":[88],"tags":[109],"class_list":["post-848751","post","type-post","status-publish","format-standard","has-post-thumbnail","hentry","category-spain","tag-mediterraneodigital-com"],"_links":{"self":[{"href":"https:\/\/analyse.optim.biz\/index.php?rest_route=\/wp\/v2\/posts\/848751","targetHints":{"allow":["GET"]}}],"collection":[{"href":"https:\/\/analyse.optim.biz\/index.php?rest_route=\/wp\/v2\/posts"}],"about":[{"href":"https:\/\/analyse.optim.biz\/index.php?rest_route=\/wp\/v2\/types\/post"}],"author":[{"embeddable":true,"href":"https:\/\/analyse.optim.biz\/index.php?rest_route=\/wp\/v2\/users\/1"}],"replies":[{"embeddable":true,"href":"https:\/\/analyse.optim.biz\/index.php?rest_route=%2Fwp%2Fv2%2Fcomments&post=848751"}],"version-history":[{"count":0,"href":"https:\/\/analyse.optim.biz\/index.php?rest_route=\/wp\/v2\/posts\/848751\/revisions"}],"wp:featuredmedia":[{"embeddable":true,"href":"https:\/\/analyse.optim.biz\/index.php?rest_route=\/wp\/v2\/media\/848752"}],"wp:attachment":[{"href":"https:\/\/analyse.optim.biz\/index.php?rest_route=%2Fwp%2Fv2%2Fmedia&parent=848751"}],"wp:term":[{"taxonomy":"category","embeddable":true,"href":"https:\/\/analyse.optim.biz\/index.php?rest_route=%2Fwp%2Fv2%2Fcategories&post=848751"},{"taxonomy":"post_tag","embeddable":true,"href":"https:\/\/analyse.optim.biz\/index.php?rest_route=%2Fwp%2Fv2%2Ftags&post=848751"}],"curies":[{"name":"wp","href":"https:\/\/api.w.org\/{rel}","templated":true}]}}