{"id":846255,"date":"2016-09-26T13:36:00","date_gmt":"2016-09-26T10:36:00","guid":{"rendered":"https:\/\/analyse.optim.biz\/?p=846255"},"modified":"2016-09-26T13:36:00","modified_gmt":"2016-09-26T10:36:00","slug":"pruna-huiduita-la-gherla-lucratorii-din-penitenciare-au-intampinat-o-cu-prune-si-fluieraturi-pe-ministresa-justitiei-in-prima-zi-a-protestelor-ne-conduceti-prost-n-aveti-niciun-r","status":"publish","type":"post","link":"https:\/\/analyse.optim.biz\/?p=846255","title":{"rendered":"PRUNA HUIDUITA LA GHERLA \u2013 Lucratorii din penitenciare au intampinat-o cu prune si fluieraturi pe ministresa Justitiei, in prima zi a protestelor: \u201eNe conduceti prost, n-aveti niciun rost!\u201d; \u201eDemisia!\u201d. Angajatii din Penitenciarele Gherla, Dej, Baia Mare, Satu Mare, Aiud, Codlea si Poarta Alba au oprit activitatea. Protestele se extind in toata tara. Negocierile de la Gherla dintre reprezentantii personalului ANP si Raluca Pruna au esuat"},"content":{"rendered":"<article id=\"article-content\">\n<h1>PRUNA HUIDUITA LA GHERLA \u2013 Lucratorii din penitenciare au intampinat-o cu prune si fluieraturi pe ministresa Justitiei, in prima zi a protestelor: \u201eNe conduceti prost, n-aveti niciun rost!\u201d; \u201eDemisia!\u201d. Angajatii din Penitenciarele Gherla, Dej, Baia Mare, Satu Mare, Aiud, Codlea si Poarta Alba au oprit activitatea. Protestele se extind in toata tara. Negocierile de la Gherla dintre reprezentantii personalului ANP si Raluca Pruna au esuat<\/h1>\n<section id=\"article-info\">\n<p class=\"author\">Scris de: Alex PUIU | <a href=\"https:\/\/www.luju.ro\/pruna-huiduita-la-gherla-lucratorii-din-penitenciare-au-intampinat-o-cu-prune-si-fluieraturi-pe-ministresa-justitiei-in-prima-zi-a-protestelor-ne-conduceti-prost-n-aveti-niciun-rost-demisia-angajatii-din-penitenciarele-gherla-dej-baia-mare-satu-mare-aiud?pdf\" title=\"PDF\"><img decoding=\"async\" src=\"https:\/\/analyse.optim.biz\/wp-content\/uploads\/2025\/12\/pdf-822.png\" alt=\"pdf\" title=\"pdf-822\"><\/a> | <a href=\"https:\/\/www.luju.ro\/pruna-huiduita-la-gherla-lucratorii-din-penitenciare-au-intampinat-o-cu-prune-si-fluieraturi-pe-ministresa-justitiei-in-prima-zi-a-protestelor-ne-conduceti-prost-n-aveti-niciun-rost-demisia-angajatii-din-penitenciarele-gherla-dej-baia-mare-satu-mare-aiud?print=1\" class=\"external\" title=\"Imprimare\"><img decoding=\"async\" src=\"https:\/\/analyse.optim.biz\/wp-content\/uploads\/2025\/12\/print-822.png\" alt=\"print\" title=\"print-822\"><\/a><\/p>\n<div class=\"info flex-container\">\n<div class=\"date\">26 September 2016 13:36<\/div>\n<div>Vizualizari: 18509<\/div>\n<\/div>\n<\/section>\n<section id=\"article-body\">\n<section id=\"page\" class=\"cf\">\n<div>\n<p><span><span><span><img loading=\"lazy\" decoding=\"async\" src=\"https:\/\/analyse.optim.biz\/wp-content\/uploads\/2025\/12\/pruna_proteste_gherla-1.jpg\" width=\"400\" height=\"225\" title=\"pruna_proteste_gherla-1\"><span>Ministresa<\/span><\/span><span><strong> Raluca Pruna <\/strong><\/span><span><strong>(foto 1)<\/strong><\/span><span>a fost primita intr-un cor de fluieraturi la Gherla, in prima zi a protestelor declansate de angajatii Administratiei Nationale a Penitenciarelor nemultumiti de tratamentul la care sunt supusi de Guvernul Ciolos si de Ministerul Justitiei. <\/span><\/span><\/span><\/p>\n<p align=\"JUSTIFY\">\u201e<span><span><span><em><strong>Ne conduceti prost, n-aveti niciun rost!<\/strong><\/em><\/span>\u201d, \u201e<span><em><strong>Jos, Jos, Jos, Guvern mincinos!<\/strong><\/em><\/span>\u201d<span> si <\/span>\u201e<span><em><strong>Demisia!<\/strong><\/em><\/span><span>\u201d, au fost doar cateva dintre <strong>scandarile reprezentantilor personalului din ANP care au iesit in strada, luni 26 septembrie 2016, in fata Penitenciarului Gherla (foto 3), pentru a reclama conditiile de munca, salarizarea inechitabila, lipsa de personal si neplata orelor suplimentare<\/strong>. <\/span><\/span><\/span><\/p>\n<hr>\n<p><span><img loading=\"lazy\" decoding=\"async\" src=\"https:\/\/analyse.optim.biz\/wp-content\/uploads\/2025\/12\/prune_gherla2.jpg\" width=\"400\" height=\"256\" title=\"prune_gherla2\"><span>Primii care au oprit activitatea in semn de protest au fost lucratorii de la Penitenciarele Gherla, Dej, Baia Mare, Satu Mare si Aiud, acestora alaturandu-li-se lucratorii de la Poarta Alba si Codlea. Angajatii ANP si-au exprimat aversiunea fata de ministresa Justitiei nu doar verbal, ci si prin gesturi simbolice, aducand cu ei <strong>sacose cu prune (foto 2 si 4)<\/strong>.<\/span><\/span><\/p>\n<p align=\"JUSTIFY\"><span><span>Negocierile purtate intre delegatia sindicatelor din penitencia<span>re si Raluca Pruna ar fi esuat, potrivit Mediafax. Ministresa Justitiei a mers la<\/span><\/span><\/span><span><span><span> Penitenciarul Gherla, impreuna cu ambasadorul Norvegiei Tove Westberg, pentru a inaugura un centru terapeutic pentru femei cu o capacitate de 60 de locuri, finantat cu 1,2 milioane euro din fonduri norvegiene, scrie Evenimentul Zilei.<\/span><\/span><\/span><\/p>\n<p align=\"JUSTIFY\"><span><span><span>Demersul <span>de astazi d<\/span><\/span><span>e la Gherla \u2013 constand intr-o intalnire cu ministresa Raluca Pruna si un miting programat intre orele 11:00 si 15:00 \u2013 deschide oficial seria protestelor anuntate de sindicalistii din ANP, acestea urmand a fi extinse la nivelul intregii tari, dupa un calendar anuntat printr-un comunicat de presa emis sambata, 24 septembrie 2016, de Sindicatul National al Lucratorilor de Penitenciare (SNLP) si de Federatia Sindicatelor din Administratia Nationala a Penitenciarelor (FSANP).<\/span><\/span><\/span><\/p>\n<p align=\"JUSTIFY\"><span><span><strong><img loading=\"lazy\" decoding=\"async\" src=\"https:\/\/analyse.optim.biz\/wp-content\/uploads\/2025\/12\/protest_gherla.jpg\" width=\"400\" height=\"276\" title=\"protest_gherla\">Iata comunicatul SNLP-FSANP:<\/strong><\/span><\/span><\/p>\n<p align=\"JUSTIFY\"><span>\u201e<span><em>Legile sunt date spre aplicare! Stop discriminarii!\u201d<\/em><\/span><\/span><\/p>\n<p align=\"JUSTIFY\"><span><span><span><em><strong>11.000 de sindicalisti din penitenciare &#8211; incepand de luni 26.09.2016: &#8216;In strada pentru un drept legal, refuzat de Guvern, de Ministerul Justitiei si de Administratia Nationala a Penitenciarelor&#8217;<\/strong><\/em><\/span><\/span><\/span><\/p>\n<p align=\"JUSTIFY\"><span><span><em><strong>Sindicatul National al Lucratorilor de Penitenciare (SNLP), membra a Federatiei PUBLISIND si a Blocului National Sindical, si<\/strong><\/em><\/span><\/span><\/p>\n<p align=\"JUSTIFY\"><span><span><em><strong>Federatia Sindicatelor din Administratia Nationala a Penitenciarelor (FSANP) membra a Confederatiei Sindicale Cartel ALFA, <\/strong><\/em><\/span><\/span><\/p>\n<p align=\"JUSTIFY\"><span><span><em>dupa ce au notificat angajatorii cu privire la dezacordul de a se mai depasi plafonul de 180 de ore suplimentare anual, si ulterior initierii, sub coordonare si protectie sindicala, a refuzului muncii suplimentare exprimat de catre toti salariatii, actiuni care vor bloca penitenciarele in luna octombrie 2016, <\/em><\/span><\/span><\/p>\n<p align=\"JUSTIFY\"><span><span><em><strong>declanseaza mitinguri in tot sistemul penitenciar si la ministerul justitiei <\/strong><\/em><\/span><\/span><\/p>\n<p align=\"JUSTIFY\"><span><span><em><span><strong>Luni 26.09.2016:<\/strong><\/span><span> Penitenciar Gherla, Penitenciar de Minori si Tineri Craiova, Penitenciar Poarta Alba, Penitenciar Giurgiu, Penitenciar Codlea<\/span><\/em><\/span><\/span><\/p>\n<p align=\"JUSTIFY\"><span><span><em><span><strong>Joi 29.09.2016:<\/strong><\/span><span> Penitenciar Targu Jiu, Penitenciar Vaslui, Penitenciar Barcea Mare, Penitenciar Bucuresti Jilava, Penitenciar Tulcea<\/span><\/em><\/span><\/span><\/p>\n<p align=\"JUSTIFY\"><span><span><em><span><strong>Luni 03.10.2016:<\/strong><\/span><span>Penitenciar Ploiesti, Penitenciar Focsani, Penitenciar de Minori si Tineri Tichilesti, Penitenciar Drobeta Turnu Severin, Penitenciar Baia Mare <\/span><\/em><\/span><\/span><\/p>\n<p align=\"JUSTIFY\"><span><span><em><span><strong>Miercuri 05.10.2016:<\/strong><\/span><span>Penitenciar Timisoara, Penitenciar Targu Mures, Penitenciar Braila, Penitenciar Margineni, SNPAP\/CR Targu Ocna<\/span><\/em><\/span><\/span><\/p>\n<p align=\"JUSTIFY\"><span><span><em><span><strong>Joi 06.10.2016:<\/strong><\/span><span>Penitenciar de Femei Targsor, Penitenciar Craiova, Penitenciar Miercurea Ciuc, Penitenciar Oradea, Penitenciar Colibasi <\/span><\/em><\/span><\/span><\/p>\n<p align=\"JUSTIFY\"><span><span><em><span><strong>Luni 10.10.2016:<\/strong><\/span><span>Penitenciar Bucuresti Rahova, Penitenciar Iasi, Penitenciar Pelendava, Centrul de Reeducare Buzias<\/span><\/em><\/span><\/span><\/p>\n<p align=\"JUSTIFY\"><span><span><em><span><strong>Miercuri 12.10.2016:<\/strong><\/span><span>Penitenciar de Minori si Tineri Bacau, Penitenciar Satu Mare, Penitenciar Bistrita, Penitenciar Spital Dej, Penitenciar Slobozia<\/span><\/em><\/span><\/span><\/p>\n<p align=\"JUSTIFY\"><span><span><em><span><strong>Joi 13.10.2016:<\/strong><\/span><span>Penitenciar Aiud, Penitenciar Arad, Penitenciar Gaesti, Penitenciar Botosani, Penitenciarul Galati <\/span><\/em><\/span><\/span><\/p>\n<p align=\"JUSTIFY\"><span><span><em><strong>Actiunile sindicale extinse la nivel national, care includ refuzul muncii suplimentare, pichetarea tuturor penitenciarelor, mitinguri la sediile MJ si ANP, vor continua pe termen nedeterminat pana cand Guvernul Romaniei, Ministerul Justitiei si Administratia Nationala a Penitenciarelor vor intelege sa aplice legislatia in vigoare si sa trateze personalul din penitenciare in mod egal si nediscriminator, similar cu angajatii tuturor institutiilor publice din sistemul de aparare nationala<\/strong>. <\/em><\/span><\/span><\/p>\n<p align=\"JUSTIFY\"><span><span><em>Toate institutiile europene, prim-ministrul si presedintele Romaniei, ambasadele si alte institutii publice relevante din Romania vor afla in cursul saptamanii urmatoare, prin intermediul unei scrisori deschise, <strong>detalii complete cu privire la modul in care, in sectorul de activitate justitie, dupa ce drepturile omului au fost definite ca un lux, aplicarea legii a devenit o simpla optiune<\/strong>.<\/em><\/span><\/span><\/p>\n<p align=\"JUSTIFY\"><span><span><em><strong>Salariatii din penitenciare vor primi incepand cu luna august drepturile legale prevazute de OUG 20\/2016 (in suma compensatorie) sau, in caz contrar, sistemul va fi blocat prin simpla aplicare a legii, respectiv prin refuzul muncii in plus, actiune dublata prin proteste pe termen nedeterminat<\/strong>. <\/em><\/span><\/span><\/p>\n<p align=\"JUSTIFY\"><span><span><em>Daca un sistem declarat sigur, din cadrul structurii de aparare nationala, devine nefunctional prin simplul refuz al muncii suplimentare care se dovedeste a fi mai importanta ca si solutie, decat orice investitie sau strategie, atunci Guvernul Romaniei trebuie sa inteleaga cat de important este sa asigure salariatilor din acest sistem, daca nu resursele minime necesare, atunci cel putin un tratament nediscriminator!<\/em><\/span><\/span><\/p>\n<p align=\"JUSTIFY\"><span><span><em>Meritam un minim de respect si un tratament egal, cel putin pentru acele 1,5 milioane de ore suplimentare de munca realizate intr-un singur an si compensate in mica masura, doar cu timp liber!<\/em>\u201d<\/span><\/span><\/p>\n<p align=\"JUSTIFY\"><span><span><img loading=\"lazy\" decoding=\"async\" src=\"https:\/\/analyse.optim.biz\/wp-content\/uploads\/2025\/12\/pruna_dejeanul-ro_.jpg\" width=\"700\" height=\"525\" title=\"pruna_dejeanul-ro_\"><br \/><\/span><\/span><\/p>\n<\/div>\n<\/section>\n<\/section>\n<section id=\"comments-boxes\">\n<div class=\"heading\">\n<h2>Comentarii<\/h2>\n<\/div>\n<div class=\"comment\" id=\"comentariu-204484\">\n<div class=\"commentBody\">\n<div class=\"commentDate\">\n<p class=\"comment-details cf\"><span class=\"comment-id\"><br \/>\n\t\t\t\t\t\t\t\t#<br \/>\n\t\t\t\t\t\t\t\t<strong>UNUL DIN LUMEA CEA MARE<\/strong><img decoding=\"async\" src=\"https:\/\/analyse.optim.biz\/wp-content\/uploads\/2025\/12\/calendar-692.png\" alt=\"date\" title=\"calendar-692\"><br \/>\n\t\t\t\t\t\t\t\t26 September 2016 14:43<br \/>\n\t\t\t\t\t\t\t<\/span><span class=\"comment-quality cf\"><span class=\"green\">+7<\/span><\/span><\/p>\n<\/div>\n<div class=\"commentContent\">,,vino,mama ,sa ma vezi cum lucrez la prune verzi!!!!! si sa\/mi faci o poza &#8230;.PENTRU ADMINISTRATIE,, &#8230;&#8230;UITE ASA SE,, APRINDE FOCUL,,&#8230;&#8230;&#8230;.din frunze de pruna.ce m\/as,, ridea ,, sa inceapa strada sa strige jos joianis(,,EU VREAU PRESEDINTELE MEU,,).oricum nu\/i bine vacii noastre vine tata cu pielea pe bat !!!!!!daca si  ala din eretz si\/a dat demisia inseamna ca\/i tulbureala mare  intre sie,koivesi,coldea,spp,joianis ,guvern.LINISTEA PERFECTA INAINTE DE FURTUNA<\/div>\n<ul class=\"cf cactions\">\n<li><a class=\"comment-204484\" href rel=\"raspunde\" title=\"Raspunde\">Raspunde<\/a><\/li>\n<li>|<\/li>\n<li><a href class=\"comment-204484\" rel=\"raspunde-citeaza\" title=\"Raspunde cu citat\">Raspunde cu citat<\/a><\/li>\n<li>|<\/li>\n<li><a href class=\"comment-204484\" title=\"Citat\" rel=\"citeaza\">Citat<\/a><\/li>\n<\/ul>\n<\/div>\n<\/div>\n<div class=\"comment\" id=\"comentariu-204523\">\n<div class=\"commentBody\">\n<div class=\"commentDate\">\n<p class=\"comment-details cf\"><span class=\"comment-id\"><br \/>\n\t\t\t\t\t\t\t\t#<br \/>\n\t\t\t\t\t\t\t\t<strong>DODI<\/strong><img decoding=\"async\" src=\"https:\/\/analyse.optim.biz\/wp-content\/uploads\/2025\/12\/calendar-692.png\" alt=\"date\" title=\"calendar-692\"><br \/>\n\t\t\t\t\t\t\t\t26 September 2016 18:25<br \/>\n\t\t\t\t\t\t\t<\/span><span class=\"comment-quality cf\"><span class=\"green\">+3<\/span><\/span><\/p>\n<\/div>\n<div class=\"commentContent\">S\u0103raca s-a dus singur\u0103 la gherl\u0103 la Gherla \u0219i a r\u0103mas pe dinafar\u0103. De fapt ea este tot timpul cam de dinafar\u0103 de toate problemele justi\u021biei. A\u0219a c\u0103 nu e de mirare c\u0103 a dat \u00een marmelad\u0103. Este singura ra\u021biune de a fi a acestei prune stricate. Nici de t\u0103rie nu este bun\u0103!<\/div>\n<ul class=\"cf cactions\">\n<li><a class=\"comment-204523\" href rel=\"raspunde\" title=\"Raspunde\">Raspunde<\/a><\/li>\n<li>|<\/li>\n<li><a href class=\"comment-204523\" rel=\"raspunde-citeaza\" title=\"Raspunde cu citat\">Raspunde cu citat<\/a><\/li>\n<li>|<\/li>\n<li><a href class=\"comment-204523\" title=\"Citat\" rel=\"citeaza\">Citat<\/a><\/li>\n<\/ul>\n<\/div>\n<\/div>\n<\/section>\n<section id=\"comments\">\n<div class=\"heading\">\n<h2>Adauga comentariu<\/h2>\n<\/div>\n<div>\n<div id=\"emoticons-container\">\n<div id=\"comments-form-smilespanel\"><img decoding=\"async\" src=\"https:\/\/analyse.optim.biz\/wp-content\/uploads\/2025\/12\/laugh-858.gif\" alt=\":D\" class=\"smile\" title=\"laugh-858\"><img decoding=\"async\" src=\"https:\/\/analyse.optim.biz\/wp-content\/uploads\/2025\/12\/lol-879.gif\" alt=\":lol:\" class=\"smile\" title=\"lol-879\"><img decoding=\"async\" src=\"https:\/\/analyse.optim.biz\/wp-content\/uploads\/2025\/12\/smile-825.gif\" alt=\":-)\" class=\"smile\" title=\"smile-825\"><img decoding=\"async\" src=\"https:\/\/analyse.optim.biz\/wp-content\/uploads\/2025\/12\/wink-818.gif\" alt=\";-)\" class=\"smile\" title=\"wink-818\"><img decoding=\"async\" src=\"https:\/\/analyse.optim.biz\/wp-content\/uploads\/2025\/12\/cool-826.gif\" alt=\"8)\" class=\"smile\" title=\"cool-826\"><img decoding=\"async\" src=\"https:\/\/analyse.optim.biz\/wp-content\/uploads\/2025\/12\/normal-807.gif\" alt=\":-|\" class=\"smile\" title=\"normal-807\"><img decoding=\"async\" src=\"https:\/\/analyse.optim.biz\/wp-content\/uploads\/2025\/12\/whistling-836.gif\" alt=\":-*\" class=\"smile\" title=\"whistling-836\"><img decoding=\"async\" src=\"https:\/\/analyse.optim.biz\/wp-content\/uploads\/2025\/12\/redface-816.gif\" alt=\":oops:\" class=\"smile\" title=\"redface-816\"><img decoding=\"async\" src=\"https:\/\/analyse.optim.biz\/wp-content\/uploads\/2025\/12\/sad-813.gif\" alt=\":sad:\" class=\"smile\" title=\"sad-813\"><img decoding=\"async\" src=\"https:\/\/analyse.optim.biz\/wp-content\/uploads\/2025\/12\/cry-819.gif\" alt=\":cry:\" class=\"smile\" title=\"cry-819\"><img decoding=\"async\" src=\"https:\/\/analyse.optim.biz\/wp-content\/uploads\/2025\/12\/surprised-815.gif\" alt=\":o\" class=\"smile\" title=\"surprised-815\"><img decoding=\"async\" src=\"https:\/\/analyse.optim.biz\/wp-content\/uploads\/2025\/12\/confused-805.gif\" alt=\":-?\" class=\"smile\" title=\"confused-805\"><img decoding=\"async\" src=\"https:\/\/analyse.optim.biz\/wp-content\/uploads\/2025\/12\/sick-836.gif\" alt=\":-x\" class=\"smile\" title=\"sick-836\"><img decoding=\"async\" src=\"https:\/\/analyse.optim.biz\/wp-content\/uploads\/2025\/12\/shocked-835.gif\" alt=\":eek:\" class=\"smile\" title=\"shocked-835\"><img decoding=\"async\" src=\"https:\/\/analyse.optim.biz\/wp-content\/uploads\/2025\/12\/sleeping-816.gif\" alt=\":zzz\" class=\"smile\" title=\"sleeping-816\"><img decoding=\"async\" src=\"https:\/\/analyse.optim.biz\/wp-content\/uploads\/2025\/12\/tongue-833.gif\" alt=\":P\" class=\"smile\" title=\"tongue-833\"><img decoding=\"async\" src=\"https:\/\/analyse.optim.biz\/wp-content\/uploads\/2025\/12\/rolleyes-816.gif\" alt=\":roll:\" class=\"smile\" title=\"rolleyes-816\"><img decoding=\"async\" src=\"https:\/\/analyse.optim.biz\/wp-content\/uploads\/2025\/12\/unsure-808.gif\" alt=\":sigh:\" class=\"smile\" title=\"unsure-808\"><\/div>\n<\/div>\n<\/div>\n<div class=\"text-center\">\n<p>DISCLAIMER<\/p>\n<p>Atentie! Postati pe propria raspundere!<br \/> Inainte de a posta, cititi aici regulamentul: <a href=\"https:\/\/www.luju.ro\/termeni-legali-si-conditii\" title=\"Termeni legali si conditii\">Termeni legali si Conditii<\/a><\/p>\n<\/div>\n<\/section>\n<\/article>\n<p> Source URL: https:\/\/www.luju.ro\/pruna-huiduita-la-gherla-lucratorii-din-penitenciare-au-intampinat-o-cu-prune-si-fluieraturi-pe-ministresa-justitiei-in-prima-zi-a-protestelor-ne-conduceti-prost-n-aveti-niciun-rost-demisia-angajatii-din-penitenciarele-gherla-dej-baia-mare-satu-mare-aiud<\/p>\n","protected":false},"excerpt":{"rendered":"<p>PRUNA HUIDUITA LA GHERLA \u2013 Lucratorii din penitenciare au intampinat-o cu prune si fluieraturi pe ministresa Justitiei, in prima zi a protestelor: \u201eNe conduceti prost, n-aveti niciun rost!\u201d; \u201eDemisia!\u201d. Angajatii din Penitenciarele Gherla, Dej, Baia Mare, Satu Mare, Aiud, Codlea si Poarta Alba au oprit activitatea. Protestele se extind in toata tara. Negocierile de la [&hellip;]<\/p>\n","protected":false},"author":1,"featured_media":846256,"comment_status":"open","ping_status":"","sticky":false,"template":"","format":"standard","meta":{"footnotes":""},"categories":[89],"tags":[114],"class_list":["post-846255","post","type-post","status-publish","format-standard","has-post-thumbnail","hentry","category-romania","tag-luju-ro"],"_links":{"self":[{"href":"https:\/\/analyse.optim.biz\/index.php?rest_route=\/wp\/v2\/posts\/846255","targetHints":{"allow":["GET"]}}],"collection":[{"href":"https:\/\/analyse.optim.biz\/index.php?rest_route=\/wp\/v2\/posts"}],"about":[{"href":"https:\/\/analyse.optim.biz\/index.php?rest_route=\/wp\/v2\/types\/post"}],"author":[{"embeddable":true,"href":"https:\/\/analyse.optim.biz\/index.php?rest_route=\/wp\/v2\/users\/1"}],"replies":[{"embeddable":true,"href":"https:\/\/analyse.optim.biz\/index.php?rest_route=%2Fwp%2Fv2%2Fcomments&post=846255"}],"version-history":[{"count":0,"href":"https:\/\/analyse.optim.biz\/index.php?rest_route=\/wp\/v2\/posts\/846255\/revisions"}],"wp:featuredmedia":[{"embeddable":true,"href":"https:\/\/analyse.optim.biz\/index.php?rest_route=\/wp\/v2\/media\/846256"}],"wp:attachment":[{"href":"https:\/\/analyse.optim.biz\/index.php?rest_route=%2Fwp%2Fv2%2Fmedia&parent=846255"}],"wp:term":[{"taxonomy":"category","embeddable":true,"href":"https:\/\/analyse.optim.biz\/index.php?rest_route=%2Fwp%2Fv2%2Fcategories&post=846255"},{"taxonomy":"post_tag","embeddable":true,"href":"https:\/\/analyse.optim.biz\/index.php?rest_route=%2Fwp%2Fv2%2Ftags&post=846255"}],"curies":[{"name":"wp","href":"https:\/\/api.w.org\/{rel}","templated":true}]}}