{"id":845276,"date":"2025-12-04T00:00:00","date_gmt":"2025-12-03T21:00:00","guid":{"rendered":"https:\/\/analyse.optim.biz\/?p=845276"},"modified":"2025-12-04T00:00:00","modified_gmt":"2025-12-03T21:00:00","slug":"pronostico-del-tiempo-espana-se-prepara-para-un-jueves-4-de-diciembre-del-2025-marcado-por-lluvias-persistentes-y-nieve-en-montana-periodista-digital","status":"publish","type":"post","link":"https:\/\/analyse.optim.biz\/?p=845276","title":{"rendered":"Pron\u00f3stico del Tiempo: Espa\u00f1a se prepara para un jueves 4 de diciembre del 2025 marcado por lluvias persistentes y nieve en monta\u00f1a &#8211; Periodista Digital"},"content":{"rendered":"<div class=\"m4p-post-content\">\n<div class=\"block-vertical-align-right\">\n<div class=\"m4p-relations-group\">\n<div class=\"m4p-group-vertical-title\">\n<h2>M\u00e1s informaci\u00f3n<\/h2>\n<\/div>\n<div class=\"m4p-summary-news\">\n<figure class=\"m4p-image m4p-crop-medium-1\"><a href=\"https:\/\/www.periodistadigital.com\/magazine\/fitur\/20251203\/fitur-woman-liderazgo-femenino-emprendimiento-turismo-noticia-689405160033\/\"><img loading=\"lazy\" decoding=\"async\" src=\"https:\/\/analyse.optim.biz\/wp-content\/uploads\/2025\/12\/fitur-woman-320x214-1.jpg\" width=\"320\" height=\"214\" alt=\"FITUR Woman: liderazgo femenino, empleo y emprendimiento en turismo\" title=\"fitur-woman-320x214-1\"><\/a><\/figure>\n<div class=\"m4p-summary-news-title\">\n<h3><a href=\"https:\/\/www.periodistadigital.com\/magazine\/fitur\/20251203\/fitur-woman-liderazgo-femenino-emprendimiento-turismo-noticia-689405160033\/\">FITUR Woman: liderazgo femenino, empleo y emprendimiento en turismo<\/a><\/h3>\n<\/div>\n<\/div>\n<\/div>\n<\/div>\n<p><span class=\"m4p-capitular\">E<\/span>ste jueves 4 de diciembre de 2025 ser\u00e1 un d\u00eda para tener el paraguas listo y consultar bien el pron\u00f3stico antes de salir.<\/p>\n<p>El paso de varios frentes atl\u00e1nticos ha llevado a la Agencia Estatal de Meteorolog\u00eda (AEMET) a activar alertas en 23 provincias y <strong>Melilla<\/strong>, con avisos de diferentes niveles.<\/p>\n<p>La jornada se presenta como una de esas que los meteor\u00f3logos describen como \u00abrevuelta\u00bb, lo que significa cambios constantes, lluvias abundantes en algunas \u00e1reas y un cielo que apenas dejar\u00e1 espacio al sol en casi ning\u00fan rinc\u00f3n de la pen\u00ednsula Ib\u00e9rica.<\/p>\n<p>Lo que define a este jueves es el <em>predominio de los cielos cubiertos y las precipitaciones<\/em> que afectar\u00e1n a gran parte del territorio nacional.<\/p>\n<p>No se trata de un d\u00eda cualquiera con lluvia ligera; estamos ante un sistema frontal bien definido que traer\u00e1 acumulaciones considerables de agua en ciertas zonas.<\/p>\n<p>La AEMET prev\u00e9 una jornada mayormente lluviosa, con niveles especialmente altos en <strong>Galicia<\/strong>, el Pirineo occidental y el \u00e1rea cant\u00e1brica, donde las lluvias podr\u00edan ser persistentes e incluso intensas, acompa\u00f1adas de tormentas y granizo. De hecho, toda la costa cant\u00e1brica estar\u00e1 bajo aviso naranja durante la tarde, extendi\u00e9ndose tambi\u00e9n a la parte septentrional de la costa atl\u00e1ntica gallega.<\/p>\n<h2>Las monta\u00f1as se visten de blanco: nieve en cotas altas<\/h2>\n<p>Mientras las llanuras y valles reciben lluvia, las alturas ver\u00e1n caer nieve. Este ser\u00e1 el patr\u00f3n durante todo el d\u00eda en las principales cordilleras espa\u00f1olas. La nieve se acumular\u00e1 en las \u00e1reas monta\u00f1osas del norte peninsular entre los 1.300 y 1.500 metros. En el sureste, la cota podr\u00eda alcanzar los 1.800 metros, mientras que en el cuadrante nordeste variar\u00e1 entre los 1.000 y los 1.300 metros. La AEMET anticipa <em>acumulaciones significativas de nieve<\/em> en las monta\u00f1as del norte peninsular y del este del sur mesetario a altitudes elevadas, lo que puede complicar la circulaci\u00f3n en pasos monta\u00f1osos y zonas elevadas.<\/p>\n<h2>El viento tambi\u00e9n se suma a la fiesta<\/h2>\n<p>Si las lluvias y la nieve no fueran suficientes, el viento ser\u00e1 otro actor clave en algunos puntos estrat\u00e9gicos del pa\u00eds. Las rachas pueden llegar a alcanzar los 90 kil\u00f3metros por hora en los litorales de <strong>Cantabria<\/strong> y <strong>Vizcaya<\/strong>, hasta 80 kil\u00f3metros por hora en el interior del norte de <strong>Castell\u00f3n<\/strong> y hasta 70 kil\u00f3metros por hora al sur de <strong>Tarragona<\/strong>. Estos vientos intensos, combinados con las precipitaciones, crear\u00e1n un ambiente bastante inc\u00f3modo en las zonas costeras del norte; la navegaci\u00f3n podr\u00eda verse afectada y los \u00e1rboles m\u00e1s d\u00e9biles podr\u00edan sufrir da\u00f1os.<\/p>\n<h2><strong>Canarias<\/strong> y el Archipi\u00e9lago: un escenario diferente<\/h2>\n<p>Mientras que la pen\u00ednsula lidia con lluvia, nieve y viento, <strong>Canarias<\/strong> disfruta de un panorama meteorol\u00f3gico bastante distinto. La previsi\u00f3n indica cielos nubosos con posibilidad de precipitaciones d\u00e9biles en el norte de las islas monta\u00f1osas; por su parte, el resto presentar\u00e1 intervalos dominantes de nubes medias y altas. El archipi\u00e9lago experimentar\u00e1 vientos alisios moderados con intervalos fuertes, manteniendo ese car\u00e1cter m\u00e1s estable que caracteriza a las islas durante gran parte del a\u00f1o.<\/p>\n<h2>Las temperaturas: un cuadro variado seg\u00fan la latitud<\/h2>\n<p>Las temperaturas m\u00e1ximas aumentar\u00e1n notablemente en la zona sur peninsular; sin embargo, el norte de <strong>Arag\u00f3n<\/strong> y <strong>Catalu\u00f1a<\/strong> experimentar\u00e1n descensos. Las m\u00ednimas ir\u00e1n al alza en las <strong>Islas Baleares<\/strong> as\u00ed como en la mitad noroeste y oriental de la Pen\u00ednsula. En <strong>Madrid<\/strong>, se espera que el term\u00f3metro alcance los 12 grados m\u00e1ximos, lo cual es bastante moderado para esta \u00e9poca del a\u00f1o. En el norte habr\u00e1 temperaturas m\u00e1s frescas; mientras tanto, hacia el sur veremos cifras m\u00e1s c\u00e1lidas, sobre todo en ciudades como <strong>Sevilla<\/strong>.<\/p>\n<h2>Perspectiva para los pr\u00f3ximos d\u00edas: el puente de la Constituci\u00f3n<\/h2>\n<p>Para este viernes, inicio del puente de diciembre, la AEMET anticipa una continuaci\u00f3n de los frentes atmosf\u00e9ricos; por lo tanto, ser\u00e1n comunes cielos nubosos o cubiertos. Las precipitaciones amenazar\u00e1n gran parte del tercio norte peninsular as\u00ed como entornos monta\u00f1osos; habr\u00e1 lluvias d\u00e9biles y ocasionales por toda Espa\u00f1a salvo gran parte del \u00e1rea mediterr\u00e1nea y las islas Pitiusas donde aparentemente no llover\u00e1.<\/p>\n<p>El s\u00e1bado marcar\u00e1 un cambio significativo. Aunque gran parte de la Pen\u00ednsula volver\u00e1 a estar cubierta sin ver mucho sol, comenzaremos una transici\u00f3n hacia un tiempo anticicl\u00f3nico; habr\u00e1 intervalos nublados altos sobre \u00e1reas mediterr\u00e1neas y <strong>Baleares<\/strong>, mientras que se espera una tendencia a despejarse hacia el sur. Adem\u00e1s, desde primera hora del s\u00e1bado habr\u00e1 abundante <em>nubosidad baja<\/em> por todo el pa\u00eds lo que dar\u00e1 lugar a <em>nieblas<\/em> extensivas en muchas regiones. En ambos casos es probable que estas persistan durante todo el d\u00eda alternando momentos entre niebla espesa y cielo encapotado.<\/p>\n<p>El domingo ser\u00e1 probablemente uno de esos d\u00edas con cielos muy <em>nubosos<\/em> junto a densas <em>nieblas<\/em>, reduciendo a\u00fan m\u00e1s visibilidad; podr\u00eda ser inferior al kil\u00f3metro en muchos puntos interiores. Estas nieblas ser\u00e1n continuaci\u00f3n de las del s\u00e1bado e igualmente persistir\u00e1n hasta lunes. Durante todo este puente festivo se mantendr\u00e1n temperaturas suaves gracias al aire atl\u00e1ntico templado que aportar\u00e1 estabilidad al clima generalizado; muchas m\u00ednimas rondar\u00e1n o superar\u00e1n los 5\u00baC.<\/p>\n<h2>Tabla de pron\u00f3stico para los pr\u00f3ximos 4 d\u00edas<\/h2>\n<table>\n<thead>\n<tr>\n<th>D\u00eda<\/th>\n<th>Condiciones<\/th>\n<th>Precipitaci\u00f3n<\/th>\n<th>Temperatura M\u00e1x.<\/th>\n<th>Temperatura M\u00edn.<\/th>\n<th>Viento<\/th>\n<\/tr>\n<\/thead>\n<tbody>\n<tr>\n<td><strong>Jueves 4 dic.<\/strong><\/td>\n<td>Nuboso\/cubierto, lluvias persistentes en norte y oeste<\/td>\n<td>Abundantes en Galicia, Cant\u00e1brico y Pirineo<\/td>\n<td>12-15\u00baC<\/td>\n<td>5-8\u00baC<\/td>\n<td>Rachas hasta 90 km\/h en costa<\/td>\n<\/tr>\n<tr>\n<td><strong>Viernes 5 dic.<\/strong><\/td>\n<td>Nuboso\/cubierto, precipitaciones en tercio norte<\/td>\n<td>D\u00e9biles y ocasionales en resto<\/td>\n<td>11-14\u00baC<\/td>\n<td>6-9\u00baC<\/td>\n<td>Moderado, rachas locales<\/td>\n<\/tr>\n<tr>\n<td><strong>S\u00e1bado 6 dic.<\/strong><\/td>\n<td>Nubosidad baja, <em>nieblas<\/em> generalizadas<\/td>\n<td>D\u00e9biles en Galicia y Cant\u00e1brico<\/td>\n<td>12-15\u00baC<\/td>\n<td>7-10\u00baC<\/td>\n<td>Flojo a moderado<\/td>\n<\/tr>\n<tr>\n<td><strong>Domingo 7 dic.<\/strong><\/td>\n<td>Muy nuboso, <em>nieblas<\/em> densas, visibilidad reducida<\/td>\n<td>D\u00e9biles lloviznas ocasionales<\/td>\n<td>11-14\u00baC<\/td>\n<td>8-11\u00baC<\/td>\n<td>Flojo del sur<\/td>\n<\/tr>\n<\/tbody>\n<\/table>\n<h2>Recomendaciones pr\u00e1cticas para el jueves<\/h2>\n<p>Si tienes previsto desplazarte hoy\u2014especialmente si tu destino est\u00e1 al norte o noroeste\u2014ten presente que las condiciones ser\u00e1n complicadas. Las lluvias continuas previstas para <strong>Galicia<\/strong> y el Cant\u00e1brico junto con vientos fuertes crear\u00e1n situaciones dif\u00edciles para conducir. Si viajas por carreteras monta\u00f1osas ya sea por los Pirineos o sistemas monta\u00f1osos del norte ten cuidado ya que la nieve puede afectar seriamente la circulaci\u00f3n debido a su acumulaci\u00f3n elevada . Lleva ropa adecuada contra fr\u00edo intenso , paraguas resistente al viento ,y si es posible evita viajes innecesarios durante horas pico donde se espera mayor intensidad pluvial entre madrugada hasta tarde .<\/p>\n<p>Este jueves nos recuerda c\u00f3mo a\u00fan queda mucho oto\u00f1o antes del invierno pleno . Un d\u00eda ideal para estar preparados , atentos recomendaciones autoridades ,y sobre todo disfrutar desde casa con seguridad esa espectacular potencia naturaleza frente a nuestros ojos gracias sistemas frontales atl\u00e1nticos reguladores clima .<\/p>\n<\/div>\n<p> Source URL: https:\/\/www.periodistadigital.com\/ciencia\/medio-ambiente\/20251204\/pronostico-espana-prepara-jueves-4-diciembre-2025-marcado-lluvias-persistentes-nieve-montana-noticia-689405160066\/<\/p>\n","protected":false},"excerpt":{"rendered":"<p>M\u00e1s informaci\u00f3n FITUR Woman: liderazgo femenino, empleo y emprendimiento en turismo Este jueves 4 de diciembre de 2025 ser\u00e1 un d\u00eda para tener el paraguas listo y consultar bien el pron\u00f3stico antes de salir. El paso de varios frentes atl\u00e1nticos ha llevado a la Agencia Estatal de Meteorolog\u00eda (AEMET) a activar alertas en 23 provincias [&hellip;]<\/p>\n","protected":false},"author":1,"featured_media":845277,"comment_status":"open","ping_status":"","sticky":false,"template":"","format":"standard","meta":{"footnotes":""},"categories":[88],"tags":[112],"class_list":["post-845276","post","type-post","status-publish","format-standard","has-post-thumbnail","hentry","category-spain","tag-periodistadigital-com"],"_links":{"self":[{"href":"https:\/\/analyse.optim.biz\/index.php?rest_route=\/wp\/v2\/posts\/845276","targetHints":{"allow":["GET"]}}],"collection":[{"href":"https:\/\/analyse.optim.biz\/index.php?rest_route=\/wp\/v2\/posts"}],"about":[{"href":"https:\/\/analyse.optim.biz\/index.php?rest_route=\/wp\/v2\/types\/post"}],"author":[{"embeddable":true,"href":"https:\/\/analyse.optim.biz\/index.php?rest_route=\/wp\/v2\/users\/1"}],"replies":[{"embeddable":true,"href":"https:\/\/analyse.optim.biz\/index.php?rest_route=%2Fwp%2Fv2%2Fcomments&post=845276"}],"version-history":[{"count":0,"href":"https:\/\/analyse.optim.biz\/index.php?rest_route=\/wp\/v2\/posts\/845276\/revisions"}],"wp:featuredmedia":[{"embeddable":true,"href":"https:\/\/analyse.optim.biz\/index.php?rest_route=\/wp\/v2\/media\/845277"}],"wp:attachment":[{"href":"https:\/\/analyse.optim.biz\/index.php?rest_route=%2Fwp%2Fv2%2Fmedia&parent=845276"}],"wp:term":[{"taxonomy":"category","embeddable":true,"href":"https:\/\/analyse.optim.biz\/index.php?rest_route=%2Fwp%2Fv2%2Fcategories&post=845276"},{"taxonomy":"post_tag","embeddable":true,"href":"https:\/\/analyse.optim.biz\/index.php?rest_route=%2Fwp%2Fv2%2Ftags&post=845276"}],"curies":[{"name":"wp","href":"https:\/\/api.w.org\/{rel}","templated":true}]}}