{"id":844380,"date":"2025-12-04T17:05:54","date_gmt":"2025-12-04T14:05:54","guid":{"rendered":"https:\/\/analyse.optim.biz\/?p=844380"},"modified":"2025-12-04T17:05:54","modified_gmt":"2025-12-04T14:05:54","slug":"por-que-le-conviene-al-pp-la-ruptura-de-espana","status":"publish","type":"post","link":"https:\/\/analyse.optim.biz\/?p=844380","title":{"rendered":"Por qu\u00e9 le conviene al PP la ruptura de Espa\u00f1a"},"content":{"rendered":"<article>\n<aside class=\"article-aside clearfix\">\n<dl class=\"article-info  muted\">\n<dd class=\"parent-category-name hasTooltip\" title=\"Categor\u00eda de nivel principal o ra\u00edz: \"><span>Columnistas de opini\u00f3n<\/span><\/dd>\n<dd class=\"category-name hasTooltip\" title=\"Categor\u00eda: \"><span>Jes\u00fas Mu\u00f1oz<\/span><\/dd>\n<dd class=\"createdby hasTooltip\" title=\"Escrito por \"><span>Jes\u00fas Mu\u00f1oz<\/span><span><span><img decoding=\"async\" src=\"https:\/\/analyse.optim.biz\/wp-content\/uploads\/2025\/12\/logo-105.png\" alt=\"logo\" title=\"logo-105\"><\/span><\/span><\/dd>\n<dd class=\"published hasTooltip\" title=\"Publicado: \"><time datetime=\"2024-08-27T12:31:17+02:00\"><br \/>\n\t\t\t\t\t27 Agosto 2024          <\/time><\/dd>\n<\/dl>\n<\/aside>\n<header class=\"article-header clearfix\">\n<h1 class=\"article-title\"><a href=\"https:\/\/www.mediterraneodigital.com\/opinion\/columnistas-de-opinion\/jesus-munoz\/pp\" title=\"Por qu\u00e9 le conviene al PP la ruptura de Espa\u00f1a\"><br \/>\n\t\t\t\tPor qu\u00e9 le conviene al PP la ruptura de Espa\u00f1a<\/a><\/h1>\n<\/header>\n<div class=\"pull-none item-image article-image article-image-full\"><span><img decoding=\"async\" src=\"https:\/\/analyse.optim.biz\/wp-content\/uploads\/2025\/12\/alberto-nunez-feijoo-1.jpg\" title=\"alberto-nunez-feijoo-1\"><\/span><\/div>\n<section class=\"article-content clearfix\">\n<p>Si a alguien le ha chocado o indignado el t\u00edtulo de este art\u00edculo es que no conoce ni la pol\u00edtica (con min\u00fasculas, el politiqueo, m\u00e1s que la pol\u00edtica) en general, ni a los partidos pol\u00edticos del sistema, entre ellos, por supuesto, el <strong>Partido Popular<\/strong>, en particular.<\/p>\n<p><a href=\"https:\/\/fueradelimites.com\/resena\/\"><img decoding=\"async\" id=\"resenas-de-casinos-300x250\" alt=\"resenas-de-casinos\" src=\"https:\/\/analyse.optim.biz\/wp-content\/uploads\/2025\/12\/resenas-de-casinos-300x250-107.png\" width='300\"' height=\"250\" title=\"resenas-de-casinos-300x250-107\"><\/a><\/p>\n<p>Dando por hecho que hay otros motivos intr\u00ednsecos a la naturaleza de los partidos pol\u00edticos que llevan destrozando d\u00eda a d\u00eda <strong>Espa\u00f1a<\/strong> desde la \u201csacrosanta transici\u00f3n\u201d, y de la que el <strong>PP<\/strong> no es una excepci\u00f3n a la regla, m\u00e1s bien es un caso paradigm\u00e1tico que cumple la regla a rajatabla, para analizar <em>\u201cPor qu\u00e9 le conviene al PP la ruptura de Espa\u00f1a\u201d<\/em> vamos a centrarnos s\u00f3lo en el \u00e1mbito meramente electoral.\u00a0<\/p>\n<p>El<strong> Partido Popular<\/strong>, como todos los partidos del <strong>r\u00e9gimen del 78<\/strong>, y de otros reg\u00edmenes liberales si traspasamos nuestras fronteras, se comporta como una empresa con objetivos casi meramente mercantilistas, es decir, es una sociedad con \u00e1nimo de lucro (no se sabe muy bien si sociedad an\u00f3nima o limitada) que lo \u00fanico que quiere es conseguir ganancias y que sus socios y\/o accionistas ganen dinero y se aseguren la vida m\u00e1s o menos a perpetuidad, y si puede ser que sus familias y descendientes tambi\u00e9n se garanticen las lentejas de por vida, pues mejor que mejor. Y como empresa mercantil tiene como principal objetivo su subsistencia, implantaci\u00f3n y crecimiento para que haya pasta, cargos y poder para repartir entre todos sus miembros, los de hoy y los que vengan, y para eso se han inventado esa fase imprescindible de este negocio que son las elecciones, y que las hay (y me limito a <strong>Espa\u00f1a<\/strong>) de variadas formas y nombres, elecciones municipales, auton\u00f3micas, al <strong>Congreso de los Diputados<\/strong>, al <strong>Senado<\/strong>, al parlamento europeo\u2026 en todas ellas los partidos invierten un dinero que si las cosas salen bien, les produce unos beneficios econ\u00f3micos (pagados por todos los espa\u00f1oles) y unas cuotas de poder y conseguir una buena red clientelar, que les permite seguir present\u00e1ndose a otras elecciones, que a su vez tambi\u00e9n les pueden acarrear grandes beneficios, y as\u00ed por los siglos de los siglos, amen.<\/p>\n<p><a href=\"https:\/\/www.webapuestas.com\/casas-apuestas?utm_source=300x300&amp;utm_medium=MediterraneoDigital&amp;utm_campaign=CasasdeApuestas\"><img decoding=\"async\" id=\"casas-de-apuestas-webapuestas-300x300\" alt=\"casas-de-apuestas-webapuestas-300x300\" src=\"https:\/\/analyse.optim.biz\/wp-content\/uploads\/2025\/12\/casas-apuestas-webapuestas-105.png\" width='300\"' height=\"300\" title=\"casas-apuestas-webapuestas-105\"><\/a><\/p>\n<p>Y se preguntar\u00e1n ustedes, \u00bfqu\u00e9 tiene que ver este negocio que es la pol\u00edtica con lo de<em> \u201cPor qu\u00e9 le conviene al PP la ruptura de Espa\u00f1a\u201d<\/em>?, pues muy sencillo, al <strong>PP<\/strong> de la <strong>Espa\u00f1a<\/strong> de nuestros d\u00edas le saldr\u00eda mucho m\u00e1s rentable electoralmente, que <strong>Espa\u00f1a<\/strong> \u201cse desprendiera\u201d de las provincias <strong>Vascongadas<\/strong> y de <strong>Catalu\u00f1a<\/strong>, regiones en las que el <strong>PP<\/strong> obtiene unos muy pobres resultados electorales, sobre todo si los comparamos con los que consigue en otras regiones espa\u00f1olas. En lo que quedara de lo que llamaran a partir de ese momento <strong>Espa\u00f1a<\/strong> (en realidad no ser\u00eda ya <strong>Espa\u00f1a<\/strong>, porque <strong>Espa\u00f1a<\/strong> sin <strong>Vascongadas<\/strong> ni <strong>Catalu\u00f1a<\/strong> dejar\u00eda de ser <strong>Espa\u00f1a<\/strong>) el <strong>PP<\/strong> muy posiblemente podr\u00eda ganar las elecciones con mayor\u00eda absoluta, lo que les proporcionar\u00eda m\u00e1s dinero, m\u00e1s poder y m\u00e1s red clientelar para seguir obteniendo buenos resultados en las siguientes elecciones y, por lo tanto, para mantener el negocio y hacerlo crecer. Vamos, que su empresa se asentar\u00eda como la empresa l\u00edder del sector en la <strong><em>\u201cEspa\u00f1a\u201d<\/em><\/strong> resultante sin <strong>Vascongadas<\/strong> y <strong>Catalu\u00f1a<\/strong>, ya que podr\u00eda ostentar el \u201ctriplete\u201d en casi todo el territorio: poder estatal, poder auton\u00f3mico y poder municipal.<\/p>\n<p>Pero, \u00bfy qu\u00e9 ocurrir\u00eda en las regiones desgajadas del <strong>\u201cEstado Espa\u00f1ol\u201d<\/strong>?. Pues que en esas regiones el <strong>PP<\/strong> podr\u00eda mantener su \u201cmarca empresarial\u201d e incluso salir fortalecida electoralmente. Aunque parezca dif\u00edcil de entender es m\u00e1s sencillo de lo que parece. La ideolog\u00eda socio-econ\u00f3mica-pol\u00edtica de centro derecha liberal del <strong>PP<\/strong> ahora mismo rivaliza en <strong>Vascongadas<\/strong> con el <strong>PNV<\/strong> y en <strong>Catalu\u00f1a<\/strong> con la <strong>Convergencia y Uni\u00f3n<\/strong> de toda la vida (antes llamada <strong>CIU<\/strong>, que ahora se llama <strong>Junts<\/strong> y ma\u00f1ana ya veremos). Una vez obtenida la \u201cindependencia\u201d (en la forma que la consiguieran, como estado asociado o lo que se quieran inventar para seguir viviendo del momio mucho tiempo y que posiblemente TODOS los espa\u00f1oles les sigamos pagando las facturas), la fuerza con carga exclusivamente separatista que pueden tener hoy <strong>PNV<\/strong> y <strong>CIU<\/strong> en esas regiones, dejar\u00eda de tener sentido, ya no habr\u00eda que separarse de la <strong>Espa\u00f1a<\/strong> opresora, as\u00ed que el <strong>PP<\/strong> podr\u00eda mantener sus votos de centro derecha e, incluso, conseguir un fuerte apoyo electoral (y ver crecer su negocio) de aquellos que ya siendo \u201cindependientes\u201d lo que les moviera ser\u00eda su \u201cideolog\u00eda\u201d liberal de centroderecha. Si a eso le sumamos que el <strong>PP<\/strong> de esas rep\u00fablicas independientes vasca y catalana, podr\u00eda mantener un discurso de anexi\u00f3n y reincorporaci\u00f3n a lo que hubiera quedado de <strong>Estado Espa\u00f1ol<\/strong>, les podr\u00eda convertir en una fuerza pol\u00edtica con tir\u00f3n \u201crevolucionario\u201d en esa faceta ideol\u00f3gica, algo que tambi\u00e9n les podr\u00eda ser rentable electoralmente, como ahora lo es para sus \u201chermanos de leche\u201d <strong>PNV<\/strong> y <strong>CIU<\/strong> (o como narices se llame ahora).<\/p>\n<p><a href=\"https:\/\/estacerca.com\/casinos-con-retirada-instantanea\/\"><img decoding=\"async\" id=\"Casinos con retiro inmediato\" alt=\"Casinos con retiro inmediato\" src=\"https:\/\/analyse.optim.biz\/wp-content\/uploads\/2025\/12\/casinos-con-retiro-inmediato-105.png\" width='300\"' height=\"250\" title=\"casinos-con-retiro-inmediato-105\"><\/a><\/p>\n<p>Es decir, y resumiendo mucho, tras la separaci\u00f3n de <strong>Vascongadas<\/strong> y <strong>Catalu\u00f1a<\/strong> del <strong>Estado Espa\u00f1ol<\/strong>, la empresa mercantil <strong>Partido Popular SA<\/strong> o <strong>SL<\/strong>, ser\u00eda la l\u00edder indiscutible (al menos por un tiempo) en lo que quedara de <strong>Estado Espa\u00f1ol<\/strong>, y su sucursal, o m\u00e1s bien sucursal del <strong>Partido Popular Europeo SA<\/strong> o <strong>SL<\/strong>, ser\u00eda una empresa estable y en crecimiento en las<strong> \u201cEuskadi\u201d<\/strong> y <strong>Catalunya<\/strong> ya independientes o soberanas.\u00a0<\/p>\n<p>S\u00e9 que a muchos que est\u00e9n leyendo esta reflexi\u00f3n, la \u00fanica EMPRESA COLECTIVA, as\u00ed, con may\u00fasculas, como la entend\u00eda<strong> Jos\u00e9 Antonio Primo de Rivera<\/strong> (*), que de verdad les importa, es <strong>Espa\u00f1a<\/strong>, pero no nos enga\u00f1emos, en los tiempos que corren, en los que nuestra Patria no es ninguna excepci\u00f3n, la idea de empresa en pol\u00edtica es otra muy distinta, y el <strong>Partido Popular<\/strong>, el de hoy de <strong>Feijoo<\/strong>, o el anterior de <strong>Aznar, Rajoy<\/strong>, <strong>Casado<\/strong>\u2026, o el futuro de <strong>Diaz Ayuso, Moreno Bonilla<\/strong> o lo que venga, ve <strong>Espa\u00f1a<\/strong> exclusivamente como un negocio, y chico, \u201clos negocios, son los negocios\u201d.<\/p>\n<p><a href=\"https:\/\/clsmining.com\/xml\/index.html#\/\"><img decoding=\"async\" id=\"cls-mining.gif\" alt=\"cls-mining.gif\" src=\"https:\/\/analyse.optim.biz\/wp-content\/uploads\/2025\/12\/cls-mining-96.gif\" width='300\"' height=\"250\" title=\"cls-mining-96\"><\/a><\/p>\n<p>\u00a0<\/p>\n<p><em>(*) &#8220;Tenemos una fe resuelta en que est\u00e1n vivas todas las fuentes genuinas de Espa\u00f1a. Espa\u00f1a ha venido a menos por una triple divisi\u00f3n: por la divisi\u00f3n engendrada por los separatismos locales, por la divisi\u00f3n engendrada entre los partidos, por la divisi\u00f3n engendrada por la lucha de clases. Cuando Espa\u00f1a encuentre una empresa colectiva que comprenda todas esas diferencias, Espa\u00f1a volver\u00e1 a ser grande corno en sus mejores tiempos&#8221;.<\/em><strong>Jos\u00e9 Antonio Primo de Rivera.<\/strong><\/p>\n<div id=\"author_infobox\">\n<div class=\"author_infobox_image_profile\"><img decoding=\"async\" src=\"https:\/\/analyse.optim.biz\/wp-content\/uploads\/2025\/12\/jm.jpg\" alt=\"Jes\u00fas Mu\u00f1oz\" title=\"jm\"><\/div>\n<div class=\"author_infobox_name\"><span class=\"bold\">Autor:<\/span> Jes\u00fas Mu\u00f1oz<\/div>\n<div class=\"author_infobox_socialmedia\"><span class=\"twitter\"><a href=\"https:\/\/twitter.com\/MasRazonqUnSant\" title=\"Twitter\" target=\"_blank\"><img decoding=\"async\" src=\"https:\/\/analyse.optim.biz\/wp-content\/uploads\/2025\/12\/twitter-52.png\" title=\"twitter-52\"><\/a><\/span><\/div>\n<div class=\"author_infobox_description\">Ex-miembro de la Armada Espa\u00f1ola. Jefe de Comunicaci\u00f3n y Prensa del Sindicato TNS. Portavoz de distintos colectivos patriotas. Jefe de Prensa de la Coalici\u00f3n AD\u00d1. Director del programa &#8216;La hora del CAF\u00cb&#8217;. Falangista.<\/div>\n<\/div>\n<p><br class=\"clear\"><\/section>\n<\/article>\n<p> Source URL: https:\/\/www.mediterraneodigital.com\/opinion\/columnistas-de-opinion\/jesus-munoz\/pp<\/p>\n","protected":false},"excerpt":{"rendered":"<p>Columnistas de opini\u00f3n Jes\u00fas Mu\u00f1oz Jes\u00fas Mu\u00f1oz 27 Agosto 2024 Por qu\u00e9 le conviene al PP la ruptura de Espa\u00f1a Si a alguien le ha chocado o indignado el t\u00edtulo de este art\u00edculo es que no conoce ni la pol\u00edtica (con min\u00fasculas, el politiqueo, m\u00e1s que la pol\u00edtica) en general, ni a los partidos pol\u00edticos [&hellip;]<\/p>\n","protected":false},"author":1,"featured_media":844381,"comment_status":"open","ping_status":"","sticky":false,"template":"","format":"standard","meta":{"footnotes":""},"categories":[88],"tags":[109],"class_list":["post-844380","post","type-post","status-publish","format-standard","has-post-thumbnail","hentry","category-spain","tag-mediterraneodigital-com"],"_links":{"self":[{"href":"https:\/\/analyse.optim.biz\/index.php?rest_route=\/wp\/v2\/posts\/844380","targetHints":{"allow":["GET"]}}],"collection":[{"href":"https:\/\/analyse.optim.biz\/index.php?rest_route=\/wp\/v2\/posts"}],"about":[{"href":"https:\/\/analyse.optim.biz\/index.php?rest_route=\/wp\/v2\/types\/post"}],"author":[{"embeddable":true,"href":"https:\/\/analyse.optim.biz\/index.php?rest_route=\/wp\/v2\/users\/1"}],"replies":[{"embeddable":true,"href":"https:\/\/analyse.optim.biz\/index.php?rest_route=%2Fwp%2Fv2%2Fcomments&post=844380"}],"version-history":[{"count":0,"href":"https:\/\/analyse.optim.biz\/index.php?rest_route=\/wp\/v2\/posts\/844380\/revisions"}],"wp:featuredmedia":[{"embeddable":true,"href":"https:\/\/analyse.optim.biz\/index.php?rest_route=\/wp\/v2\/media\/844381"}],"wp:attachment":[{"href":"https:\/\/analyse.optim.biz\/index.php?rest_route=%2Fwp%2Fv2%2Fmedia&parent=844380"}],"wp:term":[{"taxonomy":"category","embeddable":true,"href":"https:\/\/analyse.optim.biz\/index.php?rest_route=%2Fwp%2Fv2%2Fcategories&post=844380"},{"taxonomy":"post_tag","embeddable":true,"href":"https:\/\/analyse.optim.biz\/index.php?rest_route=%2Fwp%2Fv2%2Ftags&post=844380"}],"curies":[{"name":"wp","href":"https:\/\/api.w.org\/{rel}","templated":true}]}}