{"id":844370,"date":"2025-12-04T17:05:37","date_gmt":"2025-12-04T14:05:37","guid":{"rendered":"https:\/\/analyse.optim.biz\/?p=844370"},"modified":"2025-12-04T17:05:37","modified_gmt":"2025-12-04T14:05:37","slug":"de-regenerar-la-politica-a-reinstaurar-el-mal","status":"publish","type":"post","link":"https:\/\/analyse.optim.biz\/?p=844370","title":{"rendered":"De regenerar la pol\u00edtica a reinstaurar el mal"},"content":{"rendered":"<article>\n<aside class=\"article-aside clearfix\">\n<dl class=\"article-info  muted\">\n<dd class=\"parent-category-name hasTooltip\" title=\"Categor\u00eda de nivel principal o ra\u00edz: \"><span>Columnistas de opini\u00f3n<\/span><\/dd>\n<dd class=\"category-name hasTooltip\" title=\"Categor\u00eda: \"><span>Javier Garc\u00eda Isac<\/span><\/dd>\n<dd class=\"createdby hasTooltip\" title=\"Escrito por \"><span>Javier Garc\u00eda Isac<\/span><span><span><img decoding=\"async\" src=\"https:\/\/analyse.optim.biz\/wp-content\/uploads\/2025\/12\/logo-104.png\" alt=\"logo\" title=\"logo-104\"><\/span><\/span><\/dd>\n<dd class=\"published hasTooltip\" title=\"Publicado: \"><time datetime=\"2021-03-16T17:26:45+01:00\"><br \/>\n\t\t\t\t\t16 Marzo 2021          <\/time><\/dd>\n<\/dl>\n<\/aside>\n<header class=\"article-header clearfix\">\n<h1 class=\"article-title\"><a href=\"https:\/\/www.mediterraneodigital.com\/opinion\/columnistas-de-opinion\/javier-garcia-isac\/de-regenerar-la-politica-a-reinstaurar-el-mal\" title=\"De regenerar la pol\u00edtica a reinstaurar el mal\"><br \/>\n\t\t\t\tDe regenerar la pol\u00edtica a reinstaurar el mal<\/a><\/h1>\n<\/header>\n<div class=\"tags\"><span class=\"tag-2 tag-list0\"><a href=\"https:\/\/www.mediterraneodigital.com\/component\/tags\/tag\/pablo-iglesias\" class=\"label label-info\"><br \/>\n\t\t\t\t\t\tPablo Iglesias\t\t\t\t\t<\/a><\/span><\/div>\n<div class=\"pull-none item-image article-image article-image-full\"><span><img decoding=\"async\" src=\"https:\/\/analyse.optim.biz\/wp-content\/uploads\/2025\/12\/iglesias-comunismo-1.jpg\" title=\"iglesias-comunismo-1\"><\/span><\/div>\n<section class=\"article-content clearfix\">\n<p><strong>\u2666\u00a0<a href=\"https:\/\/t.me\/MediterraneoDGT\" target=\"_blank\" rel=\"noopener\">#StopCensura \u00a1S\u00edguenos en Telegram!<\/a><\/strong><\/p>\n<p><a href=\"https:\/\/fueradelimites.com\/resena\/\"><img decoding=\"async\" id=\"resenas-de-casinos-300x250\" alt=\"resenas-de-casinos\" src=\"https:\/\/analyse.optim.biz\/wp-content\/uploads\/2025\/12\/resenas-de-casinos-300x250-106.png\" width='300\"' height=\"250\" title=\"resenas-de-casinos-300x250-106\"><\/a><\/p>\n<p>Lo de la organizaci\u00f3n comunista <strong>Podemos<\/strong> es un caso paradigm\u00e1tico que merecer\u00eda un estudio en profundidad y algunas reflexiones que, lejos del trazo grueso, despejen dudas de su m\u00e1s que incierto futuro. En pocas ocasiones una organizaci\u00f3n pol\u00edtica gener\u00f3 tantas ilusiones y expectativas como la dirigida con mano f\u00e9rrea por <strong>Pablo Iglesias<\/strong> y su actual pareja, en tan poco espacio de tiempo. La ca\u00edda est\u00e1 siendo directamente proporcional a su auge, as\u00ed como el rechazo y el asco que producen. En honor a la verdad, a m\u00ed nunca me enga\u00f1aron, siempre tuve muy claro qui\u00e9nes estaban detr\u00e1s del <strong>15 M<\/strong>. Charlatanes, vendedores de humo con soflamas simplistas, mucho cuentista, algunos bien intencionados, unos pocos incautos y una gran masa de gente deseosa de creerse obviedades y simplezas sobre un mundo mejor, todo ello mezclado con oportunistas que vieron en ese movimiento su posibilidad de medrar en pol\u00edtica, despu\u00e9s de sus continuos fracasos en la izquierda convencional. Se nos presentaron como un movimiento transversal, que ven\u00eda a regenerar la pol\u00edtica, ellos eran la nueva pol\u00edtica, frente a lo viejo y caduco del resto. Poco tardaron en coger los vicios de la antigua pol\u00edtica, poco tardaron en parecerse a todo aquello que dec\u00edan detestar.<\/p>\n<p>El que por un tiempo fuera un carism\u00e1tico l\u00edder, con una verborrea f\u00e1cil, aguda y afilada, pronto se convertir\u00eda en una caricatura de s\u00ed mismo, comport\u00e1ndose como el l\u00edder de una secta, rode\u00e1ndose de hembras a las que dejaba despechadas o colocaba en puestos de responsabilidad, seg\u00fan las circunstancias. Un aut\u00e9ntico macho alfa de la manada que no admit\u00eda la m\u00e1s m\u00ednima cr\u00edtica a su gesti\u00f3n, sin dejar posibilidad alguna a la disidencia. En tiempo r\u00e9cord se pas\u00f3 de la ilusi\u00f3n inicial, a la desbandada generalizada. Deserciones, abandonos y persecuciones sin cuartel ni piedad a todo aquel que osara discutirle cualquier asunto, por minio que este pudiera parecer. El macho alfa se qued\u00f3 solo, sin nadie que le hiciera sombra, rodeado de pelotas y adl\u00e1teres sin posibilidad alguna de discutirle su puesto dentro de la manada. La transversalidad que nos vendieron se esfum\u00f3 con la misma rapidez que lleg\u00f3, reconvirtiendo la organizaci\u00f3n, y eso que pomposamente llamaron los c\u00edrculos, en un partido con todos los componentes de la izquierda m\u00e1s rancia y casposa de nuestro pa\u00eds. Lo nuevo a\u00f1oraba lo viejo y lo peor de nuestra historia. Banderas rojas con hoces y martillos, trapos tricolor, los manidos esl\u00f3ganes anti clericales, pu\u00f1o en alto cantando la internacional, alabanzas a la <strong>Uni\u00f3n Sovi\u00e9tica<\/strong> y su r\u00e9gimen de terror, acuerdo con el <strong>Partido Comunista<\/strong> y un blanqueamiento de toda organizaci\u00f3n terrorista, separatista o independentista, por muy pintoresca que esta fuera. La posibilidad de una izquierda patri\u00f3tica en <strong>Espa\u00f1a<\/strong> se esfum\u00f3 r\u00e1pido, y las formas del macho alfa recordaban mucho a la de los viejos l\u00edderes sovi\u00e9ticos al estilo del matrimonio <strong>Caucescu<\/strong> en <strong>Ruman\u00eda<\/strong>. No bastaba con compartir cama, era necesario compartir cargos en el partido y puestos en el gobierno. Lo \u00fanico verdaderamente transversal en <strong>Podemos<\/strong> es el nepotismo y la corrupci\u00f3n. Colocando a amigas, amantes o queridas en puestos de alta responsabilidad, fuera o dentro del partido, enchufando a colegas de universidad o de los antiguos negocios en <strong>Venezuela<\/strong>, produciendo el sonrojo de propios y extra\u00f1os.<\/p>\n<p><a href=\"https:\/\/www.webapuestas.com\/casas-apuestas?utm_source=300x300&amp;utm_medium=MediterraneoDigital&amp;utm_campaign=CasasdeApuestas\"><img decoding=\"async\" id=\"casas-de-apuestas-webapuestas-300x300\" alt=\"casas-de-apuestas-webapuestas-300x300\" src=\"https:\/\/analyse.optim.biz\/wp-content\/uploads\/2025\/12\/casas-apuestas-webapuestas-104.png\" width='300\"' height=\"300\" title=\"casas-apuestas-webapuestas-104\"><\/a><\/p>\n<p><strong>Pablo Iglesias<\/strong> simboliza en si mismo todo lo que criticaba y que dijo que hab\u00eda venido a cambiar. Coloc\u00f3 a la borrica de su pareja en el consejo de ministros como parte de la cuota de su manada, no tardando mucho, se subi\u00f3 el sueldo, se compr\u00f3 la mansi\u00f3n de <strong>Galapagar<\/strong> en condiciones muy privilegiadas y no accesibles a cualquiera, abandon\u00f3 su querido barrio y a su gente, se convirti\u00f3 en un burgu\u00e9s de formas toscas y rudimentarias, en un nuevo rico con ch\u00f3fer, escolta, servicio domestico y ni\u00f1era con sueldo millonario, y todo ello pagado con el dinero de todos nosotros, con dinero p\u00fablico y aderezado con permanentes esc\u00e1ndalos de su demostrada incompetencia. <strong>Pablo Iglesias<\/strong> y su manada no son ejemplo de nada y han acabado con toda esperanza de que por fin en <strong>Espa\u00f1a<\/strong> tuvi\u00e9ramos una izquierda digna y respetable, han matado toda ilusi\u00f3n de aquellos ilusos que, en alg\u00fan momento, imaginaron, llegaron a pensar, que quiz\u00e1s la izquierda pod\u00eda cambiar el curso de la historia, de su propia historia. No se enga\u00f1en, la izquierda es un bluf, mienten, tergiversan, se aprovechan de incautos para sustituir un mal por otro igual o peor al conocido.<\/p>\n<div id=\"author_infobox\">\n<div class=\"author_infobox_image_profile\"><img decoding=\"async\" src=\"https:\/\/analyse.optim.biz\/wp-content\/uploads\/2025\/12\/garcia-isac-javier-6.jpg\" alt=\"Javier Garc\u00eda Isac\" title=\"garcia-isac-javier-6\"><\/div>\n<div class=\"author_infobox_name\"><span class=\"bold\">Autor:<\/span> Javier Garc\u00eda Isac<span class=\"bold marginleft\">Website:<\/span><a href=\"https:\/\/www.radioya.es\/\" title=\"Website: https:\/\/www.radioya.es\/\">https:\/\/www.radioya.es\/<\/a><\/div>\n<div class=\"author_infobox_socialmedia\"><span class=\"facebook\"><a href=\"https:\/\/www.facebook.com\/profile.php?id=100009659475557\" title=\"Facebook\" target=\"_blank\"><img decoding=\"async\" src=\"https:\/\/analyse.optim.biz\/wp-content\/uploads\/2025\/12\/facebook-6.png\" title=\"facebook-6\"><\/a><\/span><span class=\"twitter\"><a href=\"https:\/\/twitter.com\/Javiergaciaisac\" title=\"Twitter\" target=\"_blank\"><img decoding=\"async\" src=\"https:\/\/analyse.optim.biz\/wp-content\/uploads\/2025\/12\/twitter-51.png\" title=\"twitter-51\"><\/a><\/span><\/div>\n<div class=\"author_infobox_description\">Javier Garc\u00eda Isac (Madrid, 1966) periodista, locutor, empresario y pol\u00edtico espa\u00f1ol.<\/p>\n<p>Licenciado en derecho por la Universidad Complutense de Madrid, es en la actualidad el director de Decisi\u00f3n Radio, d\u00f3nde dirige y presenta diariamente el programa de actualidad pol\u00edtica &#8216;En la boca del lobo&#8217;. Adem\u00e1s es presentador y director de los programas &#8216;Una hora en libertad&#8217;, &#8216;Entre viajes y fogones&#8217;, &#8217;40 a\u00f1os, historia de una \u00e9poca&#8217;, &#8216;Espa\u00f1oles olvidados&#8217;, &#8216;Toros, nuestra historia&#8217; y copresentador junto a Pedro Fern\u00e1ndez Barbadillo de &#8216;Cita con la historia&#8217;, todos ellos emitidos a trav\u00e9s de los micr\u00f3fonos de Decisi\u00f3n Radio. Adem\u00e1s, ha presentado distintos programas de televisi\u00f3n c\u00f3mo el &#8216;El Ring del Diario Ya&#8217; y &#8216;Debates en libertad&#8217;, los dos en Intereconom\u00eda TV. Ha pasado por Cope Madrid y EsRadio Madrid, siendo tambi\u00e9n director de Cadena Ib\u00e9rica y Radio YA.<\/p>\n<p>Articulista en distintos medios de comunicaci\u00f3n como MEDITERR\u00c1NEO DIGITAL, Rambla Libre, El Correo de Madrid o El Mundo Financiero, es asiduo a tertulias televisivas como el programa &#8216;El gato al agua&#8217; de Intereconom\u00eda TV o &#8216;Los Intocables&#8217; de Javier Algarra en Distrito TV.<\/p>\n<p>En 2017 publica su primer libro &#8216;Cita con la historia&#8217;\u200b. de SND Editores que recorre la historia espa\u00f1ola del Siglo XX, con pr\u00f3logo del exministro de Franco Jos\u00e9 Utrera Molina y ep\u00edlogo del periodista Emilio Javier.<\/p>\n<p>En diciembre de 2019, publica junto con el historiador Fernando Paz y \u00c1lvaro Romero &#8216;Franco en el banquillo. La defensa toma la palabra&#8217;. con pr\u00f3logo de Eduardo Garcia Serrano.<\/p>\n<p>Profesionalmente, Javier Garc\u00eda Isac se desempe\u00f1\u00f3 durante m\u00e1s de 20 a\u00f1os como directivo especialista en Facility Management y Buisness Travel, en diferentes empresas de consultor\u00eda como Accenture o Ernst &amp; Young.. \u200bEn la actualidad, es director de relaciones institucionales y responsable de formaci\u00f3n de IBTA.4\u200b<\/p><\/div>\n<\/div>\n<p><br class=\"clear\"><a href=\"https:\/\/estacerca.com\/casinos-con-retirada-instantanea\/\"><img decoding=\"async\" id=\"Casinos con retiro inmediato\" alt=\"Casinos con retiro inmediato\" src=\"https:\/\/analyse.optim.biz\/wp-content\/uploads\/2025\/12\/casinos-con-retiro-inmediato-104.png\" width='300\"' height=\"250\" title=\"casinos-con-retiro-inmediato-104\"><\/a><\/section>\n<\/article>\n<p> Source URL: https:\/\/www.mediterraneodigital.com\/opinion\/columnistas-de-opinion\/javier-garcia-isac\/de-regenerar-la-politica-a-reinstaurar-el-mal<\/p>\n","protected":false},"excerpt":{"rendered":"<p>Columnistas de opini\u00f3n Javier Garc\u00eda Isac Javier Garc\u00eda Isac 16 Marzo 2021 De regenerar la pol\u00edtica a reinstaurar el mal Pablo Iglesias \u2666\u00a0#StopCensura \u00a1S\u00edguenos en Telegram! Lo de la organizaci\u00f3n comunista Podemos es un caso paradigm\u00e1tico que merecer\u00eda un estudio en profundidad y algunas reflexiones que, lejos del trazo grueso, despejen dudas de su m\u00e1s [&hellip;]<\/p>\n","protected":false},"author":1,"featured_media":844371,"comment_status":"open","ping_status":"","sticky":false,"template":"","format":"standard","meta":{"footnotes":""},"categories":[88],"tags":[109],"class_list":["post-844370","post","type-post","status-publish","format-standard","has-post-thumbnail","hentry","category-spain","tag-mediterraneodigital-com"],"_links":{"self":[{"href":"https:\/\/analyse.optim.biz\/index.php?rest_route=\/wp\/v2\/posts\/844370","targetHints":{"allow":["GET"]}}],"collection":[{"href":"https:\/\/analyse.optim.biz\/index.php?rest_route=\/wp\/v2\/posts"}],"about":[{"href":"https:\/\/analyse.optim.biz\/index.php?rest_route=\/wp\/v2\/types\/post"}],"author":[{"embeddable":true,"href":"https:\/\/analyse.optim.biz\/index.php?rest_route=\/wp\/v2\/users\/1"}],"replies":[{"embeddable":true,"href":"https:\/\/analyse.optim.biz\/index.php?rest_route=%2Fwp%2Fv2%2Fcomments&post=844370"}],"version-history":[{"count":0,"href":"https:\/\/analyse.optim.biz\/index.php?rest_route=\/wp\/v2\/posts\/844370\/revisions"}],"wp:featuredmedia":[{"embeddable":true,"href":"https:\/\/analyse.optim.biz\/index.php?rest_route=\/wp\/v2\/media\/844371"}],"wp:attachment":[{"href":"https:\/\/analyse.optim.biz\/index.php?rest_route=%2Fwp%2Fv2%2Fmedia&parent=844370"}],"wp:term":[{"taxonomy":"category","embeddable":true,"href":"https:\/\/analyse.optim.biz\/index.php?rest_route=%2Fwp%2Fv2%2Fcategories&post=844370"},{"taxonomy":"post_tag","embeddable":true,"href":"https:\/\/analyse.optim.biz\/index.php?rest_route=%2Fwp%2Fv2%2Ftags&post=844370"}],"curies":[{"name":"wp","href":"https:\/\/api.w.org\/{rel}","templated":true}]}}